{"id":40226,"date":"2021-11-08T08:14:38","date_gmt":"2021-11-08T07:14:38","guid":{"rendered":"https:\/\/www.akehedman.se\/wordpress\/?p=40226"},"modified":"2021-11-08T08:14:38","modified_gmt":"2021-11-08T07:14:38","slug":"den-forsta","status":"publish","type":"post","link":"https:\/\/www.akehedman.se\/wordpress\/?p=40226","title":{"rendered":"Den f\u00f6rsta"},"content":{"rendered":"\n<div class=\"wp-block-image\"><figure class=\"aligncenter size-full\"><img data-recalc-dims=\"1\" loading=\"lazy\" decoding=\"async\" width=\"580\" height=\"387\" src=\"https:\/\/i0.wp.com\/www.akehedman.se\/wordpress\/wp-content\/uploads\/2021\/11\/pexels-photo-189349.jpeg?resize=580%2C387&#038;ssl=1\" alt=\"body of water during golden hour\" class=\"wp-image-40227\" srcset=\"https:\/\/i0.wp.com\/www.akehedman.se\/wordpress\/wp-content\/uploads\/2021\/11\/pexels-photo-189349.jpeg?w=1880&amp;ssl=1 1880w, https:\/\/i0.wp.com\/www.akehedman.se\/wordpress\/wp-content\/uploads\/2021\/11\/pexels-photo-189349.jpeg?resize=300%2C200&amp;ssl=1 300w, https:\/\/i0.wp.com\/www.akehedman.se\/wordpress\/wp-content\/uploads\/2021\/11\/pexels-photo-189349.jpeg?resize=1024%2C682&amp;ssl=1 1024w, https:\/\/i0.wp.com\/www.akehedman.se\/wordpress\/wp-content\/uploads\/2021\/11\/pexels-photo-189349.jpeg?resize=768%2C512&amp;ssl=1 768w, https:\/\/i0.wp.com\/www.akehedman.se\/wordpress\/wp-content\/uploads\/2021\/11\/pexels-photo-189349.jpeg?resize=1536%2C1024&amp;ssl=1 1536w, https:\/\/i0.wp.com\/www.akehedman.se\/wordpress\/wp-content\/uploads\/2021\/11\/pexels-photo-189349.jpeg?resize=1200%2C800&amp;ssl=1 1200w, https:\/\/i0.wp.com\/www.akehedman.se\/wordpress\/wp-content\/uploads\/2021\/11\/pexels-photo-189349.jpeg?w=1740&amp;ssl=1 1740w\" sizes=\"auto, (max-width: 580px) 100vw, 580px\" \/><figcaption>Photo by Sebastian Voortman on <a href=\"https:\/\/www.pexels.com\/photo\/body-of-water-during-golden-hour-189349\/\" rel=\"nofollow\">Pexels.com<\/a><\/figcaption><\/figure><\/div>\n\n\n\n<p class=\"wp-block-paragraph\">M\u00e5ndag. F\u00f6r mig inneb\u00e4r m\u00e5ndagar oftast f\u00f6rv\u00e4ntan. En hel obruten vecka fram\u00f6ver. Det b\u00e4sta som finns. Men lite annat som m\u00e5ste ordnas ocks\u00e5 den h\u00e4r veckan. Vattenm\u00e4tarbyte bland annat. Jag s\u00e4tta upp en konsol f\u00f6rst. Jo man kan ringa en r\u00f6rmokare f\u00f6r s\u00e5dant. Men jag \u00e4r f\u00f6r sn\u00e5l f\u00f6r det helt enkelt. Vill sj\u00e4lv. Kan sj\u00e4lv. Tror jag.<\/p>\n\n\n\n<p class=\"wp-block-paragraph\">Fast minsta lilla s\u00e5dan d\u00e4r grej st\u00f6r kraftf\u00e4ltet. Jag beh\u00f6ver lugn. Avsp\u00e4nning med tillf\u00f6rsikt s\u00e5 att jag bara kan dyka ner i den d\u00e4r p\u00f6len av koncentration.  Men man f\u00e5r hoppas p\u00e5 veckan efter. N\u00e4&#8230; visst&#8230;ja, det var n\u00e5got d\u00e5 med. Jaha, s\u00e5d\u00e4r skall det v\u00e4l forts\u00e4tta fram\u00e5t jul. Efter ny\u00e5r kanske&#8230;<\/p>\n\n\n\n<p class=\"wp-block-paragraph\">L\u00f6jligt s\u00e5klart. Jag har hur mycket tid som helst. Men \u00e4r v\u00e4l en alldeles f\u00f6r k\u00e4nslig och sv\u00e5rstartad sj\u00e4l f\u00f6r att n\u00f6ja mig med det. Bortsk\u00e4md.<\/p>\n\n\n\n<p class=\"wp-block-paragraph\">S\u00e4tter p\u00e5 dagens f\u00f6rsta tv\u00e4tt maskin h\u00e4r p\u00e5 morgonen. M\u00e5ndagssyssla. En jag g\u00e4rna g\u00f6r. Det tar en halv dag att ta  sig igenom veckans tv\u00e4tt. Man beh\u00f6ver knappt t\u00e4nka en tanke f\u00f6r att \u00e5stadkomma det d\u00e4r. Inte mycket svett genereras heller. Men en cirkel \u00e4r det. Den tar aldrig slut. Rena kl\u00e4der tas f\u00f6r givna och jag f\u00f6rst\u00e5r hur en husmor p\u00e5 femtiotalet upplevde tillvaron. Men vi delar p\u00e5 den d\u00e4r k\u00e4nslan ganska v\u00e4l h\u00e4r i huset. Annars hade det nog varit skit.<\/p>\n\n\n\n<p class=\"wp-block-paragraph\">N\u00e4r jag ser floden av fredligt protesterande m\u00e4nniskor i Glasgow v\u00e4rms jag i mitt hj\u00e4rta. Alla har inte blivit lallande Facebookidioter. Det finns m\u00e4nniskor kvar med k\u00e4nslor och handlingsf\u00f6rm\u00e5ga. Tack f\u00f6r det. De d\u00e4r m\u00e4nniskorna \u00e4r planetens r\u00e4ddning. Kanske.<\/p>\n\n\n\n<p class=\"wp-block-paragraph\">Jag f\u00e5r fyr p\u00e5 ljuset h\u00e4r p\u00e5 bordet. Kokar lite te. Ute \u00e4r det minus fem. Vinter. Men h\u00e4r p\u00e5 kontoret en behaglig v\u00e4rme. Min nya skrivbordsplats levererar faktiskt. Inte samma kallras som p\u00e5 det f\u00f6rra st\u00e4llet.  Tror det h\u00e4r kan bli en bra vinter \u00e4nd\u00e5. Hulken har hummande lovat att h\u00e5lla ut en s\u00e4song till och min pelletsleverant\u00f6r \u00e4r alert och p\u00e5 som alltid. Det borde g\u00e5.<\/p>\n\n\n\n<p class=\"wp-block-paragraph\">S\u00e5 f\u00e5r min vecka b\u00f6rja.<\/p>\n","protected":false},"excerpt":{"rendered":"<p>M\u00e5ndag. F\u00f6r mig inneb\u00e4r m\u00e5ndagar oftast f\u00f6rv\u00e4ntan. En hel obruten vecka fram\u00f6ver. Det b\u00e4sta som finns. Men lite annat som m\u00e5ste ordnas ocks\u00e5 den h\u00e4r veckan. Vattenm\u00e4tarbyte bland annat. Jag s\u00e4tta upp en konsol f\u00f6rst. Jo man kan ringa en r\u00f6rmokare f\u00f6r s\u00e5dant. Men jag \u00e4r f\u00f6r sn\u00e5l f\u00f6r det helt enkelt. Vill sj\u00e4lv. Kan [&hellip;]<\/p>\n","protected":false},"author":24,"featured_media":0,"comment_status":"open","ping_status":"open","sticky":false,"template":"","format":"standard","meta":{"_crdt_document":"","jetpack_post_was_ever_published":false,"_jetpack_newsletter_access":"","_jetpack_dont_email_post_to_subs":false,"_jetpack_newsletter_tier_id":0,"_jetpack_memberships_contains_paywalled_content":false,"_jetpack_memberships_contains_paid_content":false,"footnotes":"","jetpack_publicize_message":"","jetpack_publicize_feature_enabled":true,"jetpack_social_post_already_shared":true,"jetpack_social_options":{"image_generator_settings":{"template":"highway","default_image_id":0,"font":"","enabled":false},"version":2}},"categories":[24],"tags":[],"class_list":["post-40226","post","type-post","status-publish","format-standard","hentry","category-betraktelser"],"jetpack_publicize_connections":[],"jetpack_featured_media_url":"","jetpack_sharing_enabled":true,"jetpack_likes_enabled":true,"jetpack-related-posts":[{"id":12441,"url":"https:\/\/www.akehedman.se\/wordpress\/?p=12441","url_meta":{"origin":40226,"position":0},"title":"Om att vara sj\u00e4lv","author":"\u00c5ke Hedman","date":"2014-03-13","format":false,"excerpt":"Jag st\u00e4nger ner Facebook. Orkar inte med skiten l\u00e4ngre. Hoppar av - igen. Jag vet att jag kommer att krypa tillbaks, men jag st\u00e5r bara inte ut just nu, det kan inte hj\u00e4lpas. Jag st\u00e5r n\u00e4stan aldrig ut d\u00e4r. M\u00e5r d\u00e5ligt av skiten n\u00e4r jag finns d\u00e4r. Samtidigt \u00e4r det\u2026","rel":"","context":"In &quot;Betraktelser &amp; Ber\u00e4ttelse&quot;","block_context":{"text":"Betraktelser &amp; Ber\u00e4ttelse","link":"https:\/\/www.akehedman.se\/wordpress\/?cat=24"},"img":{"alt_text":"meditation-6","src":"https:\/\/i0.wp.com\/www.eurosource.se\/akhe\/wordpress\/wp-content\/uploads\/2014\/03\/meditation-6.jpg?resize=350%2C200","width":350,"height":200,"srcset":"https:\/\/i0.wp.com\/www.eurosource.se\/akhe\/wordpress\/wp-content\/uploads\/2014\/03\/meditation-6.jpg?resize=350%2C200 1x, https:\/\/i0.wp.com\/www.eurosource.se\/akhe\/wordpress\/wp-content\/uploads\/2014\/03\/meditation-6.jpg?resize=525%2C300 1.5x, https:\/\/i0.wp.com\/www.eurosource.se\/akhe\/wordpress\/wp-content\/uploads\/2014\/03\/meditation-6.jpg?resize=700%2C400 2x"},"classes":[]},{"id":22354,"url":"https:\/\/www.akehedman.se\/wordpress\/?p=22354","url_meta":{"origin":40226,"position":1},"title":"Att h\u00f6ra till","author":"\u00c5ke Hedman","date":"2016-12-02","format":false,"excerpt":"Jag var nog ganska ensam som barn. Gick sj\u00e4lv. Befann mig i \u00c5kes v\u00e4rld liksom. Jo det fanns kompisar. Det fanns en \"b\u00e4sta v\u00e4n\".\u00a0 Men v\u00e4ldigt mycket var jag sj\u00e4lv.\u00a0 Det var n\u00e5got med huvudet. Mitt huvud levde s\u00e5 mycket d\u00e4r inne. Ja precis som idag. Det bubblar och pruttar\u2026","rel":"","context":"In &quot;Betraktelser &amp; Ber\u00e4ttelse&quot;","block_context":{"text":"Betraktelser &amp; Ber\u00e4ttelse","link":"https:\/\/www.akehedman.se\/wordpress\/?cat=24"},"img":{"alt_text":"20161201_231854","src":"https:\/\/i0.wp.com\/www.akehedman.se\/wordpress\/wp-content\/uploads\/2016\/12\/20161201_231854-1024x576.png?resize=350%2C200","width":350,"height":200,"srcset":"https:\/\/i0.wp.com\/www.akehedman.se\/wordpress\/wp-content\/uploads\/2016\/12\/20161201_231854-1024x576.png?resize=350%2C200 1x, https:\/\/i0.wp.com\/www.akehedman.se\/wordpress\/wp-content\/uploads\/2016\/12\/20161201_231854-1024x576.png?resize=525%2C300 1.5x"},"classes":[]},{"id":17830,"url":"https:\/\/www.akehedman.se\/wordpress\/?p=17830","url_meta":{"origin":40226,"position":2},"title":"Jag har en kompis","author":"\u00c5ke Hedman","date":"2015-05-13","format":false,"excerpt":"Jag har en kompis. En som jag aldrig tr\u00e4ffat. En som jag inte vet om det \u00e4r en han eller en hon. Just det spelar s\u00e5klart ingen roll heller. S\u00e5 \u00e4r det med kompisar. Ja, jag vet inget annat om den h\u00e4r kompisen annat \u00e4n att vi \u00e4r n\u00e4ra varandra.\u2026","rel":"","context":"In &quot;Betraktelser &amp; Ber\u00e4ttelse&quot;","block_context":{"text":"Betraktelser &amp; Ber\u00e4ttelse","link":"https:\/\/www.akehedman.se\/wordpress\/?cat=24"},"img":{"alt_text":"007","src":"https:\/\/i0.wp.com\/www.akehedman.se\/wordpress\/wp-content\/uploads\/2015\/03\/0071-768x1024.jpg?resize=350%2C200","width":350,"height":200,"srcset":"https:\/\/i0.wp.com\/www.akehedman.se\/wordpress\/wp-content\/uploads\/2015\/03\/0071-768x1024.jpg?resize=350%2C200 1x, https:\/\/i0.wp.com\/www.akehedman.se\/wordpress\/wp-content\/uploads\/2015\/03\/0071-768x1024.jpg?resize=525%2C300 1.5x"},"classes":[]},{"id":22762,"url":"https:\/\/www.akehedman.se\/wordpress\/?p=22762","url_meta":{"origin":40226,"position":3},"title":"Senast l\u00e4sta bok","author":"\u00c5ke Hedman","date":"2017-01-06","format":false,"excerpt":"Kaninj\u00e4garen av Lars Kepler F\u00f6rr n\u00e4r man ville ha en dags sp\u00e4nning gick man och k\u00f6pte sig en pocketbok p\u00e5 Pressbyr\u00e5n. L\u00e4ste ut den p\u00e5 en dag. K\u00f6pt f\u00f6r att f\u00f6rdriva en dag i soffan och f\u00f6r att ha en anledning att ligga d\u00e4r i den d\u00e4r soffan och slumra\u2026","rel":"","context":"In &quot;Betraktelser &amp; Ber\u00e4ttelse&quot;","block_context":{"text":"Betraktelser &amp; Ber\u00e4ttelse","link":"https:\/\/www.akehedman.se\/wordpress\/?cat=24"},"img":{"alt_text":"","src":"https:\/\/i0.wp.com\/www.akehedman.se\/wordpress\/wp-content\/uploads\/2017\/01\/9100136778.jpg?resize=350%2C200","width":350,"height":200},"classes":[]},{"id":27846,"url":"https:\/\/www.akehedman.se\/wordpress\/?p=27846","url_meta":{"origin":40226,"position":4},"title":"V\u00e4ntar","author":"\u00c5ke Hedman","date":"2018-04-08","format":false,"excerpt":"Sitter h\u00e4r och v\u00e4ntar p\u00e5 att de sista sn\u00f6n skall fara av taket. P\u00e5 norrsidan allts\u00e5. S\u00f6dersidans sn\u00f6m\u00e4ngder har redan brakat av. Kaboooom. Rakt p\u00e5 plommontr\u00e4det. S\u00e5klart. Var skulle sn\u00f6n annars hamna? Liksom. Fast framsidan (norrsidan) kvar allts\u00e5. Den ligger envist kvar d\u00e4r trotts regn idag, Ja och jag vet\u2026","rel":"","context":"In &quot;Betraktelser &amp; Ber\u00e4ttelse&quot;","block_context":{"text":"Betraktelser &amp; Ber\u00e4ttelse","link":"https:\/\/www.akehedman.se\/wordpress\/?cat=24"},"img":{"alt_text":"","src":"https:\/\/i0.wp.com\/www.akehedman.se\/wordpress\/wp-content\/uploads\/2018\/04\/IMG_20180405_152632935-1024x576.jpg?resize=350%2C200","width":350,"height":200,"srcset":"https:\/\/i0.wp.com\/www.akehedman.se\/wordpress\/wp-content\/uploads\/2018\/04\/IMG_20180405_152632935-1024x576.jpg?resize=350%2C200 1x, https:\/\/i0.wp.com\/www.akehedman.se\/wordpress\/wp-content\/uploads\/2018\/04\/IMG_20180405_152632935-1024x576.jpg?resize=525%2C300 1.5x"},"classes":[]},{"id":10686,"url":"https:\/\/www.akehedman.se\/wordpress\/?p=10686","url_meta":{"origin":40226,"position":5},"title":"&#8220;Upp till kamp f\u00f6r en ny tid v\u00e4nner&#8221; eller&#8230; &#8220;Ner i skiten &#8230;","author":"\u00c5ke Hedman","date":"2013-10-28","format":false,"excerpt":"Det \u00e4r svart och h\u00f6st ute. Riktig h\u00f6st. S\u00e5 d\u00e4r den \u00e4r i Stockholm \u00e4nda in n\u00e5gonstans i december. V\u00e5tt. Bl\u00e5sigt. Ljus\u00e4tande m\u00f6rker som n\u00e4stan fungerar som ett svart h\u00e5l. Man kan liksom inte g\u00f6ra annat \u00e4n att stanna inne. Dra upp termostaten p\u00e5 elementet ett hack till och tacka\u2026","rel":"","context":"In &quot;Betraktelser &amp; Ber\u00e4ttelse&quot;","block_context":{"text":"Betraktelser &amp; Ber\u00e4ttelse","link":"https:\/\/www.akehedman.se\/wordpress\/?cat=24"},"img":{"alt_text":"roda-fanor-pa-segerdagen-moskva-ryssland-1380585","src":"https:\/\/i0.wp.com\/www.eurosource.se\/akhe\/wordpress\/wp-content\/uploads\/2013\/10\/roda-fanor-pa-segerdagen-moskva-ryssland-1380585.jpg?resize=350%2C200","width":350,"height":200,"srcset":"https:\/\/i0.wp.com\/www.eurosource.se\/akhe\/wordpress\/wp-content\/uploads\/2013\/10\/roda-fanor-pa-segerdagen-moskva-ryssland-1380585.jpg?resize=350%2C200 1x, https:\/\/i0.wp.com\/www.eurosource.se\/akhe\/wordpress\/wp-content\/uploads\/2013\/10\/roda-fanor-pa-segerdagen-moskva-ryssland-1380585.jpg?resize=525%2C300 1.5x"},"classes":[]}],"jetpack_shortlink":"https:\/\/wp.me\/p68PL2-asO","_links":{"self":[{"href":"https:\/\/www.akehedman.se\/wordpress\/index.php?rest_route=\/wp\/v2\/posts\/40226","targetHints":{"allow":["GET"]}}],"collection":[{"href":"https:\/\/www.akehedman.se\/wordpress\/index.php?rest_route=\/wp\/v2\/posts"}],"about":[{"href":"https:\/\/www.akehedman.se\/wordpress\/index.php?rest_route=\/wp\/v2\/types\/post"}],"author":[{"embeddable":true,"href":"https:\/\/www.akehedman.se\/wordpress\/index.php?rest_route=\/wp\/v2\/users\/24"}],"replies":[{"embeddable":true,"href":"https:\/\/www.akehedman.se\/wordpress\/index.php?rest_route=%2Fwp%2Fv2%2Fcomments&post=40226"}],"version-history":[{"count":1,"href":"https:\/\/www.akehedman.se\/wordpress\/index.php?rest_route=\/wp\/v2\/posts\/40226\/revisions"}],"predecessor-version":[{"id":40228,"href":"https:\/\/www.akehedman.se\/wordpress\/index.php?rest_route=\/wp\/v2\/posts\/40226\/revisions\/40228"}],"wp:attachment":[{"href":"https:\/\/www.akehedman.se\/wordpress\/index.php?rest_route=%2Fwp%2Fv2%2Fmedia&parent=40226"}],"wp:term":[{"taxonomy":"category","embeddable":true,"href":"https:\/\/www.akehedman.se\/wordpress\/index.php?rest_route=%2Fwp%2Fv2%2Fcategories&post=40226"},{"taxonomy":"post_tag","embeddable":true,"href":"https:\/\/www.akehedman.se\/wordpress\/index.php?rest_route=%2Fwp%2Fv2%2Ftags&post=40226"}],"curies":[{"name":"wp","href":"https:\/\/api.w.org\/{rel}","templated":true}]}}