{"id":40097,"date":"2021-10-23T16:33:14","date_gmt":"2021-10-23T15:33:14","guid":{"rendered":"https:\/\/www.akehedman.se\/wordpress\/?p=40097"},"modified":"2021-10-23T16:33:14","modified_gmt":"2021-10-23T15:33:14","slug":"lordagsdansen","status":"publish","type":"post","link":"https:\/\/www.akehedman.se\/wordpress\/?p=40097","title":{"rendered":"L\u00f6rdagsdansen"},"content":{"rendered":"\n<figure class=\"wp-block-image size-full\"><img data-recalc-dims=\"1\" loading=\"lazy\" decoding=\"async\" width=\"580\" height=\"773\" src=\"https:\/\/i0.wp.com\/www.akehedman.se\/wordpress\/wp-content\/uploads\/2021\/10\/IMG_20211014_082526-scaled.jpg?resize=580%2C773&#038;ssl=1\" alt=\"\" class=\"wp-image-40098\" srcset=\"https:\/\/i0.wp.com\/www.akehedman.se\/wordpress\/wp-content\/uploads\/2021\/10\/IMG_20211014_082526-scaled.jpg?w=1920&amp;ssl=1 1920w, https:\/\/i0.wp.com\/www.akehedman.se\/wordpress\/wp-content\/uploads\/2021\/10\/IMG_20211014_082526-scaled.jpg?resize=225%2C300&amp;ssl=1 225w, https:\/\/i0.wp.com\/www.akehedman.se\/wordpress\/wp-content\/uploads\/2021\/10\/IMG_20211014_082526-scaled.jpg?resize=768%2C1024&amp;ssl=1 768w, https:\/\/i0.wp.com\/www.akehedman.se\/wordpress\/wp-content\/uploads\/2021\/10\/IMG_20211014_082526-scaled.jpg?resize=1152%2C1536&amp;ssl=1 1152w, https:\/\/i0.wp.com\/www.akehedman.se\/wordpress\/wp-content\/uploads\/2021\/10\/IMG_20211014_082526-scaled.jpg?resize=1536%2C2048&amp;ssl=1 1536w, https:\/\/i0.wp.com\/www.akehedman.se\/wordpress\/wp-content\/uploads\/2021\/10\/IMG_20211014_082526-scaled.jpg?resize=1200%2C1600&amp;ssl=1 1200w, https:\/\/i0.wp.com\/www.akehedman.se\/wordpress\/wp-content\/uploads\/2021\/10\/IMG_20211014_082526-scaled.jpg?resize=1980%2C2640&amp;ssl=1 1980w, https:\/\/i0.wp.com\/www.akehedman.se\/wordpress\/wp-content\/uploads\/2021\/10\/IMG_20211014_082526-scaled.jpg?w=1740&amp;ssl=1 1740w\" sizes=\"auto, (max-width: 580px) 100vw, 580px\" \/><figcaption>Nickelmonumentet. Foto_ Karin Hedman<\/figcaption><\/figure>\n\n\n\n<p class=\"wp-block-paragraph\">Vinter. Det \u00e4r det v\u00e4l nu. Vi b\u00e4r i alla fall in pellets K och jag.  Som det brukar vara. En g\u00e5ng i m\u00e5naden. Hela l\u00e5nga vintern. N\u00e5got vi g\u00f6r med gl\u00e4dje s\u00e5klart. Det \u00e4r toppen. Hulken beh\u00f6ver varje s\u00e4ck. Huset med. \u00c4r huset n\u00f6jt s\u00e5 \u00e4r vi ocks\u00e5 n\u00f6jda. Enkelt liv.<\/p>\n\n\n\n<p class=\"wp-block-paragraph\">En normalvilla g\u00f6r av med ungef\u00e4r 25000 kwH p\u00e5 ett \u00e5r. Det h\u00e4r huset slukar 90000 kWh p\u00e5 ett \u00e5r.  Lite k\u00e4mpigt det s\u00e5klart. Med aktivt f\u00f6retag halverar man den d\u00e4r pengen. Men mycket \u00e4nd\u00e5. \u00c4nd\u00e5 blir det en v\u00e4ldigt liten nota i slut\u00e4nden om man j\u00e4mf\u00f6r med att bo i en helt vanlig l\u00e4genhet i en st\u00f6rre stad. <\/p>\n\n\n\n<p class=\"wp-block-paragraph\">Men vi skall angripa det d\u00e4r ocks\u00e5 nu. F\u00f6rst spara till bil. Sen spara till ny panna. Ger den den h\u00e4lften av den \u00f6kning i verkningsgrad som utlovas betalar en ny panna tillbaka sig p\u00e5 tre \u00e5r.  Ingen tvekan p\u00e5 att g\u00f6ra en s\u00e5dan investering d\u00e5 s\u00e5klart. Men med mer i pl\u00e5nboken g\u00e5r det s\u00e5klart att g\u00f6ra saker med det befintliga ocks\u00e5. Det \u00e4r underligt, men f\u00f6r att spara pengar m\u00e5ste man ha pengar. <\/p>\n\n\n\n<p class=\"wp-block-paragraph\">Men helg. Sk\u00f6nt. Lite mosig s\u00e5 jag beh\u00f6ver vilan. Sover p\u00e5 soffan p\u00e5 f\u00f6rmiddagen. \u00c5terh\u00e4mtningen. De d\u00e4r timmarna under veckan som jag borde ha sovit tar jag d\u00e5. Effektivt. Sk\u00f6nt. N\u00f6dv\u00e4ndigt.<\/p>\n\n\n\n<p class=\"wp-block-paragraph\">Nio dagar kvar. Borde k\u00e4nna ett lugn. Men det \u00e4r lite som en landning med ett flygplan. Det kan g\u00e5 \u00e5t helvete \u00e4nda tills man passerat tullkontrollen. K\u00e4nner allts\u00e5 minst av allt ett lugn. Snarare en stor stress. K med. Skall bli sk\u00f6nt att n\u00e5 dag noll. D\u00e4rifr\u00e5n g\u00e4ller det bara att f\u00f6rst\u00e5 att nytt liv g\u00e4ller. Ett liv d\u00e4r varje bilresa inte \u00e4r p\u00e5 liv och d\u00f6d. Att en bil eller annat kan g\u00e5 s\u00f6nder utan att men f\u00e5r lida en hel vinter f\u00f6r det. Eller att ha ett konto med en buffert. L\u00c4NGE sedan nu. MYCKET L\u00c4NGE sedan. Men hj\u00e4rnan g\u00e5r g\u00e4rna p\u00e5 i gamla fotsp\u00e5r. Jag f\u00f6rv\u00e4ntar mig fortfarande att f\u00e5 skit i postl\u00e5dan som m\u00e5ste krishanteras p\u00e5 n\u00e5got s\u00e4tt fast det var \u00f6ver fem \u00e5r sedan nu. Allt det d\u00e4r har funnits under med en s\u00e5 m\u00e5nga \u00e5r. <\/p>\n\n\n\n<p class=\"wp-block-paragraph\">Men n\u00e5gon som lever p\u00e5 det vanliga livet inser s\u00e5klart inte hur bra de har det. Hur l\u00e4tt det \u00e4r att l\u00f6sa de d\u00e4r vardagsproblemen som uppst\u00e5r f\u00f6r de flesta. \u00c4nd\u00e5 ser det inte ut s\u00e5 f\u00f6r majoriteten av jordens befolkning. Man m\u00e5ste minnas det. Mat f\u00f6r dagen \u00e4r ingen sj\u00e4lvklarhet. Inte heller lugnet \u00f6ver vad morgondagen har med sig. Men de som surar och gn\u00e4ller mest \u00e4r \u00e4nd\u00e5 de som har det b\u00e4st. Hall\u00e5 moderaterna, h\u00e4r kommer jag. S\u00e4nk skatterna. Sl\u00e4pp banditerna fria. Nu skall vi roffa \u00e5t oss. Kasta ut. Men mer poliser. Fler milit\u00e4rer. Fler gated communities. S\u00e5 vi kan k\u00e4nna oss trygga fr\u00e5n  &#8220;<em>de andra<\/em>&#8220;.<\/p>\n\n\n\n<p class=\"wp-block-paragraph\">Tr\u00f6tt p\u00e5 allt gn\u00e4ll fr\u00e5n dom som har det bra. <\/p>\n\n\n\n<p class=\"wp-block-paragraph\"><strong>N\u00e4mligen<\/strong><\/p>\n\n\n\n<p class=\"wp-block-paragraph\">Men gubbar som gn\u00e4ller finns det s\u00e5klart gott om. Man blir bara en till om man s\u00e4ger s\u00e5d\u00e4r. S\u00e5 skit i det. Men f\u00f6r mig f\u00f6r mig \u00e4r det sktsamma om en ganster blir skjuten. Viktigare \u00e4r att inte bygga ett samh\u00e4lle som skapar gangsters. Och nej. Alla gangsters bor inte p\u00e5 &#8220;<em>orten<\/em>&#8220;. Det finns gott om dem i finrummen ocks\u00e5.<\/p>\n\n\n\n<p class=\"wp-block-paragraph\">Men hur som helst. Nya tider p\u00e5 g\u00e5ng h\u00e4r d\u00e5. Ins\u00e5g i fredags n\u00e4r jag satt h\u00e4r nere tr\u00f6tt efter en intensiv vecka att egentligen kunde jag bara g\u00e5&#8221;upp f\u00f6r trapporna l\u00e4gga mig p\u00e5 soffan och sova en stund och ingen skulle bry sig ett skit om det. Det skulle inte spela n\u00e5gon roll. Eller sova en timme till p\u00e5 morgonen. Eller sova hela f\u00f6rmiddagen en m\u00e5ndag. Ingen har med det att g\u00f6ra. Pension\u00e4rsliv. Inte illa.<\/p>\n\n\n\n<p class=\"wp-block-paragraph\">F\u00e5r min f\u00f6rsta pensionsutbetalning p\u00e5 m\u00e5ndag. Privatpensions pengar fr\u00e5n ett G\u00e4vlef\u00f6retag jag jobbade \u00e5t en tid. S\u00e5 lite att de betalas ut i klumpsumma. Men r\u00e4cker till lite kattsand, f\u00e5gelmat och n\u00e5got annat. Och s\u00e5 \u00e4r det ju en h\u00e4ndelse av dignitet att det sker. Pensionsutbetalning. Smaka p\u00e5 den. Nu? Vem \u00e4r det som \u00e4r pension\u00e4r? GAmmal? Man kan liksom inte ta in det d\u00e4r.<\/p>\n\n\n\n<p class=\"wp-block-paragraph\">Fast egentligen nio dagar kvar allts\u00e5.  Jod\u00e5. T\u00e4nker faktiskt \u00e5ka iv\u00e4g och k\u00f6pa en t\u00e5rta till oss den dan. &#8220;<em>Klart!<\/em>&#8221; skall det s\u00e5 p\u00e5 den. Den skall vi \u00e4ta upp med god aptit n\u00e4r K kommer hem fr\u00e5n jobbet. D\u00e4rifr\u00e5n f\u00e5r livet g\u00e5 p\u00e5 som vanligt. F\u00f6r det ovanliga \u00e4r avklarat och l\u00e4mnat bakom oss.<\/p>\n\n\n\n<p class=\"wp-block-paragraph\">Nu mat, film, och vila. Mer kan man icke beg\u00e4ra.<\/p>\n","protected":false},"excerpt":{"rendered":"<p>Vinter. Det \u00e4r det v\u00e4l nu. Vi b\u00e4r i alla fall in pellets K och jag. Som det brukar vara. En g\u00e5ng i m\u00e5naden. Hela l\u00e5nga vintern. N\u00e5got vi g\u00f6r med gl\u00e4dje s\u00e5klart. Det \u00e4r toppen. Hulken beh\u00f6ver varje s\u00e4ck. Huset med. \u00c4r huset n\u00f6jt s\u00e5 \u00e4r vi ocks\u00e5 n\u00f6jda. Enkelt liv. En normalvilla g\u00f6r [&hellip;]<\/p>\n","protected":false},"author":24,"featured_media":0,"comment_status":"open","ping_status":"open","sticky":false,"template":"","format":"standard","meta":{"_crdt_document":"","jetpack_post_was_ever_published":false,"_jetpack_newsletter_access":"","_jetpack_dont_email_post_to_subs":false,"_jetpack_newsletter_tier_id":0,"_jetpack_memberships_contains_paywalled_content":false,"_jetpack_memberships_contains_paid_content":false,"footnotes":"","jetpack_publicize_message":"","jetpack_publicize_feature_enabled":true,"jetpack_social_post_already_shared":true,"jetpack_social_options":{"image_generator_settings":{"template":"highway","default_image_id":0,"font":"","enabled":false},"version":2}},"categories":[24],"tags":[],"class_list":["post-40097","post","type-post","status-publish","format-standard","hentry","category-betraktelser"],"jetpack_publicize_connections":[],"jetpack_featured_media_url":"","jetpack_sharing_enabled":true,"jetpack_likes_enabled":true,"jetpack-related-posts":[{"id":12708,"url":"https:\/\/www.akehedman.se\/wordpress\/?p=12708","url_meta":{"origin":40097,"position":0},"title":"Det stora gula huset p\u00e5 kullen","author":"\u00c5ke Hedman","date":"2014-04-05","format":false,"excerpt":"\u00a0 Det stora gula huset p\u00e5 kullen. Det som har f\u00e5ngat mig. H\u00e5ller mig f\u00e5ngen i evig l\u00e4ngtan h\u00e4rifr\u00e5n. Men aldrig l\u00e4ngtan fr\u00e5n studion, fyra stora f\u00f6nster nere till h\u00f6ger, eller fr\u00e5n dr\u00f6mmakarverkstaden, fyra stora f\u00f6nster till v\u00e4nster, eller fr\u00e5n l\u00e4genheten d\u00e4r uppe med en varsin \u00f6ppen spis p\u00e5 var\u2026","rel":"","context":"In &quot;Betraktelser &amp; Ber\u00e4ttelse&quot;","block_context":{"text":"Betraktelser &amp; Ber\u00e4ttelse","link":"https:\/\/www.akehedman.se\/wordpress\/?cat=24"},"img":{"alt_text":"003","src":"https:\/\/i0.wp.com\/www.eurosource.se\/akhe\/wordpress\/wp-content\/uploads\/2014\/04\/003-1024x768.jpg?resize=350%2C200","width":350,"height":200,"srcset":"https:\/\/i0.wp.com\/www.eurosource.se\/akhe\/wordpress\/wp-content\/uploads\/2014\/04\/003-1024x768.jpg?resize=350%2C200 1x, https:\/\/i0.wp.com\/www.eurosource.se\/akhe\/wordpress\/wp-content\/uploads\/2014\/04\/003-1024x768.jpg?resize=525%2C300 1.5x"},"classes":[]},{"id":39582,"url":"https:\/\/www.akehedman.se\/wordpress\/?p=39582","url_meta":{"origin":40097,"position":1},"title":"Alarmisterna","author":"\u00c5ke Hedman","date":"2021-08-11","format":false,"excerpt":"Photo by Pixabay on Pexels.com N\u00e4r det brinner. Den d\u00e4r skr\u00e4ckh\u00e4ndelsen n\u00e4r ett hus st\u00e5r i l\u00e5gor. N\u00e4r det kanske finns m\u00e4nniskor kvar d\u00e4r inne. M\u00e4nniskor som sover. D\u00e5 \u00e4r den f\u00f6rste alarmisten r\u00e4tt bra att ha. Hen som skriker \"Det brinner\" och ringer 112. Som f\u00e5r r\u00e4ddningsaktionen att starta.\u2026","rel":"","context":"In &quot;Betraktelser &amp; Ber\u00e4ttelse&quot;","block_context":{"text":"Betraktelser &amp; Ber\u00e4ttelse","link":"https:\/\/www.akehedman.se\/wordpress\/?cat=24"},"img":{"alt_text":"fire wallpaper","src":"https:\/\/i0.wp.com\/www.akehedman.se\/wordpress\/wp-content\/uploads\/2021\/08\/pexels-photo-207353.jpeg?resize=350%2C200&ssl=1","width":350,"height":200,"srcset":"https:\/\/i0.wp.com\/www.akehedman.se\/wordpress\/wp-content\/uploads\/2021\/08\/pexels-photo-207353.jpeg?resize=350%2C200&ssl=1 1x, https:\/\/i0.wp.com\/www.akehedman.se\/wordpress\/wp-content\/uploads\/2021\/08\/pexels-photo-207353.jpeg?resize=525%2C300&ssl=1 1.5x, https:\/\/i0.wp.com\/www.akehedman.se\/wordpress\/wp-content\/uploads\/2021\/08\/pexels-photo-207353.jpeg?resize=700%2C400&ssl=1 2x"},"classes":[]},{"id":26076,"url":"https:\/\/www.akehedman.se\/wordpress\/?p=26076","url_meta":{"origin":40097,"position":2},"title":"Permisf\u00f6rbud och uppl\u00e4xning","author":"\u00c5ke Hedman","date":"2017-11-26","format":false,"excerpt":"Jod\u00e5 och visst fan. T\u00e4ndelementet g\u00e5r s\u00f6nder i Hulken. Japp, det brinner d\u00e5ligt sedan. Blir kallt i huset. Men v\u00e4ltajmat i f\u00f6rh\u00e5llande till inkommande pengar och det g\u00e5r att skaffa nytt. Man t\u00e4nder manuellt med visst besv\u00e4r. H\u00f6jer v\u00e4rmen till det olidliga och k\u00f6r p\u00e5. Tanken att det inte skall\u2026","rel":"","context":"In &quot;Betraktelser &amp; Ber\u00e4ttelse&quot;","block_context":{"text":"Betraktelser &amp; Ber\u00e4ttelse","link":"https:\/\/www.akehedman.se\/wordpress\/?cat=24"},"img":{"alt_text":"","src":"https:\/\/i0.wp.com\/www.akehedman.se\/wordpress\/wp-content\/uploads\/2017\/11\/IMG_20171126_173441369-768x1024.jpg?resize=350%2C200","width":350,"height":200,"srcset":"https:\/\/i0.wp.com\/www.akehedman.se\/wordpress\/wp-content\/uploads\/2017\/11\/IMG_20171126_173441369-768x1024.jpg?resize=350%2C200 1x, https:\/\/i0.wp.com\/www.akehedman.se\/wordpress\/wp-content\/uploads\/2017\/11\/IMG_20171126_173441369-768x1024.jpg?resize=525%2C300 1.5x"},"classes":[]},{"id":13872,"url":"https:\/\/www.akehedman.se\/wordpress\/?p=13872","url_meta":{"origin":40097,"position":3},"title":"&#8220;Biblioteket&#8221; en favoplats som jag aldrig hinner sitta i","author":"\u00c5ke Hedman","date":"2014-07-08","format":false,"excerpt":"Det var v\u00e4l liksom sista chansen att bygga oss ett eget \"bibliotek\" med b\u00f6cker p\u00e5 riktigt papper, men har man ett tomt rum och en massa b\u00f6cker s\u00e5 \u00e4r det egentligen bara att k\u00f6pa ett g\u00e4ng bokhyllor och s\u00e5 st\u00e5r det d\u00e4r sen. Redan nu ryms alltihop i en enda\u2026","rel":"","context":"In &quot;Swedish&quot;","block_context":{"text":"Swedish","link":"https:\/\/www.akehedman.se\/wordpress\/?cat=2"},"img":{"alt_text":"3","src":"https:\/\/i0.wp.com\/www.eurosource.se\/akhe\/wordpress\/wp-content\/uploads\/2014\/07\/3.jpg?resize=350%2C200","width":350,"height":200,"srcset":"https:\/\/i0.wp.com\/www.eurosource.se\/akhe\/wordpress\/wp-content\/uploads\/2014\/07\/3.jpg?resize=350%2C200 1x, https:\/\/i0.wp.com\/www.eurosource.se\/akhe\/wordpress\/wp-content\/uploads\/2014\/07\/3.jpg?resize=525%2C300 1.5x, https:\/\/i0.wp.com\/www.eurosource.se\/akhe\/wordpress\/wp-content\/uploads\/2014\/07\/3.jpg?resize=700%2C400 2x"},"classes":[]},{"id":14335,"url":"https:\/\/www.akehedman.se\/wordpress\/?p=14335","url_meta":{"origin":40097,"position":4},"title":"Tv\u00e5 Alvedon sen fest, trevligt och gott.","author":"\u00c5ke Hedman","date":"2014-08-09","format":false,"excerpt":"Ja inte f\u00f6r att jag k\u00e4nner mig b\u00e4ttre idag men skall inte tr\u00f6tta er med min sjukdom. Ig\u00e5r, en dusch och tv\u00e5 Alvedon och sen iv\u00e4g till v\u00e4nner f\u00f6r middag. H\u00f6ll p\u00e5 att inte orka hela v\u00e4gen dit, sackade och stapplade bet\u00e4nkligt. Men v\u00e4l framme hj\u00e4lpte mig trevligt s\u00e4llskap, gott\u2026","rel":"","context":"In &quot;Betraktelser &amp; Ber\u00e4ttelse&quot;","block_context":{"text":"Betraktelser &amp; Ber\u00e4ttelse","link":"https:\/\/www.akehedman.se\/wordpress\/?cat=24"},"img":{"alt_text":"alvedon_500_mg_250x250","src":"https:\/\/i0.wp.com\/www.eurosource.se\/akhe\/wordpress\/wp-content\/uploads\/2014\/08\/alvedon_500_mg_250x250.jpg?resize=350%2C200","width":350,"height":200},"classes":[]},{"id":13556,"url":"https:\/\/www.akehedman.se\/wordpress\/?p=13556","url_meta":{"origin":40097,"position":5},"title":"Semester, men inte jag, fast lite.","author":"\u00c5ke Hedman","date":"2014-06-14","format":false,"excerpt":"L\u00f6rdag och Karin har semester. K\u00e4nns f\u00f6r mig ocks\u00e5, man g\u00e5r ner lite i varv sj\u00e4lv, jag skall ocks\u00e5 \u00a0ta n\u00e5gra lediga dagar men jobba de flesta. Fem or\u00f6rda veckor ligger framf\u00f6r k\u00e4ra frun , trettiofem dagar av ro och lugn och vila. Vi m\u00e5 vara r\u00e4tt fattiga i det\u2026","rel":"","context":"In &quot;Betraktelser &amp; Ber\u00e4ttelse&quot;","block_context":{"text":"Betraktelser &amp; Ber\u00e4ttelse","link":"https:\/\/www.akehedman.se\/wordpress\/?cat=24"},"img":{"alt_text":"semeter-i-h\u00e4ngmattan","src":"https:\/\/i0.wp.com\/www.eurosource.se\/akhe\/wordpress\/wp-content\/uploads\/2014\/06\/semeter-i-h%C3%A4ngmattan.jpg?resize=350%2C200","width":350,"height":200},"classes":[]}],"jetpack_shortlink":"https:\/\/wp.me\/p68PL2-aqJ","_links":{"self":[{"href":"https:\/\/www.akehedman.se\/wordpress\/index.php?rest_route=\/wp\/v2\/posts\/40097","targetHints":{"allow":["GET"]}}],"collection":[{"href":"https:\/\/www.akehedman.se\/wordpress\/index.php?rest_route=\/wp\/v2\/posts"}],"about":[{"href":"https:\/\/www.akehedman.se\/wordpress\/index.php?rest_route=\/wp\/v2\/types\/post"}],"author":[{"embeddable":true,"href":"https:\/\/www.akehedman.se\/wordpress\/index.php?rest_route=\/wp\/v2\/users\/24"}],"replies":[{"embeddable":true,"href":"https:\/\/www.akehedman.se\/wordpress\/index.php?rest_route=%2Fwp%2Fv2%2Fcomments&post=40097"}],"version-history":[{"count":1,"href":"https:\/\/www.akehedman.se\/wordpress\/index.php?rest_route=\/wp\/v2\/posts\/40097\/revisions"}],"predecessor-version":[{"id":40099,"href":"https:\/\/www.akehedman.se\/wordpress\/index.php?rest_route=\/wp\/v2\/posts\/40097\/revisions\/40099"}],"wp:attachment":[{"href":"https:\/\/www.akehedman.se\/wordpress\/index.php?rest_route=%2Fwp%2Fv2%2Fmedia&parent=40097"}],"wp:term":[{"taxonomy":"category","embeddable":true,"href":"https:\/\/www.akehedman.se\/wordpress\/index.php?rest_route=%2Fwp%2Fv2%2Fcategories&post=40097"},{"taxonomy":"post_tag","embeddable":true,"href":"https:\/\/www.akehedman.se\/wordpress\/index.php?rest_route=%2Fwp%2Fv2%2Ftags&post=40097"}],"curies":[{"name":"wp","href":"https:\/\/api.w.org\/{rel}","templated":true}]}}