{"id":3985,"date":"2013-03-12T10:53:18","date_gmt":"2013-03-12T09:53:18","guid":{"rendered":"http:\/\/www.eurosource.se\/akhe\/wordpress\/?p=3985"},"modified":"2015-12-05T14:31:41","modified_gmt":"2015-12-05T13:31:41","slug":"katter-mars-och-var","status":"publish","type":"post","link":"https:\/\/www.akehedman.se\/wordpress\/?p=3985","title":{"rendered":"Katter, Mars och v\u00e5r."},"content":{"rendered":"<p><a href=\"https:\/\/i0.wp.com\/www.eurosource.se\/akhe\/wordpress\/wp-content\/uploads\/2013\/03\/ful-katt.jpg\"><img data-recalc-dims=\"1\" loading=\"lazy\" decoding=\"async\" class=\"alignnone wp-image-3986 size-full\" src=\"https:\/\/i0.wp.com\/www.akehedman.se\/wordpress\/wp-content\/uploads\/2013\/03\/ful-katt.jpg?resize=465%2C310\" alt=\"ful-katt\" width=\"465\" height=\"310\" \/><\/a><\/p>\n<p>Ja jag gillar v\u00e5r. Verkligen gillar. Snart slipper man pelletshantering och det \u00e4r ljust igen. OK jag har en sl\u00e4ng av pollenallergi men den hindrar mig inte fr\u00e5n att njuta till fullo. Det \u00e4r bara en sak som inte \u00e4r helt perfekt. Katter, Mars och v\u00e5r. Det g\u00e5r liksom inte ihop med hemmilj\u00f6. Katter blir liksom lite f\u00f6r till sig s\u00e5h\u00e4r i Mars. Det spelar liksom ingen roll att dom \u00e4r kastrerade. Det skall markeras och det skall g\u00f6ras lite h\u00e4r och d\u00e4r. Det luktar allts\u00e5 f:n helt enkelt. I hela huset. Har man dessutom som oss frig\u00e5ng f\u00f6r katterna h\u00e4nder det ibland att n\u00e5gon katt utifr\u00e5n smyger sig in eftersom v\u00e5ra kattflickor \u00e4r intressanta parningsobjekt. Den skall naturligtvis ocks\u00e5 markera. Okastrerad oftast ocks\u00e5 s\u00e5klart och d\u00e5 stinker det \u00e4nnu mer. Dom h\u00e4r speciella g\u00e4sterna plockar fram sin mest goluktande f\u00f6rf\u00f6rande markeringsdoft s\u00e5klart. En markering som v\u00e5ra egna katter &#8211; som naturligtvis inte vill visa sig s\u00e4mre &#8211; m\u00e5ste kompensera f\u00f6r. Fattas bara annat. Vem \u00e4r egentligen herre h\u00e4r i huset. Ja, inte \u00e4r det jag. I alla fall inte n\u00e4r det g\u00e4ller markering.<\/p>\n<p>S\u00e5 Mars genomlever vi i ett doftinferno h\u00e4r i det stora gula huset p\u00e5 h\u00f6jden. Ja det svabbas med citron och allt annat starkt parfymerat men det hj\u00e4lper f\u00f6ga. Katterna \u00e4r liksom segrarna den h\u00e4r tiden. Urk liksom.<\/p>\n","protected":false},"excerpt":{"rendered":"<p>Ja jag gillar v\u00e5r. Verkligen gillar. Snart slipper man pelletshantering och det \u00e4r ljust igen. OK jag har en sl\u00e4ng av pollenallergi men den hindrar mig inte fr\u00e5n att njuta till fullo. Det \u00e4r bara en sak som inte \u00e4r helt perfekt. Katter, Mars och v\u00e5r. Det g\u00e5r liksom inte ihop med hemmilj\u00f6. Katter blir [&hellip;]<\/p>\n","protected":false},"author":24,"featured_media":0,"comment_status":"open","ping_status":"open","sticky":false,"template":"","format":"standard","meta":{"_crdt_document":"","jetpack_post_was_ever_published":false,"_jetpack_newsletter_access":"","_jetpack_dont_email_post_to_subs":false,"_jetpack_newsletter_tier_id":0,"_jetpack_memberships_contains_paywalled_content":false,"_jetpack_memberships_contains_paid_content":false,"footnotes":"","jetpack_publicize_message":"","jetpack_publicize_feature_enabled":true,"jetpack_social_post_already_shared":true,"jetpack_social_options":{"image_generator_settings":{"template":"highway","default_image_id":0,"font":"","enabled":false},"version":2}},"categories":[25,2],"tags":[],"class_list":["post-3985","post","type-post","status-publish","format-standard","hentry","category-status-fran-just-idag","category-swedish"],"jetpack_publicize_connections":[],"jetpack_featured_media_url":"","jetpack_sharing_enabled":true,"jetpack_likes_enabled":true,"jetpack-related-posts":[{"id":2179,"url":"https:\/\/www.akehedman.se\/wordpress\/?p=2179","url_meta":{"origin":3985,"position":0},"title":"Time to call this a day","author":"\u00c5ke Hedman","date":"2012-11-30","format":false,"excerpt":"Skall pulsa ut till vedboden och h\u00e4mta en korg ved. Sen skall det inte bli mycket mer den h\u00e4r kv\u00e4llen. Jo, t\u00e4nda en brasa, \u00e4ta lite och f\u00f6rs\u00f6ka h\u00e5lla mig vaken d\u00e4r i soffan s\u00e5 att man kan kolla in \"Tack f\u00f6r musiken\". Avsp\u00e4nt och koncentrerat p\u00e5 just musiken f\u00f6rra\u2026","rel":"","context":"In &quot;Betraktelser &amp; Ber\u00e4ttelse&quot;","block_context":{"text":"Betraktelser &amp; Ber\u00e4ttelse","link":"https:\/\/www.akehedman.se\/wordpress\/?cat=24"},"img":{"alt_text":"","src":"","width":0,"height":0},"classes":[]},{"id":16496,"url":"https:\/\/www.akehedman.se\/wordpress\/?p=16496","url_meta":{"origin":3985,"position":1},"title":"Den f\u00f6rsta av fyra rysare","author":"\u00c5ke Hedman","date":"2015-02-13","format":false,"excerpt":"Fredag den trettonde idag. Tydligen den f\u00f6rsta av fyra i \u00e5r. Har inte kollat sj\u00e4lv och k\u00e4llan \u00e4r v\u00e4l inte helt tillf\u00f6rlitlig eftersom det \u00e4r P4 G\u00e4vleborg och Larry. Men det kan vara s\u00e5. Hittills har det g\u00e5tt bra. Trotts att jag \u00e4r skrockfull b\u00e5de ned\u00e4rvt och efter att s\u00e5gen\u2026","rel":"","context":"In &quot;Betraktelser &amp; Ber\u00e4ttelse&quot;","block_context":{"text":"Betraktelser &amp; Ber\u00e4ttelse","link":"https:\/\/www.akehedman.se\/wordpress\/?cat=24"},"img":{"alt_text":"hjarta","src":"https:\/\/i0.wp.com\/www.eurosource.se\/akhe\/wordpress\/wp-content\/uploads\/2015\/02\/hjarta.jpg?resize=350%2C200","width":350,"height":200,"srcset":"https:\/\/i0.wp.com\/www.eurosource.se\/akhe\/wordpress\/wp-content\/uploads\/2015\/02\/hjarta.jpg?resize=350%2C200 1x, https:\/\/i0.wp.com\/www.eurosource.se\/akhe\/wordpress\/wp-content\/uploads\/2015\/02\/hjarta.jpg?resize=525%2C300 1.5x"},"classes":[]},{"id":8634,"url":"https:\/\/www.akehedman.se\/wordpress\/?p=8634","url_meta":{"origin":3985,"position":2},"title":"St\u00e4ddag","author":"\u00c5ke Hedman","date":"2013-08-16","format":false,"excerpt":"B\u00f6rjar dagen med att, f\u00f6rst lyfta ut en d\u00f6d n\u00e4bbmus och sedan jaga en levande i trappen. Dom \u00e4r snabba dom d\u00e4r rackarna men ingen konst f\u00f6r katterna att ta s\u00e5klart, o-coola gubbar f\u00e5r dock k\u00e4mpa lite mer om dom vill f\u00e5 fatt i en. Men jag f\u00e5r tag p\u00e5\u2026","rel":"","context":"In &quot;Betraktelser &amp; Ber\u00e4ttelse&quot;","block_context":{"text":"Betraktelser &amp; Ber\u00e4ttelse","link":"https:\/\/www.akehedman.se\/wordpress\/?cat=24"},"img":{"alt_text":"34f9b01be59a02cb7172c7f7b15a018d","src":"https:\/\/i0.wp.com\/www.eurosource.se\/akhe\/wordpress\/wp-content\/uploads\/2013\/08\/34f9b01be59a02cb7172c7f7b15a018d.jpg?resize=350%2C200","width":350,"height":200,"srcset":"https:\/\/i0.wp.com\/www.eurosource.se\/akhe\/wordpress\/wp-content\/uploads\/2013\/08\/34f9b01be59a02cb7172c7f7b15a018d.jpg?resize=350%2C200 1x, https:\/\/i0.wp.com\/www.eurosource.se\/akhe\/wordpress\/wp-content\/uploads\/2013\/08\/34f9b01be59a02cb7172c7f7b15a018d.jpg?resize=525%2C300 1.5x, https:\/\/i0.wp.com\/www.eurosource.se\/akhe\/wordpress\/wp-content\/uploads\/2013\/08\/34f9b01be59a02cb7172c7f7b15a018d.jpg?resize=700%2C400 2x"},"classes":[]},{"id":11196,"url":"https:\/\/www.akehedman.se\/wordpress\/?p=11196","url_meta":{"origin":3985,"position":3},"title":"Respekt","author":"\u00c5ke Hedman","date":"2013-11-29","format":false,"excerpt":"Vad har farfars gamla kamera, John Lennons gitarr, Albert Einsteins kaffekopp, Marie Curies provr\u00f6r, gemensamt? De \u00e4r alla artefakter som totalt saknar v\u00e4rde f\u00f6r undertecknad. Se dig omkring d\u00e4r du sitter. En massa grejer eller hur? Men skulle du verkligen velat att n\u00e5gon skulle dyrka dem bara f\u00f6r att de\u2026","rel":"","context":"In &quot;Betraktelser &amp; Ber\u00e4ttelse&quot;","block_context":{"text":"Betraktelser &amp; Ber\u00e4ttelse","link":"https:\/\/www.akehedman.se\/wordpress\/?cat=24"},"img":{"alt_text":"Respekt","src":"https:\/\/i0.wp.com\/www.akehedman.se\/wordpress\/wp-content\/uploads\/2013\/11\/Respekt-946x1024.jpg?resize=350%2C200","width":350,"height":200,"srcset":"https:\/\/i0.wp.com\/www.akehedman.se\/wordpress\/wp-content\/uploads\/2013\/11\/Respekt-946x1024.jpg?resize=350%2C200 1x, https:\/\/i0.wp.com\/www.akehedman.se\/wordpress\/wp-content\/uploads\/2013\/11\/Respekt-946x1024.jpg?resize=525%2C300 1.5x"},"classes":[]},{"id":44588,"url":"https:\/\/www.akehedman.se\/wordpress\/?p=44588","url_meta":{"origin":3985,"position":4},"title":"Gr\u00e5v\u00e4der","author":"\u00c5ke Hedman","date":"2023-03-13","format":false,"excerpt":"Photo by Lukas on Pexels.com Katten och jag. P\u00e5 kontoret. Ja den lilla. Den stora katten \u00e4r bara in helt kort, jamar missn\u00f6jt, och v\u00e4nder. T\u00e4nker tydligen \"upptaget\". Dom \u00e4r inte s\u00e5 f\u00f6rtjusta i varandra v\u00e5ra tv\u00e5 katter. I alla fall oftast inte. Ibland mycket. Katter... Lillkatten har somnat. Jag\u2026","rel":"","context":"In &quot;Betraktelser &amp; Ber\u00e4ttelse&quot;","block_context":{"text":"Betraktelser &amp; Ber\u00e4ttelse","link":"https:\/\/www.akehedman.se\/wordpress\/?cat=24"},"img":{"alt_text":"photo of yellow lemon on gray surface","src":"https:\/\/i0.wp.com\/www.akehedman.se\/wordpress\/wp-content\/uploads\/2023\/03\/pexels-photo-952365.jpeg?resize=350%2C200&ssl=1","width":350,"height":200,"srcset":"https:\/\/i0.wp.com\/www.akehedman.se\/wordpress\/wp-content\/uploads\/2023\/03\/pexels-photo-952365.jpeg?resize=350%2C200&ssl=1 1x, https:\/\/i0.wp.com\/www.akehedman.se\/wordpress\/wp-content\/uploads\/2023\/03\/pexels-photo-952365.jpeg?resize=525%2C300&ssl=1 1.5x, https:\/\/i0.wp.com\/www.akehedman.se\/wordpress\/wp-content\/uploads\/2023\/03\/pexels-photo-952365.jpeg?resize=700%2C400&ssl=1 2x, https:\/\/i0.wp.com\/www.akehedman.se\/wordpress\/wp-content\/uploads\/2023\/03\/pexels-photo-952365.jpeg?resize=1050%2C600&ssl=1 3x, https:\/\/i0.wp.com\/www.akehedman.se\/wordpress\/wp-content\/uploads\/2023\/03\/pexels-photo-952365.jpeg?resize=1400%2C800&ssl=1 4x"},"classes":[]},{"id":10396,"url":"https:\/\/www.akehedman.se\/wordpress\/?p=10396","url_meta":{"origin":3985,"position":5},"title":"En cappuccinopaus f\u00f6r freden","author":"\u00c5ke Hedman","date":"2013-10-08","format":false,"excerpt":"En liten cappuccinopaus f\u00f6r freden. Japp man f\u00e5r ta det ibland. Egentligen \u00e4r det den andra idag plus en \"riktig\" kaffe och det klarar jag inte riktigt av men m\u00e5ste f\u00f6rs\u00f6ka h\u00e5lla koncentrationen uppe s\u00e5 det m\u00e5 f\u00e5r bli lite stirrigt och darrigt. Det gamla \u00e5lderdomshemmet Brattberga h\u00e4r bredvid rivs\u2026","rel":"","context":"In &quot;Betraktelser &amp; Ber\u00e4ttelse&quot;","block_context":{"text":"Betraktelser &amp; Ber\u00e4ttelse","link":"https:\/\/www.akehedman.se\/wordpress\/?cat=24"},"img":{"alt_text":"8596892-origpic-64695c","src":"https:\/\/i0.wp.com\/www.eurosource.se\/akhe\/wordpress\/wp-content\/uploads\/2013\/10\/8596892-origpic-64695c.jpg?resize=350%2C200","width":350,"height":200},"classes":[]}],"jetpack_shortlink":"https:\/\/wp.me\/p68PL2-12h","_links":{"self":[{"href":"https:\/\/www.akehedman.se\/wordpress\/index.php?rest_route=\/wp\/v2\/posts\/3985","targetHints":{"allow":["GET"]}}],"collection":[{"href":"https:\/\/www.akehedman.se\/wordpress\/index.php?rest_route=\/wp\/v2\/posts"}],"about":[{"href":"https:\/\/www.akehedman.se\/wordpress\/index.php?rest_route=\/wp\/v2\/types\/post"}],"author":[{"embeddable":true,"href":"https:\/\/www.akehedman.se\/wordpress\/index.php?rest_route=\/wp\/v2\/users\/24"}],"replies":[{"embeddable":true,"href":"https:\/\/www.akehedman.se\/wordpress\/index.php?rest_route=%2Fwp%2Fv2%2Fcomments&post=3985"}],"version-history":[{"count":3,"href":"https:\/\/www.akehedman.se\/wordpress\/index.php?rest_route=\/wp\/v2\/posts\/3985\/revisions"}],"predecessor-version":[{"id":19149,"href":"https:\/\/www.akehedman.se\/wordpress\/index.php?rest_route=\/wp\/v2\/posts\/3985\/revisions\/19149"}],"wp:attachment":[{"href":"https:\/\/www.akehedman.se\/wordpress\/index.php?rest_route=%2Fwp%2Fv2%2Fmedia&parent=3985"}],"wp:term":[{"taxonomy":"category","embeddable":true,"href":"https:\/\/www.akehedman.se\/wordpress\/index.php?rest_route=%2Fwp%2Fv2%2Fcategories&post=3985"},{"taxonomy":"post_tag","embeddable":true,"href":"https:\/\/www.akehedman.se\/wordpress\/index.php?rest_route=%2Fwp%2Fv2%2Ftags&post=3985"}],"curies":[{"name":"wp","href":"https:\/\/api.w.org\/{rel}","templated":true}]}}