{"id":39467,"date":"2021-07-22T11:42:11","date_gmt":"2021-07-22T10:42:11","guid":{"rendered":"https:\/\/www.akehedman.se\/wordpress\/?p=39467"},"modified":"2021-07-22T11:42:11","modified_gmt":"2021-07-22T10:42:11","slug":"uppvarmd","status":"publish","type":"post","link":"https:\/\/www.akehedman.se\/wordpress\/?p=39467","title":{"rendered":"Uppv\u00e4rmd"},"content":{"rendered":"\n<figure class=\"wp-block-image size-full\"><img data-recalc-dims=\"1\" loading=\"lazy\" decoding=\"async\" width=\"580\" height=\"538\" src=\"https:\/\/i0.wp.com\/www.akehedman.se\/wordpress\/wp-content\/uploads\/2021\/07\/Screenshot-from-2021-07-22-11-59-02.png?resize=580%2C538&#038;ssl=1\" alt=\"\" class=\"wp-image-39468\" srcset=\"https:\/\/i0.wp.com\/www.akehedman.se\/wordpress\/wp-content\/uploads\/2021\/07\/Screenshot-from-2021-07-22-11-59-02.png?w=641&amp;ssl=1 641w, https:\/\/i0.wp.com\/www.akehedman.se\/wordpress\/wp-content\/uploads\/2021\/07\/Screenshot-from-2021-07-22-11-59-02.png?resize=300%2C278&amp;ssl=1 300w\" sizes=\"auto, (max-width: 580px) 100vw, 580px\" \/><\/figure>\n\n\n\n<p class=\"wp-block-paragraph\">En australiensk &#8220;v\u00e4n&#8221; v\u00e4rmer upp l\u00f6spastan. Ingen semester d\u00e4r inte. Platsen han bor p\u00e5 har precis tagit sig igenom h\u00f6ststormarna som var extra j\u00e4vliga i \u00e5r och resulterat i evakueringar och andra on\u00f6diga bekymmer. Eller v\u00e5rstormar \u00e4r det s\u00e5klart. Vinter nu. S\u00e5 mycket vinter det nu blir d\u00e4r under. B\u00e4sta arbetsperioden p\u00e5 \u00e5ret \u00e4r nu om man \u00e4r d\u00e4r.<\/p>\n\n\n\n<p class=\"wp-block-paragraph\">Jag sitter h\u00e4r och blir lite sugen jag med. Men om en vecka \u00e4r jag d\u00e4r jag ocks\u00e5. Kan f\u00f6rresten inte klaga p\u00e5 tillvaron h\u00e4r nu heller. Har tagit mig l\u00e5ngt, l\u00e5ngt ner i det avslappnades tr\u00e4sk. S\u00e5 l\u00e5ngt att det \u00e4r fr\u00e5gan om en vecka r\u00e4cker f\u00f6r att kravla sig upp p\u00e5 n\u00e5gots\u00e5n\u00e4r tillfredsst\u00e4llande l\u00e5tsasarbetsniv\u00e5er igen. Men med det d\u00e4r \u00e4r det som det \u00e4r. N\u00e4r det \u00e4r dags b\u00f6rjar man vandra och sen vandrar man p\u00e5. R\u00e4tt vad det \u00e4r skall man vara ledig igen.<\/p>\n\n\n\n<p class=\"wp-block-paragraph\">Men annat liv f\u00f6r\u00f6ver.  H\u00f6stk\u00e4nningar har annars alltid get lite k\u00e4nslan av desperation i mitt inre. Allt det d\u00e4r som skall och m\u00e5ste ordnas, och vara p\u00e5 plats innan eldningss\u00e4songen b\u00f6rjar. Det man inte lyckas f\u00e5 till det har f\u00e5tt v\u00e4nta till n\u00e4sta \u00e5r. Man fick allts\u00e5 inte gl\u00f6mma n\u00e5got v\u00e4sentligt. I \u00e5r \u00e4r det allts\u00e5 inte s\u00e5 l\u00e4ngre. L\u00e5t vintern komma bara. N\u00e5ja, i fall &#8220;du&#8221; h\u00f6rde, s\u00e5 \u00e4r det alls ingen br\u00e5dska med det d\u00e4r &#8220;att komma&#8221;.<\/p>\n\n\n\n<p class=\"wp-block-paragraph\">Musikabstinens \u00e4r bara f\u00f6rnamnet just nu. Jag lyssnar p\u00e5 musik n\u00e4stan alla vakna timmar annars. Men nu? Ingenting. Illa allts\u00e5. Jag tror att en stor del av suget att komma upp i sadeln igen kommer just d\u00e4rifr\u00e5n den l\u00e4ngtan. Men skall f\u00f6rs\u00f6ka f\u00e5 till n\u00e5gra timmar i &#8220;studion&#8221; ikv\u00e4ll om inte dagen tar den l\u00e4ngtan ur mig.<\/p>\n\n\n\n<p class=\"wp-block-paragraph\">V\u00e4xthuset beh\u00f6ver tak nu bara och s\u00e5 lite f\u00e4rg. Sen s\u00e5. Roligt projekt. V\u00e4xthus nummer tv\u00e5 tar vi n\u00e4sta \u00e5r. Tomater och gurkor har v\u00e4xt p\u00e5 bra \u00e4nd\u00e5 utan v\u00e4xthus i \u00e5r s\u00e5 f\u00f6rhoppningsvis hinner vi f\u00e5 lite sk\u00f6rd om n\u00e5gra veckor. Men n\u00e4sta \u00e5r allts\u00e5&#8230;<\/p>\n\n\n\n<p class=\"wp-block-paragraph\">Tv\u00e5 k\u00e4ndisar d\u00f6r. L\u00e4ser om dom i &#8220;tidningen&#8221; ig\u00e5r. B\u00e5da sjuttiotre. Man ser inte allt f\u00f6r s\u00e4llan att folk p\u00e5 dryga sjuttio d\u00f6r. Man n\u00e4rmar sig det d\u00e4r. S\u00e5 j\u00e4vla trist. Det \u00e4r sv\u00e5rt att f\u00f6rest\u00e4lla sig en v\u00e4rld som man inte finns i. &#8220;<em>\u00c5ke Hedman, Du vet den d\u00e4r token i Los, lever han?<\/em>&#8221; och  s\u00e5 svarar n\u00e5gon &#8220;<em>nej det var l\u00e4nge sedan han dog<\/em>&#8221; och sj\u00e4lv vet man ingenting om det d\u00e4r f\u00f6r man \u00e4r inte l\u00e4ngre med. Finns inte. Det b\u00e4sta man kan hoppas p\u00e5 \u00e4r att man \u00e4r ett minne hos n\u00e5gon \u00e5tminstone.<\/p>\n\n\n\n<p class=\"wp-block-paragraph\">Fast som d\u00f6d brukar v\u00e4l de d\u00e4r lovordarna kravla fram. Man blir liksom b\u00e4ttre \u00e4n man var. Skulle inte f\u00f6rv\u00e5na mig om till och med jag blir n\u00e4stan ok den dan. \u00c5tminstone lite.  Men de som f\u00e4ller goda ord och bygger statyer  \u00f6ver en efter ens d\u00f6d utan att st\u00f6tta medans man lever, och kanske har det sv\u00e5rt och jobbigt, dem skall jag spotta p\u00e5 i formen av ett fr\u00e5n hinsides s\u00e4nt iskallt sommarregn med inslag av hagel. Det \u00e4r liksom inget att ha det d\u00e4r. Inte f\u00f6r n\u00e5gon. Bara f\u00f6r de som uttalar och bygger. Sj\u00e4lvh\u00f6jarna. M\u00e5 de f\u00e5 ynkliga gravstenar.<\/p>\n\n\n\n<p class=\"wp-block-paragraph\">Men man f\u00e5r v\u00e4l f\u00f6rs\u00f6ka h\u00e4nga med ett tag till. Jag har den \u00f6verenskommelsen med han\/hon\/det\/gud. Han\/hin\/det\/gud best\u00e4mmer n\u00e4r det \u00e4r dags. Inte jag. Tills den dan lever vi och f\u00f6rs\u00f6ker f\u00f6rverkliga det som k\u00e4nns starkt d\u00e4r inne. Det som man troligen sattes h\u00e4r p\u00e5 jorden f\u00f6r att slutf\u00f6ra.<\/p>\n\n\n\n<figure class=\"wp-block-image size-large\"><img data-recalc-dims=\"1\" loading=\"lazy\" decoding=\"async\" width=\"540\" height=\"1024\" src=\"https:\/\/i0.wp.com\/www.akehedman.se\/wordpress\/wp-content\/uploads\/2021\/07\/CM210709-113730005-1.jpg?resize=540%2C1024&#038;ssl=1\" alt=\"\" class=\"wp-image-39469\" srcset=\"https:\/\/i0.wp.com\/www.akehedman.se\/wordpress\/wp-content\/uploads\/2021\/07\/CM210709-113730005-1.jpg?resize=540%2C1024&amp;ssl=1 540w, https:\/\/i0.wp.com\/www.akehedman.se\/wordpress\/wp-content\/uploads\/2021\/07\/CM210709-113730005-1.jpg?resize=158%2C300&amp;ssl=1 158w, https:\/\/i0.wp.com\/www.akehedman.se\/wordpress\/wp-content\/uploads\/2021\/07\/CM210709-113730005-1.jpg?resize=768%2C1456&amp;ssl=1 768w, https:\/\/i0.wp.com\/www.akehedman.se\/wordpress\/wp-content\/uploads\/2021\/07\/CM210709-113730005-1.jpg?resize=810%2C1536&amp;ssl=1 810w, https:\/\/i0.wp.com\/www.akehedman.se\/wordpress\/wp-content\/uploads\/2021\/07\/CM210709-113730005-1.jpg?w=1080&amp;ssl=1 1080w\" sizes=\"auto, (max-width: 540px) 100vw, 540px\" \/><\/figure>\n\n\n\n<p class=\"wp-block-paragraph\">Men nu forts\u00e4tter vi att njut av den nordliga sommaren. Ni vet , inte ens den \u00e4r s\u00e4rskilt Svensk&#8230;<\/p>\n","protected":false},"excerpt":{"rendered":"<p>En australiensk &#8220;v\u00e4n&#8221; v\u00e4rmer upp l\u00f6spastan. Ingen semester d\u00e4r inte. Platsen han bor p\u00e5 har precis tagit sig igenom h\u00f6ststormarna som var extra j\u00e4vliga i \u00e5r och resulterat i evakueringar och andra on\u00f6diga bekymmer. Eller v\u00e5rstormar \u00e4r det s\u00e5klart. Vinter nu. S\u00e5 mycket vinter det nu blir d\u00e4r under. B\u00e4sta arbetsperioden p\u00e5 \u00e5ret \u00e4r nu [&hellip;]<\/p>\n","protected":false},"author":24,"featured_media":0,"comment_status":"open","ping_status":"open","sticky":false,"template":"","format":"standard","meta":{"_crdt_document":"","jetpack_post_was_ever_published":false,"_jetpack_newsletter_access":"","_jetpack_dont_email_post_to_subs":false,"_jetpack_newsletter_tier_id":0,"_jetpack_memberships_contains_paywalled_content":false,"_jetpack_memberships_contains_paid_content":false,"footnotes":"","jetpack_publicize_message":"","jetpack_publicize_feature_enabled":true,"jetpack_social_post_already_shared":true,"jetpack_social_options":{"image_generator_settings":{"template":"highway","default_image_id":0,"font":"","enabled":false},"version":2}},"categories":[2],"tags":[],"class_list":["post-39467","post","type-post","status-publish","format-standard","hentry","category-swedish"],"jetpack_publicize_connections":[],"jetpack_featured_media_url":"","jetpack_sharing_enabled":true,"jetpack_likes_enabled":true,"jetpack-related-posts":[{"id":22744,"url":"https:\/\/www.akehedman.se\/wordpress\/?p=22744","url_meta":{"origin":39467,"position":0},"title":"Fetvadd","author":"\u00c5ke Hedman","date":"2017-01-04","format":false,"excerpt":"Det dimper ner. Sn\u00f6. Tv\u00e5 decimeter tysklandsv\u00e4rdshusdunt\u00e4ckesl\u00e4tt pudersn\u00f6. Kanske mer. Och det sn\u00f6ar p\u00e5. Vindar tilltar. Det blir en rolig dag. I alla fall p\u00e5 det viset. Men beh\u00f6ver jag inte ge mig ut p\u00e5 v\u00e4garna s\u00e5 g\u00f6r det s\u00e5klart inte n\u00e5got f\u00f6r min del. Det tar en halvtimme att\u2026","rel":"","context":"In &quot;Betraktelser &amp; Ber\u00e4ttelse&quot;","block_context":{"text":"Betraktelser &amp; Ber\u00e4ttelse","link":"https:\/\/www.akehedman.se\/wordpress\/?cat=24"},"img":{"alt_text":"","src":"https:\/\/i0.wp.com\/www.akehedman.se\/wordpress\/wp-content\/uploads\/2017\/01\/20170104_080858-e1483515298433-576x1024.png?resize=350%2C200","width":350,"height":200,"srcset":"https:\/\/i0.wp.com\/www.akehedman.se\/wordpress\/wp-content\/uploads\/2017\/01\/20170104_080858-e1483515298433-576x1024.png?resize=350%2C200 1x, https:\/\/i0.wp.com\/www.akehedman.se\/wordpress\/wp-content\/uploads\/2017\/01\/20170104_080858-e1483515298433-576x1024.png?resize=525%2C300 1.5x"},"classes":[]},{"id":29937,"url":"https:\/\/www.akehedman.se\/wordpress\/?p=29937","url_meta":{"origin":39467,"position":1},"title":"Fram till jul","author":"\u00c5ke Hedman","date":"2018-09-20","format":false,"excerpt":"Det \u00e4r okoncentrerat. Sv\u00e5rligen s\u00e5. Till slut f\u00e5r jag \u00e5ka ner och k\u00f6pa en Vic's Bl\u00e5. Ibland hj\u00e4lper det. Ibland inte. Men vad skall man annars med donationer till. V\u00e4rlden \u00e4r s\u00e5 stor idag. N\u00e4r det \u00e4r s\u00e5 s\u00e5 blir jag liten som en myra per automatik. Kommer bort. Som\u2026","rel":"","context":"In &quot;Swedish&quot;","block_context":{"text":"Swedish","link":"https:\/\/www.akehedman.se\/wordpress\/?cat=2"},"img":{"alt_text":"","src":"https:\/\/i0.wp.com\/www.akehedman.se\/wordpress\/wp-content\/uploads\/2018\/09\/IMG_20180920_163647307.png?resize=350%2C200&ssl=1","width":350,"height":200,"srcset":"https:\/\/i0.wp.com\/www.akehedman.se\/wordpress\/wp-content\/uploads\/2018\/09\/IMG_20180920_163647307.png?resize=350%2C200&ssl=1 1x, https:\/\/i0.wp.com\/www.akehedman.se\/wordpress\/wp-content\/uploads\/2018\/09\/IMG_20180920_163647307.png?resize=525%2C300&ssl=1 1.5x, https:\/\/i0.wp.com\/www.akehedman.se\/wordpress\/wp-content\/uploads\/2018\/09\/IMG_20180920_163647307.png?resize=700%2C400&ssl=1 2x, https:\/\/i0.wp.com\/www.akehedman.se\/wordpress\/wp-content\/uploads\/2018\/09\/IMG_20180920_163647307.png?resize=1050%2C600&ssl=1 3x"},"classes":[]},{"id":46296,"url":"https:\/\/www.akehedman.se\/wordpress\/?p=46296","url_meta":{"origin":39467,"position":2},"title":"Allt har sin tid.","author":"\u00c5ke Hedman","date":"2023-10-22","format":false,"excerpt":"Photo by Anna Tarazevich on Pexels.com S\u00f6ndagen. Kontoret. Lillkatten och jag. Det \u00e4r OK. Men det har blivit v\u00e4ldigt lite kvar till kontorsjobb idag. Sova & vintra & planera har tagit det mesta av tiden. Men OK s\u00e5klart. Allt har sin tid. V\u00e4rme och syn. Ljuspunkterna i tillvaron just nu.\u2026","rel":"","context":"In &quot;Betraktelser &amp; Ber\u00e4ttelse&quot;","block_context":{"text":"Betraktelser &amp; Ber\u00e4ttelse","link":"https:\/\/www.akehedman.se\/wordpress\/?cat=24"},"img":{"alt_text":"","src":"https:\/\/i0.wp.com\/www.akehedman.se\/wordpress\/wp-content\/uploads\/2023\/10\/Screenshot-from-2023-10-22-22-44-12.png?resize=350%2C200&ssl=1","width":350,"height":200,"srcset":"https:\/\/i0.wp.com\/www.akehedman.se\/wordpress\/wp-content\/uploads\/2023\/10\/Screenshot-from-2023-10-22-22-44-12.png?resize=350%2C200&ssl=1 1x, https:\/\/i0.wp.com\/www.akehedman.se\/wordpress\/wp-content\/uploads\/2023\/10\/Screenshot-from-2023-10-22-22-44-12.png?resize=525%2C300&ssl=1 1.5x"},"classes":[]},{"id":16762,"url":"https:\/\/www.akehedman.se\/wordpress\/?p=16762","url_meta":{"origin":39467,"position":3},"title":"Rapport fr\u00e5n H\u00e4lsinglands tak.","author":"\u00c5ke Hedman","date":"2015-03-01","format":false,"excerpt":"Det bl\u00e5ser och sn\u00f6ar \u00f6ver oss idag h\u00e4r uppe p\u00e5 H\u00e4lsinglands tak. K och jag b\u00e4r in tre ton pellets. Man blir varm av det. Jag \u00e4r glad att ha en fru som inte \u00e4r r\u00e4dd om sina l\u00e5nga \u00f6mt\u00e5liga naglar och m\u00e5ste trippa fram i h\u00f6ga klackar f\u00f6r att\u2026","rel":"","context":"In &quot;Betraktelser &amp; Ber\u00e4ttelse&quot;","block_context":{"text":"Betraktelser &amp; Ber\u00e4ttelse","link":"https:\/\/www.akehedman.se\/wordpress\/?cat=24"},"img":{"alt_text":"circos-pi-dots-1k","src":"https:\/\/i0.wp.com\/www.eurosource.se\/akhe\/wordpress\/wp-content\/uploads\/2015\/03\/circos-pi-dots-1k.png?resize=350%2C200","width":350,"height":200,"srcset":"https:\/\/i0.wp.com\/www.eurosource.se\/akhe\/wordpress\/wp-content\/uploads\/2015\/03\/circos-pi-dots-1k.png?resize=350%2C200 1x, https:\/\/i0.wp.com\/www.eurosource.se\/akhe\/wordpress\/wp-content\/uploads\/2015\/03\/circos-pi-dots-1k.png?resize=525%2C300 1.5x, https:\/\/i0.wp.com\/www.eurosource.se\/akhe\/wordpress\/wp-content\/uploads\/2015\/03\/circos-pi-dots-1k.png?resize=700%2C400 2x"},"classes":[]},{"id":18727,"url":"https:\/\/www.akehedman.se\/wordpress\/?p=18727","url_meta":{"origin":39467,"position":4},"title":"Appl\u00e5der","author":"\u00c5ke Hedman","date":"2015-10-04","format":false,"excerpt":"En gammal elev gillar min musik, min r\u00f6st, min energi. Han skriver det i alla fall. Jag, l\u00e5ngt nere i jobb, blir glad. Det \u00e4r inte m\u00e5nga som s\u00e4ger goda saker om den. Ja och jag f\u00f6rtj\u00e4nar det inte heller antagligen. Det \u00e4r v\u00e4l kanske bara dynga. S\u00e5 n\u00e4r det\u2026","rel":"","context":"In &quot;Betraktelser &amp; Ber\u00e4ttelse&quot;","block_context":{"text":"Betraktelser &amp; Ber\u00e4ttelse","link":"https:\/\/www.akehedman.se\/wordpress\/?cat=24"},"img":{"alt_text":"Albufeira","src":"https:\/\/i0.wp.com\/www.akehedman.se\/wordpress\/wp-content\/uploads\/2015\/09\/Albufeira-1024x685.jpg?resize=350%2C200","width":350,"height":200,"srcset":"https:\/\/i0.wp.com\/www.akehedman.se\/wordpress\/wp-content\/uploads\/2015\/09\/Albufeira-1024x685.jpg?resize=350%2C200 1x, https:\/\/i0.wp.com\/www.akehedman.se\/wordpress\/wp-content\/uploads\/2015\/09\/Albufeira-1024x685.jpg?resize=525%2C300 1.5x"},"classes":[]},{"id":11790,"url":"https:\/\/www.akehedman.se\/wordpress\/?p=11790","url_meta":{"origin":39467,"position":5},"title":"I v\u00e4ntan p\u00e5 sotarmurre.","author":"\u00c5ke Hedman","date":"2014-01-27","format":false,"excerpt":"Jag t\u00e4nder ljuset h\u00e4r p\u00e5 skrivbordet efter att jag skjutsat ner frun till hennes bildl\u00e4rarjobb p\u00e5 skolan. Det \u00e4r f\u00f6rbannat iskall vinter utanf\u00f6r f\u00f6nstret p\u00e5 mitt kontor. Ljuset v\u00e4rmer upp mig ocks\u00e5 inombords och f\u00e5r vara st\u00e4llf\u00f6retr\u00e4dare f\u00f6r en sommarsol som h\u00e4nger \u00f6ver blommande \u00e4ngar d\u00e4r jag ligger och tuggar\u2026","rel":"","context":"In &quot;Betraktelser &amp; Ber\u00e4ttelse&quot;","block_context":{"text":"Betraktelser &amp; Ber\u00e4ttelse","link":"https:\/\/www.akehedman.se\/wordpress\/?cat=24"},"img":{"alt_text":"","src":"","width":0,"height":0},"classes":[]}],"jetpack_shortlink":"https:\/\/wp.me\/s68PL2-uppvarmd","_links":{"self":[{"href":"https:\/\/www.akehedman.se\/wordpress\/index.php?rest_route=\/wp\/v2\/posts\/39467","targetHints":{"allow":["GET"]}}],"collection":[{"href":"https:\/\/www.akehedman.se\/wordpress\/index.php?rest_route=\/wp\/v2\/posts"}],"about":[{"href":"https:\/\/www.akehedman.se\/wordpress\/index.php?rest_route=\/wp\/v2\/types\/post"}],"author":[{"embeddable":true,"href":"https:\/\/www.akehedman.se\/wordpress\/index.php?rest_route=\/wp\/v2\/users\/24"}],"replies":[{"embeddable":true,"href":"https:\/\/www.akehedman.se\/wordpress\/index.php?rest_route=%2Fwp%2Fv2%2Fcomments&post=39467"}],"version-history":[{"count":1,"href":"https:\/\/www.akehedman.se\/wordpress\/index.php?rest_route=\/wp\/v2\/posts\/39467\/revisions"}],"predecessor-version":[{"id":39470,"href":"https:\/\/www.akehedman.se\/wordpress\/index.php?rest_route=\/wp\/v2\/posts\/39467\/revisions\/39470"}],"wp:attachment":[{"href":"https:\/\/www.akehedman.se\/wordpress\/index.php?rest_route=%2Fwp%2Fv2%2Fmedia&parent=39467"}],"wp:term":[{"taxonomy":"category","embeddable":true,"href":"https:\/\/www.akehedman.se\/wordpress\/index.php?rest_route=%2Fwp%2Fv2%2Fcategories&post=39467"},{"taxonomy":"post_tag","embeddable":true,"href":"https:\/\/www.akehedman.se\/wordpress\/index.php?rest_route=%2Fwp%2Fv2%2Ftags&post=39467"}],"curies":[{"name":"wp","href":"https:\/\/api.w.org\/{rel}","templated":true}]}}