{"id":38603,"date":"2021-04-26T20:52:59","date_gmt":"2021-04-26T19:52:59","guid":{"rendered":"https:\/\/www.akehedman.se\/wordpress\/?p=38603"},"modified":"2021-04-27T08:59:31","modified_gmt":"2021-04-27T07:59:31","slug":"bad-moon-rising","status":"publish","type":"post","link":"https:\/\/www.akehedman.se\/wordpress\/?p=38603","title":{"rendered":"Bad moon rising"},"content":{"rendered":"\n<figure class=\"wp-block-image size-large\"><img data-recalc-dims=\"1\" loading=\"lazy\" decoding=\"async\" width=\"580\" height=\"725\" src=\"https:\/\/i0.wp.com\/www.akehedman.se\/wordpress\/wp-content\/uploads\/2021\/04\/pexels-photo-1769394.jpeg?resize=580%2C725&#038;ssl=1\" alt=\"gray airplane illustration\" class=\"wp-image-38604\" srcset=\"https:\/\/i0.wp.com\/www.akehedman.se\/wordpress\/wp-content\/uploads\/2021\/04\/pexels-photo-1769394.jpeg?w=1040&amp;ssl=1 1040w, https:\/\/i0.wp.com\/www.akehedman.se\/wordpress\/wp-content\/uploads\/2021\/04\/pexels-photo-1769394.jpeg?resize=240%2C300&amp;ssl=1 240w, https:\/\/i0.wp.com\/www.akehedman.se\/wordpress\/wp-content\/uploads\/2021\/04\/pexels-photo-1769394.jpeg?resize=819%2C1024&amp;ssl=1 819w, https:\/\/i0.wp.com\/www.akehedman.se\/wordpress\/wp-content\/uploads\/2021\/04\/pexels-photo-1769394.jpeg?resize=768%2C960&amp;ssl=1 768w\" sizes=\"auto, (max-width: 580px) 100vw, 580px\" \/><figcaption>Photo by Alex Powell on <a href=\"https:\/\/www.pexels.com\/photo\/gray-airplane-illustration-1769394\/\" rel=\"nofollow\">Pexels.com<\/a><\/figcaption><\/figure>\n\n\n\n<p class=\"wp-block-paragraph\">En m\u00e4ktig m\u00e5ne som smygande reser sig upp p\u00e5 himlen bakom \u00d6rnberget pockar p\u00e5 min uppm\u00e4rksamhet. Berget som vi \u00e4r del av, men som \u00e4r h\u00f6gre \u00e4n kullen d\u00e4r vi bor p\u00e5. Kullar dr\u00f6mmer om att bli berg. Berg dr\u00f6mmer mardr\u00f6mmar om att bli grus. Himlakroppar bara existerar med den gamles r\u00e4tt att g\u00f6ra just det. Allt egentligen samma. V\u00e5r m\u00e5ne, den kikar fram mellan tr\u00e4dstammarna just h\u00e4r och nu. K\u00e4nns som en prickskytts kikarsikte som s\u00f6ker det b\u00e4sta melonskottet mot mitt huvud n\u00e4r den ogenerat tittar in genom l\u00e5tsaskontorets stora f\u00f6nstret. Rakt p\u00e5 mig tittar den, jag som sitter h\u00e4r och l\u00e5tsasjobbar med gratis reklambeh\u00e4ngd Spotify p\u00e5 90% volym.  Men inte \u00e4r den hotfull \u00e4nd\u00e5. Det finns en mildhet \u00f6ver m\u00e5nens existens och ljus. \u00c5tta minuters \u00e5terreflektering av helveteseld.<\/p>\n\n\n\n<p class=\"wp-block-paragraph\">Fullm\u00e5ne f\u00f6rst imorgon. Det h\u00e4r \u00e4r den n\u00e4st sista natten att uppleva oljuset. Man f\u00e5r h\u00e5lla sig framme  i natt och imorgon natt. Sen f\u00e5r man v\u00e4nta bort\u00e5t oktober p\u00e5 att kanske igen, en molnfri natt,  f\u00e5 en skymt av det d\u00e4r magiska som g\u00f6mmer nattens alla varelser. Ja till och med avsl\u00f6jar existensen av en och annan av dem. Men d\u00e5 m\u00e5ste man s\u00e5klart st\u00e5 d\u00e4r en stund. Koncentrera sig. \u00d6ppna upp sitt sinne f\u00f6r s\u00e5dant som inte kan finnas i en tid vi kallar modern och utvecklad. Som \u00e4r s\u00e5 navelsk\u00e5dande och imponerad av sin egen storhet att den inte ser allt annat som \u00e4r st\u00f6rre. Som tappat fotf\u00e4stet i sin giriga l\u00e4ngtan efter mer. Vill ha mycket mer. Om\u00e4ttad. Hungrig. Hur \u00e4n mycket som f\u00e5ngas in eller stoppas in i den hungrande k\u00e4ften s\u00e5 r\u00e4cker det inte. <\/p>\n\n\n\n<p class=\"wp-block-paragraph\">Men m\u00e5nen, den bryr sig knappt. St\u00f6rre \u00e4r den. Den bara \u00e5terreflekterar helveteselden och finns. Samma \u00f6ver hela planeten Tellus. Den vi kallar v\u00e5rt hem. Imorgon. Fullm\u00e5nen f\u00f6renar oss. Alla. <\/p>\n\n\n\n<figure class=\"wp-block-embed is-type-rich is-provider-spotify wp-block-embed-spotify\"><div class=\"wp-block-embed__wrapper\">\n<iframe title=\"Spotify Embed: Bad Moon Rising\" style=\"border-radius: 12px\" width=\"100%\" height=\"152\" frameborder=\"0\" allowfullscreen allow=\"autoplay; clipboard-write; encrypted-media; fullscreen; picture-in-picture\" loading=\"lazy\" src=\"https:\/\/open.spotify.com\/embed\/track\/20OFwXhEXf12DzwXmaV7fj?si=9b083aea2b404e53&#038;utm_source=oembed\"><\/iframe>\n<\/div><\/figure>\n","protected":false},"excerpt":{"rendered":"<p>En m\u00e4ktig m\u00e5ne som smygande reser sig upp p\u00e5 himlen bakom \u00d6rnberget pockar p\u00e5 min uppm\u00e4rksamhet. Berget som vi \u00e4r del av, men som \u00e4r h\u00f6gre \u00e4n kullen d\u00e4r vi bor p\u00e5. Kullar dr\u00f6mmer om att bli berg. Berg dr\u00f6mmer mardr\u00f6mmar om att bli grus. Himlakroppar bara existerar med den gamles r\u00e4tt att g\u00f6ra just [&hellip;]<\/p>\n","protected":false},"author":24,"featured_media":0,"comment_status":"open","ping_status":"open","sticky":false,"template":"","format":"standard","meta":{"_crdt_document":"","jetpack_post_was_ever_published":false,"_jetpack_newsletter_access":"","_jetpack_dont_email_post_to_subs":false,"_jetpack_newsletter_tier_id":0,"_jetpack_memberships_contains_paywalled_content":false,"_jetpack_memberships_contains_paid_content":false,"footnotes":"","jetpack_publicize_message":"","jetpack_publicize_feature_enabled":true,"jetpack_social_post_already_shared":true,"jetpack_social_options":{"image_generator_settings":{"template":"highway","default_image_id":0,"font":"","enabled":false},"version":2}},"categories":[2],"tags":[],"class_list":["post-38603","post","type-post","status-publish","format-standard","hentry","category-swedish"],"jetpack_publicize_connections":[],"jetpack_featured_media_url":"","jetpack_sharing_enabled":true,"jetpack_likes_enabled":true,"jetpack-related-posts":[{"id":11590,"url":"https:\/\/www.akehedman.se\/wordpress\/?p=11590","url_meta":{"origin":38603,"position":0},"title":"Dr\u00f6mmar v\u00e4rda att f\u00f6rverkligas?","author":"\u00c5ke Hedman","date":"2014-01-06","format":false,"excerpt":"B\u00f6rjar titta p\u00e5 en film och halvv\u00e4gs - ja en tjugo minuter in om sanningen skall fram - kommer b\u00e5de fru och jag p\u00e5 att den h\u00e4r har vi nog sett f\u00f6rut. Hur det nu kan h\u00e4nda, f\u00f6r det h\u00e4nder allt oftare, alltf\u00f6r f\u00f6r ofta att vi har sett filmerna\u2026","rel":"","context":"In &quot;Betraktelser &amp; Ber\u00e4ttelse&quot;","block_context":{"text":"Betraktelser &amp; Ber\u00e4ttelse","link":"https:\/\/www.akehedman.se\/wordpress\/?cat=24"},"img":{"alt_text":"mol_6","src":"https:\/\/i0.wp.com\/www.eurosource.se\/akhe\/wordpress\/wp-content\/uploads\/2014\/01\/mol_6.jpg?resize=350%2C200","width":350,"height":200},"classes":[]},{"id":42456,"url":"https:\/\/www.akehedman.se\/wordpress\/?p=42456","url_meta":{"origin":38603,"position":1},"title":"Vardagsmagi","author":"\u00c5ke Hedman","date":"2022-08-08","format":false,"excerpt":"Barfota p\u00e5 solvarmt gr\u00e4s. Visst \u00e4r det att sk\u00e4mma bort sig? S\u00e5 vandrar jag i tr\u00e4dg\u00e5rden p\u00e5 eftermiddagen. En stund i alla fall. T\u00e4nker att det inte \u00e4r s\u00e5 dumt. I alla fall inte n\u00e4r solen \u00e4r framme. F\u00f6r annars \u00e4r v\u00e4rmen inte mycket att hurra f\u00f6r denna dag. Men\u2026","rel":"","context":"In &quot;Swedish&quot;","block_context":{"text":"Swedish","link":"https:\/\/www.akehedman.se\/wordpress\/?cat=2"},"img":{"alt_text":"","src":"https:\/\/i0.wp.com\/www.akehedman.se\/wordpress\/wp-content\/uploads\/2022\/08\/IMG_20220808_083746-scaled.jpg?resize=350%2C200&ssl=1","width":350,"height":200,"srcset":"https:\/\/i0.wp.com\/www.akehedman.se\/wordpress\/wp-content\/uploads\/2022\/08\/IMG_20220808_083746-scaled.jpg?resize=350%2C200&ssl=1 1x, https:\/\/i0.wp.com\/www.akehedman.se\/wordpress\/wp-content\/uploads\/2022\/08\/IMG_20220808_083746-scaled.jpg?resize=525%2C300&ssl=1 1.5x, https:\/\/i0.wp.com\/www.akehedman.se\/wordpress\/wp-content\/uploads\/2022\/08\/IMG_20220808_083746-scaled.jpg?resize=700%2C400&ssl=1 2x, https:\/\/i0.wp.com\/www.akehedman.se\/wordpress\/wp-content\/uploads\/2022\/08\/IMG_20220808_083746-scaled.jpg?resize=1050%2C600&ssl=1 3x, https:\/\/i0.wp.com\/www.akehedman.se\/wordpress\/wp-content\/uploads\/2022\/08\/IMG_20220808_083746-scaled.jpg?resize=1400%2C800&ssl=1 4x"},"classes":[]},{"id":17469,"url":"https:\/\/www.akehedman.se\/wordpress\/?p=17469","url_meta":{"origin":38603,"position":2},"title":"Att f\u00f6r\u00e4ndra v\u00e4rlden!?","author":"\u00c5ke Hedman","date":"2015-04-11","format":false,"excerpt":"Sol v\u00e4rme underbart v\u00e4der. Var tror ni jag sitter?\u00a0 Ja ni som f\u00f6ljer bloggen vet s\u00e5klart. Kontoret det eviga kontoret. Ja, K och jag har i och f\u00f6r sig klarat av en timmes promenad men annars \u00e4r det jobb som g\u00e4ller denna helg. Som f\u00f6retagare m\u00e5ste man ha en f\u00f6rst\u00e5ende\u2026","rel":"","context":"In &quot;Betraktelser &amp; Ber\u00e4ttelse&quot;","block_context":{"text":"Betraktelser &amp; Ber\u00e4ttelse","link":"https:\/\/www.akehedman.se\/wordpress\/?cat=24"},"img":{"alt_text":"Jorden2","src":"https:\/\/i0.wp.com\/www.eurosource.se\/akhe\/wordpress\/wp-content\/uploads\/2013\/05\/Jorden2.jpg?resize=350%2C200","width":350,"height":200,"srcset":"https:\/\/i0.wp.com\/www.eurosource.se\/akhe\/wordpress\/wp-content\/uploads\/2013\/05\/Jorden2.jpg?resize=350%2C200 1x, https:\/\/i0.wp.com\/www.eurosource.se\/akhe\/wordpress\/wp-content\/uploads\/2013\/05\/Jorden2.jpg?resize=525%2C300 1.5x, https:\/\/i0.wp.com\/www.eurosource.se\/akhe\/wordpress\/wp-content\/uploads\/2013\/05\/Jorden2.jpg?resize=700%2C400 2x"},"classes":[]},{"id":16629,"url":"https:\/\/www.akehedman.se\/wordpress\/?p=16629","url_meta":{"origin":38603,"position":3},"title":"S\u00e5 snurrar det igen","author":"\u00c5ke Hedman","date":"2015-02-20","format":false,"excerpt":"Det tar en kv\u00e4ll och en dag sen rullar den d\u00e4r prototypen igen. En diod som brinner upp under julen sinkar en dag i livet. Men det \u00e4r s\u00e5klart inget man blir f\u00f6rv\u00e5nad \u00f6ver alls det \u00e4r jag f\u00f6r van s\u00e5dant d\u00e4r f\u00f6r Men trasiga grejer borde lysa r\u00f6tt. Fan\u2026","rel":"","context":"In &quot;Betraktelser &amp; Ber\u00e4ttelse&quot;","block_context":{"text":"Betraktelser &amp; Ber\u00e4ttelse","link":"https:\/\/www.akehedman.se\/wordpress\/?cat=24"},"img":{"alt_text":"frankfurt_liten","src":"https:\/\/i0.wp.com\/www.eurosource.se\/akhe\/wordpress\/wp-content\/uploads\/2015\/02\/frankfurt_liten.png?resize=350%2C200","width":350,"height":200,"srcset":"https:\/\/i0.wp.com\/www.eurosource.se\/akhe\/wordpress\/wp-content\/uploads\/2015\/02\/frankfurt_liten.png?resize=350%2C200 1x, https:\/\/i0.wp.com\/www.eurosource.se\/akhe\/wordpress\/wp-content\/uploads\/2015\/02\/frankfurt_liten.png?resize=525%2C300 1.5x"},"classes":[]},{"id":22730,"url":"https:\/\/www.akehedman.se\/wordpress\/?p=22730","url_meta":{"origin":38603,"position":4},"title":"Sn\u00f6n och berget","author":"\u00c5ke Hedman","date":"2017-01-03","format":false,"excerpt":"Ute sn\u00f6ar det. Det g\u00f6r liksom ingenting. Jag sitter inne. Den kommer inte \u00e5t mig. Det pratas om en decimeter. Och halt. Men min enda tur ut (vad jag vet om) \u00e4r att h\u00e4mta hon K mot kv\u00e4llen. Det skall v\u00e4l g\u00e5. Varm sn\u00f6 och tv\u00e5 decimeter brukar vara gr\u00e4nsen\u2026","rel":"","context":"In &quot;Betraktelser &amp; Ber\u00e4ttelse&quot;","block_context":{"text":"Betraktelser &amp; Ber\u00e4ttelse","link":"https:\/\/www.akehedman.se\/wordpress\/?cat=24"},"img":{"alt_text":"","src":"https:\/\/i0.wp.com\/www.akehedman.se\/wordpress\/wp-content\/uploads\/2017\/01\/96d89a81-58f5-4db4-9a7f-a4ba295f4475.jpg?resize=350%2C200","width":350,"height":200,"srcset":"https:\/\/i0.wp.com\/www.akehedman.se\/wordpress\/wp-content\/uploads\/2017\/01\/96d89a81-58f5-4db4-9a7f-a4ba295f4475.jpg?resize=350%2C200 1x, https:\/\/i0.wp.com\/www.akehedman.se\/wordpress\/wp-content\/uploads\/2017\/01\/96d89a81-58f5-4db4-9a7f-a4ba295f4475.jpg?resize=525%2C300 1.5x"},"classes":[]},{"id":10151,"url":"https:\/\/www.akehedman.se\/wordpress\/?p=10151","url_meta":{"origin":38603,"position":5},"title":"Tr\u00f6tthet och sen l\u00e5tsasjobb i evighet, amen.","author":"\u00c5ke Hedman","date":"2013-09-26","format":false,"excerpt":"Jag blir s\u00e5d\u00e4r tr\u00f6tt idag som man blir ibland. Det \u00e4r konstigt hur ocks\u00e5 l\u00e5tsasarbete kan tr\u00f6tta. Vissa dagar kan det krama om en som man g\u00f6r med en v\u00e5t trasa och orken bara f\u00f6rsvinner ut i rymden genom f\u00f6rsta b\u00e4sta ventilationskanal. I det h\u00e4r huset finns det springor i\u2026","rel":"","context":"In &quot;Betraktelser &amp; Ber\u00e4ttelse&quot;","block_context":{"text":"Betraktelser &amp; Ber\u00e4ttelse","link":"https:\/\/www.akehedman.se\/wordpress\/?cat=24"},"img":{"alt_text":"2909727529_070c75840c","src":"https:\/\/i0.wp.com\/www.eurosource.se\/akhe\/wordpress\/wp-content\/uploads\/2013\/09\/2909727529_070c75840c.jpg?resize=350%2C200","width":350,"height":200},"classes":[]}],"jetpack_shortlink":"https:\/\/wp.me\/p68PL2-a2D","_links":{"self":[{"href":"https:\/\/www.akehedman.se\/wordpress\/index.php?rest_route=\/wp\/v2\/posts\/38603","targetHints":{"allow":["GET"]}}],"collection":[{"href":"https:\/\/www.akehedman.se\/wordpress\/index.php?rest_route=\/wp\/v2\/posts"}],"about":[{"href":"https:\/\/www.akehedman.se\/wordpress\/index.php?rest_route=\/wp\/v2\/types\/post"}],"author":[{"embeddable":true,"href":"https:\/\/www.akehedman.se\/wordpress\/index.php?rest_route=\/wp\/v2\/users\/24"}],"replies":[{"embeddable":true,"href":"https:\/\/www.akehedman.se\/wordpress\/index.php?rest_route=%2Fwp%2Fv2%2Fcomments&post=38603"}],"version-history":[{"count":3,"href":"https:\/\/www.akehedman.se\/wordpress\/index.php?rest_route=\/wp\/v2\/posts\/38603\/revisions"}],"predecessor-version":[{"id":38607,"href":"https:\/\/www.akehedman.se\/wordpress\/index.php?rest_route=\/wp\/v2\/posts\/38603\/revisions\/38607"}],"wp:attachment":[{"href":"https:\/\/www.akehedman.se\/wordpress\/index.php?rest_route=%2Fwp%2Fv2%2Fmedia&parent=38603"}],"wp:term":[{"taxonomy":"category","embeddable":true,"href":"https:\/\/www.akehedman.se\/wordpress\/index.php?rest_route=%2Fwp%2Fv2%2Fcategories&post=38603"},{"taxonomy":"post_tag","embeddable":true,"href":"https:\/\/www.akehedman.se\/wordpress\/index.php?rest_route=%2Fwp%2Fv2%2Ftags&post=38603"}],"curies":[{"name":"wp","href":"https:\/\/api.w.org\/{rel}","templated":true}]}}