{"id":38345,"date":"2021-04-05T20:34:31","date_gmt":"2021-04-05T19:34:31","guid":{"rendered":"https:\/\/www.akehedman.se\/wordpress\/?p=38345"},"modified":"2021-04-05T20:34:31","modified_gmt":"2021-04-05T19:34:31","slug":"ondska","status":"publish","type":"post","link":"https:\/\/www.akehedman.se\/wordpress\/?p=38345","title":{"rendered":"Ondska"},"content":{"rendered":"\n<figure class=\"wp-block-image size-large\"><img data-recalc-dims=\"1\" loading=\"lazy\" decoding=\"async\" width=\"580\" height=\"435\" src=\"https:\/\/i0.wp.com\/www.akehedman.se\/wordpress\/wp-content\/uploads\/2021\/04\/IMG_20210404_232622-03.jpeg?resize=580%2C435&#038;ssl=1\" alt=\"\" class=\"wp-image-38346\" srcset=\"https:\/\/i0.wp.com\/www.akehedman.se\/wordpress\/wp-content\/uploads\/2021\/04\/IMG_20210404_232622-03-scaled.jpeg?resize=1024%2C768&amp;ssl=1 1024w, https:\/\/i0.wp.com\/www.akehedman.se\/wordpress\/wp-content\/uploads\/2021\/04\/IMG_20210404_232622-03-scaled.jpeg?resize=300%2C225&amp;ssl=1 300w, https:\/\/i0.wp.com\/www.akehedman.se\/wordpress\/wp-content\/uploads\/2021\/04\/IMG_20210404_232622-03-scaled.jpeg?resize=768%2C576&amp;ssl=1 768w, https:\/\/i0.wp.com\/www.akehedman.se\/wordpress\/wp-content\/uploads\/2021\/04\/IMG_20210404_232622-03-scaled.jpeg?resize=1536%2C1152&amp;ssl=1 1536w, https:\/\/i0.wp.com\/www.akehedman.se\/wordpress\/wp-content\/uploads\/2021\/04\/IMG_20210404_232622-03-scaled.jpeg?resize=2048%2C1536&amp;ssl=1 2048w, https:\/\/i0.wp.com\/www.akehedman.se\/wordpress\/wp-content\/uploads\/2021\/04\/IMG_20210404_232622-03-scaled.jpeg?resize=1200%2C900&amp;ssl=1 1200w, https:\/\/i0.wp.com\/www.akehedman.se\/wordpress\/wp-content\/uploads\/2021\/04\/IMG_20210404_232622-03-scaled.jpeg?resize=1980%2C1485&amp;ssl=1 1980w, https:\/\/i0.wp.com\/www.akehedman.se\/wordpress\/wp-content\/uploads\/2021\/04\/IMG_20210404_232622-03-scaled.jpeg?w=1740&amp;ssl=1 1740w\" sizes=\"auto, (max-width: 580px) 100vw, 580px\" \/><\/figure>\n\n\n\n<p class=\"wp-block-paragraph\">Ondskan. Finns den verkligen. Eller \u00e4r det bara ett val vi alla har. Ett som vi i varje sekund m\u00e5ste g\u00f6ra ett v\u00e4gval kring. F\u00f6rs\u00f6ken vi g\u00f6r att vara goda eller eftergifterna vi g\u00f6r f\u00f6r den onda sida vi alla b\u00e4r inom oss. <\/p>\n\n\n\n<p class=\"wp-block-paragraph\">Nu t\u00e4nker jag inte p\u00e5 alla dem som bara f\u00f6ljer. Nio av tio i en mobb. De allra flesta av oss. De som inte v\u00e5gar g\u00f6ra annat \u00e4n att f\u00f6lja str\u00f6mmen. Aldrig v\u00e5gar vara den som kan hamna utanf\u00f6r. Aldrig v\u00e5gar vara den som s\u00e4ger <strong>nej<\/strong>, <strong>stopp<\/strong>, nu, h\u00e4r. Kanske just bara f\u00f6r att man vet att nio av de d\u00e4r tio f\u00e5r man emot sig i det \u00f6gonblick man s\u00e4ger ifr\u00e5n. Eller \u00e4r det kanske bara s\u00e5 att man tror det. \u00c4r f\u00f6r feg f\u00f6r att testa de andras st\u00e5ndpunkt genom att s\u00e4ja stopp s\u00e5 att man aldrig f\u00e5r veta sanningen. Allt f\u00f6r att f\u00e5 h\u00f6ra till. <\/p>\n\n\n\n<p class=\"wp-block-paragraph\">Men f\u00f6ljarna. K\u00e4rnan till ondskan finns v\u00e4l inte d\u00e4r. Det kan man v\u00e4l \u00e4nd\u00e5 inte s\u00e4ga. F\u00f6ljarna \u00e4r bara r\u00e4dda om sitt eget skinn. Allt de g\u00f6r \u00e4r baserat p\u00e5 den d\u00e4r r\u00e4dslan. F\u00f6r g\u00f6r de inte det de g\u00f6r, s\u00e5 kommer de sj\u00e4lva att drabbas. M\u00f6rdare. V\u00e5ldt\u00e4ktsm\u00e4n. Torterare. Majoriteten av deltagarna i ett krig. Majoriteten av v\u00e5ldsm\u00e4nnen och v\u00e5ldskvinnorna. R\u00e4dda krakar. Men oskyldiga? Knappast.<\/p>\n\n\n\n<p class=\"wp-block-paragraph\">Men de sj\u00e4lviska d\u00e5. De som bara t\u00e4nker p\u00e5 sig sj\u00e4lv. \u00c4r inte ocks\u00e5 det de flesta av oss. N\u00e4r det kommer till kritan. D\u00e5 \u00e4r n\u00e4stan alla,  <strong>JAG<\/strong>, och i andra hand, <strong>de n\u00e4rmaste<\/strong> och jag, mot v\u00e4rlden.<\/p>\n\n\n\n<p class=\"wp-block-paragraph\">Men var d\u00e5 finns sj\u00e4lva ondskan?<\/p>\n\n\n\n<p class=\"wp-block-paragraph\">Fadern som kommer hem fr\u00e5n jobbet. \u00c4r den perfekte fadern. \u00c4lskad av sin fru. \u00c4lskad av sina barn. Men slaktare p\u00e5 dagarna. Hundra oxar. Tv\u00e5hundra f\u00e5r. Femtusen kycklingar. Eller judar skickade in i en gaskammare. Eller den som ger ordern om det. De utsatta ser inte godheten. Du kan h\u00f6ra nazisternas barn ber\u00e4tta om goda f\u00e4der och m\u00f6drar. Jugoslaviska b\u00f6dlars barn likas\u00e5.  Ondskan \u00e4r inget absolut. Eller v\u00e4nd p\u00e5 det. Fadern som misshandlar och pl\u00e5gar hemma, men \u00e4r den b\u00e4sta man kan t\u00e4nka sig p\u00e5 jobbet. De finns ocks\u00e5. Jod\u00e5, i kvinnoskepnader ocks\u00e5. Det onda har inget k\u00f6n.<\/p>\n\n\n\n<p class=\"wp-block-paragraph\">Men \u00e5terigen, var finns sj\u00e4lva k\u00e4rnan i ondskan?  Den d\u00e4r enda personen i den tiofaldiga mobben. Den som sl\u00e4pper loss allt det d\u00e4r. \u00c4r det s\u00e5 enkelt som att det d\u00e4r \u00e4r personer som Hitler och hans likar. Dj\u00e4vlar i m\u00e4nniskoskepnad? Knappast. De \u00e4r bara symboler f\u00f6r m\u00e5ngas ondska. Vi vill s\u00e5 g\u00e4rna koka ner allt till symboler vi m\u00e4nniskor. F\u00f6renkla f\u00f6r att f\u00f6rs\u00f6ka f\u00f6rst\u00e5. Hj\u00e4rnor som s\u00f6ker greppa det som inte g\u00e5r att greppa. Propagandaapparater som vill f\u00e5 oss samlade i en tanke i ett hat.<\/p>\n\n\n\n<p class=\"wp-block-paragraph\">Men t\u00e4nk om det inte \u00e4r en av tio som tvekar i den d\u00e4r mobben? T\u00e4nk om det \u00e4r tio av tio.  T\u00e4nk om det bara \u00e4r en svaghet inom oss alla. N\u00e5got som ligger d\u00e4r och pyr inom oss och som vaknar till liv efter som vi till\u00e5ter att g\u00f6ra det. Som g\u00f6r det d\u00e4rf\u00f6r att vi inte l\u00e4ngre tr\u00e4nar oss i medm\u00e4nsklighet. Att vi lyssnar p\u00e5 vi\/och dom predikanterna som m\u00e4ssar sina budskap. Tror p\u00e5 de d\u00e4r irrl\u00e4rorna. Tror p\u00e5 de sj\u00e4lviska utrotarna. Tro p\u00e5 \u00f6ver och under ist\u00e4llet f\u00f6r j\u00e4mlikhet.  De som s\u00e4ger att olika inte \u00e4r bra n\u00e4r sanningen definitivt \u00e4r s\u00e5dan att det \u00e4r precis tv\u00e4rt om. Det \u00e4r olikheterna som f\u00f6r livet fram\u00e5t. Arterna. M\u00e4nniskor med. Allt. Inte det enkelriktade. Inte det likformade. <\/p>\n\n\n\n<p class=\"wp-block-paragraph\">T\u00e4nkar man s\u00e5 f\u00e5r helt pl\u00f6tsligt vi alla ett ansvar som det inte g\u00e5r att sv\u00e4ra sig fri ifr\u00e5n. Att tala. S\u00e4ga v\u00e5r mening. Handla ist\u00e4llet f\u00f6r att knyta en n\u00e4ve i fickan. Helt pl\u00f6tsligt finns ingen ondska. Bara el\u00e4ndiga tankar och f\u00f6rest\u00e4llningar som slipper fria i v\u00e4rlden och som kan h\u00e4rja fritt d\u00e4r f\u00f6r att vi inte h\u00f6ll dem tillbaka. Vi alla som m\u00e5ste f\u00f6rst\u00e5 att det bara finns vi. Inte dom. Vi \u00e4r alla ett. D\u00e4r i det k\u00e4nner du ocks\u00e5 det som detta endaste ett uts\u00e4tts f\u00f6r om mobben eller or\u00e4ttvisan kryper fram ut m\u00f6rkret med sin dr\u00e4glande k\u00e4ft. Vet n\u00e4r det g\u00e5r fel. S\u00e4ger <strong>stopp<\/strong>. D\u00e4rf\u00f6r att du k\u00e4nner samma sak som den som uts\u00e4tts k\u00e4nner. Och d\u00e4rmed f\u00f6rst\u00e5r.  Du f\u00f6rst\u00e5r att alla tio i mobben egentligen k\u00e4nner samma tvekan som du och en r\u00f6st r\u00e4cker f\u00f6r att stoppa det som kan bli handling.<\/p>\n\n\n\n<p class=\"wp-block-paragraph\">Ondskan \u00e4r bara ett val. Ett val vi alla har. Empatin \u00e4r dess motgift. F\u00f6rst\u00e5elsen f\u00f6r olikhetens v\u00e4rde dess utrotare eller \u00e5tminstone tillf\u00e4llige inl\u00e5sare. Men vi m\u00e5ste tr\u00e4na. Varje dag. Sluta v\u00e5ra \u00f6ron n\u00e4r egosimen talar. \u00d6ppna dem p\u00e5 vid gavel n\u00e4r k\u00e4rleken och hj\u00e4lpsamheten talar. Aldrig n\u00e5gonsin ge efter f\u00f6r det m\u00f6rka som s\u00e4ger <em>dom \u00e4r inte som vi<\/em>.<\/p>\n","protected":false},"excerpt":{"rendered":"<p>Ondskan. Finns den verkligen. Eller \u00e4r det bara ett val vi alla har. Ett som vi i varje sekund m\u00e5ste g\u00f6ra ett v\u00e4gval kring. F\u00f6rs\u00f6ken vi g\u00f6r att vara goda eller eftergifterna vi g\u00f6r f\u00f6r den onda sida vi alla b\u00e4r inom oss. Nu t\u00e4nker jag inte p\u00e5 alla dem som bara f\u00f6ljer. Nio av [&hellip;]<\/p>\n","protected":false},"author":24,"featured_media":0,"comment_status":"open","ping_status":"open","sticky":false,"template":"","format":"standard","meta":{"_crdt_document":"","jetpack_post_was_ever_published":false,"_jetpack_newsletter_access":"","_jetpack_dont_email_post_to_subs":false,"_jetpack_newsletter_tier_id":0,"_jetpack_memberships_contains_paywalled_content":false,"_jetpack_memberships_contains_paid_content":false,"footnotes":"","jetpack_publicize_message":"","jetpack_publicize_feature_enabled":true,"jetpack_social_post_already_shared":true,"jetpack_social_options":{"image_generator_settings":{"template":"highway","default_image_id":0,"font":"","enabled":false},"version":2}},"categories":[24],"tags":[],"class_list":["post-38345","post","type-post","status-publish","format-standard","hentry","category-betraktelser"],"jetpack_publicize_connections":[],"jetpack_featured_media_url":"","jetpack_sharing_enabled":true,"jetpack_likes_enabled":true,"jetpack-related-posts":[{"id":2522,"url":"https:\/\/www.akehedman.se\/wordpress\/?p=2522","url_meta":{"origin":38345,"position":0},"title":"Gott nytt \u00e5r!","author":"\u00c5ke Hedman","date":"2012-12-30","format":false,"excerpt":"Det st\u00e5r ett nytt \u00e5r f\u00f6r d\u00f6rren. Inget s\u00e4rskilt egentligen s\u00e5klart. Det \u00e4r en mental konstruktion det d\u00e4r \"nya\". Tiden och dagarna tickar p\u00e5 som vanligt \u00e4nd\u00e5. Trotts allt \u00e4r den h\u00e4r konstruktionen lite speciell. Den lovar att nya saker skall h\u00e4nda. Att det finns hopp. Eller tv\u00e4rtom. Att allt\u2026","rel":"","context":"In &quot;Betraktelser &amp; Ber\u00e4ttelse&quot;","block_context":{"text":"Betraktelser &amp; Ber\u00e4ttelse","link":"https:\/\/www.akehedman.se\/wordpress\/?cat=24"},"img":{"alt_text":"fireworks","src":"https:\/\/i0.wp.com\/www.eurosource.se\/akhe\/wordpress\/wp-content\/uploads\/2012\/12\/fireworks.jpg?resize=350%2C200","width":350,"height":200,"srcset":"https:\/\/i0.wp.com\/www.eurosource.se\/akhe\/wordpress\/wp-content\/uploads\/2012\/12\/fireworks.jpg?resize=350%2C200 1x, https:\/\/i0.wp.com\/www.eurosource.se\/akhe\/wordpress\/wp-content\/uploads\/2012\/12\/fireworks.jpg?resize=525%2C300 1.5x, https:\/\/i0.wp.com\/www.eurosource.se\/akhe\/wordpress\/wp-content\/uploads\/2012\/12\/fireworks.jpg?resize=700%2C400 2x"},"classes":[]},{"id":7836,"url":"https:\/\/www.akehedman.se\/wordpress\/?p=7836","url_meta":{"origin":38345,"position":1},"title":"T\u00e4nd p\u00e5.","author":"\u00c5ke Hedman","date":"2013-07-04","format":false,"excerpt":"Det regnar idag \u00f6ver H\u00e4lsingska skogsk\u00e4dda berg p\u00e5 +400 meter. Ocks\u00e5 \u00f6ver stora gula hus p\u00e5 kullar i Lo[o]s. Det g\u00f6r mig inget. Det vankas sol till helgen igen s\u00e4gs det. Vi funderar p\u00e5 havet frun och jag. Eller packet kanske p\u00e5 Bolln\u00e4s fest. Men man vet inte under instabila\u2026","rel":"","context":"In &quot;Betraktelser &amp; Ber\u00e4ttelse&quot;","block_context":{"text":"Betraktelser &amp; Ber\u00e4ttelse","link":"https:\/\/www.akehedman.se\/wordpress\/?cat=24"},"img":{"alt_text":"images (2)","src":"https:\/\/i0.wp.com\/www.eurosource.se\/akhe\/wordpress\/wp-content\/uploads\/2013\/07\/images-2.jpg?resize=350%2C200","width":350,"height":200},"classes":[]},{"id":12631,"url":"https:\/\/www.akehedman.se\/wordpress\/?p=12631","url_meta":{"origin":38345,"position":2},"title":"Dummerj\u00f6ns &#038; solidariteten","author":"\u00c5ke Hedman","date":"2014-03-30","format":false,"excerpt":"H\u00f6garna p\u00e5 skrivbordet v\u00e4xer. Det \u00e4r s\u00e5 mycket som borde bli klart. Jag har l\u00f6rdag och s\u00f6ndag f\u00f6r det egna, resten av veckan \u00e4r jag borthyrd. S\u00e5 de dr\u00f6mmar som skall bli realiteter m\u00e5ste bli det p\u00e5 l\u00f6rdag och s\u00f6ndag. Veckan \u00e4r till f\u00f6r att realisera id\u00e9er hos den som\u2026","rel":"","context":"In &quot;Betraktelser &amp; Ber\u00e4ttelse&quot;","block_context":{"text":"Betraktelser &amp; Ber\u00e4ttelse","link":"https:\/\/www.akehedman.se\/wordpress\/?cat=24"},"img":{"alt_text":"","src":"","width":0,"height":0},"classes":[]},{"id":18714,"url":"https:\/\/www.akehedman.se\/wordpress\/?p=18714","url_meta":{"origin":38345,"position":3},"title":"Fredag i &#8220;paradiset&#8221;","author":"\u00c5ke Hedman","date":"2015-10-02","format":false,"excerpt":"Fredag igen. Den g\u00e5r f\u00f6r snabbt. Tiden. Jag hinner inte med. Tisdag hade varit b\u00e4ttre. Japp. Helvetes klocka. Sakta ner. Livet rinner ut. Snart sextio och s\u00e5 mycket kvar att g\u00f6ra. Men fredag allts\u00e5. Jag m\u00e5ste st\u00e4da innan jag forts\u00e4tter med det som m\u00e5ste g\u00f6ras. Som om jag hade tid\u2026","rel":"","context":"In &quot;Betraktelser &amp; Ber\u00e4ttelse&quot;","block_context":{"text":"Betraktelser &amp; Ber\u00e4ttelse","link":"https:\/\/www.akehedman.se\/wordpress\/?cat=24"},"img":{"alt_text":"Jorden2","src":"https:\/\/i0.wp.com\/www.akehedman.se\/wordpress\/wp-content\/uploads\/2013\/05\/Jorden2.jpg?resize=350%2C200","width":350,"height":200,"srcset":"https:\/\/i0.wp.com\/www.akehedman.se\/wordpress\/wp-content\/uploads\/2013\/05\/Jorden2.jpg?resize=350%2C200 1x, https:\/\/i0.wp.com\/www.akehedman.se\/wordpress\/wp-content\/uploads\/2013\/05\/Jorden2.jpg?resize=525%2C300 1.5x, https:\/\/i0.wp.com\/www.akehedman.se\/wordpress\/wp-content\/uploads\/2013\/05\/Jorden2.jpg?resize=700%2C400 2x"},"classes":[]},{"id":14923,"url":"https:\/\/www.akehedman.se\/wordpress\/?p=14923","url_meta":{"origin":38345,"position":4},"title":"Vi syns vid bj\u00f6rken","author":"\u00c5ke Hedman","date":"2014-09-19","format":false,"excerpt":"Sett en riktigt d\u00e5lig film nedsjunken i den gr\u00f6na IKEA soffan. Japp fredagskv\u00e4ll. Jag vet inte hur m\u00e5nga filmkanaler vi har men aldrig (ja i alla fall n\u00e4stan aldrig) hittar man en film som \u00e4r ens n\u00e4ra sev\u00e4rd. Det \u00e4r bara tr\u00f6ttande sm\u00f6rja det mesta. Men det \u00e4r ledig kv\u00e4ll.\u2026","rel":"","context":"In &quot;Betraktelser &amp; Ber\u00e4ttelse&quot;","block_context":{"text":"Betraktelser &amp; Ber\u00e4ttelse","link":"https:\/\/www.akehedman.se\/wordpress\/?cat=24"},"img":{"alt_text":"IMG_20140816_153827","src":"https:\/\/i0.wp.com\/www.eurosource.se\/akhe\/wordpress\/wp-content\/uploads\/2014\/08\/IMG_20140816_153827-1024x768.jpg?resize=350%2C200","width":350,"height":200,"srcset":"https:\/\/i0.wp.com\/www.eurosource.se\/akhe\/wordpress\/wp-content\/uploads\/2014\/08\/IMG_20140816_153827-1024x768.jpg?resize=350%2C200 1x, https:\/\/i0.wp.com\/www.eurosource.se\/akhe\/wordpress\/wp-content\/uploads\/2014\/08\/IMG_20140816_153827-1024x768.jpg?resize=525%2C300 1.5x"},"classes":[]},{"id":28180,"url":"https:\/\/www.akehedman.se\/wordpress\/?p=28180","url_meta":{"origin":38345,"position":5},"title":"Det regnar&#8230;","author":"\u00c5ke Hedman","date":"2018-05-01","format":false,"excerpt":"...inte h\u00e4r. Det sn\u00f6ar. Rikligt. Alla v\u00e4ljer var man vill bo. N\u00e5ja de flesta. En del v\u00e4ljer bara tokiga st\u00e4llen. Vi vilar ut efter g\u00e5rdagen. Sista april f\u00f6r oss \u00e4r att ge sig ut med bilen och se oss omkring. Ta nya v\u00e4gar som vi inte provat f\u00f6rr, hitta hus\u2026","rel":"","context":"In &quot;Betraktelser &amp; Ber\u00e4ttelse&quot;","block_context":{"text":"Betraktelser &amp; Ber\u00e4ttelse","link":"https:\/\/www.akehedman.se\/wordpress\/?cat=24"},"img":{"alt_text":"","src":"https:\/\/i0.wp.com\/www.akehedman.se\/wordpress\/wp-content\/uploads\/2017\/11\/IMG_20171031_175131172-768x1024.jpg?resize=350%2C200","width":350,"height":200,"srcset":"https:\/\/i0.wp.com\/www.akehedman.se\/wordpress\/wp-content\/uploads\/2017\/11\/IMG_20171031_175131172-768x1024.jpg?resize=350%2C200 1x, https:\/\/i0.wp.com\/www.akehedman.se\/wordpress\/wp-content\/uploads\/2017\/11\/IMG_20171031_175131172-768x1024.jpg?resize=525%2C300 1.5x"},"classes":[]}],"jetpack_shortlink":"https:\/\/wp.me\/s68PL2-ondska","_links":{"self":[{"href":"https:\/\/www.akehedman.se\/wordpress\/index.php?rest_route=\/wp\/v2\/posts\/38345","targetHints":{"allow":["GET"]}}],"collection":[{"href":"https:\/\/www.akehedman.se\/wordpress\/index.php?rest_route=\/wp\/v2\/posts"}],"about":[{"href":"https:\/\/www.akehedman.se\/wordpress\/index.php?rest_route=\/wp\/v2\/types\/post"}],"author":[{"embeddable":true,"href":"https:\/\/www.akehedman.se\/wordpress\/index.php?rest_route=\/wp\/v2\/users\/24"}],"replies":[{"embeddable":true,"href":"https:\/\/www.akehedman.se\/wordpress\/index.php?rest_route=%2Fwp%2Fv2%2Fcomments&post=38345"}],"version-history":[{"count":2,"href":"https:\/\/www.akehedman.se\/wordpress\/index.php?rest_route=\/wp\/v2\/posts\/38345\/revisions"}],"predecessor-version":[{"id":38348,"href":"https:\/\/www.akehedman.se\/wordpress\/index.php?rest_route=\/wp\/v2\/posts\/38345\/revisions\/38348"}],"wp:attachment":[{"href":"https:\/\/www.akehedman.se\/wordpress\/index.php?rest_route=%2Fwp%2Fv2%2Fmedia&parent=38345"}],"wp:term":[{"taxonomy":"category","embeddable":true,"href":"https:\/\/www.akehedman.se\/wordpress\/index.php?rest_route=%2Fwp%2Fv2%2Fcategories&post=38345"},{"taxonomy":"post_tag","embeddable":true,"href":"https:\/\/www.akehedman.se\/wordpress\/index.php?rest_route=%2Fwp%2Fv2%2Ftags&post=38345"}],"curies":[{"name":"wp","href":"https:\/\/api.w.org\/{rel}","templated":true}]}}