{"id":38214,"date":"2021-03-21T23:22:42","date_gmt":"2021-03-21T22:22:42","guid":{"rendered":"https:\/\/www.akehedman.se\/wordpress\/?p=38214"},"modified":"2021-03-21T23:22:42","modified_gmt":"2021-03-21T22:22:42","slug":"de-smarta-de-flyttar-nu","status":"publish","type":"post","link":"https:\/\/www.akehedman.se\/wordpress\/?p=38214","title":{"rendered":"De smarta de flyttar nu"},"content":{"rendered":"\n<figure class=\"wp-block-image size-large\"><img data-recalc-dims=\"1\" loading=\"lazy\" decoding=\"async\" width=\"580\" height=\"278\" src=\"https:\/\/i0.wp.com\/www.akehedman.se\/wordpress\/wp-content\/uploads\/2014\/11\/h%C3%A4lsingeberg.jpg-for-web-large-1.jpg?resize=580%2C278&#038;ssl=1\" alt=\"\" class=\"wp-image-15245\" srcset=\"https:\/\/i0.wp.com\/www.akehedman.se\/wordpress\/wp-content\/uploads\/2014\/11\/h%C3%A4lsingeberg.jpg-for-web-large-1.jpg?w=640&amp;ssl=1 640w, https:\/\/i0.wp.com\/www.akehedman.se\/wordpress\/wp-content\/uploads\/2014\/11\/h%C3%A4lsingeberg.jpg-for-web-large-1.jpg?resize=300%2C143&amp;ssl=1 300w, https:\/\/i0.wp.com\/www.akehedman.se\/wordpress\/wp-content\/uploads\/2014\/11\/h%C3%A4lsingeberg.jpg-for-web-large-1.jpg?resize=500%2C239&amp;ssl=1 500w\" sizes=\"auto, (max-width: 580px) 100vw, 580px\" \/><\/figure>\n\n\n\n<p class=\"wp-block-paragraph\">Det p\u00e5g\u00e5r liksom n\u00e5gon slags tjuvutflyttning just nu. Allts\u00e5 ut i och till H\u00e4lsingland (och till andra mindre l\u00e4ckra landskap). Till och med PO, (han), Tidholm skriver om det. Jod\u00e5, det har p\u00e5g\u00e5tt ett tag det d\u00e4r. Men &#8211; och h\u00e4r \u00e4r PO och jag \u00f6verens (!!!) &#8211;  den h\u00e4r pandemin har f\u00e5tt saker att accelerera.<\/p>\n\n\n\n<p class=\"wp-block-paragraph\">Men l\u00e5t mig b\u00f6rja i en annan \u00e4nde. Det pappersl\u00f6sa kontoret. Jo det skulle ju h\u00e4nda, ske och revolutionera allt ganska kvickt och fort och prompt och omst\u00f6rtande. Sen h\u00e4nde ingenting, ingenting, ingenting och s\u00e5 en dag n\u00e4r man gl\u00f6mt allt det d\u00e4r om pappersl\u00f6sa kontor s\u00e5 har ett n\u00e4stan pappersl\u00f6st kontor uppst\u00e5tt. Jo. Visst har det det. Kolla bara vilket kontor som helst. P\u00e4rmar och plastfickor \u00e4r aldrig bristvaror l\u00e4ngre. Det har blivit saker man l\u00e4mnar in p\u00e5 Erikshj\u00e4lpen eller kastar bort. Men sj\u00e4lva POINTEN. Den, PUNKTEN, allts\u00e5. Det viktiga. Ja. Det \u00e4r att saker tar l\u00e4ngre tid \u00e4n man ot\u00e5ligt tror. I alla fall framtidssk\u00e5darna \u00e4r alltid ot\u00e5liga. &#8220;<em>Om tio \u00e5r<\/em>&#8221; s\u00e4ger dom g\u00e4rna. D\u00e5 vet vi med t\u00e5lamod att det tar tjugofem \u00e5r snarare eller d\u00e4romkring. Troligen skall en generation bort innan saker och ting h\u00e4nder p\u00e5 riktigt. S\u00e5dana som jag allts\u00e5.<\/p>\n\n\n\n<p class=\"wp-block-paragraph\">Men tillbaks till utflyttning. Ja inflyttningen.  F\u00f6r &#8220;dr\u00f6mhus&#8221; i H\u00e4lsingland g\u00e5r iv\u00e4g som sm\u00f6r i skolsken idag. Det \u00e4r de d\u00e4r med fl\u00e5diga yrken som k\u00f6per dom. Jurister. L\u00e4kare. Professorer. K\u00e4ndisar.  Men vad har dom nu kommit p\u00e5 d\u00e5?  Ja redan tidigare borde dom v\u00e4l ha fatta det d\u00e4r med livskvaliteth\u00f6jningen utanf\u00f6r stan.  Men pandemin har f\u00e5tt fler att fatta att man m\u00e5ste inte sitta inne i den centrala k\u00e4rnan av en stad f\u00f6r att f\u00e5 n\u00e5got gjort. I alla fall inte om man har st\u00e5lar.  Och \u00e4r lite smart och inte g\u00f6r som alla andra f\u00f6r att man \u00e4r r\u00e4dd f\u00f6r att man inte f\u00e5r vara med och leka d\u00e5.<\/p>\n\n\n\n<p class=\"wp-block-paragraph\">S\u00e5 dom letar upp en k\u00e5k. Billigt h\u00e4r s\u00e5klart. S\u00e4ljer man sin l\u00e4genhet eller villa i t\u00e4torten s\u00e5 f\u00e5r man en rej\u00e4l slant \u00f6ver att renovera och greja f\u00f6r.  Ett g\u00e4ng miljoner s\u00e5d\u00e4r. Att anv\u00e4ndas till ytterligare livsstilsh\u00f6jning. <\/p>\n\n\n\n<p class=\"wp-block-paragraph\">Precis som n\u00e4r slumdelarna i en st\u00f6rre stad befolkas av konstn\u00e4rer och andra fria sj\u00e4lar. Som f\u00f6ljs av entrepren\u00f6rer. Som skapar det coola. Som helt pl\u00f6tsligt omvandlat slumdelar av en stad till de coola delarna av en stad. Som lockar de som VILL VARA coola. Som betalar f\u00f6r det. Det som f\u00e5r priserna att raka i h\u00f6jden. Vilket g\u00f6r st\u00e4llet \u00e4nnu coolare. Ja ni fattar. H\u00e4lsingland nu. Jod\u00e5.<\/p>\n\n\n\n<p class=\"wp-block-paragraph\">Det \u00e4r nu man skall hoppa p\u00e5. F\u00f6nstret \u00e4r \u00f6ppet ett tag till och man f\u00e5r en H\u00e4lsingeg\u00e5rd f\u00f6r samma pris som en etta i stan.  R\u00e4tt coola m\u00f6jligheter i det. Ja och stan ligger kvar d\u00e4r den ligger \u00e4nd\u00e5. Det \u00e4r bara att fara dit n\u00e4r man k\u00e4nner f\u00f6r det. Eller ocks\u00e5 far man till en annan stad i Europa medans man h\u00e5ller p\u00e5. Efter den flytten har man ju r\u00e5d med det. Men s\u00e5 l\u00e4nge pandemin h\u00e4rjar duger s\u00e5klart H\u00e4lsingland gott. Man saknar inte mycket h\u00e4r.  S\u00e5klart. Och ju fler coola m\u00e4nniskor som flyttar ut desto mindre saknar man s\u00e5klart. Det liksom mullrar till. <\/p>\n\n\n\n<p class=\"wp-block-paragraph\">De som hoppar p\u00e5 t\u00e5gen sist stiger s\u00e5klart ocks\u00e5 av sist. Om de inte kopplas bort p\u00e5 v\u00e4gen s\u00e5klart. Oftast h\u00e4nder v\u00e4l det. Men har man aldrig trampat upp en egen v\u00e4g och g\u00e5tt den f\u00f6rst n\u00e5gonsin i sitt liv s\u00e5 kr\u00e4vs det s\u00e5klart lite mod f\u00f6r att g\u00f6ra det en f\u00f6rsta g\u00e5ng. En del m\u00e4nniskor har inte det modet. \u00d6mkligt varelser s\u00e5klart. Synd om folk.<\/p>\n\n\n\n<p class=\"wp-block-paragraph\">Men gillar man stan s\u00e5 stannar man s\u00e5klart. Det vore ju j\u00e4vligt trist om alla flyttade. <\/p>\n","protected":false},"excerpt":{"rendered":"<p>Det p\u00e5g\u00e5r liksom n\u00e5gon slags tjuvutflyttning just nu. Allts\u00e5 ut i och till H\u00e4lsingland (och till andra mindre l\u00e4ckra landskap). Till och med PO, (han), Tidholm skriver om det. Jod\u00e5, det har p\u00e5g\u00e5tt ett tag det d\u00e4r. Men &#8211; och h\u00e4r \u00e4r PO och jag \u00f6verens (!!!) &#8211; den h\u00e4r pandemin har f\u00e5tt saker att [&hellip;]<\/p>\n","protected":false},"author":24,"featured_media":0,"comment_status":"open","ping_status":"open","sticky":false,"template":"","format":"standard","meta":{"_crdt_document":"","jetpack_post_was_ever_published":false,"_jetpack_newsletter_access":"","_jetpack_dont_email_post_to_subs":false,"_jetpack_newsletter_tier_id":0,"_jetpack_memberships_contains_paywalled_content":false,"_jetpack_memberships_contains_paid_content":false,"footnotes":"","jetpack_publicize_message":"","jetpack_publicize_feature_enabled":true,"jetpack_social_post_already_shared":true,"jetpack_social_options":{"image_generator_settings":{"template":"highway","default_image_id":0,"font":"","enabled":false},"version":2}},"categories":[24],"tags":[],"class_list":["post-38214","post","type-post","status-publish","format-standard","hentry","category-betraktelser"],"jetpack_publicize_connections":[],"jetpack_featured_media_url":"","jetpack_sharing_enabled":true,"jetpack_likes_enabled":true,"jetpack-related-posts":[{"id":17614,"url":"https:\/\/www.akehedman.se\/wordpress\/?p=17614","url_meta":{"origin":38214,"position":0},"title":"Godnatt!","author":"\u00c5ke Hedman","date":"2015-04-19","format":false,"excerpt":"Klockan \u00e4r en kvart f\u00f6re tidig m\u00e5ndag. Jag sitter p\u00e5 kontoret och borde packa ihop mig sj\u00e4lv och mina tankar\u00a0 och pallra mig upp f\u00f6r trappor till bok och s\u00e4ng.\u00a0 D\u00e4r en timmes l\u00e4sa och sen sova f\u00f6r storverk imorgon v\u00e4ntar. Underbara m\u00e5ndag. Ny h\u00e4rlig vecka.\u00a0 Om man vaknar. Inget\u2026","rel":"","context":"In &quot;Betraktelser &amp; Ber\u00e4ttelse&quot;","block_context":{"text":"Betraktelser &amp; Ber\u00e4ttelse","link":"https:\/\/www.akehedman.se\/wordpress\/?cat=24"},"img":{"alt_text":"halvtolv","src":"https:\/\/i0.wp.com\/www.eurosource.se\/akhe\/wordpress\/wp-content\/uploads\/2015\/03\/halvtolv.jpeg?resize=350%2C200","width":350,"height":200},"classes":[]},{"id":26527,"url":"https:\/\/www.akehedman.se\/wordpress\/?p=26527","url_meta":{"origin":38214,"position":1},"title":"Klagol\u00e5t","author":"\u00c5ke Hedman","date":"2018-01-04","format":false,"excerpt":"S\u00e5 det \u00e4r torsdag, fast det k\u00e4nns s\u00e5klart som tisdag. Jag f\u00e5r fundera en stund innan jag s\u00e4kert vet vilken dag det \u00e4r. Ja inte s\u00e5 l\u00e4nge, men \u00e4nd\u00e5. Ledigheter r\u00f6r till det. Man tappar det lite. Men jag skall st\u00e4da idag. Det \u00e4r rutin. F\u00f6r torsdagar. Att b\u00f6rja dagen\u2026","rel":"","context":"In &quot;Betraktelser &amp; Ber\u00e4ttelse&quot;","block_context":{"text":"Betraktelser &amp; Ber\u00e4ttelse","link":"https:\/\/www.akehedman.se\/wordpress\/?cat=24"},"img":{"alt_text":"","src":"https:\/\/i0.wp.com\/www.akehedman.se\/wordpress\/wp-content\/uploads\/2017\/11\/vscp_logo_text_box-1024x724.jpg?resize=350%2C200","width":350,"height":200,"srcset":"https:\/\/i0.wp.com\/www.akehedman.se\/wordpress\/wp-content\/uploads\/2017\/11\/vscp_logo_text_box-1024x724.jpg?resize=350%2C200 1x, https:\/\/i0.wp.com\/www.akehedman.se\/wordpress\/wp-content\/uploads\/2017\/11\/vscp_logo_text_box-1024x724.jpg?resize=525%2C300 1.5x"},"classes":[]},{"id":40605,"url":"https:\/\/www.akehedman.se\/wordpress\/?p=40605","url_meta":{"origin":38214,"position":2},"title":"Soligt","author":"\u00c5ke Hedman","date":"2021-12-14","format":false,"excerpt":"Photo by Pixabay on Pexels.com Kodar n\u00e5gra rader. Sen rensar jag inkorgen ner till ~100 mail. En bedrift. Kr\u00e4vs mod. Man g\u00f6r. T\u00e4nker inte s\u00e5 mycket. \u00c5ngrar sig ev. en annan dag. Sen ringer Ljungstr\u00f6m. Gubbe. Rockande. G\u00e5r en timme d\u00e4r hela v\u00e4gen ut i voiden. Nu. H\u00e4r. Skall f\u00f6rs\u00f6ka\u2026","rel":"","context":"In &quot;Betraktelser &amp; Ber\u00e4ttelse&quot;","block_context":{"text":"Betraktelser &amp; Ber\u00e4ttelse","link":"https:\/\/www.akehedman.se\/wordpress\/?cat=24"},"img":{"alt_text":"sun fire hot research","src":"https:\/\/i0.wp.com\/www.akehedman.se\/wordpress\/wp-content\/uploads\/2021\/12\/sun-fireball-solar-flare-sunlight-87611.jpeg?resize=350%2C200&ssl=1","width":350,"height":200,"srcset":"https:\/\/i0.wp.com\/www.akehedman.se\/wordpress\/wp-content\/uploads\/2021\/12\/sun-fireball-solar-flare-sunlight-87611.jpeg?resize=350%2C200&ssl=1 1x, https:\/\/i0.wp.com\/www.akehedman.se\/wordpress\/wp-content\/uploads\/2021\/12\/sun-fireball-solar-flare-sunlight-87611.jpeg?resize=525%2C300&ssl=1 1.5x, https:\/\/i0.wp.com\/www.akehedman.se\/wordpress\/wp-content\/uploads\/2021\/12\/sun-fireball-solar-flare-sunlight-87611.jpeg?resize=700%2C400&ssl=1 2x, https:\/\/i0.wp.com\/www.akehedman.se\/wordpress\/wp-content\/uploads\/2021\/12\/sun-fireball-solar-flare-sunlight-87611.jpeg?resize=1050%2C600&ssl=1 3x"},"classes":[]},{"id":25421,"url":"https:\/\/www.akehedman.se\/wordpress\/?p=25421","url_meta":{"origin":38214,"position":3},"title":"&#8220;ja j\u00e4vlar, det h\u00e4nde&#8221;","author":"\u00c5ke Hedman","date":"2017-09-20","format":false,"excerpt":"Minusgrader ute och usch. Det \u00e4r inte mycket sommar kvar. Hatar. Varf\u00f6r jag inte g\u00f6r som S\u00e4des\u00e4rlan och drar iv\u00e4g vet jag inte. Kan en s\u00e5 liten f\u00e5gel ta sig till Afrika s\u00e5 borde v\u00e4l jag kunna ta mig till s\u00f6dra Europa. H\u00e5lla mig undan. Tills vitsipporna lyser i backarna.\u2026","rel":"","context":"In &quot;Betraktelser &amp; Ber\u00e4ttelse&quot;","block_context":{"text":"Betraktelser &amp; Ber\u00e4ttelse","link":"https:\/\/www.akehedman.se\/wordpress\/?cat=24"},"img":{"alt_text":"","src":"https:\/\/i0.wp.com\/www.akehedman.se\/wordpress\/wp-content\/uploads\/2017\/09\/IMG_20170919_080609895-1024x768.jpg?resize=350%2C200","width":350,"height":200,"srcset":"https:\/\/i0.wp.com\/www.akehedman.se\/wordpress\/wp-content\/uploads\/2017\/09\/IMG_20170919_080609895-1024x768.jpg?resize=350%2C200 1x, https:\/\/i0.wp.com\/www.akehedman.se\/wordpress\/wp-content\/uploads\/2017\/09\/IMG_20170919_080609895-1024x768.jpg?resize=525%2C300 1.5x"},"classes":[]},{"id":32808,"url":"https:\/\/www.akehedman.se\/wordpress\/?p=32808","url_meta":{"origin":38214,"position":4},"title":"Ho ho hi","author":"\u00c5ke Hedman","date":"2019-08-19","format":false,"excerpt":"Det \u00e4r blad p\u00e5 tr\u00e4den. Skolorna b\u00f6rjar. Blommor blommar. Getingarna \u00e4r glada. Inte sura och d\u00f6ende. Centraleuropa har semester. Det \u00e4r mycket sommar kvar. Den m\u00e5 kallas sensommar den h\u00e4r tiden p\u00e5 \u00e5ret. Men nog \u00e4r det gotid fortfarande d\u00e4r ute. Inte kan man komma ifr\u00e5n det. Har vi tur\u2026","rel":"","context":"In &quot;Betraktelser &amp; Ber\u00e4ttelse&quot;","block_context":{"text":"Betraktelser &amp; Ber\u00e4ttelse","link":"https:\/\/www.akehedman.se\/wordpress\/?cat=24"},"img":{"alt_text":"","src":"https:\/\/i0.wp.com\/www.akehedman.se\/wordpress\/wp-content\/uploads\/2019\/08\/IMG_20190819_181713676.jpg?resize=350%2C200&ssl=1","width":350,"height":200,"srcset":"https:\/\/i0.wp.com\/www.akehedman.se\/wordpress\/wp-content\/uploads\/2019\/08\/IMG_20190819_181713676.jpg?resize=350%2C200&ssl=1 1x, https:\/\/i0.wp.com\/www.akehedman.se\/wordpress\/wp-content\/uploads\/2019\/08\/IMG_20190819_181713676.jpg?resize=525%2C300&ssl=1 1.5x, https:\/\/i0.wp.com\/www.akehedman.se\/wordpress\/wp-content\/uploads\/2019\/08\/IMG_20190819_181713676.jpg?resize=700%2C400&ssl=1 2x, https:\/\/i0.wp.com\/www.akehedman.se\/wordpress\/wp-content\/uploads\/2019\/08\/IMG_20190819_181713676.jpg?resize=1050%2C600&ssl=1 3x, https:\/\/i0.wp.com\/www.akehedman.se\/wordpress\/wp-content\/uploads\/2019\/08\/IMG_20190819_181713676.jpg?resize=1400%2C800&ssl=1 4x"},"classes":[]},{"id":11288,"url":"https:\/\/www.akehedman.se\/wordpress\/?p=11288","url_meta":{"origin":38214,"position":5},"title":"In i koden","author":"\u00c5ke Hedman","date":"2013-12-03","format":false,"excerpt":"Tv\u00e5 grader varmt och tredje december. Klart v\u00e4der. Man \u00e4r bortsk\u00e4md. Sm\u00e5f\u00e5glarna tycker jag \u00e4r alldeles f\u00f6r bortsk\u00e4md och hackar frenetiskt p\u00e5 f\u00f6nsterbl\u00e4cken. Antar att det \u00e4r slut p\u00e5 mat d\u00e4r ute. M\u00e5ste f\u00f6rs\u00f6ka \u00e5tg\u00e4rda det, om inte annat s\u00e5 \u00e4r det en bra anledning att g\u00e5 ut en stund.\u2026","rel":"","context":"In &quot;Betraktelser &amp; Ber\u00e4ttelse&quot;","block_context":{"text":"Betraktelser &amp; Ber\u00e4ttelse","link":"https:\/\/www.akehedman.se\/wordpress\/?cat=24"},"img":{"alt_text":"","src":"https:\/\/i0.wp.com\/www.eurosource.se\/akhe\/wordpress\/wp-content\/uploads\/2013\/11\/c8e92b682e0159fd77d9ce923f909e66.jpg?resize=350%2C200","width":350,"height":200,"srcset":"https:\/\/i0.wp.com\/www.eurosource.se\/akhe\/wordpress\/wp-content\/uploads\/2013\/11\/c8e92b682e0159fd77d9ce923f909e66.jpg?resize=350%2C200 1x, https:\/\/i0.wp.com\/www.eurosource.se\/akhe\/wordpress\/wp-content\/uploads\/2013\/11\/c8e92b682e0159fd77d9ce923f909e66.jpg?resize=525%2C300 1.5x"},"classes":[]}],"jetpack_shortlink":"https:\/\/wp.me\/p68PL2-9Wm","_links":{"self":[{"href":"https:\/\/www.akehedman.se\/wordpress\/index.php?rest_route=\/wp\/v2\/posts\/38214","targetHints":{"allow":["GET"]}}],"collection":[{"href":"https:\/\/www.akehedman.se\/wordpress\/index.php?rest_route=\/wp\/v2\/posts"}],"about":[{"href":"https:\/\/www.akehedman.se\/wordpress\/index.php?rest_route=\/wp\/v2\/types\/post"}],"author":[{"embeddable":true,"href":"https:\/\/www.akehedman.se\/wordpress\/index.php?rest_route=\/wp\/v2\/users\/24"}],"replies":[{"embeddable":true,"href":"https:\/\/www.akehedman.se\/wordpress\/index.php?rest_route=%2Fwp%2Fv2%2Fcomments&post=38214"}],"version-history":[{"count":1,"href":"https:\/\/www.akehedman.se\/wordpress\/index.php?rest_route=\/wp\/v2\/posts\/38214\/revisions"}],"predecessor-version":[{"id":38215,"href":"https:\/\/www.akehedman.se\/wordpress\/index.php?rest_route=\/wp\/v2\/posts\/38214\/revisions\/38215"}],"wp:attachment":[{"href":"https:\/\/www.akehedman.se\/wordpress\/index.php?rest_route=%2Fwp%2Fv2%2Fmedia&parent=38214"}],"wp:term":[{"taxonomy":"category","embeddable":true,"href":"https:\/\/www.akehedman.se\/wordpress\/index.php?rest_route=%2Fwp%2Fv2%2Fcategories&post=38214"},{"taxonomy":"post_tag","embeddable":true,"href":"https:\/\/www.akehedman.se\/wordpress\/index.php?rest_route=%2Fwp%2Fv2%2Ftags&post=38214"}],"curies":[{"name":"wp","href":"https:\/\/api.w.org\/{rel}","templated":true}]}}