{"id":38185,"date":"2021-03-18T11:12:10","date_gmt":"2021-03-18T10:12:10","guid":{"rendered":"https:\/\/www.akehedman.se\/wordpress\/?p=38185"},"modified":"2021-03-18T11:12:10","modified_gmt":"2021-03-18T10:12:10","slug":"min-mormor-ar-dod","status":"publish","type":"post","link":"https:\/\/www.akehedman.se\/wordpress\/?p=38185","title":{"rendered":"Min mormor \u00e4r d\u00f6d"},"content":{"rendered":"\n<figure class=\"wp-block-image size-large\"><img data-recalc-dims=\"1\" loading=\"lazy\" decoding=\"async\" width=\"580\" height=\"435\" src=\"https:\/\/i0.wp.com\/www.akehedman.se\/wordpress\/wp-content\/uploads\/2021\/03\/IMG_20210318_105521.jpg?resize=580%2C435&#038;ssl=1\" alt=\"\" class=\"wp-image-38186\" srcset=\"https:\/\/i0.wp.com\/www.akehedman.se\/wordpress\/wp-content\/uploads\/2021\/03\/IMG_20210318_105521-scaled.jpg?resize=1024%2C768&amp;ssl=1 1024w, https:\/\/i0.wp.com\/www.akehedman.se\/wordpress\/wp-content\/uploads\/2021\/03\/IMG_20210318_105521-scaled.jpg?resize=300%2C225&amp;ssl=1 300w, https:\/\/i0.wp.com\/www.akehedman.se\/wordpress\/wp-content\/uploads\/2021\/03\/IMG_20210318_105521-scaled.jpg?resize=768%2C576&amp;ssl=1 768w, https:\/\/i0.wp.com\/www.akehedman.se\/wordpress\/wp-content\/uploads\/2021\/03\/IMG_20210318_105521-scaled.jpg?resize=1536%2C1152&amp;ssl=1 1536w, https:\/\/i0.wp.com\/www.akehedman.se\/wordpress\/wp-content\/uploads\/2021\/03\/IMG_20210318_105521-scaled.jpg?resize=2048%2C1536&amp;ssl=1 2048w, https:\/\/i0.wp.com\/www.akehedman.se\/wordpress\/wp-content\/uploads\/2021\/03\/IMG_20210318_105521-scaled.jpg?resize=1200%2C900&amp;ssl=1 1200w, https:\/\/i0.wp.com\/www.akehedman.se\/wordpress\/wp-content\/uploads\/2021\/03\/IMG_20210318_105521-scaled.jpg?resize=1980%2C1485&amp;ssl=1 1980w, https:\/\/i0.wp.com\/www.akehedman.se\/wordpress\/wp-content\/uploads\/2021\/03\/IMG_20210318_105521-scaled.jpg?w=1740&amp;ssl=1 1740w\" sizes=\"auto, (max-width: 580px) 100vw, 580px\" \/><\/figure>\n\n\n\n<p class=\"wp-block-paragraph\">Min mormor \u00e4r d\u00f6d. Hon dog n\u00e4r jag var en inte ens fjunig pojke i b\u00f6rjan av ton\u00e5ren. Det \u00e4r allts\u00e5 ett tag sedan. Men en av hennes blommor st\u00e5r h\u00e4r p\u00e5 en av l\u00e5tsaskontorets lortiga hyllor. Blommar vackert. Lever. Ja faktum att det finns flera av dem i huset numera. Genetiska kopior fr\u00e5n mormors planta som blev morsans planta som nu \u00e4r v\u00e5r planta. Den som en g\u00e5ng stod d\u00e4r p\u00e5 bondg\u00e5rden i \u00c4mnebo i Ovan\u00e5ker\/Edsbyn. F\u00f6re det? Andra st\u00e4llen? Kanske i hundra \u00e5r till. Man undrar vad blomman sett. Och h\u00f6rt.  En dag skall jag s\u00e4tta mig och t\u00e5lmodigt lyssna och nedteckna dess historia. N\u00e5got som m\u00e5ste g\u00f6ras innan n\u00e4sta generation tar \u00f6ver dessa sk\u00f6na tv\u00e5 g\u00e5nger per \u00e5r blommande l\u00e4ckerheter.<\/p>\n\n\n\n<p class=\"wp-block-paragraph\">Lustigt nog blommar alla versioner av den samtidigt i olika delar av huset. Hur de vet n\u00e4r det \u00e4r dags utan kvartskristaller och elektronik det vet bara gudarna eller \u00e5tminstone borde han\/hon\/det\/gud veta det om man nu n\u00f6jer sig med en guddom.<\/p>\n\n\n\n<p class=\"wp-block-paragraph\">Ja och jo. Jag skall g\u00f6ra rent den d\u00e4r hyllan n\u00e4r vinterf\u00f6rvaringen g\u00e5r \u00f6ver i v\u00e4xters gr\u00f6nbetestid. Jag lovar.<\/p>\n","protected":false},"excerpt":{"rendered":"<p>Min mormor \u00e4r d\u00f6d. Hon dog n\u00e4r jag var en inte ens fjunig pojke i b\u00f6rjan av ton\u00e5ren. Det \u00e4r allts\u00e5 ett tag sedan. Men en av hennes blommor st\u00e5r h\u00e4r p\u00e5 en av l\u00e5tsaskontorets lortiga hyllor. Blommar vackert. Lever. Ja faktum att det finns flera av dem i huset numera. Genetiska kopior fr\u00e5n mormors [&hellip;]<\/p>\n","protected":false},"author":24,"featured_media":0,"comment_status":"open","ping_status":"open","sticky":false,"template":"","format":"standard","meta":{"_crdt_document":"","jetpack_post_was_ever_published":false,"_jetpack_newsletter_access":"","_jetpack_dont_email_post_to_subs":false,"_jetpack_newsletter_tier_id":0,"_jetpack_memberships_contains_paywalled_content":false,"_jetpack_memberships_contains_paid_content":false,"footnotes":"","jetpack_publicize_message":"","jetpack_publicize_feature_enabled":true,"jetpack_social_post_already_shared":true,"jetpack_social_options":{"image_generator_settings":{"template":"highway","default_image_id":0,"font":"","enabled":false},"version":2}},"categories":[24],"tags":[],"class_list":["post-38185","post","type-post","status-publish","format-standard","hentry","category-betraktelser"],"jetpack_publicize_connections":[],"jetpack_featured_media_url":"","jetpack_sharing_enabled":true,"jetpack_likes_enabled":true,"jetpack-related-posts":[{"id":42200,"url":"https:\/\/www.akehedman.se\/wordpress\/?p=42200","url_meta":{"origin":38185,"position":0},"title":"Murre","author":"\u00c5ke Hedman","date":"2022-06-30","format":false,"excerpt":"Old Gate at Beaver Lodge by John S Turner is licensed under CC-BY-SA 2.0 Bilden av Murre, grumlig, sliten av \u00e5ren, man ser i princip bara att det \u00e4r en katt egentligen, kommer till mig. Jag h\u00e5ller p\u00e5 att plocka fram frukost h\u00e4r p\u00e5 morgonen. Hur kommer det sig att\u2026","rel":"","context":"In &quot;Betraktelser &amp; Ber\u00e4ttelse&quot;","block_context":{"text":"Betraktelser &amp; Ber\u00e4ttelse","link":"https:\/\/www.akehedman.se\/wordpress\/?cat=24"},"img":{"alt_text":"Old Gate at Beaver Lodge","src":"https:\/\/i0.wp.com\/www.akehedman.se\/wordpress\/wp-content\/uploads\/2022\/06\/339580_31dc1298.jpg?resize=350%2C200&ssl=1","width":350,"height":200,"srcset":"https:\/\/i0.wp.com\/www.akehedman.se\/wordpress\/wp-content\/uploads\/2022\/06\/339580_31dc1298.jpg?resize=350%2C200&ssl=1 1x, https:\/\/i0.wp.com\/www.akehedman.se\/wordpress\/wp-content\/uploads\/2022\/06\/339580_31dc1298.jpg?resize=525%2C300&ssl=1 1.5x"},"classes":[]},{"id":40213,"url":"https:\/\/www.akehedman.se\/wordpress\/?p=40213","url_meta":{"origin":38185,"position":1},"title":"En g\u00e5ng i tiden&#8230;","author":"\u00c5ke Hedman","date":"2021-11-05","format":false,"excerpt":"En g\u00e5ng i tiden fanns det en g\u00e5rd som hette \"Klas\" eller \"Klasg\u00e5rden\" i Edsbyn. Jod\u00e5. p\u00e5 den h\u00e4r tiden s\u00e5 hade alla hus ocks\u00e5 namn. F\u00f6r hus var lika olika som m\u00e4nniskor. Det d\u00e4r namns\u00e4ttande p\u00e5 hus f\u00f6rsvann n\u00e4r hus blev prefabricerade och om\u00f6jliga att skilja fr\u00e5n varandra. S\u00e5klart\u2026","rel":"","context":"In &quot;Betraktelser &amp; Ber\u00e4ttelse&quot;","block_context":{"text":"Betraktelser &amp; Ber\u00e4ttelse","link":"https:\/\/www.akehedman.se\/wordpress\/?cat=24"},"img":{"alt_text":"","src":"https:\/\/i0.wp.com\/www.akehedman.se\/wordpress\/wp-content\/uploads\/2021\/11\/IMG_20211105_1541032-scaled.jpg?resize=350%2C200&ssl=1","width":350,"height":200,"srcset":"https:\/\/i0.wp.com\/www.akehedman.se\/wordpress\/wp-content\/uploads\/2021\/11\/IMG_20211105_1541032-scaled.jpg?resize=350%2C200&ssl=1 1x, https:\/\/i0.wp.com\/www.akehedman.se\/wordpress\/wp-content\/uploads\/2021\/11\/IMG_20211105_1541032-scaled.jpg?resize=525%2C300&ssl=1 1.5x, https:\/\/i0.wp.com\/www.akehedman.se\/wordpress\/wp-content\/uploads\/2021\/11\/IMG_20211105_1541032-scaled.jpg?resize=700%2C400&ssl=1 2x, https:\/\/i0.wp.com\/www.akehedman.se\/wordpress\/wp-content\/uploads\/2021\/11\/IMG_20211105_1541032-scaled.jpg?resize=1050%2C600&ssl=1 3x, https:\/\/i0.wp.com\/www.akehedman.se\/wordpress\/wp-content\/uploads\/2021\/11\/IMG_20211105_1541032-scaled.jpg?resize=1400%2C800&ssl=1 4x"},"classes":[]},{"id":30867,"url":"https:\/\/www.akehedman.se\/wordpress\/?p=30867","url_meta":{"origin":38185,"position":2},"title":"Morfar och mormor","author":"\u00c5ke Hedman","date":"2018-11-29","format":false,"excerpt":"Morfar. Jag minns egentligen inte alls hur han s\u00e5g ut f\u00f6rr\u00e4n jag ramlar \u00f6ver ett sent foto av honom idag. Men s\u00e5d\u00e4r var det s\u00e5klart. Jod\u00e5 det \u00e4r jag d\u00e4r i bakgrunden. Morfar var inte direkt munter som person. Inte vad jag minns i alla fall. Kanske \u00e4r det d\u00e4rf\u00f6r.\u2026","rel":"","context":"In &quot;Bilder&quot;","block_context":{"text":"Bilder","link":"https:\/\/www.akehedman.se\/wordpress\/?cat=21"},"img":{"alt_text":"","src":"https:\/\/i0.wp.com\/www.akehedman.se\/wordpress\/wp-content\/uploads\/2018\/11\/morfar-1016x1024.jpg?resize=350%2C200","width":350,"height":200,"srcset":"https:\/\/i0.wp.com\/www.akehedman.se\/wordpress\/wp-content\/uploads\/2018\/11\/morfar-1016x1024.jpg?resize=350%2C200 1x, https:\/\/i0.wp.com\/www.akehedman.se\/wordpress\/wp-content\/uploads\/2018\/11\/morfar-1016x1024.jpg?resize=525%2C300 1.5x"},"classes":[]},{"id":32173,"url":"https:\/\/www.akehedman.se\/wordpress\/?p=32173","url_meta":{"origin":38185,"position":3},"title":"Dag f\u00f6r dag","author":"\u00c5ke Hedman","date":"2019-05-08","format":false,"excerpt":"Jag \u00f6ver\u00f6ses - japp s\u00e5 k\u00e4nns det - av sjukhuspapper just nu. \u00c4r det inte det ena s\u00e5 \u00e4r det annat. Men det \u00e4r inget annat att g\u00f6ra \u00e4n att rangordna och ta vart och ett i den ordning det kommer. S\u00e5 nu f\u00f6rst p\u00e5 tisdag preop. i G\u00e4vle. Kryper\u2026","rel":"","context":"In &quot;Betraktelser &amp; Ber\u00e4ttelse&quot;","block_context":{"text":"Betraktelser &amp; Ber\u00e4ttelse","link":"https:\/\/www.akehedman.se\/wordpress\/?cat=24"},"img":{"alt_text":"","src":"https:\/\/i0.wp.com\/www.akehedman.se\/wordpress\/wp-content\/uploads\/2019\/05\/IMG_20190508_070512823.jpg?resize=350%2C200&ssl=1","width":350,"height":200,"srcset":"https:\/\/i0.wp.com\/www.akehedman.se\/wordpress\/wp-content\/uploads\/2019\/05\/IMG_20190508_070512823.jpg?resize=350%2C200&ssl=1 1x, https:\/\/i0.wp.com\/www.akehedman.se\/wordpress\/wp-content\/uploads\/2019\/05\/IMG_20190508_070512823.jpg?resize=525%2C300&ssl=1 1.5x, https:\/\/i0.wp.com\/www.akehedman.se\/wordpress\/wp-content\/uploads\/2019\/05\/IMG_20190508_070512823.jpg?resize=700%2C400&ssl=1 2x, https:\/\/i0.wp.com\/www.akehedman.se\/wordpress\/wp-content\/uploads\/2019\/05\/IMG_20190508_070512823.jpg?resize=1050%2C600&ssl=1 3x, https:\/\/i0.wp.com\/www.akehedman.se\/wordpress\/wp-content\/uploads\/2019\/05\/IMG_20190508_070512823.jpg?resize=1400%2C800&ssl=1 4x"},"classes":[]},{"id":48636,"url":"https:\/\/www.akehedman.se\/wordpress\/?p=48636","url_meta":{"origin":38185,"position":4},"title":"Att minnas","author":"\u00c5ke Hedman","date":"2024-11-03","format":false,"excerpt":"H\u00f6sten liksom h\u00e5ller i sig. Allhelgonahelg. En speciell helg hela mitt liv. Edsbyn. Gl\u00e4dje och sorg n\u00e4r man var barn. Den f\u00f6rsta sn\u00f6n kom n\u00e4stan alltid den h\u00e4r helgen. De vuxna skulle se till gravarna. Oftast var det sn\u00f6storm. Som liten \u00f6verskuggade livet tankar om och p\u00e5 dem som g\u00e5tt\u2026","rel":"","context":"In &quot;Betraktelser &amp; Ber\u00e4ttelse&quot;","block_context":{"text":"Betraktelser &amp; Ber\u00e4ttelse","link":"https:\/\/www.akehedman.se\/wordpress\/?cat=24"},"img":{"alt_text":"","src":"https:\/\/i0.wp.com\/www.akehedman.se\/wordpress\/wp-content\/uploads\/2024\/11\/skogskyrkogarden-allhelgona-768x512.jpg.webp?resize=350%2C200&ssl=1","width":350,"height":200,"srcset":"https:\/\/i0.wp.com\/www.akehedman.se\/wordpress\/wp-content\/uploads\/2024\/11\/skogskyrkogarden-allhelgona-768x512.jpg.webp?resize=350%2C200&ssl=1 1x, https:\/\/i0.wp.com\/www.akehedman.se\/wordpress\/wp-content\/uploads\/2024\/11\/skogskyrkogarden-allhelgona-768x512.jpg.webp?resize=525%2C300&ssl=1 1.5x, https:\/\/i0.wp.com\/www.akehedman.se\/wordpress\/wp-content\/uploads\/2024\/11\/skogskyrkogarden-allhelgona-768x512.jpg.webp?resize=700%2C400&ssl=1 2x"},"classes":[]},{"id":21150,"url":"https:\/\/www.akehedman.se\/wordpress\/?p=21150","url_meta":{"origin":38185,"position":5},"title":"Hansen-T\u00f6rn","author":"\u00c5ke Hedman","date":"2016-07-31","format":false,"excerpt":"Morfar, den allvarlige mannen tv\u00e5a fr\u00e5n v\u00e4nster. Bilden tagen p\u00e5 en sl\u00e4kttr\u00e4ff i Ejheden sommaren 1966. Han \u00e4r en av T\u00f6rnshans pojkarna. Jag h\u00f6rde historierna om dem av de gamla p\u00e5 Tr\u00e4f\u00f6r\u00e4dlingen. I varje slagsm\u00e5l som f\u00f6rekom i Ovan\u00e5ker s\u00e5 var dom med, ofta var det en av dem som\u2026","rel":"","context":"In &quot;Betraktelser &amp; Ber\u00e4ttelse&quot;","block_context":{"text":"Betraktelser &amp; Ber\u00e4ttelse","link":"https:\/\/www.akehedman.se\/wordpress\/?cat=24"},"img":{"alt_text":"morfar","src":"https:\/\/i0.wp.com\/www.akehedman.se\/wordpress\/wp-content\/uploads\/2016\/07\/morfar-1024x1016.png?resize=350%2C200","width":350,"height":200,"srcset":"https:\/\/i0.wp.com\/www.akehedman.se\/wordpress\/wp-content\/uploads\/2016\/07\/morfar-1024x1016.png?resize=350%2C200 1x, https:\/\/i0.wp.com\/www.akehedman.se\/wordpress\/wp-content\/uploads\/2016\/07\/morfar-1024x1016.png?resize=525%2C300 1.5x"},"classes":[]}],"jetpack_shortlink":"https:\/\/wp.me\/p68PL2-9VT","_links":{"self":[{"href":"https:\/\/www.akehedman.se\/wordpress\/index.php?rest_route=\/wp\/v2\/posts\/38185","targetHints":{"allow":["GET"]}}],"collection":[{"href":"https:\/\/www.akehedman.se\/wordpress\/index.php?rest_route=\/wp\/v2\/posts"}],"about":[{"href":"https:\/\/www.akehedman.se\/wordpress\/index.php?rest_route=\/wp\/v2\/types\/post"}],"author":[{"embeddable":true,"href":"https:\/\/www.akehedman.se\/wordpress\/index.php?rest_route=\/wp\/v2\/users\/24"}],"replies":[{"embeddable":true,"href":"https:\/\/www.akehedman.se\/wordpress\/index.php?rest_route=%2Fwp%2Fv2%2Fcomments&post=38185"}],"version-history":[{"count":1,"href":"https:\/\/www.akehedman.se\/wordpress\/index.php?rest_route=\/wp\/v2\/posts\/38185\/revisions"}],"predecessor-version":[{"id":38187,"href":"https:\/\/www.akehedman.se\/wordpress\/index.php?rest_route=\/wp\/v2\/posts\/38185\/revisions\/38187"}],"wp:attachment":[{"href":"https:\/\/www.akehedman.se\/wordpress\/index.php?rest_route=%2Fwp%2Fv2%2Fmedia&parent=38185"}],"wp:term":[{"taxonomy":"category","embeddable":true,"href":"https:\/\/www.akehedman.se\/wordpress\/index.php?rest_route=%2Fwp%2Fv2%2Fcategories&post=38185"},{"taxonomy":"post_tag","embeddable":true,"href":"https:\/\/www.akehedman.se\/wordpress\/index.php?rest_route=%2Fwp%2Fv2%2Ftags&post=38185"}],"curies":[{"name":"wp","href":"https:\/\/api.w.org\/{rel}","templated":true}]}}