{"id":38138,"date":"2021-03-16T09:01:52","date_gmt":"2021-03-16T08:01:52","guid":{"rendered":"https:\/\/www.akehedman.se\/wordpress\/?p=38138"},"modified":"2021-03-16T09:01:52","modified_gmt":"2021-03-16T08:01:52","slug":"frankrike","status":"publish","type":"post","link":"https:\/\/www.akehedman.se\/wordpress\/?p=38138","title":{"rendered":"Frankrike"},"content":{"rendered":"\n<figure class=\"wp-block-image size-large\"><img data-recalc-dims=\"1\" loading=\"lazy\" decoding=\"async\" width=\"580\" height=\"629\" src=\"https:\/\/i0.wp.com\/www.akehedman.se\/wordpress\/wp-content\/uploads\/2021\/03\/800px-Arc_Triomphe.jpg?resize=580%2C629&#038;ssl=1\" alt=\"\" class=\"wp-image-38139\" srcset=\"https:\/\/i0.wp.com\/www.akehedman.se\/wordpress\/wp-content\/uploads\/2021\/03\/800px-Arc_Triomphe.jpg?w=800&amp;ssl=1 800w, https:\/\/i0.wp.com\/www.akehedman.se\/wordpress\/wp-content\/uploads\/2021\/03\/800px-Arc_Triomphe.jpg?resize=277%2C300&amp;ssl=1 277w, https:\/\/i0.wp.com\/www.akehedman.se\/wordpress\/wp-content\/uploads\/2021\/03\/800px-Arc_Triomphe.jpg?resize=768%2C832&amp;ssl=1 768w\" sizes=\"auto, (max-width: 580px) 100vw, 580px\" \/><\/figure>\n\n\n\n<p class=\"wp-block-paragraph\">Han heter Guillaume, Har problem med en av mina grejer. Det l\u00f6ser sig efter n\u00e5gra mail fram och tillbaks. En v\u00e4nlig fransman. Jag k\u00e4nner tv\u00e5 till faktiskt. Annars \u00e4r min bild starkt pr\u00e4glad av franska servit\u00f6rer i Paris som har varit allt annat \u00e4n v\u00e4nliga eller f\u00f6r den delen serviceinriktade.<\/p>\n\n\n\n<p class=\"wp-block-paragraph\">Jo, jag v\u00e4ntar mig att tyskar skall vara lite dryga s\u00e5d\u00e4r. Att fransman skall vara sura och tv\u00e4ra. Fast oftast \u00e4r s\u00e5klart de d\u00e4r m\u00e5lbilderna helt upp\u00e5t v\u00e4ggarna. Jag k\u00e4nner en och annan \u00f6dmjuk tysk ocks\u00e5. Hur bra som helst. Man f\u00e5r omv\u00e4rdera. Motvilligt.<\/p>\n\n\n\n<p class=\"wp-block-paragraph\">Fransm\u00e4nnen har v\u00e4l aldrig vunnit ett krig. Men d\u00e4rifr\u00e5n till ett erk\u00e4nnande det \u00e4r det l\u00e5ngt. L\u00e5tsas man att man vunnit i alla fall s\u00e5 blir man en vinnare, resoneras det. S\u00e5ledes f\u00e5r man en anledning att fira segern varje \u00e5r. Kan bygga triumfb\u00e5gar och ha m\u00e4ktiga parader d\u00e4r medaljer i gl\u00e4nsande val\u00f6rer delas ut till de tappra (som egentligen flydde s\u00e5 fort fienden visade sig).<\/p>\n\n\n\n<p class=\"wp-block-paragraph\">Den d\u00e4r i Paris f\u00f6rresten. B\u00e5gen allts\u00e5. Den vid Place Charles de Gaulle. D\u00e4r den ok\u00e4nde soldatens grav ocks\u00e5 ligger. Det finns fler.  K och jag hittade triumfb\u00e5gen en kv\u00e4ll d\u00e4r i Paris och prickade av den fr\u00e5n listan. Den var sannerligen inte s\u00e5 imponerande som p\u00e5 bild. Men avprickat \u00e4r avprickat. Dagen efter s\u00e5 vandrade vi in i &#8220;den riktiga&#8221; mest av en slump. Uppt\u00e4ckte att det kryllar av dom i Paris. N\u00e5ja, det finns \u00e5tminstone tv\u00e5. Men ibland g\u00e5r det som det g\u00e5r. Kan till\u00e4gga att vi inte befann oss efter den gatan f\u00f6r att shoppa&#8230;<\/p>\n\n\n\n<p class=\"wp-block-paragraph\">Men &#8220;Guillaume&#8221;.  Smaka p\u00e5 det. Det \u00e4r liksom lite annat \u00e4n <em>Lars<\/em>, <em>Anders<\/em> och <em>Sven<\/em>. Varf\u00f6r d\u00f6pte vi inte en av s\u00f6nerna till Guillaume? Man undrar. Skaffar vi en hankatt n\u00e5gon g\u00e5ng skall den definitivt f\u00e5 heta  Guillaume om jag f\u00e5 best\u00e4mma. D\u00e4r har vi f.\u00f6. en tradition med Franska namn eftersom en av v\u00e5ra katter (f\u00f6dd trebent) hade namnet Phebus, efter en tapper Fransk riddare.<\/p>\n\n\n\n<p class=\"wp-block-paragraph\">Min dr\u00f6m om en l\u00e5ng resa med bil i Europa innefattar s\u00e5klart Frankrike.  \u00c5tminstone en vecka. Det finns landsbygd och folket d\u00e4r att utforska. T\u00e4nk om man etikettsatte alla m\u00e4nniskor efter stressade och livsstilslivr\u00e4dda Stockholmare. Inte blev bilden korrekt p\u00e5 ens ett endaste vis d\u00e5. Det riktiga folket finns d\u00e4r ute p\u00e5 landet. Eller s\u00e5klart b\u00e5de i stad och p\u00e5 landsbygden. Men det \u00e4r tillsammans dom bildar sj\u00e4lva landet och dess folk. Vi  gl\u00f6mmer det s\u00e5 ofta h\u00e4r i Sverige. Fokuserar oss blinda p\u00e5 Stureplan som om Gud fanns just d\u00e4r n\u00e4r han\/hon\/det\/gud inte skulle komma p\u00e5 tanken att ens s\u00e4tta sin fot i en milj\u00f6 d\u00e4r ingen v\u00e5gar annat \u00e4n att f\u00f6lja efter den som st\u00e5r n\u00e4rmast eller \u00f6ver.<\/p>\n\n\n\n<p class=\"wp-block-paragraph\">Men den d\u00e4r m\u00e5nadsl\u00e5nga resan genom Europa kanske bara \u00e4r en dr\u00f6m.  Fast dr\u00f6mmar \u00e4r bra att ha dom ocks\u00e5.  H\u00e5ller en uppe mer \u00e4n att buttert stirra in i en kal v\u00e4gg utan n\u00e5got gott att l\u00e4ngta efter. Fast Paris skall det v\u00e4l g\u00e5 att ta sig till. En helg. F\u00f6r en kaffe och en croissant framsl\u00e4ngd p\u00e5 bordet av en sur och butter servit\u00f6r som tycke alla borde i alla fall klara att s\u00e4ga mer \u00e4n tack p\u00e5 franska annars kan de gott stanna hemma i sina egna skitl\u00e4nder. H\u00e4rligt liksom. Skulle man m\u00f6ta en trevlig servit\u00f6r i Paris blev man verkligen besviken och det ingen dricks till den f\u00f6rloraren. Nope.  <\/p>\n\n\n\n<p class=\"wp-block-paragraph\">Men det d\u00e4r f\u00e5r bli efter Covid-19. Om man \u00f6verlever. <\/p>\n","protected":false},"excerpt":{"rendered":"<p>Han heter Guillaume, Har problem med en av mina grejer. Det l\u00f6ser sig efter n\u00e5gra mail fram och tillbaks. En v\u00e4nlig fransman. Jag k\u00e4nner tv\u00e5 till faktiskt. Annars \u00e4r min bild starkt pr\u00e4glad av franska servit\u00f6rer i Paris som har varit allt annat \u00e4n v\u00e4nliga eller f\u00f6r den delen serviceinriktade. Jo, jag v\u00e4ntar mig att [&hellip;]<\/p>\n","protected":false},"author":24,"featured_media":0,"comment_status":"open","ping_status":"open","sticky":false,"template":"","format":"standard","meta":{"_crdt_document":"","jetpack_post_was_ever_published":false,"_jetpack_newsletter_access":"","_jetpack_dont_email_post_to_subs":false,"_jetpack_newsletter_tier_id":0,"_jetpack_memberships_contains_paywalled_content":false,"_jetpack_memberships_contains_paid_content":false,"footnotes":"","jetpack_publicize_message":"","jetpack_publicize_feature_enabled":true,"jetpack_social_post_already_shared":true,"jetpack_social_options":{"image_generator_settings":{"template":"highway","default_image_id":0,"font":"","enabled":false},"version":2}},"categories":[2],"tags":[],"class_list":["post-38138","post","type-post","status-publish","format-standard","hentry","category-swedish"],"jetpack_publicize_connections":[],"jetpack_featured_media_url":"","jetpack_sharing_enabled":true,"jetpack_likes_enabled":true,"jetpack-related-posts":[{"id":17712,"url":"https:\/\/www.akehedman.se\/wordpress\/?p=17712","url_meta":{"origin":38138,"position":0},"title":"Fr\u00e5n andra sidan","author":"\u00c5ke Hedman","date":"2015-04-28","format":false,"excerpt":"S\u00e5 har man vunnit igen d\u00e5. Ja om man nu vill leva och har vaknat och ser sig sj\u00e4lv i spegeln d\u00e4r vid morgonkissen. Ja d\u00e5 lever man v\u00e4l? Och vinst m\u00e5ste det v\u00e4l anses vara. Ja jag gillar att leva. Helt s\u00e4kert \u00e4r det s\u00e5klart inte att man \u00f6verlever\u2026","rel":"","context":"In &quot;Betraktelser &amp; Ber\u00e4ttelse&quot;","block_context":{"text":"Betraktelser &amp; Ber\u00e4ttelse","link":"https:\/\/www.akehedman.se\/wordpress\/?cat=24"},"img":{"alt_text":"D\u00f6skalle svart_big","src":"https:\/\/i0.wp.com\/www.akehedman.se\/wordpress\/wp-content\/uploads\/2015\/04\/D%C3%B6skalle-svart_big.jpg?resize=350%2C200","width":350,"height":200},"classes":[]},{"id":20269,"url":"https:\/\/www.akehedman.se\/wordpress\/?p=20269","url_meta":{"origin":38138,"position":1},"title":"Trettio \u00e5r, precis idag","author":"\u00c5ke Hedman","date":"2016-05-01","format":false,"excerpt":"Idag. Precis idag har vi d\u00e5 bott h\u00e4r i Los i trettio \u00e5r. Herregud! Jag har aldrig bott l\u00e4ngre sammanh\u00e5llen tid p\u00e5 n\u00e5gon annan plats. Nej inte ens i Edsbyn d\u00e4r jag \u00e4nd\u00e5 k\u00e4nner att jag kanske har en eller tv\u00e5 eller ibland till och med tre r\u00f6tter nedstuckna. Det\u2026","rel":"","context":"In &quot;Betraktelser &amp; Ber\u00e4ttelse&quot;","block_context":{"text":"Betraktelser &amp; Ber\u00e4ttelse","link":"https:\/\/www.akehedman.se\/wordpress\/?cat=24"},"img":{"alt_text":"250px-White-Wagtail","src":"https:\/\/i0.wp.com\/www.akehedman.se\/wordpress\/wp-content\/uploads\/2016\/05\/250px-White-Wagtail.jpg?resize=350%2C200","width":350,"height":200},"classes":[]},{"id":18448,"url":"https:\/\/www.akehedman.se\/wordpress\/?p=18448","url_meta":{"origin":38138,"position":2},"title":"Hurra, hurra, hurra","author":"\u00c5ke Hedman","date":"2015-08-18","format":false,"excerpt":"N\u00e4r andra m\u00e4nniskor n\u00e5r sina m\u00e5l blir jag alldeles varm inombords. Ja glad. Inte avundsjuk. F\u00f6r n\u00e4r jag sj\u00e4lv n\u00e5r mina m\u00e5l blir jag l\u00e5g som en markt\u00e4ckande bl\u00f6t mossa. Det finns ingen anledning att fira liksom. Som p\u00e5 bilden h\u00e4r ovan. Jag har precis vunnit tio tusen kronor. \u00c4r\u2026","rel":"","context":"In &quot;Betraktelser &amp; Ber\u00e4ttelse&quot;","block_context":{"text":"Betraktelser &amp; Ber\u00e4ttelse","link":"https:\/\/www.akehedman.se\/wordpress\/?cat=24"},"img":{"alt_text":"10527860_10152310549122098_3885793253067293053_n","src":"https:\/\/i0.wp.com\/www.akehedman.se\/wordpress\/wp-content\/uploads\/2015\/08\/10527860_10152310549122098_3885793253067293053_n.jpg?resize=350%2C200","width":350,"height":200},"classes":[]},{"id":51748,"url":"https:\/\/www.akehedman.se\/wordpress\/?p=51748","url_meta":{"origin":38138,"position":3},"title":"Tack och adj\u00f6","author":"\u00c5ke Hedman","date":"2026-04-20","format":false,"excerpt":"Photo by Lorenzo Manera on Pexels.com Ser den f\u00f6rsta m\u00e5sen idag. D\u00e5 \u00e4r det tamefan sommar. Saknas f\u00f6r att riktigt kunna utropa dylikt skifte kr\u00e4vs s\u00e5klart S\u00e4des\u00e4rla och Svalor. S\u00e4des\u00e4rlorna har efter vad jag f\u00f6rst\u00e5r minskat v\u00e4ldigt mycket i antal. Det \u00e4r v\u00e4l Fransm\u00e4nnen. De \u00e4r bra p\u00e5 mycket, och\u2026","rel":"","context":"In &quot;Betraktelser &amp; Ber\u00e4ttelse&quot;","block_context":{"text":"Betraktelser &amp; Ber\u00e4ttelse","link":"https:\/\/www.akehedman.se\/wordpress\/?cat=24"},"img":{"alt_text":"graceful seagull soaring against blue sky","src":"https:\/\/i0.wp.com\/www.akehedman.se\/wordpress\/wp-content\/uploads\/2026\/04\/pexels-photo-33446386.jpeg?resize=350%2C200&ssl=1","width":350,"height":200,"srcset":"https:\/\/i0.wp.com\/www.akehedman.se\/wordpress\/wp-content\/uploads\/2026\/04\/pexels-photo-33446386.jpeg?resize=350%2C200&ssl=1 1x, https:\/\/i0.wp.com\/www.akehedman.se\/wordpress\/wp-content\/uploads\/2026\/04\/pexels-photo-33446386.jpeg?resize=525%2C300&ssl=1 1.5x, https:\/\/i0.wp.com\/www.akehedman.se\/wordpress\/wp-content\/uploads\/2026\/04\/pexels-photo-33446386.jpeg?resize=700%2C400&ssl=1 2x, https:\/\/i0.wp.com\/www.akehedman.se\/wordpress\/wp-content\/uploads\/2026\/04\/pexels-photo-33446386.jpeg?resize=1050%2C600&ssl=1 3x, https:\/\/i0.wp.com\/www.akehedman.se\/wordpress\/wp-content\/uploads\/2026\/04\/pexels-photo-33446386.jpeg?resize=1400%2C800&ssl=1 4x"},"classes":[]},{"id":16218,"url":"https:\/\/www.akehedman.se\/wordpress\/?p=16218","url_meta":{"origin":38138,"position":4},"title":"Hundarna","author":"\u00c5ke Hedman","date":"2015-01-20","format":false,"excerpt":"En hund sk\u00e4ller p\u00e5 andra sidan dalg\u00e5ngen. Gjorde de inte det, byns hundar, och det var helt tyst en morgon s\u00e5 visste man att alla gett sig av. Att man satt h\u00e4r ensam i Lo(o)s, eller ensam i H\u00e4lsingland eller kanske ensam i hela v\u00e4rlden. Att alla andra hade dragit\u2026","rel":"","context":"In &quot;Betraktelser &amp; Ber\u00e4ttelse&quot;","block_context":{"text":"Betraktelser &amp; Ber\u00e4ttelse","link":"https:\/\/www.akehedman.se\/wordpress\/?cat=24"},"img":{"alt_text":"2014-12-17_22-46-37","src":"https:\/\/i0.wp.com\/www.eurosource.se\/akhe\/wordpress\/wp-content\/uploads\/2015\/01\/2014-12-17_22-46-37.jpg?resize=350%2C200","width":350,"height":200,"srcset":"https:\/\/i0.wp.com\/www.eurosource.se\/akhe\/wordpress\/wp-content\/uploads\/2015\/01\/2014-12-17_22-46-37.jpg?resize=350%2C200 1x, https:\/\/i0.wp.com\/www.eurosource.se\/akhe\/wordpress\/wp-content\/uploads\/2015\/01\/2014-12-17_22-46-37.jpg?resize=525%2C300 1.5x, https:\/\/i0.wp.com\/www.eurosource.se\/akhe\/wordpress\/wp-content\/uploads\/2015\/01\/2014-12-17_22-46-37.jpg?resize=700%2C400 2x"},"classes":[]},{"id":46619,"url":"https:\/\/www.akehedman.se\/wordpress\/?p=46619","url_meta":{"origin":38138,"position":5},"title":"Brummar runt","author":"\u00c5ke Hedman","date":"2023-12-03","format":false,"excerpt":"Photo by Nathan Salt on Pexels.com Bolln\u00e4s p\u00e5 fredag. Uppsala p\u00e5 l\u00f6rdag, Ljusdal p\u00e5 s\u00f6ndag. Nu har det \u00e5kts bil s\u00e5 det r\u00e4cker ett tag. Iof \u00e4r det Bolln\u00e4s p\u00e5 fredag ocks\u00e5 och Ving\u00e5ker fredagen efter. Men \u00e5tminstone n\u00e5gra dagar f\u00e5r bilen st\u00e5 d\u00e4r den st\u00e5r i stallet. M\u00f6jligen endast\u2026","rel":"","context":"In &quot;Swedish&quot;","block_context":{"text":"Swedish","link":"https:\/\/www.akehedman.se\/wordpress\/?cat=2"},"img":{"alt_text":"photo of man riding red motor scooter","src":"https:\/\/i0.wp.com\/www.akehedman.se\/wordpress\/wp-content\/uploads\/2023\/12\/pexels-photo-2549355.jpeg?resize=350%2C200&ssl=1","width":350,"height":200,"srcset":"https:\/\/i0.wp.com\/www.akehedman.se\/wordpress\/wp-content\/uploads\/2023\/12\/pexels-photo-2549355.jpeg?resize=350%2C200&ssl=1 1x, https:\/\/i0.wp.com\/www.akehedman.se\/wordpress\/wp-content\/uploads\/2023\/12\/pexels-photo-2549355.jpeg?resize=525%2C300&ssl=1 1.5x, https:\/\/i0.wp.com\/www.akehedman.se\/wordpress\/wp-content\/uploads\/2023\/12\/pexels-photo-2549355.jpeg?resize=700%2C400&ssl=1 2x"},"classes":[]}],"jetpack_shortlink":"https:\/\/wp.me\/p68PL2-9V8","_links":{"self":[{"href":"https:\/\/www.akehedman.se\/wordpress\/index.php?rest_route=\/wp\/v2\/posts\/38138","targetHints":{"allow":["GET"]}}],"collection":[{"href":"https:\/\/www.akehedman.se\/wordpress\/index.php?rest_route=\/wp\/v2\/posts"}],"about":[{"href":"https:\/\/www.akehedman.se\/wordpress\/index.php?rest_route=\/wp\/v2\/types\/post"}],"author":[{"embeddable":true,"href":"https:\/\/www.akehedman.se\/wordpress\/index.php?rest_route=\/wp\/v2\/users\/24"}],"replies":[{"embeddable":true,"href":"https:\/\/www.akehedman.se\/wordpress\/index.php?rest_route=%2Fwp%2Fv2%2Fcomments&post=38138"}],"version-history":[{"count":1,"href":"https:\/\/www.akehedman.se\/wordpress\/index.php?rest_route=\/wp\/v2\/posts\/38138\/revisions"}],"predecessor-version":[{"id":38140,"href":"https:\/\/www.akehedman.se\/wordpress\/index.php?rest_route=\/wp\/v2\/posts\/38138\/revisions\/38140"}],"wp:attachment":[{"href":"https:\/\/www.akehedman.se\/wordpress\/index.php?rest_route=%2Fwp%2Fv2%2Fmedia&parent=38138"}],"wp:term":[{"taxonomy":"category","embeddable":true,"href":"https:\/\/www.akehedman.se\/wordpress\/index.php?rest_route=%2Fwp%2Fv2%2Fcategories&post=38138"},{"taxonomy":"post_tag","embeddable":true,"href":"https:\/\/www.akehedman.se\/wordpress\/index.php?rest_route=%2Fwp%2Fv2%2Ftags&post=38138"}],"curies":[{"name":"wp","href":"https:\/\/api.w.org\/{rel}","templated":true}]}}