{"id":38059,"date":"2021-03-08T09:14:51","date_gmt":"2021-03-08T08:14:51","guid":{"rendered":"https:\/\/www.akehedman.se\/wordpress\/?p=38059"},"modified":"2021-03-08T09:14:51","modified_gmt":"2021-03-08T08:14:51","slug":"den-attonde","status":"publish","type":"post","link":"https:\/\/www.akehedman.se\/wordpress\/?p=38059","title":{"rendered":"Den \u00e5ttonde"},"content":{"rendered":"\n<figure class=\"wp-block-image size-large\"><img data-recalc-dims=\"1\" loading=\"lazy\" decoding=\"async\" width=\"580\" height=\"870\" src=\"https:\/\/i0.wp.com\/www.akehedman.se\/wordpress\/wp-content\/uploads\/2021\/03\/pexels-photo-5705519.jpeg?resize=580%2C870&#038;ssl=1\" alt=\"grandmother and her granddaughter went shopping\" class=\"wp-image-38060\" srcset=\"https:\/\/i0.wp.com\/www.akehedman.se\/wordpress\/wp-content\/uploads\/2021\/03\/pexels-photo-5705519.jpeg?w=867&amp;ssl=1 867w, https:\/\/i0.wp.com\/www.akehedman.se\/wordpress\/wp-content\/uploads\/2021\/03\/pexels-photo-5705519.jpeg?resize=200%2C300&amp;ssl=1 200w, https:\/\/i0.wp.com\/www.akehedman.se\/wordpress\/wp-content\/uploads\/2021\/03\/pexels-photo-5705519.jpeg?resize=683%2C1024&amp;ssl=1 683w, https:\/\/i0.wp.com\/www.akehedman.se\/wordpress\/wp-content\/uploads\/2021\/03\/pexels-photo-5705519.jpeg?resize=768%2C1152&amp;ssl=1 768w\" sizes=\"auto, (max-width: 580px) 100vw, 580px\" \/><figcaption>Photo by Anastasia  Shuraeva on <a href=\"https:\/\/www.pexels.com\/photo\/grandmother-and-her-granddaughter-went-shopping-5705519\/\" rel=\"nofollow\">Pexels.com<\/a><\/figcaption><\/figure>\n\n\n\n<p class=\"wp-block-paragraph\"><a href=\"https:\/\/www.aftonbladet.se\/nyheter\/a\/kRmBoX\/svenska-folket-hon-ar-arets-kvinna\">Kvinnodag<\/a> och f\u00f6delsedag. Den f\u00f6rsta \u00f6nskade man inte fanns. Ja, eller beh\u00f6vdes. Men den beh\u00f6vs. Finns l\u00e5ng v\u00e4g att vandra.  Det visar v\u00e4l valet som m\u00e4nnen g\u00f6r av \u00e5rets kvinna. Ebba. <strong>F\u00f6r helvete<\/strong>! &#8220;<em>Man kan ha f\u00f6r h\u00f6ga kindben ocks\u00e5<\/em>&#8221; som Uffe skrev och han \u00e4r definitivt inte alltid den som bara t\u00e4nker med det huvud som sitter h\u00f6gst upp p\u00e5 en man. Men Ebba. En idiot. Om jag blir tillfr\u00e5gad. Agnes, ettan, det motsatta s\u00e5klart. Fantastisk. Kompetent. Ja trean ocks\u00e5. Frun\/flickv\u00e4nnen, men kanske lite v\u00e4l inst\u00e4llsamt. I alla fall f\u00f6r att bli trov\u00e4rdigt.<\/p>\n\n\n\n<p class=\"wp-block-paragraph\">Sen f\u00f6delsedag. Som skall firas p\u00e5 riktigt kommande l\u00f6rdag. Yngste sonen fyller tjugonio. Hur kan man ens tro att det \u00e4r m\u00f6jligt. Men s\u00e5 \u00e4r det. Borde betyda att man sj\u00e4lv \u00e4r gammal. Kan det vara s\u00e5? Men tjugonio \u00e5r sedan han ville ut och se sig omkring i v\u00e4rlden allts\u00e5. En stor klump d\u00e5. Mindre idag. BMI r\u00e4knat. En godhj\u00e4rtad kille. Elektronikfantast \u00e5t syntmodulh\u00e5llet numera. Bygger fantastiskt vackra och komplicerade saker. Man ligger i l\u00e4 d\u00e4r.  Gl\u00e4ds \u00e5t det. Ett grattis N. p\u00e5 din dag f\u00e5r man v\u00e4l \u00e4nd\u00e5 utbrista.<\/p>\n\n\n\n<p class=\"wp-block-paragraph\">Min vecka b\u00f6rjade ju ig\u00e5r. Som alltid. Och den forts\u00e4tter v\u00e4l idag ungef\u00e4r p\u00e5 samma s\u00e4tt som den startad ig\u00e5r. En ny dialogruta som skall fyllas med information och f\u00e5 knappar som g\u00f6r saker. Det \u00e4r en l\u00e5ng v\u00e4g s\u00e5klart att f\u00e5 till ett anv\u00e4ndbart anv\u00e4ndarinterface, men roligt ocks\u00e5. \u00c4r mer synligt \u00e4n att g\u00f6ra drivare och inb\u00e4ddade konstruktioner d\u00e4r jobbet s\u00e4llan sysn. S\u00e5 jag har helt enkelt inte tid att sitta h\u00e4r och skriva blogginl\u00e4gg. Det skall knappa p\u00e5. Moroten \u00e4r sonens f\u00f6delsedag p\u00e5 l\u00f6rdag n\u00e4r man f\u00f6rhoppningsvis f\u00e5r smaka p\u00e5 t\u00e5rtan och \u00e4ta hans Indiska \u00f6nskemiddag. Gott i kvadrat. Ja och blir &#8220;<em>klar<\/em>&#8221; en vacker dag.<\/p>\n","protected":false},"excerpt":{"rendered":"<p>Kvinnodag och f\u00f6delsedag. Den f\u00f6rsta \u00f6nskade man inte fanns. Ja, eller beh\u00f6vdes. Men den beh\u00f6vs. Finns l\u00e5ng v\u00e4g att vandra. Det visar v\u00e4l valet som m\u00e4nnen g\u00f6r av \u00e5rets kvinna. Ebba. F\u00f6r helvete! &#8220;Man kan ha f\u00f6r h\u00f6ga kindben ocks\u00e5&#8221; som Uffe skrev och han \u00e4r definitivt inte alltid den som bara t\u00e4nker med det [&hellip;]<\/p>\n","protected":false},"author":24,"featured_media":0,"comment_status":"open","ping_status":"open","sticky":false,"template":"","format":"standard","meta":{"_crdt_document":"","jetpack_post_was_ever_published":false,"_jetpack_newsletter_access":"","_jetpack_dont_email_post_to_subs":false,"_jetpack_newsletter_tier_id":0,"_jetpack_memberships_contains_paywalled_content":false,"_jetpack_memberships_contains_paid_content":false,"footnotes":"","jetpack_publicize_message":"","jetpack_publicize_feature_enabled":true,"jetpack_social_post_already_shared":true,"jetpack_social_options":{"image_generator_settings":{"template":"highway","default_image_id":0,"font":"","enabled":false},"version":2}},"categories":[2],"tags":[],"class_list":["post-38059","post","type-post","status-publish","format-standard","hentry","category-swedish"],"jetpack_publicize_connections":[],"jetpack_featured_media_url":"","jetpack_sharing_enabled":true,"jetpack_likes_enabled":true,"jetpack-related-posts":[{"id":9087,"url":"https:\/\/www.akehedman.se\/wordpress\/?p=9087","url_meta":{"origin":38059,"position":0},"title":"En o-cool gubbe i Stockholm","author":"\u00c5ke Hedman","date":"2013-08-29","format":false,"excerpt":"Vi skulle till Stockholm, frun och jag. Vi brukar g\u00f6ra det ibland. Hon \u00e4r f\u00f6dd d\u00e4r och jag har bott d\u00e4r tillsammans med henne och vi gillar den d\u00e4r f\u00f6rbannade staden b\u00e5da tv\u00e5. Bullshitcityk\u00e4rlek. Det blir lite annat \u00e4n skog och tr\u00e4d och skog och tr\u00e4d och en kotte och\u2026","rel":"","context":"In &quot;Betraktelser &amp; Ber\u00e4ttelse&quot;","block_context":{"text":"Betraktelser &amp; Ber\u00e4ttelse","link":"https:\/\/www.akehedman.se\/wordpress\/?cat=24"},"img":{"alt_text":"bernssalonger","src":"https:\/\/i0.wp.com\/www.eurosource.se\/akhe\/wordpress\/wp-content\/uploads\/2013\/08\/bernssalonger.jpg?resize=350%2C200","width":350,"height":200},"classes":[]},{"id":32413,"url":"https:\/\/www.akehedman.se\/wordpress\/?p=32413","url_meta":{"origin":38059,"position":1},"title":"F\u00e4ngslad","author":"\u00c5ke Hedman","date":"2019-06-25","format":false,"excerpt":"Fyra v\u00e4ggar. En d\u00f6rr. Vitt ljus. En sjukhuss\u00e4ng p\u00e5 v\u00e5ning 12. Utsikt. F\u00f6rs\u00f6ker hitta rutiner. Antibiotika. Dropp. Mediciner. Frukost. V\u00e4ntan. Rond..V\u00e4ntan. V\u00e4ntan. Det \u00e4r inte s\u00e5 farligt. Den efterl\u00e4ngtade duschen. Kamma sig. Nya kl\u00e4der. Allt \u00e4r stort. Res\u00e5rer gamla. Men bekv\u00e4mt. Det bara finns.. s\u00e5 mer v\u00e4ntan. Man kan l\u00e4sa\u2026","rel":"","context":"In &quot;Swedish&quot;","block_context":{"text":"Swedish","link":"https:\/\/www.akehedman.se\/wordpress\/?cat=2"},"img":{"alt_text":"","src":"https:\/\/i0.wp.com\/www.akehedman.se\/wordpress\/wp-content\/uploads\/2019\/06\/IMG_20190622_171241066_HDR.jpg?resize=350%2C200&ssl=1","width":350,"height":200,"srcset":"https:\/\/i0.wp.com\/www.akehedman.se\/wordpress\/wp-content\/uploads\/2019\/06\/IMG_20190622_171241066_HDR.jpg?resize=350%2C200&ssl=1 1x, https:\/\/i0.wp.com\/www.akehedman.se\/wordpress\/wp-content\/uploads\/2019\/06\/IMG_20190622_171241066_HDR.jpg?resize=525%2C300&ssl=1 1.5x, https:\/\/i0.wp.com\/www.akehedman.se\/wordpress\/wp-content\/uploads\/2019\/06\/IMG_20190622_171241066_HDR.jpg?resize=700%2C400&ssl=1 2x, https:\/\/i0.wp.com\/www.akehedman.se\/wordpress\/wp-content\/uploads\/2019\/06\/IMG_20190622_171241066_HDR.jpg?resize=1050%2C600&ssl=1 3x, https:\/\/i0.wp.com\/www.akehedman.se\/wordpress\/wp-content\/uploads\/2019\/06\/IMG_20190622_171241066_HDR.jpg?resize=1400%2C800&ssl=1 4x"},"classes":[]},{"id":15667,"url":"https:\/\/www.akehedman.se\/wordpress\/?p=15667","url_meta":{"origin":38059,"position":2},"title":"Du f\u00f6raktar mig, hur i helvete skall jag d\u00e5 se p\u00e5 dig!?","author":"\u00c5ke Hedman","date":"2014-12-12","format":false,"excerpt":"Jag tror p\u00e5 \u00e4nglar och troll och Gandalf. Jag varf\u00f6r inte tomten ocks\u00e5. Inte f\u00f6r att jag tr\u00e4ffar och pratar med n\u00e5gon av dem \u00f6ga mot \u00f6ga. Nej det \u00e4r f\u00e5 f\u00f6runnat, bara de riktigt lyckliga har den ynnesten. Men utan dem \u00e4r v\u00e4rlden s\u00e5dan att jag inte orkar leva\u2026","rel":"","context":"In &quot;Betraktelser &amp; Ber\u00e4ttelse&quot;","block_context":{"text":"Betraktelser &amp; Ber\u00e4ttelse","link":"https:\/\/www.akehedman.se\/wordpress\/?cat=24"},"img":{"alt_text":"unicorn_and_stars","src":"https:\/\/i0.wp.com\/www.eurosource.se\/akhe\/wordpress\/wp-content\/uploads\/2014\/12\/unicorn_and_stars.jpg?resize=350%2C200","width":350,"height":200},"classes":[]},{"id":25722,"url":"https:\/\/www.akehedman.se\/wordpress\/?p=25722","url_meta":{"origin":38059,"position":3},"title":"F\u00f6r sent (f\u00f6r allt).","author":"\u00c5ke Hedman","date":"2017-10-25","format":false,"excerpt":"Ibland tr\u00e4nger tanken igenom allt det d\u00e4r entrepren\u00f6rslullet d\u00e4r i huvudet som har f\u00f6ljt mig hela livet. Att det \u00e4r slut. Inledningen p\u00e5 skuldsaneringen \u00e4r ocks\u00e5 lika med slutet p\u00e5 hela den d\u00e4r \"bygga n\u00e5got\" biten. Den d\u00e4r insikten sk\u00e4r i mig som en kniv i ett \u00f6ppet s\u00e5r. Japp,\u2026","rel":"","context":"In &quot;Betraktelser &amp; Ber\u00e4ttelse&quot;","block_context":{"text":"Betraktelser &amp; Ber\u00e4ttelse","link":"https:\/\/www.akehedman.se\/wordpress\/?cat=24"},"img":{"alt_text":"","src":"https:\/\/i0.wp.com\/www.akehedman.se\/wordpress\/wp-content\/uploads\/2017\/10\/IMG_20171025_094320020-768x1024.jpg?resize=350%2C200","width":350,"height":200},"classes":[]},{"id":24196,"url":"https:\/\/www.akehedman.se\/wordpress\/?p=24196","url_meta":{"origin":38059,"position":4},"title":"Kameran (dubbel\u00e5ttan)","author":"\u00c5ke Hedman","date":"2017-04-24","format":false,"excerpt":"Jag s\u00e4ljer den gamla kameran. Den som betydde s\u00e5 mycket en g\u00e5ng i tiden. Den som filmade den d\u00e4r filmen om mobbing, som gav den f\u00f6rsta radiointervjun, den som bar iv\u00e4g mig mot stillbildsfotografering, fotolabben och la grunden till ett tidigt intresse och en tidig eld och dr\u00f6mmen om en\u2026","rel":"","context":"In &quot;Betraktelser &amp; Ber\u00e4ttelse&quot;","block_context":{"text":"Betraktelser &amp; Ber\u00e4ttelse","link":"https:\/\/www.akehedman.se\/wordpress\/?cat=24"},"img":{"alt_text":"","src":"https:\/\/i0.wp.com\/www.akehedman.se\/wordpress\/wp-content\/uploads\/2017\/04\/Screenshot-from-2017-04-24-144345.png?resize=350%2C200","width":350,"height":200,"srcset":"https:\/\/i0.wp.com\/www.akehedman.se\/wordpress\/wp-content\/uploads\/2017\/04\/Screenshot-from-2017-04-24-144345.png?resize=350%2C200 1x, https:\/\/i0.wp.com\/www.akehedman.se\/wordpress\/wp-content\/uploads\/2017\/04\/Screenshot-from-2017-04-24-144345.png?resize=525%2C300 1.5x, https:\/\/i0.wp.com\/www.akehedman.se\/wordpress\/wp-content\/uploads\/2017\/04\/Screenshot-from-2017-04-24-144345.png?resize=700%2C400 2x"},"classes":[]},{"id":6443,"url":"https:\/\/www.akehedman.se\/wordpress\/?p=6443","url_meta":{"origin":38059,"position":5},"title":"Tussilago och Bisonoxar","author":"\u00c5ke Hedman","date":"2013-04-06","format":false,"excerpt":"Ett reportage p\u00e5 Rapport. Tussilagon har kommit. Var vet jag inte, men den har kommit. Vackra bilder fr\u00e5n en s\u00f6dersluttning som nyss tagit sig igenom vintern. Tussilagon har k\u00e4mpat och vunnit d\u00e4r med solens hj\u00e4lp. Tre fyra blommor har v\u00e5gat sig fram. Avslutningsscenen en hand som knipsar av en av\u2026","rel":"","context":"In &quot;Betraktelser &amp; Ber\u00e4ttelse&quot;","block_context":{"text":"Betraktelser &amp; Ber\u00e4ttelse","link":"https:\/\/www.akehedman.se\/wordpress\/?cat=24"},"img":{"alt_text":"Budb\u00e4raren","src":"https:\/\/i0.wp.com\/www.eurosource.se\/akhe\/wordpress\/wp-content\/uploads\/2013\/04\/tussilago_farfara_e7c.jpg?resize=350%2C200","width":350,"height":200},"classes":[]}],"jetpack_shortlink":"https:\/\/wp.me\/p68PL2-9TR","_links":{"self":[{"href":"https:\/\/www.akehedman.se\/wordpress\/index.php?rest_route=\/wp\/v2\/posts\/38059","targetHints":{"allow":["GET"]}}],"collection":[{"href":"https:\/\/www.akehedman.se\/wordpress\/index.php?rest_route=\/wp\/v2\/posts"}],"about":[{"href":"https:\/\/www.akehedman.se\/wordpress\/index.php?rest_route=\/wp\/v2\/types\/post"}],"author":[{"embeddable":true,"href":"https:\/\/www.akehedman.se\/wordpress\/index.php?rest_route=\/wp\/v2\/users\/24"}],"replies":[{"embeddable":true,"href":"https:\/\/www.akehedman.se\/wordpress\/index.php?rest_route=%2Fwp%2Fv2%2Fcomments&post=38059"}],"version-history":[{"count":1,"href":"https:\/\/www.akehedman.se\/wordpress\/index.php?rest_route=\/wp\/v2\/posts\/38059\/revisions"}],"predecessor-version":[{"id":38061,"href":"https:\/\/www.akehedman.se\/wordpress\/index.php?rest_route=\/wp\/v2\/posts\/38059\/revisions\/38061"}],"wp:attachment":[{"href":"https:\/\/www.akehedman.se\/wordpress\/index.php?rest_route=%2Fwp%2Fv2%2Fmedia&parent=38059"}],"wp:term":[{"taxonomy":"category","embeddable":true,"href":"https:\/\/www.akehedman.se\/wordpress\/index.php?rest_route=%2Fwp%2Fv2%2Fcategories&post=38059"},{"taxonomy":"post_tag","embeddable":true,"href":"https:\/\/www.akehedman.se\/wordpress\/index.php?rest_route=%2Fwp%2Fv2%2Ftags&post=38059"}],"curies":[{"name":"wp","href":"https:\/\/api.w.org\/{rel}","templated":true}]}}