{"id":38049,"date":"2021-03-05T09:45:46","date_gmt":"2021-03-05T08:45:46","guid":{"rendered":"https:\/\/www.akehedman.se\/wordpress\/?p=38049"},"modified":"2021-03-05T09:45:46","modified_gmt":"2021-03-05T08:45:46","slug":"for-ljusdalingar","status":"publish","type":"post","link":"https:\/\/www.akehedman.se\/wordpress\/?p=38049","title":{"rendered":"F\u00f6r &#8220;Ljusdalingar&#8221;"},"content":{"rendered":"\n<figure class=\"wp-block-image size-large\"><img data-recalc-dims=\"1\" loading=\"lazy\" decoding=\"async\" width=\"580\" height=\"319\" src=\"https:\/\/i0.wp.com\/www.akehedman.se\/wordpress\/wp-content\/uploads\/2021\/03\/Screenshot-from-2021-03-05-09-43-24.png?resize=580%2C319&#038;ssl=1\" alt=\"\" class=\"wp-image-38050\" srcset=\"https:\/\/i0.wp.com\/www.akehedman.se\/wordpress\/wp-content\/uploads\/2021\/03\/Screenshot-from-2021-03-05-09-43-24.png?resize=1024%2C564&amp;ssl=1 1024w, https:\/\/i0.wp.com\/www.akehedman.se\/wordpress\/wp-content\/uploads\/2021\/03\/Screenshot-from-2021-03-05-09-43-24.png?resize=300%2C165&amp;ssl=1 300w, https:\/\/i0.wp.com\/www.akehedman.se\/wordpress\/wp-content\/uploads\/2021\/03\/Screenshot-from-2021-03-05-09-43-24.png?resize=768%2C423&amp;ssl=1 768w, https:\/\/i0.wp.com\/www.akehedman.se\/wordpress\/wp-content\/uploads\/2021\/03\/Screenshot-from-2021-03-05-09-43-24.png?resize=1200%2C661&amp;ssl=1 1200w, https:\/\/i0.wp.com\/www.akehedman.se\/wordpress\/wp-content\/uploads\/2021\/03\/Screenshot-from-2021-03-05-09-43-24.png?w=1232&amp;ssl=1 1232w\" sizes=\"auto, (max-width: 580px) 100vw, 580px\" \/><\/figure>\n\n\n\n<p class=\"wp-block-paragraph\"><strong>ETT LITET PRAT OM LYCKA<\/strong><\/p>\n\n\n\n<p class=\"wp-block-paragraph\">Hur lycklig \u00e4r du egentligen? Och hur f\u00e5r du ut mer av livet, relationen, karri\u00e4ren? Alla de d\u00e4r sakerna som p\u00e5verkar hur vi t\u00e4nker, k\u00e4nner, m\u00e5r och presterar, har visat sig h\u00e4nga samman med lycka. \u00c4ven v\u00e5r f\u00f6rm\u00e5ga att vara kreativa.<\/p>\n\n\n\n<p class=\"wp-block-paragraph\"><strong>Onsdag 17 mars 2021 kl 14:00 kan du lyssna p\u00e5 Micael Dahl\u00e9n via digital l\u00e4nk.<\/strong><\/p>\n\n\n\n<p class=\"wp-block-paragraph\">Micael \u00e4r professor vid Handelsh\u00f6gskolan i Stockholm, internationell f\u00f6rel\u00e4sare och f\u00f6rfattare till b\u00f6cker som Nextopia, Kaosologi, Starkt kul, En liten bok om lycka och En liten bok om meningen med livet. Micael \u00e4r ocks\u00e5 programledare f\u00f6r den internationella podcasten Curious.<\/p>\n\n\n\n<p class=\"wp-block-paragraph\">Mer om Micael kan du l\u00e4sa h\u00e4r <a href=\"https:\/\/micaeldahlen.com\/\">https:\/\/micaeldahlen.com\/<\/a><\/p>\n\n\n\n<p class=\"wp-block-paragraph\">Anm\u00e4lan till denna digitala kostnadsfria f\u00f6rel\u00e4sning, g\u00f6r du till oss p\u00e5 N\u00e4rLjus <strong>senast 12 mars<\/strong> till\u00a0 <a href=\"mailto:narljus@ljusdal.se\">narljus@ljusdal.se<\/a><\/p>\n\n\n\n<p class=\"wp-block-paragraph\">ps Tror &#8220;Ovan\u00e5kingar&#8221; har tillg\u00e5ng till det h\u00e4r ocks\u00e5 ds<\/p>\n","protected":false},"excerpt":{"rendered":"<p>ETT LITET PRAT OM LYCKA Hur lycklig \u00e4r du egentligen? Och hur f\u00e5r du ut mer av livet, relationen, karri\u00e4ren? Alla de d\u00e4r sakerna som p\u00e5verkar hur vi t\u00e4nker, k\u00e4nner, m\u00e5r och presterar, har visat sig h\u00e4nga samman med lycka. \u00c4ven v\u00e5r f\u00f6rm\u00e5ga att vara kreativa. Onsdag 17 mars 2021 kl 14:00 kan du lyssna [&hellip;]<\/p>\n","protected":false},"author":24,"featured_media":0,"comment_status":"open","ping_status":"open","sticky":false,"template":"","format":"standard","meta":{"_crdt_document":"","jetpack_post_was_ever_published":false,"_jetpack_newsletter_access":"","_jetpack_dont_email_post_to_subs":false,"_jetpack_newsletter_tier_id":0,"_jetpack_memberships_contains_paywalled_content":false,"_jetpack_memberships_contains_paid_content":false,"footnotes":"","jetpack_publicize_message":"","jetpack_publicize_feature_enabled":true,"jetpack_social_post_already_shared":true,"jetpack_social_options":{"image_generator_settings":{"template":"highway","default_image_id":0,"font":"","enabled":false},"version":2}},"categories":[2],"tags":[],"class_list":["post-38049","post","type-post","status-publish","format-standard","hentry","category-swedish"],"jetpack_publicize_connections":[],"jetpack_featured_media_url":"","jetpack_sharing_enabled":true,"jetpack_likes_enabled":true,"jetpack-related-posts":[{"id":13291,"url":"https:\/\/www.akehedman.se\/wordpress\/?p=13291","url_meta":{"origin":38049,"position":0},"title":"S\u00e4g upp dig idag f\u00f6r sjutton","author":"\u00c5ke Hedman","date":"2014-05-30","format":false,"excerpt":"N\u00e4r jag g\u00e5r och h\u00e4mtar tidningen s\u00e5 sover dragspelaren sin sk\u00f6nhetss\u00f6mn. Det g\u00f6r han r\u00e4tt i. Hade det varit en helt vanlig morgon s\u00e5 hade han missat f\u00e5gels\u00e5ngen, det \u00e4r helt underbart d\u00e4r ute s\u00e5klart just den d\u00e4r tiden n\u00e4r alla f\u00e5glar har kommit ig\u00e5ng och sjunger livets lovs\u00e5ng bland\u2026","rel":"","context":"In &quot;Betraktelser &amp; Ber\u00e4ttelse&quot;","block_context":{"text":"Betraktelser &amp; Ber\u00e4ttelse","link":"https:\/\/www.akehedman.se\/wordpress\/?cat=24"},"img":{"alt_text":"321s\u00e4guppdig","src":"https:\/\/i0.wp.com\/www.eurosource.se\/akhe\/wordpress\/wp-content\/uploads\/2014\/05\/321s%C3%A4guppdig.jpg?resize=350%2C200","width":350,"height":200,"srcset":"https:\/\/i0.wp.com\/www.eurosource.se\/akhe\/wordpress\/wp-content\/uploads\/2014\/05\/321s%C3%A4guppdig.jpg?resize=350%2C200 1x, https:\/\/i0.wp.com\/www.eurosource.se\/akhe\/wordpress\/wp-content\/uploads\/2014\/05\/321s%C3%A4guppdig.jpg?resize=525%2C300 1.5x"},"classes":[]},{"id":14690,"url":"https:\/\/www.akehedman.se\/wordpress\/?p=14690","url_meta":{"origin":38049,"position":1},"title":"Boken skriker &#8220;kom, kom, kom &#8211; l\u00e4s mig&#8230;&#8221;","author":"\u00c5ke Hedman","date":"2014-09-07","format":false,"excerpt":"S\u00e5 \u00e4r s\u00f6ndagens jobb klart. Eller klart \u00e4r fel ord. Jag orkar inte jobba mer idag och dessutom s\u00e5 har jag Jan Guillou\u00a0senaste bok p\u00e5 nattduksbordet och den \u00e4r s\u00e5klart alldeles underbar.Jag har l\u00e4st halva fast jag b\u00f6rjade med den i fredags. Den f\u00e5r mig att skratta, gr\u00e5ta och f\u00f6rst\u00e5.\u2026","rel":"","context":"In &quot;Betraktelser &amp; Ber\u00e4ttelse&quot;","block_context":{"text":"Betraktelser &amp; Ber\u00e4ttelse","link":"https:\/\/www.akehedman.se\/wordpress\/?cat=24"},"img":{"alt_text":"bok-utan-ord","src":"https:\/\/i0.wp.com\/www.eurosource.se\/akhe\/wordpress\/wp-content\/uploads\/2014\/09\/bok-utan-ord.jpg?resize=350%2C200","width":350,"height":200},"classes":[]},{"id":2958,"url":"https:\/\/www.akehedman.se\/wordpress\/?p=2958","url_meta":{"origin":38049,"position":2},"title":"Gustaf de Laval","author":"\u00c5ke Hedman","date":"2013-02-04","format":false,"excerpt":"L\u00e4ser ett utdrag ur en kommande bok om Gustaf de Laval. Intressant l\u00e4sning! Har du n\u00e5gonsin vevat en separator? Det var i alla fall han som konstruerade den (men det visste du s\u00e4kert) eller i alla fall den som fungerade. Turbinen \u00e4r en annan av hans tankar. S\u00e5 flyger du\u2026","rel":"","context":"In &quot;Betraktelser &amp; Ber\u00e4ttelse&quot;","block_context":{"text":"Betraktelser &amp; Ber\u00e4ttelse","link":"https:\/\/www.akehedman.se\/wordpress\/?cat=24"},"img":{"alt_text":"laval2","src":"https:\/\/i0.wp.com\/www.eurosource.se\/akhe\/wordpress\/wp-content\/uploads\/2013\/02\/laval2.gif?resize=350%2C200","width":350,"height":200},"classes":[]},{"id":19143,"url":"https:\/\/www.akehedman.se\/wordpress\/?p=19143","url_meta":{"origin":38049,"position":3},"title":"Att klippa sig i tid","author":"\u00c5ke Hedman","date":"2015-12-04","format":false,"excerpt":"G\u00e4vle. Nian. Torsdag. En a-lagare hejar glatt.\u00a0 Han l\u00e5ngt h\u00e5r, sliten. Jag, l\u00e5ngt h\u00e5r, sliten. Samma. N\u00e4ra. S\u00e5klart. Jag har inget emot det. Inget alls faktiskt. Men det \u00e4r dags att klippa sig.\u00a0 Jag vill g\u00e4rna vara \"the underdog\" men det skall finnas proportioner ocks\u00e5 p\u00e5 det. B\u00f6rjar man sj\u00e4lv\u2026","rel":"","context":"In &quot;Betraktelser &amp; Ber\u00e4ttelse&quot;","block_context":{"text":"Betraktelser &amp; Ber\u00e4ttelse","link":"https:\/\/www.akehedman.se\/wordpress\/?cat=24"},"img":{"alt_text":"","src":"","width":0,"height":0},"classes":[]},{"id":8345,"url":"https:\/\/www.akehedman.se\/wordpress\/?p=8345","url_meta":{"origin":38049,"position":4},"title":"M\u00f6te","author":"\u00c5ke Hedman","date":"2013-08-09","format":false,"excerpt":"Hej, D\u00f6den h\u00e4r. L\u00e5t oss klara ut en sak omedelbart. Jag spelar inte schack. \u00c4r det din tur s\u00e5 \u00e4r det, punkt slut. D\u00e4remot \u00e4r det helt sant att livet som du k\u00e4nner, det \u00e4r helt \u00f6ver n\u00e4r Du och jag tr\u00e4ffas. Det finns liksom ingen \u00e5terv\u00e4ndo efter det. S\u00e5\u2026","rel":"","context":"In &quot;Betraktelser &amp; Ber\u00e4ttelse&quot;","block_context":{"text":"Betraktelser &amp; Ber\u00e4ttelse","link":"https:\/\/www.akehedman.se\/wordpress\/?cat=24"},"img":{"alt_text":"klocka2","src":"https:\/\/i0.wp.com\/www.eurosource.se\/akhe\/wordpress\/wp-content\/uploads\/2013\/08\/klocka2-1024x685.jpg?resize=350%2C200","width":350,"height":200,"srcset":"https:\/\/i0.wp.com\/www.eurosource.se\/akhe\/wordpress\/wp-content\/uploads\/2013\/08\/klocka2-1024x685.jpg?resize=350%2C200 1x, https:\/\/i0.wp.com\/www.eurosource.se\/akhe\/wordpress\/wp-content\/uploads\/2013\/08\/klocka2-1024x685.jpg?resize=525%2C300 1.5x"},"classes":[]},{"id":2839,"url":"https:\/\/www.akehedman.se\/wordpress\/?p=2839","url_meta":{"origin":38049,"position":5},"title":"Bli lycklig med oss","author":"\u00c5ke Hedman","date":"2013-01-29","format":false,"excerpt":"Vad spelar det f\u00f6r roll? Varf\u00f6r f\u00f6rs\u00f6ka f\u00f6rklara fascinationen med bl\u00e5ljuset f\u00f6r n\u00e5gon som inte vill se det. Som \u00e4r s\u00e5 upptagen av \"Farmen\" och \"S\u00e5 skall det l\u00e5ta\". Varf\u00f6r? Det \u00e4r s\u00e5klart meningsl\u00f6st. Om du inte kan paketera dig sj\u00e4lv i en kostym som f\u00e5r dom att avundas ditt\u2026","rel":"","context":"In &quot;Betraktelser &amp; Ber\u00e4ttelse&quot;","block_context":{"text":"Betraktelser &amp; Ber\u00e4ttelse","link":"https:\/\/www.akehedman.se\/wordpress\/?cat=24"},"img":{"alt_text":"","src":"https:\/\/i0.wp.com\/www.eurosource.se\/akhe\/wordpress\/wp-content\/uploads\/2013\/01\/refrigerator.jpg?resize=350%2C200","width":350,"height":200},"classes":[]}],"jetpack_shortlink":"https:\/\/wp.me\/p68PL2-9TH","_links":{"self":[{"href":"https:\/\/www.akehedman.se\/wordpress\/index.php?rest_route=\/wp\/v2\/posts\/38049","targetHints":{"allow":["GET"]}}],"collection":[{"href":"https:\/\/www.akehedman.se\/wordpress\/index.php?rest_route=\/wp\/v2\/posts"}],"about":[{"href":"https:\/\/www.akehedman.se\/wordpress\/index.php?rest_route=\/wp\/v2\/types\/post"}],"author":[{"embeddable":true,"href":"https:\/\/www.akehedman.se\/wordpress\/index.php?rest_route=\/wp\/v2\/users\/24"}],"replies":[{"embeddable":true,"href":"https:\/\/www.akehedman.se\/wordpress\/index.php?rest_route=%2Fwp%2Fv2%2Fcomments&post=38049"}],"version-history":[{"count":1,"href":"https:\/\/www.akehedman.se\/wordpress\/index.php?rest_route=\/wp\/v2\/posts\/38049\/revisions"}],"predecessor-version":[{"id":38051,"href":"https:\/\/www.akehedman.se\/wordpress\/index.php?rest_route=\/wp\/v2\/posts\/38049\/revisions\/38051"}],"wp:attachment":[{"href":"https:\/\/www.akehedman.se\/wordpress\/index.php?rest_route=%2Fwp%2Fv2%2Fmedia&parent=38049"}],"wp:term":[{"taxonomy":"category","embeddable":true,"href":"https:\/\/www.akehedman.se\/wordpress\/index.php?rest_route=%2Fwp%2Fv2%2Fcategories&post=38049"},{"taxonomy":"post_tag","embeddable":true,"href":"https:\/\/www.akehedman.se\/wordpress\/index.php?rest_route=%2Fwp%2Fv2%2Ftags&post=38049"}],"curies":[{"name":"wp","href":"https:\/\/api.w.org\/{rel}","templated":true}]}}