{"id":37968,"date":"2021-02-26T13:59:59","date_gmt":"2021-02-26T12:59:59","guid":{"rendered":"https:\/\/www.akehedman.se\/wordpress\/?p=37968"},"modified":"2021-02-28T20:50:37","modified_gmt":"2021-02-28T19:50:37","slug":"en-2","status":"publish","type":"post","link":"https:\/\/www.akehedman.se\/wordpress\/?p=37968","title":{"rendered":"En"},"content":{"rendered":"\n<figure class=\"wp-block-image size-large\"><img data-recalc-dims=\"1\" loading=\"lazy\" decoding=\"async\" width=\"580\" height=\"353\" src=\"https:\/\/i0.wp.com\/www.akehedman.se\/wordpress\/wp-content\/uploads\/2021\/02\/Screenshot-from-2021-02-26-12-41-30.png?resize=580%2C353&#038;ssl=1\" alt=\"\" class=\"wp-image-37969\" srcset=\"https:\/\/i0.wp.com\/www.akehedman.se\/wordpress\/wp-content\/uploads\/2021\/02\/Screenshot-from-2021-02-26-12-41-30.png?w=1009&amp;ssl=1 1009w, https:\/\/i0.wp.com\/www.akehedman.se\/wordpress\/wp-content\/uploads\/2021\/02\/Screenshot-from-2021-02-26-12-41-30.png?resize=300%2C183&amp;ssl=1 300w, https:\/\/i0.wp.com\/www.akehedman.se\/wordpress\/wp-content\/uploads\/2021\/02\/Screenshot-from-2021-02-26-12-41-30.png?resize=768%2C467&amp;ssl=1 768w\" sizes=\"auto, (max-width: 580px) 100vw, 580px\" \/><\/figure>\n\n\n\n<p class=\"wp-block-paragraph\">En handling i m\u00e5naden. I Bolln\u00e4s. Bland m\u00e4nniskorna. I smittan. Jo man m\u00e5ste ju ha mat. S\u00e5 vi far idag. \u00c5ker tidigt. B\u00e5da den h\u00e4r g\u00e5ngen. Jag har \u00e5kt sj\u00e4lv tidigare av smitth\u00e4nsyn. Men det handlar om en g\u00e5ng i m\u00e5naden. R\u00e4tt OK. Borde det vara. Ocks\u00e5 som tv\u00e5. Har jag sagt att jag \u00e4lskar kortmeningar.<\/p>\n\n\n\n<p class=\"wp-block-paragraph\">Mask eller inte mask \u00e4r s\u00e5klart fr\u00e5gan. Masker plockas med. Men icke p\u00e5 blir beslutet. Det \u00e4r inte s\u00e5 mycket folk d\u00e4r p\u00e5 morgonen. Det kr\u00e4vs fortfarande en m\u00e4nniska med stor integritet f\u00f6r att b\u00e4ra mask d\u00e4r ute som Svensk. De flesta v\u00e4ntar p\u00e5 att massan b\u00e4r mask innan man sj\u00e4lv drar p\u00e5 den. Beslutet om att inte b\u00e4ra bottnar v\u00e4l d\u00e4r n\u00e5gonstans.<\/p>\n\n\n\n<p class=\"wp-block-paragraph\">Men h\u00e4rligt att se m\u00e4nniskor. Det var ett tag sedan vi var ute i v\u00e4rlden. F\u00f6re jul faktiskt. Inte m\u00e5nga personer utanf\u00f6r familjen har jag sett i levandes livet sedan dess. Kan man kanske hitta n\u00e5gon tragik i detta.<\/p>\n\n\n\n<p class=\"wp-block-paragraph\">H\u00e4mtar en gratis kaffe p\u00e5 OKQ8. Bulle ing\u00e5r. En k\u00f6pt r\u00f6st. Kaffe + bulle bytes mot r\u00f6st. Jag \u00e4r inte dyrk\u00f6pt p\u00e5 det viset. KD\/SD\/M (de bruna) b\u00f6r kanske ta efter det d\u00e4r. Har en r\u00f6st p\u00e5 direkten mot en gratis uth\u00e4mtad semla p\u00e5 n\u00e4rmaste mack. Sj\u00e4len ing\u00e5r i aff\u00e4ren om jag f\u00e5r kaffe d\u00e4rtill. <\/p>\n\n\n\n<p class=\"wp-block-paragraph\">Fast nu kaffe h\u00e4r hemma.  Eller snarare, h\u00e4r p\u00e5 l\u00e5tsaskontoret. \u00c5kes v\u00e4rld. Lite &#8220;Hej verkstaden&#8221; (ler stort) n\u00e4r man stiger h\u00e4r in. Men vid gott mod i huvudet. Sk\u00e5p. Kyl. Frys. Fyllda. Uppe. Konto n\u00e4ra noll. Det virtuella men upplevda verkliga n\u00e4r &#8220;vill ha&#8221; s\u00e4tter in. Men nolln\u00e4rmande det brukar bli. Mat och r\u00e4kningar. Nog. Excesserna uteblir. Som vanligt.<\/p>\n\n\n\n<p class=\"wp-block-paragraph\">Kaffet smakar ljuvligt kan jag meddela. Tv\u00e5 paket p\u00e5 Willys f\u00f6r 45 sp\u00e4nn. Tre k\u00f6p till\u00e5tna. S\u00e5dant vi pension\u00e4rer&#8230; n\u00e5ja ocks\u00e5 vi n\u00e4ra pension\u00e4rer, h\u00e5ller reda p\u00e5. Nittio sp\u00e4nn f\u00f6r en m\u00e5nads kafferanson allts\u00e5. Nog borde v\u00e4l dom kopparna hamna p\u00e5 kontot excesser egentligen. Jo. Sl\u00f6seri allts\u00e5. Man f\u00e5r mycket mj\u00f6l f\u00f6r nittio sp\u00e4nn. Br\u00f6d till folket. <\/p>\n\n\n\n<p class=\"wp-block-paragraph\">Men man lever icke av br\u00f6d allena. Fast br\u00f6d, pasta och potatis r\u00e4cker visserligen l\u00e5ngt. Men kaffe och annat strunt hj\u00e4lper till att b\u00e4ra \u00f6mkliga m\u00e4nniskor fram\u00e5t. Mentalt. Sinne och kropp i j\u00e4mvikt. Dum och otr\u00e4nad allts\u00e5.<\/p>\n\n\n\n<p class=\"wp-block-paragraph\">Nu skall jag koda n\u00e5gra rader. Sen helg. Mer blir det inte. Men nog s\u00e5. Girig \u00e4r jag inte. Men skall bli. Sen.<\/p>\n","protected":false},"excerpt":{"rendered":"<p>En handling i m\u00e5naden. I Bolln\u00e4s. Bland m\u00e4nniskorna. I smittan. Jo man m\u00e5ste ju ha mat. S\u00e5 vi far idag. \u00c5ker tidigt. B\u00e5da den h\u00e4r g\u00e5ngen. Jag har \u00e5kt sj\u00e4lv tidigare av smitth\u00e4nsyn. Men det handlar om en g\u00e5ng i m\u00e5naden. R\u00e4tt OK. Borde det vara. Ocks\u00e5 som tv\u00e5. Har jag sagt att jag \u00e4lskar [&hellip;]<\/p>\n","protected":false},"author":24,"featured_media":0,"comment_status":"open","ping_status":"open","sticky":false,"template":"","format":"standard","meta":{"_crdt_document":"","jetpack_post_was_ever_published":false,"_jetpack_newsletter_access":"","_jetpack_dont_email_post_to_subs":false,"_jetpack_newsletter_tier_id":0,"_jetpack_memberships_contains_paywalled_content":false,"_jetpack_memberships_contains_paid_content":false,"footnotes":"","jetpack_publicize_message":"","jetpack_publicize_feature_enabled":true,"jetpack_social_post_already_shared":true,"jetpack_social_options":{"image_generator_settings":{"template":"highway","default_image_id":0,"font":"","enabled":false},"version":2}},"categories":[24],"tags":[],"class_list":["post-37968","post","type-post","status-publish","format-standard","hentry","category-betraktelser"],"jetpack_publicize_connections":[],"jetpack_featured_media_url":"","jetpack_sharing_enabled":true,"jetpack_likes_enabled":true,"jetpack-related-posts":[{"id":12382,"url":"https:\/\/www.akehedman.se\/wordpress\/?p=12382","url_meta":{"origin":37968,"position":0},"title":"Fr\u00e5n att vilja d\u00f6 till att vilja leva p\u00e5 3600 sekunder * 7.","author":"\u00c5ke Hedman","date":"2014-03-08","format":false,"excerpt":"Just den d\u00e4r kv\u00e4llen ville jag faktiskt d\u00f6. Inte s\u00e5 att jag satt d\u00e4r med hagelgev\u00e4rspipan i munnen och var beredd att trycka av, som Leif GW Person satt den d\u00e4r \u00f6destigna natten i sin sommarstuga, utan jag l\u00e5g d\u00e4r gr\u00e5tande i en ensam s\u00e4ng och funderade p\u00e5 om livet\u2026","rel":"","context":"In &quot;Betraktelser &amp; Ber\u00e4ttelse&quot;","block_context":{"text":"Betraktelser &amp; Ber\u00e4ttelse","link":"https:\/\/www.akehedman.se\/wordpress\/?cat=24"},"img":{"alt_text":"img_kugghjul","src":"https:\/\/i0.wp.com\/www.eurosource.se\/akhe\/wordpress\/wp-content\/uploads\/2014\/03\/img_kugghjul.jpg?resize=350%2C200","width":350,"height":200},"classes":[]},{"id":22339,"url":"https:\/\/www.akehedman.se\/wordpress\/?p=22339","url_meta":{"origin":37968,"position":1},"title":"Ja det enda jag beg\u00e4r \u00e4r att n\u00e5gon ger mig hoppet \u00e5ter.","author":"\u00c5ke Hedman","date":"2016-12-01","format":false,"excerpt":"Att v\u00e4nta, att v\u00e4nta tills andra beslutar sig \u00e4r inte riktigt min grej. Jag tappar koncentrationen av det d\u00e4r v\u00e4ntl\u00e4get. Det p\u00e5gar mig. Livet fungerar inte. Japp, hellre ett negativt beslut \u00e4n v\u00e4ntan och tystnad. S\u00e5 fungerar jag. Skall du sk\u00e4ra halsen av mig, g\u00f6r det d\u00e5, men tveka f\u00f6r\u2026","rel":"","context":"In &quot;Betraktelser &amp; Ber\u00e4ttelse&quot;","block_context":{"text":"Betraktelser &amp; Ber\u00e4ttelse","link":"https:\/\/www.akehedman.se\/wordpress\/?cat=24"},"img":{"alt_text":"tankarpanna","src":"https:\/\/i0.wp.com\/www.akehedman.se\/wordpress\/wp-content\/uploads\/2014\/08\/tankarpanna-1024x674.jpg?resize=350%2C200","width":350,"height":200,"srcset":"https:\/\/i0.wp.com\/www.akehedman.se\/wordpress\/wp-content\/uploads\/2014\/08\/tankarpanna-1024x674.jpg?resize=350%2C200 1x, https:\/\/i0.wp.com\/www.akehedman.se\/wordpress\/wp-content\/uploads\/2014\/08\/tankarpanna-1024x674.jpg?resize=525%2C300 1.5x"},"classes":[]},{"id":22718,"url":"https:\/\/www.akehedman.se\/wordpress\/?p=22718","url_meta":{"origin":37968,"position":2},"title":"En helt vanlig m\u00e5ndag","author":"\u00c5ke Hedman","date":"2017-01-02","format":false,"excerpt":"M\u00e5ndag. Vanlig m\u00e5ndag. Hurra! Hurra! Hurra! Hur man nu kan s\u00e4ga s\u00e5 n\u00e4r man haft det s\u00e5 sk\u00f6nt ett tag som man bara kan ha det, Men utan vardag s\u00e5 finns inte det d\u00e4r sk\u00f6na. Motsatserna beh\u00f6vs och jag har aldrig klagat p\u00e5 vardagar. Inte ledighet heller f\u00f6rresten. P\u00e5 ny\u00e5rsaftonskv\u00e4llen\u2026","rel":"","context":"In &quot;Betraktelser &amp; Ber\u00e4ttelse&quot;","block_context":{"text":"Betraktelser &amp; Ber\u00e4ttelse","link":"https:\/\/www.akehedman.se\/wordpress\/?cat=24"},"img":{"alt_text":"","src":"https:\/\/i0.wp.com\/www.akehedman.se\/wordpress\/wp-content\/uploads\/2017\/01\/IMG_20141015_000617-1024x768.jpg?resize=350%2C200","width":350,"height":200,"srcset":"https:\/\/i0.wp.com\/www.akehedman.se\/wordpress\/wp-content\/uploads\/2017\/01\/IMG_20141015_000617-1024x768.jpg?resize=350%2C200 1x, https:\/\/i0.wp.com\/www.akehedman.se\/wordpress\/wp-content\/uploads\/2017\/01\/IMG_20141015_000617-1024x768.jpg?resize=525%2C300 1.5x"},"classes":[]},{"id":20838,"url":"https:\/\/www.akehedman.se\/wordpress\/?p=20838","url_meta":{"origin":37968,"position":3},"title":"OM man t\u00e4nker","author":"\u00c5ke Hedman","date":"2016-06-29","format":false,"excerpt":"Vaknar med lungor som v\u00e4rker. I alla fall den h\u00f6gra. Standard f\u00f6rkylningssymptom f\u00f6r mig. De tidigare g\u00e5ngerna har jag \u00f6verlevt, vi hoppas s\u00e5ledes p\u00e5 det ocks\u00e5 denna g\u00e5ng. Tar en Alvedon som napp liksom. \u00d6sterut som g\u00e4ller idag. Jonas och Rebecka skall tillbaks till l\u00e4rdomsstaden, K och jag skall m\u00e5nadsbunkra.\u2026","rel":"","context":"In &quot;Betraktelser &amp; Ber\u00e4ttelse&quot;","block_context":{"text":"Betraktelser &amp; Ber\u00e4ttelse","link":"https:\/\/www.akehedman.se\/wordpress\/?cat=24"},"img":{"alt_text":"The_Thinker,_Auguste_Rodin","src":"https:\/\/i0.wp.com\/www.akehedman.se\/wordpress\/wp-content\/uploads\/2016\/06\/The_Thinker_Auguste_Rodin-686x1024.jpg?resize=350%2C200","width":350,"height":200},"classes":[]},{"id":28993,"url":"https:\/\/www.akehedman.se\/wordpress\/?p=28993","url_meta":{"origin":37968,"position":4},"title":"Dom ljuger","author":"\u00c5ke Hedman","date":"2018-06-18","format":false,"excerpt":"\u00a0 Rapport. Jag somnar i soffan. Hela eftermiddagen har varit s\u00e5dan. Tr\u00f6tthet. Den d\u00e4r sn\u00f6lavinstr\u00f6ttheten. Den som forsar \u00f6ver en p\u00e5 eftermiddagar ibland. Som inte vill inte l\u00e4mna en. Straffdomen. F\u00f6r att man inte s\u00e4llar sig till dem som tror. Tr\u00e4ning f\u00f6r att vara d\u00f6d . Kanske. Kommer efter sextio.\u2026","rel":"","context":"In &quot;Betraktelser &amp; Ber\u00e4ttelse&quot;","block_context":{"text":"Betraktelser &amp; Ber\u00e4ttelse","link":"https:\/\/www.akehedman.se\/wordpress\/?cat=24"},"img":{"alt_text":"","src":"https:\/\/i0.wp.com\/www.akehedman.se\/wordpress\/wp-content\/uploads\/2018\/05\/IMG_20180522_181026388-576x1024.jpg?resize=350%2C200","width":350,"height":200,"srcset":"https:\/\/i0.wp.com\/www.akehedman.se\/wordpress\/wp-content\/uploads\/2018\/05\/IMG_20180522_181026388-576x1024.jpg?resize=350%2C200 1x, https:\/\/i0.wp.com\/www.akehedman.se\/wordpress\/wp-content\/uploads\/2018\/05\/IMG_20180522_181026388-576x1024.jpg?resize=525%2C300 1.5x"},"classes":[]},{"id":19156,"url":"https:\/\/www.akehedman.se\/wordpress\/?p=19156","url_meta":{"origin":37968,"position":5},"title":"S\u00f6ndag, det doftar pepparkakor","author":"\u00c5ke Hedman","date":"2015-12-06","format":false,"excerpt":"S\u00f6ndag. Det doftar pepparkakor h\u00e4r i huset. K och son donar och fixar. Sonen en m\u00e4stare b\u00e5de p\u00e5 de konstigaste av pepparkakor och de m\u00e4ktigaste av pepparkakshus. K som bakar de godaste pepparkakorna.\u00a0 Sj\u00e4lv jobbar jag. Det \u00e4r lite lugnare tempo p\u00e5 helgerna och jag kan testa lite saker som\u2026","rel":"","context":"In &quot;Betraktelser &amp; Ber\u00e4ttelse&quot;","block_context":{"text":"Betraktelser &amp; Ber\u00e4ttelse","link":"https:\/\/www.akehedman.se\/wordpress\/?cat=24"},"img":{"alt_text":"glutenfria-pepparkakor_2","src":"https:\/\/i0.wp.com\/www.akehedman.se\/wordpress\/wp-content\/uploads\/2015\/12\/glutenfria-pepparkakor_2.png?resize=350%2C200","width":350,"height":200,"srcset":"https:\/\/i0.wp.com\/www.akehedman.se\/wordpress\/wp-content\/uploads\/2015\/12\/glutenfria-pepparkakor_2.png?resize=350%2C200 1x, https:\/\/i0.wp.com\/www.akehedman.se\/wordpress\/wp-content\/uploads\/2015\/12\/glutenfria-pepparkakor_2.png?resize=525%2C300 1.5x, https:\/\/i0.wp.com\/www.akehedman.se\/wordpress\/wp-content\/uploads\/2015\/12\/glutenfria-pepparkakor_2.png?resize=700%2C400 2x"},"classes":[]}],"jetpack_shortlink":"https:\/\/wp.me\/p68PL2-9So","_links":{"self":[{"href":"https:\/\/www.akehedman.se\/wordpress\/index.php?rest_route=\/wp\/v2\/posts\/37968","targetHints":{"allow":["GET"]}}],"collection":[{"href":"https:\/\/www.akehedman.se\/wordpress\/index.php?rest_route=\/wp\/v2\/posts"}],"about":[{"href":"https:\/\/www.akehedman.se\/wordpress\/index.php?rest_route=\/wp\/v2\/types\/post"}],"author":[{"embeddable":true,"href":"https:\/\/www.akehedman.se\/wordpress\/index.php?rest_route=\/wp\/v2\/users\/24"}],"replies":[{"embeddable":true,"href":"https:\/\/www.akehedman.se\/wordpress\/index.php?rest_route=%2Fwp%2Fv2%2Fcomments&post=37968"}],"version-history":[{"count":2,"href":"https:\/\/www.akehedman.se\/wordpress\/index.php?rest_route=\/wp\/v2\/posts\/37968\/revisions"}],"predecessor-version":[{"id":37981,"href":"https:\/\/www.akehedman.se\/wordpress\/index.php?rest_route=\/wp\/v2\/posts\/37968\/revisions\/37981"}],"wp:attachment":[{"href":"https:\/\/www.akehedman.se\/wordpress\/index.php?rest_route=%2Fwp%2Fv2%2Fmedia&parent=37968"}],"wp:term":[{"taxonomy":"category","embeddable":true,"href":"https:\/\/www.akehedman.se\/wordpress\/index.php?rest_route=%2Fwp%2Fv2%2Fcategories&post=37968"},{"taxonomy":"post_tag","embeddable":true,"href":"https:\/\/www.akehedman.se\/wordpress\/index.php?rest_route=%2Fwp%2Fv2%2Ftags&post=37968"}],"curies":[{"name":"wp","href":"https:\/\/api.w.org\/{rel}","templated":true}]}}