{"id":37947,"date":"2021-02-22T23:08:56","date_gmt":"2021-02-22T22:08:56","guid":{"rendered":"https:\/\/www.akehedman.se\/wordpress\/?p=37947"},"modified":"2021-02-22T23:08:56","modified_gmt":"2021-02-22T22:08:56","slug":"konstigt-4","status":"publish","type":"post","link":"https:\/\/www.akehedman.se\/wordpress\/?p=37947","title":{"rendered":"Konstigt"},"content":{"rendered":"\n<figure class=\"wp-block-image size-large\"><img data-recalc-dims=\"1\" loading=\"lazy\" decoding=\"async\" width=\"580\" height=\"208\" src=\"https:\/\/i0.wp.com\/www.akehedman.se\/wordpress\/wp-content\/uploads\/2021\/02\/Screenshot-from-2021-02-22-11-29-27.png?resize=580%2C208&#038;ssl=1\" alt=\"\" class=\"wp-image-37948\" srcset=\"https:\/\/i0.wp.com\/www.akehedman.se\/wordpress\/wp-content\/uploads\/2021\/02\/Screenshot-from-2021-02-22-11-29-27.png?resize=1024%2C367&amp;ssl=1 1024w, https:\/\/i0.wp.com\/www.akehedman.se\/wordpress\/wp-content\/uploads\/2021\/02\/Screenshot-from-2021-02-22-11-29-27.png?resize=300%2C108&amp;ssl=1 300w, https:\/\/i0.wp.com\/www.akehedman.se\/wordpress\/wp-content\/uploads\/2021\/02\/Screenshot-from-2021-02-22-11-29-27.png?resize=768%2C275&amp;ssl=1 768w, https:\/\/i0.wp.com\/www.akehedman.se\/wordpress\/wp-content\/uploads\/2021\/02\/Screenshot-from-2021-02-22-11-29-27.png?w=1032&amp;ssl=1 1032w\" sizes=\"auto, (max-width: 580px) 100vw, 580px\" \/><\/figure>\n\n\n\n<p class=\"wp-block-paragraph\">Frossa och snuva. Jag den drabbade. Vinter allts\u00e5. Varje dag. Men mindre \u00e4n tv\u00e5 veckor till Vasaloppss\u00f6ndag utan Vasalopp. Jodo, d\u00e4r v\u00e4nder det hur som helst. Alltid. Man m\u00e5ste vara blind eller dum f\u00f6r att inte uppm\u00e4rksamma ljuset d\u00e4r ute om dagarna. LJUSET.  L J U S E T!<\/p>\n\n\n\n<p class=\"wp-block-paragraph\">Undertecknad tycker att vintrarna blir sv\u00e5rare och sv\u00e5rare med \u00e5ren. Eller inte vintern kanske. Men m\u00f6rkret. Eller f\u00f6rresten vintern med.  Vad i helvete skall man med den till? Eller m\u00f6rkret. Borde man inte dra iv\u00e4g som flyttf\u00e5glarna. Komma tillbaks lagom till de f\u00f6rsta l\u00f6ven sl\u00e5r ut. De d\u00e4r spr\u00f6da. Men vill man njuta s\u00e5 m\u00e5ste man s\u00e5klart lida ocks\u00e5. G\u00e5r inte att komma ifr\u00e5n. Beh\u00f6ver vinter allts\u00e5. Beh\u00f6ver m\u00f6rker. M\u00e5ste lida.<\/p>\n\n\n\n<p class=\"wp-block-paragraph\">H\u00f6r fantastiskt v\u00e4lproducerad lokal musik idag.  Skulle s\u00e5 g\u00e4rna vilja gilla. Men tyv\u00e4rr blir v\u00e4lproducerat f\u00f6r mig oftast lika med sj\u00e4ll\u00f6s tomhet. Vakuumf\u00f6rpackad p\u00e5se. Man bara n\u00e4stan gillar. H\u00f6gerfoten ligger still. \u00c4nd\u00e5 blir jag s\u00e5 imponerad av det tekniska. S\u00e5 l\u00e5ngt efter man ligger d\u00e4r.  Jag lyssnar bara p\u00e5 en halv l\u00e5t. Sen p\u00e5 n\u00e4sta. Men \u00e4nnu mindre p\u00e5 den. Ser att m\u00e5nga, m\u00e5nga andra gillar. Tack gode han\/hon\/det\/gud f\u00f6r det! Det \u00e4r allts\u00e5 bara mig det \u00e4r fel p\u00e5. En annan indikator p\u00e5 det \u00e4r ju att Melodifestivalen inte avlyssnas eller besk\u00e5das. Fel, fel fel. Man har blivit en f\u00f6rn\u00e4m j\u00e4vel allts\u00e5. En som tror han \u00e4r b\u00e4ttre. Liksom. Synd!<\/p>\n\n\n\n<p class=\"wp-block-paragraph\">H\u00f6r att Trana har siktats vid Hornborgarsj\u00f6n. Kan bara ett gott tecken. Eller en j\u00e4vligt optimistisk Trana.<\/p>\n\n\n\n<p class=\"wp-block-paragraph\">Svenskarna har tydligen g\u00e5tt och blivit v\u00e4rldens gn\u00e4lligaste folk. Man beh\u00f6ver bara lyssna v\u00e4ldigt lite p\u00e5 vad som s\u00e4gs och vad som skrivs. Inte finns det mycket som \u00e4r bra d\u00e4r inte. Oftast \u00e4r det andra det \u00e4r fel p\u00e5. Ja alltid. Sj\u00e4lv kan man allt och har alla r\u00e4tt. Tecken p\u00e5 f\u00f6rdumning s\u00e5klart. Synd. Vi var ett r\u00e4tt bra och empatiskt folk en g\u00e5ng i tiden. <\/p>\n\n\n\n<p class=\"wp-block-paragraph\">\u00c4gnar dagen \u00e5t att byta motor i en del komponenter. Jodu, &#8220;motor&#8221;. Fast h\u00e4r handlar det om kod. Riktiga motorer och jag trivs inte riktigt tillsammans. Kod-varianten gillar mig b\u00e4ttre och gillas tillbaks. <\/p>\n\n\n\n<p class=\"wp-block-paragraph\">I fredags b\u00f6rjade jag porta tillbaks en del delar till Windows.  Borde ha k\u00e4nts som hemmaplan &#8211; har spenderat mina 10000 och n\u00e5gra till h d\u00e4r. Men det var hemskt. Gav faktiskt upp.  Men s\u00e5klart, inte och aldrig ge upp f\u00f6r evigt. \u00c5terkommer till det d\u00e4r. Men m\u00e5ste h\u00e4mta andan en stund innan jag ger mig i kast med det d\u00e4r igen. Japp, riktigt hemskt var det faktiskt. Ot\u00e4ckt som motors\u00e5gsmaskern ans\u00e5gs vara &#8220;d\u00e5&#8221; men inte &#8220;nu&#8221;.  Milj\u00f6n borde f\u00f6rses med varningsskylt. <\/p>\n\n\n\n<p class=\"wp-block-paragraph\">Fast&#8230; anv\u00e4ndare finns det d\u00e4r. Som vill ha programvara. S\u00e5 val finnes icke. Egentligen. <strong>Liksom<\/strong>.<\/p>\n\n\n\n<p class=\"wp-block-paragraph\">Men en annan dag allts\u00e5. Om en s\u00e5dan uppenbarar sig. <\/p>\n\n\n\n<p class=\"wp-block-paragraph\">Tror jag skiter i det h\u00e4r f\u00f6r idag.  Hulkmatar och l\u00e4ser en stund ist\u00e4llet. Ja, varf\u00f6r inte? Ljusare imorgon. Solen tar tre minuter bara d\u00e4r p\u00e5 morgonen. Superfart mot v\u00e4ndningen. Lycka. God Natt!<\/p>\n","protected":false},"excerpt":{"rendered":"<p>Frossa och snuva. Jag den drabbade. Vinter allts\u00e5. Varje dag. Men mindre \u00e4n tv\u00e5 veckor till Vasaloppss\u00f6ndag utan Vasalopp. Jodo, d\u00e4r v\u00e4nder det hur som helst. Alltid. Man m\u00e5ste vara blind eller dum f\u00f6r att inte uppm\u00e4rksamma ljuset d\u00e4r ute om dagarna. LJUSET. L J U S E T! Undertecknad tycker att vintrarna blir sv\u00e5rare [&hellip;]<\/p>\n","protected":false},"author":24,"featured_media":0,"comment_status":"open","ping_status":"open","sticky":false,"template":"","format":"standard","meta":{"_crdt_document":"","jetpack_post_was_ever_published":false,"_jetpack_newsletter_access":"","_jetpack_dont_email_post_to_subs":false,"_jetpack_newsletter_tier_id":0,"_jetpack_memberships_contains_paywalled_content":false,"_jetpack_memberships_contains_paid_content":false,"footnotes":"","jetpack_publicize_message":"","jetpack_publicize_feature_enabled":true,"jetpack_social_post_already_shared":true,"jetpack_social_options":{"image_generator_settings":{"template":"highway","default_image_id":0,"font":"","enabled":false},"version":2}},"categories":[24],"tags":[],"class_list":["post-37947","post","type-post","status-publish","format-standard","hentry","category-betraktelser"],"jetpack_publicize_connections":[],"jetpack_featured_media_url":"","jetpack_sharing_enabled":true,"jetpack_likes_enabled":true,"jetpack-related-posts":[{"id":18083,"url":"https:\/\/www.akehedman.se\/wordpress\/?p=18083","url_meta":{"origin":37947,"position":0},"title":"Curry \u00e4r gul oftast. Tigrar \u00e4r gula men svarta med.","author":"\u00c5ke Hedman","date":"2015-06-10","format":false,"excerpt":"R\u00e4knat klart. Redo f\u00f6r stord\u00e5d. Stord\u00e5d f\u00f6r mig. Ganska n\u00f6jd med slutsummorna. \u00c4nd\u00e5. Pengarna \u00e4r d\u00e4r de skall vara. Arbetande. Men det \u00e4r klart det hade g\u00e4rna f\u00e5tt ligga kvar en sudd som inte beh\u00f6vde arbeta. Som var rena leisure-pengen. Men nu \u00e4r det inte s\u00e5. Jag borde ha l\u00e4rt\u2026","rel":"","context":"In &quot;Betraktelser &amp; Ber\u00e4ttelse&quot;","block_context":{"text":"Betraktelser &amp; Ber\u00e4ttelse","link":"https:\/\/www.akehedman.se\/wordpress\/?cat=24"},"img":{"alt_text":"tiger3","src":"https:\/\/i0.wp.com\/www.akehedman.se\/wordpress\/wp-content\/uploads\/2015\/06\/tiger3-1024x768.jpg?resize=350%2C200","width":350,"height":200,"srcset":"https:\/\/i0.wp.com\/www.akehedman.se\/wordpress\/wp-content\/uploads\/2015\/06\/tiger3-1024x768.jpg?resize=350%2C200 1x, https:\/\/i0.wp.com\/www.akehedman.se\/wordpress\/wp-content\/uploads\/2015\/06\/tiger3-1024x768.jpg?resize=525%2C300 1.5x"},"classes":[]},{"id":37387,"url":"https:\/\/www.akehedman.se\/wordpress\/?p=37387","url_meta":{"origin":37947,"position":1},"title":"Ljus","author":"\u00c5ke Hedman","date":"2021-01-04","format":false,"excerpt":"Pelargonerna, ja tanterna allts\u00e5, och jag f\u00f6rs\u00f6ker suga i oss s\u00e5 mycket ljus som det g\u00e5r idag under de f\u00e5 soltimmarna utan att sj\u00e4lva ge oss ut i det arktiska. Det g\u00e5r s\u00e5d\u00e4r s\u00e5klart. Men om jag minns r\u00e4tt fr\u00e5n f\u00f6rra \u00e5ret s\u00e5 \u00e4r det en vecka kvar tills ljuset\u2026","rel":"","context":"In &quot;Betraktelser &amp; Ber\u00e4ttelse&quot;","block_context":{"text":"Betraktelser &amp; Ber\u00e4ttelse","link":"https:\/\/www.akehedman.se\/wordpress\/?cat=24"},"img":{"alt_text":"","src":"https:\/\/i0.wp.com\/www.akehedman.se\/wordpress\/wp-content\/uploads\/2021\/01\/IMG_20210104_101510.jpg?resize=350%2C200&ssl=1","width":350,"height":200},"classes":[]},{"id":12023,"url":"https:\/\/www.akehedman.se\/wordpress\/?p=12023","url_meta":{"origin":37947,"position":2},"title":"Betalt och varv, efter varv, efter varv&#8230;","author":"\u00c5ke Hedman","date":"2014-02-13","format":false,"excerpt":"En tekopp h\u00e4r p\u00e5 morgonen i kontoret helt enligt rutin. L\u00e5ter en halstablett ackompanjera den f\u00f6r att ge lindring till f\u00f6rkyld o-cool gubbe. Beh\u00f6ver helst en liten stund p\u00e5 morgonen d\u00e4r jag kan ta in den nya dagen. Komma in i det som skall g\u00f6ras och ibland f\u00e5 klart f\u00f6r\u2026","rel":"","context":"In &quot;Betraktelser &amp; Ber\u00e4ttelse&quot;","block_context":{"text":"Betraktelser &amp; Ber\u00e4ttelse","link":"https:\/\/www.akehedman.se\/wordpress\/?cat=24"},"img":{"alt_text":"tjej_pa_karusell_skansen","src":"https:\/\/i0.wp.com\/www.eurosource.se\/akhe\/wordpress\/wp-content\/uploads\/2014\/02\/tjej_pa_karusell_skansen.jpg?resize=350%2C200","width":350,"height":200},"classes":[]},{"id":37121,"url":"https:\/\/www.akehedman.se\/wordpress\/?p=37121","url_meta":{"origin":37947,"position":3},"title":"Vinterkv\u00e4ll","author":"\u00c5ke Hedman","date":"2020-12-10","format":false,"excerpt":"Nope, inte \u00f6ver mig f\u00f6rtjust i vinter. F\u00f6r min del beh\u00f6ver det inte komma en sn\u00f6flinga till. Men s\u00e5 blir det en s\u00e5dan h\u00e4r kv\u00e4ll som ikv\u00e4ll... Det \u00e4r en alldeles speciell k\u00e4nsla d\u00e4r ute i tystnaden. Till och med jag, en vintersur ocool grinig gubbe, m\u00e5ste gilla. Ja jag\u2026","rel":"","context":"In &quot;Betraktelser &amp; Ber\u00e4ttelse&quot;","block_context":{"text":"Betraktelser &amp; Ber\u00e4ttelse","link":"https:\/\/www.akehedman.se\/wordpress\/?cat=24"},"img":{"alt_text":"","src":"https:\/\/i0.wp.com\/www.akehedman.se\/wordpress\/wp-content\/uploads\/2020\/12\/IMG_20201210_190124.jpg?resize=350%2C200&ssl=1","width":350,"height":200,"srcset":"https:\/\/i0.wp.com\/www.akehedman.se\/wordpress\/wp-content\/uploads\/2020\/12\/IMG_20201210_190124.jpg?resize=350%2C200&ssl=1 1x, https:\/\/i0.wp.com\/www.akehedman.se\/wordpress\/wp-content\/uploads\/2020\/12\/IMG_20201210_190124.jpg?resize=525%2C300&ssl=1 1.5x, https:\/\/i0.wp.com\/www.akehedman.se\/wordpress\/wp-content\/uploads\/2020\/12\/IMG_20201210_190124.jpg?resize=700%2C400&ssl=1 2x"},"classes":[]},{"id":16549,"url":"https:\/\/www.akehedman.se\/wordpress\/?p=16549","url_meta":{"origin":37947,"position":4},"title":"Domherren och han som inte stod ut med sig sj\u00e4lv","author":"\u00c5ke Hedman","date":"2015-02-16","format":false,"excerpt":"Brandsskyddskontrollen avklarad. Den som f\u00e5r upp undertecknad en timme tidigare \u00e4n normalt. Jag kommer p\u00e5 att jag till och med gl\u00f6mmer tekoppen, en sak som \u00e4r \u00e5tg\u00e4rdad nu. Tekopp full == bloggskrivande. Blogginl\u00e4ggens l\u00e4ngd avg\u00f6rs av volymen p\u00e5 koppen. Stor kopp idag. Minus \u00e5tta grader ute. Det bl\u00e5ser friskt. Men\u2026","rel":"","context":"In &quot;Betraktelser &amp; Ber\u00e4ttelse&quot;","block_context":{"text":"Betraktelser &amp; Ber\u00e4ttelse","link":"https:\/\/www.akehedman.se\/wordpress\/?cat=24"},"img":{"alt_text":"Bjorkefink_0003","src":"https:\/\/i0.wp.com\/www.eurosource.se\/akhe\/wordpress\/wp-content\/uploads\/2015\/02\/Bjorkefink_0003-1024x686.jpg?resize=350%2C200","width":350,"height":200,"srcset":"https:\/\/i0.wp.com\/www.eurosource.se\/akhe\/wordpress\/wp-content\/uploads\/2015\/02\/Bjorkefink_0003-1024x686.jpg?resize=350%2C200 1x, https:\/\/i0.wp.com\/www.eurosource.se\/akhe\/wordpress\/wp-content\/uploads\/2015\/02\/Bjorkefink_0003-1024x686.jpg?resize=525%2C300 1.5x"},"classes":[]},{"id":17428,"url":"https:\/\/www.akehedman.se\/wordpress\/?p=17428","url_meta":{"origin":37947,"position":5},"title":"Ibland ber jag om n\u00e5d med kn\u00e4ppta h\u00e4nder","author":"\u00c5ke Hedman","date":"2015-04-10","format":false,"excerpt":"Sn\u00f6slungan st\u00e5r d\u00e4r i garaget som ett r\u00f6tt monument \u00f6ver vintern som nu definitivt \u00e4r slut. Jovisst fan kan det komma mer sn\u00f6. F\u00f6rsta \u00e5ret vi bodde h\u00e4r sn\u00f6ade det till och med p\u00e5 midsommarafton och \u00e5tskilliga \u00e5r har majbrasorna f\u00e5tt skottas fram.\u00a0 Men \u00e4ven om den kommer den d\u00e4r\u2026","rel":"","context":"In &quot;Betraktelser &amp; Ber\u00e4ttelse&quot;","block_context":{"text":"Betraktelser &amp; Ber\u00e4ttelse","link":"https:\/\/www.akehedman.se\/wordpress\/?cat=24"},"img":{"alt_text":"kn\u00e4ppta-h\u00e4nder","src":"https:\/\/i0.wp.com\/www.eurosource.se\/akhe\/wordpress\/wp-content\/uploads\/2015\/04\/kn%C3%A4ppta-h%C3%A4nder-1024x668.jpg?resize=350%2C200","width":350,"height":200,"srcset":"https:\/\/i0.wp.com\/www.eurosource.se\/akhe\/wordpress\/wp-content\/uploads\/2015\/04\/kn%C3%A4ppta-h%C3%A4nder-1024x668.jpg?resize=350%2C200 1x, https:\/\/i0.wp.com\/www.eurosource.se\/akhe\/wordpress\/wp-content\/uploads\/2015\/04\/kn%C3%A4ppta-h%C3%A4nder-1024x668.jpg?resize=525%2C300 1.5x"},"classes":[]}],"jetpack_shortlink":"https:\/\/wp.me\/p68PL2-9S3","_links":{"self":[{"href":"https:\/\/www.akehedman.se\/wordpress\/index.php?rest_route=\/wp\/v2\/posts\/37947","targetHints":{"allow":["GET"]}}],"collection":[{"href":"https:\/\/www.akehedman.se\/wordpress\/index.php?rest_route=\/wp\/v2\/posts"}],"about":[{"href":"https:\/\/www.akehedman.se\/wordpress\/index.php?rest_route=\/wp\/v2\/types\/post"}],"author":[{"embeddable":true,"href":"https:\/\/www.akehedman.se\/wordpress\/index.php?rest_route=\/wp\/v2\/users\/24"}],"replies":[{"embeddable":true,"href":"https:\/\/www.akehedman.se\/wordpress\/index.php?rest_route=%2Fwp%2Fv2%2Fcomments&post=37947"}],"version-history":[{"count":1,"href":"https:\/\/www.akehedman.se\/wordpress\/index.php?rest_route=\/wp\/v2\/posts\/37947\/revisions"}],"predecessor-version":[{"id":37949,"href":"https:\/\/www.akehedman.se\/wordpress\/index.php?rest_route=\/wp\/v2\/posts\/37947\/revisions\/37949"}],"wp:attachment":[{"href":"https:\/\/www.akehedman.se\/wordpress\/index.php?rest_route=%2Fwp%2Fv2%2Fmedia&parent=37947"}],"wp:term":[{"taxonomy":"category","embeddable":true,"href":"https:\/\/www.akehedman.se\/wordpress\/index.php?rest_route=%2Fwp%2Fv2%2Fcategories&post=37947"},{"taxonomy":"post_tag","embeddable":true,"href":"https:\/\/www.akehedman.se\/wordpress\/index.php?rest_route=%2Fwp%2Fv2%2Ftags&post=37947"}],"curies":[{"name":"wp","href":"https:\/\/api.w.org\/{rel}","templated":true}]}}