{"id":37649,"date":"2021-01-27T12:21:17","date_gmt":"2021-01-27T11:21:17","guid":{"rendered":"https:\/\/www.akehedman.se\/wordpress\/?p=37649"},"modified":"2021-01-27T12:21:17","modified_gmt":"2021-01-27T11:21:17","slug":"goran-greider-jag-har-cancer-men-den-kommer-att-botas","status":"publish","type":"post","link":"https:\/\/www.akehedman.se\/wordpress\/?p=37649","title":{"rendered":"G\u00d6RAN GREIDER: &#8220;Jag har cancer \u2013 men den kommer att botas&#8221;"},"content":{"rendered":"<p><a href=\"https:\/\/www.dalademokraten.se\/artikel\/goran-greider-jag-har-cancer-men-den-kommer-att-botas\"><img data-recalc-dims=\"1\" decoding=\"async\" class=\"alignnone size-full\" src=\"https:\/\/i0.wp.com\/www.akehedman.se\/wordpress\/wp-content\/uploads\/2021\/01\/87786769-16ba-4497-9de9-37897d61e8c0.jpeg?w=580&#038;ssl=1\" alt=\"\" \/><\/a>Source: <em><a href=\"https:\/\/www.dalademokraten.se\/artikel\/goran-greider-jag-har-cancer-men-den-kommer-att-botas\">G\u00d6RAN GREIDER: &#8220;Jag har cancer \u2013 men den kommer att botas&#8221;<\/a><\/em><\/p>\n<p>En av de d\u00e4r m\u00e4nniskorna man bara m\u00e5ste beundra!<\/p>\n","protected":false},"excerpt":{"rendered":"<p>Source: G\u00d6RAN GREIDER: &#8220;Jag har cancer \u2013 men den kommer att botas&#8221; En av de d\u00e4r m\u00e4nniskorna man bara m\u00e5ste beundra!<\/p>\n","protected":false},"author":24,"featured_media":0,"comment_status":"open","ping_status":"open","sticky":false,"template":"","format":"standard","meta":{"_crdt_document":"","jetpack_post_was_ever_published":false,"_jetpack_newsletter_access":"","_jetpack_dont_email_post_to_subs":false,"_jetpack_newsletter_tier_id":0,"_jetpack_memberships_contains_paywalled_content":false,"_jetpack_memberships_contains_paid_content":false,"footnotes":"","jetpack_publicize_message":"","jetpack_publicize_feature_enabled":true,"jetpack_social_post_already_shared":true,"jetpack_social_options":{"image_generator_settings":{"template":"highway","default_image_id":0,"font":"","enabled":false},"version":2}},"categories":[2],"tags":[],"class_list":["post-37649","post","type-post","status-publish","format-standard","hentry","category-swedish"],"jetpack_publicize_connections":[],"jetpack_featured_media_url":"","jetpack_sharing_enabled":true,"jetpack_likes_enabled":true,"jetpack-related-posts":[{"id":37644,"url":"https:\/\/www.akehedman.se\/wordpress\/?p=37644","url_meta":{"origin":37649,"position":0},"title":"G\u00f6ran Greider har f\u00e5tt cancer: \u201dBlir ganska knockad\u201d | Aftonbladet","author":"\u00c5ke Hedman","date":"2021-01-27","format":false,"excerpt":"\u2013 Ja, om tre veckor kommer jag se ut som Fredrik Reinfeldt, det \u00e4r ju inte s\u00e5 roligt, sk\u00e4mtar S-debatt\u00f6ren. Source: G\u00f6ran Greider har f\u00e5tt cancer: \u201dBlir ganska knockad\u201d | Aftonbladet","rel":"","context":"In &quot;Swedish&quot;","block_context":{"text":"Swedish","link":"https:\/\/www.akehedman.se\/wordpress\/?cat=2"},"img":{"alt_text":"","src":"","width":0,"height":0},"classes":[]},{"id":49372,"url":"https:\/\/www.akehedman.se\/wordpress\/?p=49372","url_meta":{"origin":37649,"position":1},"title":"G\u00f6ran Greider: Jag lyckas aldrig bojkotta allt jag vill &#8211; DN.se","author":"\u00c5ke Hedman","date":"2025-04-02","format":false,"excerpt":"Den uppflammande k\u00f6pbojkotten mot matj\u00e4ttarna \u00e4r en v\u00e4ckarklocka, skriver G\u00f6ran Greider. Source: G\u00f6ran Greider: Jag lyckas aldrig bojkotta allt jag vill - DN.se","rel":"","context":"In &quot;Swedish&quot;","block_context":{"text":"Swedish","link":"https:\/\/www.akehedman.se\/wordpress\/?cat=2"},"img":{"alt_text":"","src":"","width":0,"height":0},"classes":[]},{"id":43952,"url":"https:\/\/www.akehedman.se\/wordpress\/?p=43952","url_meta":{"origin":37649,"position":2},"title":"Ingen","author":"\u00c5ke Hedman","date":"2023-01-12","format":false,"excerpt":"https:\/\/open.spotify.com\/track\/4L6ZmbSmjH5swqGWrelrrN?si=0b39d6a7626d467e G\u00e5r ingen av de andra hem s\u00e5 f\u00e5r du k\u00f6ra denna. \"Den b\u00e4sta l\u00e5t som n\u00e5gonsin gjorts\" enligt G\u00f6ran Greider och \"det n\u00e4rmaste jag kommer EPA-Dunk\" enligt Ois\u00edn Cantwell. Det \u00e4r allts\u00e5 antingen dom eller deras kompisar Du har p\u00e5 kontoret om det g\u00e5r hem. H\u00e5ll bara kvar volymen\u2026","rel":"","context":"In &quot;Musik&quot;","block_context":{"text":"Musik","link":"https:\/\/www.akehedman.se\/wordpress\/?cat=9"},"img":{"alt_text":"","src":"","width":0,"height":0},"classes":[]},{"id":40638,"url":"https:\/\/www.akehedman.se\/wordpress\/?p=40638","url_meta":{"origin":37649,"position":3},"title":"Ofruset \u00e4r b\u00e4st","author":"\u00c5ke Hedman","date":"2021-12-16","format":false,"excerpt":"Kaffe efter v\u00e4l (n\u00e5ja) f\u00f6rr\u00e4ttat v\u00e4rv. Nu hoppas jag p\u00e5 obruten mark f\u00f6r\u00f6ver s\u00e5 att jag kan h\u00e5lla uttagen kurs. Men fan trott. Redan imorgon \u00e4r det annat. Heldag dessutom. Men eftermiddag och kv\u00e4ll idag till sitt f\u00f6rfogande f\u00e5r duga. B\u00e4ttre efter jul. Oftast. Nu kom posten Bra timing d\u00e4r.\u2026","rel":"","context":"In &quot;Betraktelser &amp; Ber\u00e4ttelse&quot;","block_context":{"text":"Betraktelser &amp; Ber\u00e4ttelse","link":"https:\/\/www.akehedman.se\/wordpress\/?cat=24"},"img":{"alt_text":"","src":"https:\/\/i0.wp.com\/www.akehedman.se\/wordpress\/wp-content\/uploads\/2021\/12\/Screenshot-from-2021-12-16-13-06-09.png?resize=350%2C200&ssl=1","width":350,"height":200},"classes":[]},{"id":45206,"url":"https:\/\/www.akehedman.se\/wordpress\/?p=45206","url_meta":{"origin":37649,"position":4},"title":"Nationaldagsdikt av G\u00f6ran Greider.","author":"\u00c5ke Hedman","date":"2023-06-05","format":false,"excerpt":"Du skall \u00e4lska ditt lands\u00e5 mycket som ditt land \u00e4lskar dig.Om ditt land slutat \u00e4lska digs\u00e5 se noga efter om det bara \u00e4rde h\u00e4rskande makterna som inte bryr sig om dig,eller om det ocks\u00e5 \u00e4r skogarna,\u00e4ngderna och sj\u00f6arnasom upph\u00f6rt att tycka om dig. Men de kommer aldrig att \u00f6verge dig.\u2026","rel":"","context":"In &quot;Swedish&quot;","block_context":{"text":"Swedish","link":"https:\/\/www.akehedman.se\/wordpress\/?cat=2"},"img":{"alt_text":"","src":"","width":0,"height":0},"classes":[]},{"id":46955,"url":"https:\/\/www.akehedman.se\/wordpress\/?p=46955","url_meta":{"origin":37649,"position":5},"title":"Kallt","author":"\u00c5ke Hedman","date":"2024-01-15","format":false,"excerpt":"Photo by Ruvim Miksanskiy on Pexels.com Minus femton d\u00e4r ute. Hulken maxad. Sn\u00f6n gnistrar i gatljuset. Man vill inte g\u00e5 ut. Men pelletsleverans idag. Man m\u00e5ste nog ut. Om Hulken skall h\u00e5llas ig\u00e5ng. Skall kunna g\u00f6ra sitt viktiga jobb. Ja d\u00e5 m\u00e5ste pelletss\u00e4ckar b\u00e4ras in. Mitt jobb.?Som man blir varm\u2026","rel":"","context":"In &quot;Swedish&quot;","block_context":{"text":"Swedish","link":"https:\/\/www.akehedman.se\/wordpress\/?cat=2"},"img":{"alt_text":"aerial photography of snow covered trees","src":"https:\/\/i0.wp.com\/www.akehedman.se\/wordpress\/wp-content\/uploads\/2024\/01\/pexels-photo-1438761.jpeg?resize=350%2C200&ssl=1","width":350,"height":200,"srcset":"https:\/\/i0.wp.com\/www.akehedman.se\/wordpress\/wp-content\/uploads\/2024\/01\/pexels-photo-1438761.jpeg?resize=350%2C200&ssl=1 1x, https:\/\/i0.wp.com\/www.akehedman.se\/wordpress\/wp-content\/uploads\/2024\/01\/pexels-photo-1438761.jpeg?resize=525%2C300&ssl=1 1.5x, https:\/\/i0.wp.com\/www.akehedman.se\/wordpress\/wp-content\/uploads\/2024\/01\/pexels-photo-1438761.jpeg?resize=700%2C400&ssl=1 2x, https:\/\/i0.wp.com\/www.akehedman.se\/wordpress\/wp-content\/uploads\/2024\/01\/pexels-photo-1438761.jpeg?resize=1050%2C600&ssl=1 3x, https:\/\/i0.wp.com\/www.akehedman.se\/wordpress\/wp-content\/uploads\/2024\/01\/pexels-photo-1438761.jpeg?resize=1400%2C800&ssl=1 4x"},"classes":[]}],"jetpack_shortlink":"https:\/\/wp.me\/p68PL2-9Nf","_links":{"self":[{"href":"https:\/\/www.akehedman.se\/wordpress\/index.php?rest_route=\/wp\/v2\/posts\/37649","targetHints":{"allow":["GET"]}}],"collection":[{"href":"https:\/\/www.akehedman.se\/wordpress\/index.php?rest_route=\/wp\/v2\/posts"}],"about":[{"href":"https:\/\/www.akehedman.se\/wordpress\/index.php?rest_route=\/wp\/v2\/types\/post"}],"author":[{"embeddable":true,"href":"https:\/\/www.akehedman.se\/wordpress\/index.php?rest_route=\/wp\/v2\/users\/24"}],"replies":[{"embeddable":true,"href":"https:\/\/www.akehedman.se\/wordpress\/index.php?rest_route=%2Fwp%2Fv2%2Fcomments&post=37649"}],"version-history":[{"count":1,"href":"https:\/\/www.akehedman.se\/wordpress\/index.php?rest_route=\/wp\/v2\/posts\/37649\/revisions"}],"predecessor-version":[{"id":37651,"href":"https:\/\/www.akehedman.se\/wordpress\/index.php?rest_route=\/wp\/v2\/posts\/37649\/revisions\/37651"}],"wp:attachment":[{"href":"https:\/\/www.akehedman.se\/wordpress\/index.php?rest_route=%2Fwp%2Fv2%2Fmedia&parent=37649"}],"wp:term":[{"taxonomy":"category","embeddable":true,"href":"https:\/\/www.akehedman.se\/wordpress\/index.php?rest_route=%2Fwp%2Fv2%2Fcategories&post=37649"},{"taxonomy":"post_tag","embeddable":true,"href":"https:\/\/www.akehedman.se\/wordpress\/index.php?rest_route=%2Fwp%2Fv2%2Ftags&post=37649"}],"curies":[{"name":"wp","href":"https:\/\/api.w.org\/{rel}","templated":true}]}}