{"id":37641,"date":"2021-01-27T10:38:59","date_gmt":"2021-01-27T09:38:59","guid":{"rendered":"https:\/\/www.akehedman.se\/wordpress\/?p=37641"},"modified":"2021-01-27T10:38:59","modified_gmt":"2021-01-27T09:38:59","slug":"rekordhog-andel-fattiga-svenskar-aftonbladet-live-supernytt","status":"publish","type":"post","link":"https:\/\/www.akehedman.se\/wordpress\/?p=37641","title":{"rendered":"Rekordh\u00f6g andel fattiga svenskar &#8211; Aftonbladet live: Supernytt"},"content":{"rendered":"<blockquote><p><a href=\"https:\/\/live.aftonbladet.se\/supernytt\/news\/rekordhoeg-andel-fattiga-svenskar.VM5xSwosn\"><img data-recalc-dims=\"1\" decoding=\"async\" class=\"alignnone size-full\" src=\"https:\/\/i0.wp.com\/www.akehedman.se\/wordpress\/wp-content\/uploads\/2021\/01\/f684737c60484ef64ab63a9e73a54d8b.jpg?w=580&#038;ssl=1\" alt=\"\" \/><\/a>Andelen svenskar med l\u00e5g ekonomisk standard forts\u00e4tter att \u00f6ka och n\u00e5dde 2019 den h\u00f6gsta niv\u00e5n hittills, \u00f6ver 15 procent av befolkningen, enligt siffror fr\u00e5n Statistiska centralbyr\u00e5n (SCB).<\/p><\/blockquote>\n<p>Source: <em><a href=\"https:\/\/live.aftonbladet.se\/supernytt\/news\/rekordhoeg-andel-fattiga-svenskar.VM5xSwosn\">Rekordh\u00f6g andel fattiga svenskar &#8211; Aftonbladet live: Supernytt<\/a><\/em><\/p>\n<p>Sverige har tidigare lyckats g\u00e5 en v\u00e4ldigt lyckad balansg\u00e5ng p\u00e5 knivseggen mellan kapitalism och socialism f\u00f6r att bygga ett samh\u00e4lle som \u00e4r till f\u00f6r ALLA. Men de h\u00e4r siffrorna pekar \u00e5t helt fel h\u00e5ll. I vilket samh\u00e4lle vill vi bo egentligen? I ett egoistiskt och sj\u00e4lvcentrerat roffarsamh\u00e4lle eller i det som de som kom f\u00f6re oss har byggt med stor m\u00f6da och ansvar och som v\u00e4l de flesta av oss faktiskt gillar.<\/p>\n","protected":false},"excerpt":{"rendered":"<p>Andelen svenskar med l\u00e5g ekonomisk standard forts\u00e4tter att \u00f6ka och n\u00e5dde 2019 den h\u00f6gsta niv\u00e5n hittills, \u00f6ver 15 procent av befolkningen, enligt siffror fr\u00e5n Statistiska centralbyr\u00e5n (SCB). Source: Rekordh\u00f6g andel fattiga svenskar &#8211; Aftonbladet live: Supernytt Sverige har tidigare lyckats g\u00e5 en v\u00e4ldigt lyckad balansg\u00e5ng p\u00e5 knivseggen mellan kapitalism och socialism f\u00f6r att bygga ett [&hellip;]<\/p>\n","protected":false},"author":24,"featured_media":0,"comment_status":"open","ping_status":"open","sticky":false,"template":"","format":"standard","meta":{"_crdt_document":"","jetpack_post_was_ever_published":false,"_jetpack_newsletter_access":"","_jetpack_dont_email_post_to_subs":false,"_jetpack_newsletter_tier_id":0,"_jetpack_memberships_contains_paywalled_content":false,"_jetpack_memberships_contains_paid_content":false,"footnotes":"","jetpack_publicize_message":"","jetpack_publicize_feature_enabled":true,"jetpack_social_post_already_shared":true,"jetpack_social_options":{"image_generator_settings":{"template":"highway","default_image_id":0,"font":"","enabled":false},"version":2}},"categories":[2],"tags":[],"class_list":["post-37641","post","type-post","status-publish","format-standard","hentry","category-swedish"],"jetpack_publicize_connections":[],"jetpack_featured_media_url":"","jetpack_sharing_enabled":true,"jetpack_likes_enabled":true,"jetpack-related-posts":[{"id":24055,"url":"https:\/\/www.akehedman.se\/wordpress\/?p=24055","url_meta":{"origin":37641,"position":0},"title":"Att bevara det som \u00e4r bra","author":"\u00c5ke Hedman","date":"2017-04-09","format":false,"excerpt":"Stockhom, Drottninggatan, det som verkar vara en galning med utvisningsbesked h\u00e4ngande \u00f6ver sig, on\u00f6digt lidande, on\u00f6dig d\u00f6d. Hur f\u00f6rbannat on\u00f6digt \u00e4r det inte? Det enda en s\u00e5dan d\u00e4r handling f\u00f6der \u00e4r hatet, de som hatar suger n\u00e4ring ur den, det enda som hj\u00e4lper som motmedel \u00e4r fortsatt k\u00e4rlek, \u00f6ppenhet och\u2026","rel":"","context":"In &quot;Betraktelser &amp; Ber\u00e4ttelse&quot;","block_context":{"text":"Betraktelser &amp; Ber\u00e4ttelse","link":"https:\/\/www.akehedman.se\/wordpress\/?cat=24"},"img":{"alt_text":"","src":"https:\/\/i0.wp.com\/www.akehedman.se\/wordpress\/wp-content\/uploads\/2017\/04\/rod-ros-betydelse-blomterspraket.jpg?resize=350%2C200","width":350,"height":200,"srcset":"https:\/\/i0.wp.com\/www.akehedman.se\/wordpress\/wp-content\/uploads\/2017\/04\/rod-ros-betydelse-blomterspraket.jpg?resize=350%2C200 1x, https:\/\/i0.wp.com\/www.akehedman.se\/wordpress\/wp-content\/uploads\/2017\/04\/rod-ros-betydelse-blomterspraket.jpg?resize=525%2C300 1.5x, https:\/\/i0.wp.com\/www.akehedman.se\/wordpress\/wp-content\/uploads\/2017\/04\/rod-ros-betydelse-blomterspraket.jpg?resize=700%2C400 2x"},"classes":[]},{"id":2654,"url":"https:\/\/www.akehedman.se\/wordpress\/?p=2654","url_meta":{"origin":37641,"position":1},"title":"Sn\u00e4lla!","author":"\u00c5ke Hedman","date":"2013-01-18","format":false,"excerpt":"S\u00e5 har vi \u00e4nnu en pseudodiskussion ig\u00e5ng i Sverige. Finns det barnfattigdom i det h\u00e4r landet eller inte? Sida upp och sida ner n\u00f6ts det i tidningarna i andra media. Samtidigt finns det barn och vuxna som inte har pengar till mat och andra v\u00e4sentligheter i Sverige (och jag pratar\u2026","rel":"","context":"In &quot;Status fr\u00e5n just idag&quot;","block_context":{"text":"Status fr\u00e5n just idag","link":"https:\/\/www.akehedman.se\/wordpress\/?cat=25"},"img":{"alt_text":"gr\u00e5t","src":"https:\/\/i0.wp.com\/www.eurosource.se\/akhe\/wordpress\/wp-content\/uploads\/2013\/01\/gr%C3%A5t.jpg?resize=350%2C200","width":350,"height":200,"srcset":"https:\/\/i0.wp.com\/www.eurosource.se\/akhe\/wordpress\/wp-content\/uploads\/2013\/01\/gr%C3%A5t.jpg?resize=350%2C200 1x, https:\/\/i0.wp.com\/www.eurosource.se\/akhe\/wordpress\/wp-content\/uploads\/2013\/01\/gr%C3%A5t.jpg?resize=525%2C300 1.5x"},"classes":[]},{"id":21014,"url":"https:\/\/www.akehedman.se\/wordpress\/?p=21014","url_meta":{"origin":37641,"position":2},"title":"Ljusdals Bryggeri \u2013 Visionen som blev sann \u2013 BEERTOWER","author":"\u00c5ke Hedman","date":"2016-07-13","format":false,"excerpt":"Ljusdals Bryggeri (l\u00e4nk till hemsida), bel\u00e4get i gamla lokstallar i centrala Ljusdal, \u00e4r ett nytt och fr\u00e4scht mikrobryggeri i Sverige. F\u00f6retaget har f\u00f6ljande motto \u201dVi ska med stolthet producera hantverksm\u00e4ssigt producerad \u00f6l av h\u00f6g kvalitet, tillverkat utifr\u00e5n ett sunt milj\u00f6t\u00e4nk.\u201dVi kontaktade dem f\u00f6r att h\u00f6ra historien om hur allt b\u00f6rjade\u2026","rel":"","context":"In &quot;Swedish&quot;","block_context":{"text":"Swedish","link":"https:\/\/www.akehedman.se\/wordpress\/?cat=2"},"img":{"alt_text":"","src":"","width":0,"height":0},"classes":[]},{"id":40774,"url":"https:\/\/www.akehedman.se\/wordpress\/?p=40774","url_meta":{"origin":37641,"position":3},"title":"Dammsugning h\u00e5ller dig b\u00e5de fit och smart \u2013 Supernytt \u2013 Aftonbladet live","author":"\u00c5ke Hedman","date":"2022-01-03","format":false,"excerpt":"\u00a0 Gillar du inte att st\u00e4da? D\u00e5 \u00e4r det kanske dags att t\u00e4nka om \u2013 s\u00e4rskilt n\u00e4r det g\u00e4ller dammsugning. Source: Dammsugning h\u00e5ller dig b\u00e5de fit och smart \u2013 Supernytt \u2013 Aftonbladet live G\u00e4ller bara f\u00f6r oss \u00f6ver 65 tydligen...","rel":"","context":"In &quot;Swedish&quot;","block_context":{"text":"Swedish","link":"https:\/\/www.akehedman.se\/wordpress\/?cat=2"},"img":{"alt_text":"","src":"","width":0,"height":0},"classes":[]},{"id":7227,"url":"https:\/\/www.akehedman.se\/wordpress\/?p=7227","url_meta":{"origin":37641,"position":4},"title":"M\u00e5sskit","author":"\u00c5ke Hedman","date":"2013-05-10","format":false,"excerpt":"M\u00e5sarna nattsjunger utanf\u00f6r mitt f\u00f6nster h\u00e4r p\u00e5 l\u00e5tsaskontoret. S\u00e5d\u00e4r som dom g\u00f6r p\u00e5 sommaren n\u00e4r det sista ljuset f\u00f6rsvinner f\u00f6r att strax komma tillbaks igen. Nu \u00e4r natten fortfarande l\u00e4ngre \u00e4n bara ett kort \u00f6gonblick, men om bara n\u00e5gra veckor finns den inte l\u00e4ngre. D\u00e5 blir det aldrig riktig natt\u2026","rel":"","context":"In &quot;Betraktelser &amp; Ber\u00e4ttelse&quot;","block_context":{"text":"Betraktelser &amp; Ber\u00e4ttelse","link":"https:\/\/www.akehedman.se\/wordpress\/?cat=24"},"img":{"alt_text":"skrattmas_lyfter","src":"https:\/\/i0.wp.com\/www.eurosource.se\/akhe\/wordpress\/wp-content\/uploads\/2013\/05\/skrattmas_lyfter.jpg?resize=350%2C200","width":350,"height":200},"classes":[]},{"id":496,"url":"https:\/\/www.akehedman.se\/wordpress\/?p=496","url_meta":{"origin":37641,"position":5},"title":"Stoppa FRA-lagen &#8211; mejla alla i riksdagen &#8211; h\u00c3\u00a4r \u00c3\u00a4r listan!","author":"\u00c5ke Hedman","date":"2008-06-11","format":false,"excerpt":"H\u00c3\u00a4r \u00c3\u00a5terges Per Str\u00c3\u00b6ms nyhetsbrev av idag som jag st\u00c3\u00b6djer till fullo. Stoppa FRA-lagen - mejla alla i riksdagen - h\u00c3\u00a4r \u00c3\u00a4r listan! Nu g\u00c3\u00a4ller det! P\u00c3\u00a5 tisdag i n\u00c3\u00a4sta vecka ska riksdagen r\u00c3\u00b6sta om \"Lex Orwell\", allts\u00c3\u00a5 f\u00c3\u00b6rslaget att l\u00c3\u00a5ta F\u00c3\u00b6rsvarets Radioanstalt (FRA) f\u00c3\u00a5 l\u00c3\u00a4sa alla svenskars epost och\u2026","rel":"","context":"In &quot;Swedish&quot;","block_context":{"text":"Swedish","link":"https:\/\/www.akehedman.se\/wordpress\/?cat=2"},"img":{"alt_text":"","src":"","width":0,"height":0},"classes":[]}],"jetpack_shortlink":"https:\/\/wp.me\/p68PL2-9N7","_links":{"self":[{"href":"https:\/\/www.akehedman.se\/wordpress\/index.php?rest_route=\/wp\/v2\/posts\/37641","targetHints":{"allow":["GET"]}}],"collection":[{"href":"https:\/\/www.akehedman.se\/wordpress\/index.php?rest_route=\/wp\/v2\/posts"}],"about":[{"href":"https:\/\/www.akehedman.se\/wordpress\/index.php?rest_route=\/wp\/v2\/types\/post"}],"author":[{"embeddable":true,"href":"https:\/\/www.akehedman.se\/wordpress\/index.php?rest_route=\/wp\/v2\/users\/24"}],"replies":[{"embeddable":true,"href":"https:\/\/www.akehedman.se\/wordpress\/index.php?rest_route=%2Fwp%2Fv2%2Fcomments&post=37641"}],"version-history":[{"count":1,"href":"https:\/\/www.akehedman.se\/wordpress\/index.php?rest_route=\/wp\/v2\/posts\/37641\/revisions"}],"predecessor-version":[{"id":37643,"href":"https:\/\/www.akehedman.se\/wordpress\/index.php?rest_route=\/wp\/v2\/posts\/37641\/revisions\/37643"}],"wp:attachment":[{"href":"https:\/\/www.akehedman.se\/wordpress\/index.php?rest_route=%2Fwp%2Fv2%2Fmedia&parent=37641"}],"wp:term":[{"taxonomy":"category","embeddable":true,"href":"https:\/\/www.akehedman.se\/wordpress\/index.php?rest_route=%2Fwp%2Fv2%2Fcategories&post=37641"},{"taxonomy":"post_tag","embeddable":true,"href":"https:\/\/www.akehedman.se\/wordpress\/index.php?rest_route=%2Fwp%2Fv2%2Ftags&post=37641"}],"curies":[{"name":"wp","href":"https:\/\/api.w.org\/{rel}","templated":true}]}}