{"id":37490,"date":"2021-01-11T22:45:03","date_gmt":"2021-01-11T21:45:03","guid":{"rendered":"https:\/\/www.akehedman.se\/wordpress\/?p=37490"},"modified":"2021-01-11T22:45:03","modified_gmt":"2021-01-11T21:45:03","slug":"elgubbar-och-inte-ocoola-gubbar","status":"publish","type":"post","link":"https:\/\/www.akehedman.se\/wordpress\/?p=37490","title":{"rendered":"Elgubbar och inte ocoola gubbar"},"content":{"rendered":"\n<figure class=\"wp-block-image size-large\"><img data-recalc-dims=\"1\" loading=\"lazy\" decoding=\"async\" width=\"379\" height=\"731\" src=\"https:\/\/i0.wp.com\/www.akehedman.se\/wordpress\/wp-content\/uploads\/2021\/01\/IMG_20210111_095605.jpg?resize=379%2C731&#038;ssl=1\" alt=\"\" class=\"wp-image-37491\" srcset=\"https:\/\/i0.wp.com\/www.akehedman.se\/wordpress\/wp-content\/uploads\/2021\/01\/IMG_20210111_095605.jpg?w=379&amp;ssl=1 379w, https:\/\/i0.wp.com\/www.akehedman.se\/wordpress\/wp-content\/uploads\/2021\/01\/IMG_20210111_095605.jpg?resize=156%2C300&amp;ssl=1 156w\" sizes=\"auto, (max-width: 379px) 100vw, 379px\" \/><\/figure>\n\n\n\n<p class=\"wp-block-paragraph\">Om nu klockan inte bara var strax efter tio s\u00e5 skulle jag nog fundera p\u00e5 att l\u00e4gga mig. Tr\u00f6tter n\u00e4mligen. Men nu finns tv\u00e5 alldeles f\u00f6rtr\u00e4ffliga l\u00e5tsasarbetstimmar kvar av det h\u00e4r dygnet som b\u00f6r utnyttjas. Man f\u00e5r allts\u00e5 h\u00e5lla ut. \u00c5tminstone f\u00f6rs\u00f6ka. Men passar p\u00e5 att sl\u00f6sa bort n\u00e5gra v\u00e4rdefulla minuter med lite svammel det g\u00e5r ju alltid bra. uPaus.<\/p>\n\n\n\n<p class=\"wp-block-paragraph\">Av oklara anledningar har vi str\u00f6mmen kvar. H\u00f6rde att Hamra fallit. Men lyset har blinkat orov\u00e4ckande st\u00f6rre delen av dan idag h\u00e4r ocks\u00e5 (och nu) s\u00e5 jag har v\u00e4ntat mig ett str\u00f6mavbrott n\u00e4r som helst. Orsaken \u00e4r s\u00e5klart sn\u00f6n. Det \u00e4r sn\u00f6legor fr\u00e5n helvetet d\u00e4r ute. M\u00e4ngder av tr\u00e4d som st\u00e5r som pilb\u00e5gar. Igen rolig arbetsmilj\u00f6 kan det vara f\u00f6r el-&#8220;gubbarna&#8221; (inom citationstecken f\u00f6r att dom s\u00e4llan \u00e4r s\u00e5 gamla de d\u00e4r &#8220;gubbarna&#8221; nu f\u00f6r tiden. Oftare inte \u00e4ldre \u00e4n en jordgubbe faktiskt). <\/p>\n\n\n\n<p class=\"wp-block-paragraph\">Men &#8220;m\u00e4ngder av sn\u00f6&#8221; har det inte fallit h\u00e4r.  Lite puder bara. En halv decimeter kanske. Sn\u00f6legorna \u00e4r kvar sen tidigare. Det som kommer nu blir liksom droppen som s\u00e4ger &#8220;kn\u00e4ck, blixt, m\u00f6rker&#8221;.<\/p>\n\n\n\n<p class=\"wp-block-paragraph\">De flesta av ledningarna kring oss \u00e4r antingen nedgr\u00e4vda eller isolerade p\u00e5 stolpe nu f\u00f6r tiden s\u00e5 str\u00f6mavbrotten \u00e4r f\u00e4rre. F\u00f6rsta vintrarna h\u00e4r uppe l\u00e4rde man sig verkligen att trycka <strong>ctrl+s<\/strong> ofta per automation. Sitter i fortfarande faktiskt. Tumme pekfinger g\u00f6r den d\u00e4r r\u00f6relsen omedvetet d\u00e5 och d\u00e5 som ett ticks fr\u00e5n forntiden.<\/p>\n\n\n\n<p class=\"wp-block-paragraph\">Har inte riktigt kommit upp i fart efter julledigheten. Inte ovanligt. Jag \u00e4r en slow starter av tredje graden. Men tar det d\u00e4r med ro nu f\u00f6r tiden. Till slut flyter det p\u00e5 igen och med oxdragarveckor f\u00f6r\u00f6ver finns god tid att g\u00f6ra saker p\u00e5.<\/p>\n\n\n\n<p class=\"wp-block-paragraph\">Den h\u00e4r tiden, som \u00e4r \u00e5rets sv\u00e5raste svarta d\u00e5, s\u00e5 g\u00e4ller det att grotta ner sig s\u00e5 mycket det bara g\u00e5r n\u00e4mligen. M\u00e5let \u00e4r att \u00f6verleva fram till koltrasts\u00e5ng, med ett delm\u00e5l och en utandning f\u00f6ljd av en inandning vid Vasaloppss\u00f6ndagen. Allts\u00e5 f\u00f6rsta s\u00f6ndagen i mars. Det l\u00e4ttar d\u00e4rifr\u00e5n. Det \u00e4r inte kolsvart m\u00f6rker. Det finns hopp. Men l\u00e5nga m\u00e5nader kvar till sommar och seger. Men man f\u00e5r m\u00e5la upp solig gr\u00e4smatta, grill, lite vin, fil och mjukmacka ute till lunch och s\u00e5dant d\u00e4r i huvudet. Sikta p\u00e5 dom bilderna. Sen k\u00f6ra utav bara h:e. Inte t\u00e4nka s\u00e5 mycket p\u00e5 januari och februari. Nej inte ens p\u00e5 mars. Sen kan man koppla p\u00e5 igen. Lite i april. Mer i maj. Sen full fart med en fot p\u00e5 bromsen f\u00f6r att f\u00f6rs\u00f6ka h\u00e5lla kvar soliga dagar s\u00e5 l\u00e4nge det g\u00e5r. N\u00e5got man s\u00e5klart aldrig lyckas med. D\u00e4r, \u00e4r det utf\u00f6rsbacke. Nu \u00e4r det bara uppf\u00f6r.<\/p>\n\n\n\n<p class=\"wp-block-paragraph\">Fast mig g\u00e5r det s\u00e5klart ingen n\u00f6d p\u00e5. Hur skulle det kunna g\u00f6ra det? <\/p>\n\n\n\n<p class=\"wp-block-paragraph\">Soph\u00e4mtning imorgon. Stor h\u00e4ndelse h\u00e4r p\u00e5 v\u00e5r kullen s\u00e5klart d\u00e4r inte mycket annars h\u00e4nder om dagarna. Brum, tjoff, pang och juiceblandare. Wow liksom. Ja ni fattar hur h\u00e4ndelsel\u00f6st en dag i min l\u00e5tsasv\u00e4rld kan vara. Ja ett l\u00e5tsasliv \u00e4r det v\u00e4l rent utav. Funderar p\u00e5 att inte st\u00e4lla ut soptunna. Leka rebell&#8230;<\/p>\n\n\n\n<p class=\"wp-block-paragraph\">Men kod kodar sig inte sj\u00e4lv. \u00c4nnu. S\u00e5 det \u00e4r lika bra att s\u00e4tta ig\u00e5ng. Ja&#8230;. eller skita i det. L\u00e4gga sig. Man f\u00e5r fundera p\u00e5 det d\u00e4r. Endera blir det.<\/p>\n","protected":false},"excerpt":{"rendered":"<p>Om nu klockan inte bara var strax efter tio s\u00e5 skulle jag nog fundera p\u00e5 att l\u00e4gga mig. Tr\u00f6tter n\u00e4mligen. Men nu finns tv\u00e5 alldeles f\u00f6rtr\u00e4ffliga l\u00e5tsasarbetstimmar kvar av det h\u00e4r dygnet som b\u00f6r utnyttjas. Man f\u00e5r allts\u00e5 h\u00e5lla ut. \u00c5tminstone f\u00f6rs\u00f6ka. Men passar p\u00e5 att sl\u00f6sa bort n\u00e5gra v\u00e4rdefulla minuter med lite svammel det [&hellip;]<\/p>\n","protected":false},"author":24,"featured_media":0,"comment_status":"open","ping_status":"open","sticky":false,"template":"","format":"standard","meta":{"_crdt_document":"","jetpack_post_was_ever_published":false,"_jetpack_newsletter_access":"","_jetpack_dont_email_post_to_subs":false,"_jetpack_newsletter_tier_id":0,"_jetpack_memberships_contains_paywalled_content":false,"_jetpack_memberships_contains_paid_content":false,"footnotes":"","jetpack_publicize_message":"","jetpack_publicize_feature_enabled":true,"jetpack_social_post_already_shared":true,"jetpack_social_options":{"image_generator_settings":{"template":"highway","default_image_id":0,"font":"","enabled":false},"version":2}},"categories":[24],"tags":[],"class_list":["post-37490","post","type-post","status-publish","format-standard","hentry","category-betraktelser"],"jetpack_publicize_connections":[],"jetpack_featured_media_url":"","jetpack_sharing_enabled":true,"jetpack_likes_enabled":true,"jetpack-related-posts":[{"id":20781,"url":"https:\/\/www.akehedman.se\/wordpress\/?p=20781","url_meta":{"origin":37490,"position":0},"title":"Ohhhhh&#8230;ja&#8230;. och suck! p\u00e5 utandning.","author":"\u00c5ke Hedman","date":"2016-06-22","format":false,"excerpt":"I London regnar det. Inte h\u00e4r. Men p\u00e5 midsommarafton skall det visst g\u00f6ra det. Den som lever f\u00e5r se. Som det heter. Vad spelar det f\u00f6r roll? Egentligen. Jordgubbst\u00e5rta g\u00e5r det att \u00e4ta \u00e4nd\u00e5. \u00a0 Jag drar ner persienner det f\u00f6rsta jag g\u00f6r n\u00e4r jag kommer ner p\u00e5 kontoret, det\u2026","rel":"","context":"In &quot;Betraktelser &amp; Ber\u00e4ttelse&quot;","block_context":{"text":"Betraktelser &amp; Ber\u00e4ttelse","link":"https:\/\/www.akehedman.se\/wordpress\/?cat=24"},"img":{"alt_text":"gammal_schafer_webb","src":"https:\/\/i0.wp.com\/www.akehedman.se\/wordpress\/wp-content\/uploads\/2016\/06\/gammal_schafer_webb.jpg?resize=350%2C200","width":350,"height":200,"srcset":"https:\/\/i0.wp.com\/www.akehedman.se\/wordpress\/wp-content\/uploads\/2016\/06\/gammal_schafer_webb.jpg?resize=350%2C200 1x, https:\/\/i0.wp.com\/www.akehedman.se\/wordpress\/wp-content\/uploads\/2016\/06\/gammal_schafer_webb.jpg?resize=525%2C300 1.5x, https:\/\/i0.wp.com\/www.akehedman.se\/wordpress\/wp-content\/uploads\/2016\/06\/gammal_schafer_webb.jpg?resize=700%2C400 2x"},"classes":[]},{"id":37587,"url":"https:\/\/www.akehedman.se\/wordpress\/?p=37587","url_meta":{"origin":37490,"position":1},"title":"Livet","author":"\u00c5ke Hedman","date":"2021-01-24","format":false,"excerpt":"Det h\u00e4nder inte s\u00e5 mycket. Ingen ovanlighet h\u00e4r p\u00e5 den h\u00e4r gamla kullen s\u00e5klart. Kanske \u00e4r det just de h\u00e4r dagarna n\u00e4r det inte h\u00e4nder s\u00e5 mycket som \u00e4r storheten med tiden d\u00e5 man befinner sig i ett liv. Man m\u00e4rker det inte bara. Vi lever i en pandemi. En\u2026","rel":"","context":"In &quot;Betraktelser &amp; Ber\u00e4ttelse&quot;","block_context":{"text":"Betraktelser &amp; Ber\u00e4ttelse","link":"https:\/\/www.akehedman.se\/wordpress\/?cat=24"},"img":{"alt_text":"","src":"https:\/\/i0.wp.com\/www.akehedman.se\/wordpress\/wp-content\/uploads\/2021\/01\/IMG_20210114_012134-02-scaled.jpeg?resize=350%2C200&ssl=1","width":350,"height":200,"srcset":"https:\/\/i0.wp.com\/www.akehedman.se\/wordpress\/wp-content\/uploads\/2021\/01\/IMG_20210114_012134-02-scaled.jpeg?resize=350%2C200&ssl=1 1x, https:\/\/i0.wp.com\/www.akehedman.se\/wordpress\/wp-content\/uploads\/2021\/01\/IMG_20210114_012134-02-scaled.jpeg?resize=525%2C300&ssl=1 1.5x, https:\/\/i0.wp.com\/www.akehedman.se\/wordpress\/wp-content\/uploads\/2021\/01\/IMG_20210114_012134-02-scaled.jpeg?resize=700%2C400&ssl=1 2x, https:\/\/i0.wp.com\/www.akehedman.se\/wordpress\/wp-content\/uploads\/2021\/01\/IMG_20210114_012134-02-scaled.jpeg?resize=1050%2C600&ssl=1 3x, https:\/\/i0.wp.com\/www.akehedman.se\/wordpress\/wp-content\/uploads\/2021\/01\/IMG_20210114_012134-02-scaled.jpeg?resize=1400%2C800&ssl=1 4x"},"classes":[]},{"id":18161,"url":"https:\/\/www.akehedman.se\/wordpress\/?p=18161","url_meta":{"origin":37490,"position":2},"title":"Sommarprogrammen toppar fr\u00e5n start","author":"\u00c5ke Hedman","date":"2015-06-22","format":false,"excerpt":"M\u00e5ndag, ny vecka, vi har b\u00f6rjat g\u00e5 mot m\u00f6rkare tider. Men \u00e4nnu ingen oro s\u00e5klart. L\u00e4get \u00e4r som vid jul fast det inverterade. Mycket vinter kvar d\u00e5. Mycket sommar kvar nu. Med veckan likaledes. Mycket vecka kvar. Gillar det. F\u00f6r jag har mycket kvar att g\u00f6ra. Att det \u00e4r m\u00e5ndag\u2026","rel":"","context":"In &quot;Betraktelser &amp; Ber\u00e4ttelse&quot;","block_context":{"text":"Betraktelser &amp; Ber\u00e4ttelse","link":"https:\/\/www.akehedman.se\/wordpress\/?cat=24"},"img":{"alt_text":"img001","src":"https:\/\/i0.wp.com\/www.akehedman.se\/wordpress\/wp-content\/uploads\/2015\/06\/img001.jpg?resize=350%2C200","width":350,"height":200,"srcset":"https:\/\/i0.wp.com\/www.akehedman.se\/wordpress\/wp-content\/uploads\/2015\/06\/img001.jpg?resize=350%2C200 1x, https:\/\/i0.wp.com\/www.akehedman.se\/wordpress\/wp-content\/uploads\/2015\/06\/img001.jpg?resize=525%2C300 1.5x"},"classes":[]},{"id":6935,"url":"https:\/\/www.akehedman.se\/wordpress\/?p=6935","url_meta":{"origin":37490,"position":3},"title":"F\u00f6rbannad p\u00e5 mig sj\u00e4lv","author":"\u00c5ke Hedman","date":"2013-04-23","format":false,"excerpt":"Blir irriterad p\u00e5 mig sj\u00e4lv h\u00e4r p\u00e5 morgonen och sv\u00e4r lite. Har varit arbetsl\u00f6s nu under \u00e5tta m\u00e5nader. N\u00e5gra f\u00e5 intervjuer och ***MASSOR*** av nej. P\u00e5 marknaden \u00e4r jag en gammal och v\u00e4rdel\u00f6s gubbe. Det m\u00e5ste ju vara s\u00e5 man ses. Det svider tamefan. Just f\u00f6r att jag vet vad\u2026","rel":"","context":"In &quot;Betraktelser &amp; Ber\u00e4ttelse&quot;","block_context":{"text":"Betraktelser &amp; Ber\u00e4ttelse","link":"https:\/\/www.akehedman.se\/wordpress\/?cat=24"},"img":{"alt_text":"kidfinger_32512319","src":"https:\/\/i0.wp.com\/www.eurosource.se\/akhe\/wordpress\/wp-content\/uploads\/2013\/04\/kidfinger_32512319.jpg?resize=350%2C200","width":350,"height":200},"classes":[]},{"id":10234,"url":"https:\/\/www.akehedman.se\/wordpress\/?p=10234","url_meta":{"origin":37490,"position":4},"title":"Ens dagar \u00e4ro r\u00e4knade","author":"\u00c5ke Hedman","date":"2013-10-01","format":false,"excerpt":"Skulle man titta p\u00e5 sig sj\u00e4lv idag med unga \u00f6gon s\u00e5 skulle man v\u00e4l antagligen bara se ett misslyckande. Man ville bli popstj\u00e4rna - blev inte det, man ville bli framg\u00e5ngsrik forskare - blev inte det, osv, osv. \u00c4nd\u00e5 k\u00e4nner man sig konstigt nog n\u00f6jd idag n\u00e4r man sitter h\u00e4r\u2026","rel":"","context":"In &quot;Betraktelser &amp; Ber\u00e4ttelse&quot;","block_context":{"text":"Betraktelser &amp; Ber\u00e4ttelse","link":"https:\/\/www.akehedman.se\/wordpress\/?cat=24"},"img":{"alt_text":"regn","src":"https:\/\/i0.wp.com\/www.eurosource.se\/akhe\/wordpress\/wp-content\/uploads\/2013\/09\/regn.jpg?resize=350%2C200","width":350,"height":200,"srcset":"https:\/\/i0.wp.com\/www.eurosource.se\/akhe\/wordpress\/wp-content\/uploads\/2013\/09\/regn.jpg?resize=350%2C200 1x, https:\/\/i0.wp.com\/www.eurosource.se\/akhe\/wordpress\/wp-content\/uploads\/2013\/09\/regn.jpg?resize=525%2C300 1.5x, https:\/\/i0.wp.com\/www.eurosource.se\/akhe\/wordpress\/wp-content\/uploads\/2013\/09\/regn.jpg?resize=700%2C400 2x"},"classes":[]},{"id":16828,"url":"https:\/\/www.akehedman.se\/wordpress\/?p=16828","url_meta":{"origin":37490,"position":5},"title":"Skift 2","author":"\u00c5ke Hedman","date":"2015-03-04","format":false,"excerpt":"Sitter h\u00e4r p\u00e5 skift tv\u00e5. Har varit nere p\u00e5 kontoret en timme men har bara hunnit svara p\u00e5 mail hittills. Man vill s\u00e5 g\u00e4rna tro att det \u00e4r p\u00e5 v\u00e4g att\u00a0 lossna s\u00e5 d\u00e4r riktigt nu och s\u00e5 k\u00e4nns det liksom helt pl\u00f6tsligt som att det g\u00f6r det. Att sitta\u2026","rel":"","context":"In &quot;Betraktelser &amp; Ber\u00e4ttelse&quot;","block_context":{"text":"Betraktelser &amp; Ber\u00e4ttelse","link":"https:\/\/www.akehedman.se\/wordpress\/?cat=24"},"img":{"alt_text":"prototype3","src":"https:\/\/i0.wp.com\/www.eurosource.se\/akhe\/wordpress\/wp-content\/uploads\/2015\/03\/prototype3-1024x704.png?resize=350%2C200","width":350,"height":200,"srcset":"https:\/\/i0.wp.com\/www.eurosource.se\/akhe\/wordpress\/wp-content\/uploads\/2015\/03\/prototype3-1024x704.png?resize=350%2C200 1x, https:\/\/i0.wp.com\/www.eurosource.se\/akhe\/wordpress\/wp-content\/uploads\/2015\/03\/prototype3-1024x704.png?resize=525%2C300 1.5x"},"classes":[]}],"jetpack_shortlink":"https:\/\/wp.me\/p68PL2-9KG","_links":{"self":[{"href":"https:\/\/www.akehedman.se\/wordpress\/index.php?rest_route=\/wp\/v2\/posts\/37490","targetHints":{"allow":["GET"]}}],"collection":[{"href":"https:\/\/www.akehedman.se\/wordpress\/index.php?rest_route=\/wp\/v2\/posts"}],"about":[{"href":"https:\/\/www.akehedman.se\/wordpress\/index.php?rest_route=\/wp\/v2\/types\/post"}],"author":[{"embeddable":true,"href":"https:\/\/www.akehedman.se\/wordpress\/index.php?rest_route=\/wp\/v2\/users\/24"}],"replies":[{"embeddable":true,"href":"https:\/\/www.akehedman.se\/wordpress\/index.php?rest_route=%2Fwp%2Fv2%2Fcomments&post=37490"}],"version-history":[{"count":1,"href":"https:\/\/www.akehedman.se\/wordpress\/index.php?rest_route=\/wp\/v2\/posts\/37490\/revisions"}],"predecessor-version":[{"id":37492,"href":"https:\/\/www.akehedman.se\/wordpress\/index.php?rest_route=\/wp\/v2\/posts\/37490\/revisions\/37492"}],"wp:attachment":[{"href":"https:\/\/www.akehedman.se\/wordpress\/index.php?rest_route=%2Fwp%2Fv2%2Fmedia&parent=37490"}],"wp:term":[{"taxonomy":"category","embeddable":true,"href":"https:\/\/www.akehedman.se\/wordpress\/index.php?rest_route=%2Fwp%2Fv2%2Fcategories&post=37490"},{"taxonomy":"post_tag","embeddable":true,"href":"https:\/\/www.akehedman.se\/wordpress\/index.php?rest_route=%2Fwp%2Fv2%2Ftags&post=37490"}],"curies":[{"name":"wp","href":"https:\/\/api.w.org\/{rel}","templated":true}]}}