{"id":37488,"date":"2021-01-11T22:04:41","date_gmt":"2021-01-11T21:04:41","guid":{"rendered":"https:\/\/www.akehedman.se\/wordpress\/?p=37488"},"modified":"2021-01-11T22:04:41","modified_gmt":"2021-01-11T21:04:41","slug":"130-ar-gammal-korvfabrik-fran-falun-gar-i-graven-svt-nyheter","status":"publish","type":"post","link":"https:\/\/www.akehedman.se\/wordpress\/?p=37488","title":{"rendered":"130 \u00e5r gammal korvfabrik fr\u00e5n Falun g\u00e5r i graven | SVT Nyheter"},"content":{"rendered":"<blockquote><p><a href=\"https:\/\/www.svt.se\/nyheter\/lokalt\/dalarna\/130-ar-gammal-korvfabrik-gar-i-graven\"><img decoding=\"async\" class=\"alignnone size-full\" src=\"https:\/\/www.svtstatic.se\/image\/square\/992\/29731414\/1610398577?format=auto\" alt=\"\" \/><\/a>Under m\u00e5ndagskv\u00e4llen meddelade Melkers Chark AB i Falun att korvfabriken l\u00e4gger ner.<\/p><\/blockquote>\n<p>Source: <em><a href=\"https:\/\/www.svt.se\/nyheter\/lokalt\/dalarna\/130-ar-gammal-korvfabrik-gar-i-graven\">130 \u00e5r gammal korvfabrik fr\u00e5n Falun g\u00e5r i graven | SVT Nyheter<\/a><\/em><\/p>\n<p>Sk\u00f6nt att h\u00f6ra den h\u00e4r argumentationen. N\u00e4r ett f\u00f6retag g\u00e5r i konkurs s\u00e5 beror det ofta p\u00e5 yttre faktorer, men det beror ocks\u00e5 n\u00e4stan alltid p\u00e5 beslut man sj\u00e4lv tar d\u00e4r p\u00e5 v\u00e4gen. Till syvende och sist kommer man inte undan sitt eget ansvar. Sk\u00f6nt att h\u00f6ra n\u00e5gon resonera s\u00e5 och\u00a0 s\u00e4ga det s\u00e5h\u00e4r.<\/p>\n","protected":false},"excerpt":{"rendered":"<p>Under m\u00e5ndagskv\u00e4llen meddelade Melkers Chark AB i Falun att korvfabriken l\u00e4gger ner. Source: 130 \u00e5r gammal korvfabrik fr\u00e5n Falun g\u00e5r i graven | SVT Nyheter Sk\u00f6nt att h\u00f6ra den h\u00e4r argumentationen. N\u00e4r ett f\u00f6retag g\u00e5r i konkurs s\u00e5 beror det ofta p\u00e5 yttre faktorer, men det beror ocks\u00e5 n\u00e4stan alltid p\u00e5 beslut man sj\u00e4lv tar [&hellip;]<\/p>\n","protected":false},"author":24,"featured_media":0,"comment_status":"open","ping_status":"open","sticky":false,"template":"","format":"standard","meta":{"_crdt_document":"","jetpack_post_was_ever_published":false,"_jetpack_newsletter_access":"","_jetpack_dont_email_post_to_subs":false,"_jetpack_newsletter_tier_id":0,"_jetpack_memberships_contains_paywalled_content":false,"_jetpack_memberships_contains_paid_content":false,"footnotes":"","jetpack_publicize_message":"","jetpack_publicize_feature_enabled":true,"jetpack_social_post_already_shared":true,"jetpack_social_options":{"image_generator_settings":{"template":"highway","default_image_id":0,"font":"","enabled":false},"version":2}},"categories":[28],"tags":[],"class_list":["post-37488","post","type-post","status-publish","format-standard","hentry","category-foretagande"],"jetpack_publicize_connections":[],"jetpack_featured_media_url":"","jetpack_sharing_enabled":true,"jetpack_likes_enabled":true,"jetpack-related-posts":[{"id":44450,"url":"https:\/\/www.akehedman.se\/wordpress\/?p=44450","url_meta":{"origin":37488,"position":0},"title":"Vandra p\u00e5, kamrater","author":"\u00c5ke Hedman","date":"2023-02-27","format":false,"excerpt":"Te. Brygger eller kokar? Det beror p\u00e5 ens klasstillh\u00f6righet vad man s\u00e4ger. Kokar g\u00f6r jag v\u00e4l h\u00e4r egentligen. Men hemfaller \u00e5t att brygga ibland. Hemma skulle det ordet aldrig kommit \u00f6ver n\u00e5gons mun. Men medans det kokar upp hinner man s\u00e4tta p\u00e5 en tv\u00e4ttmaskin, mata Hulken, t\u00e4nda ljus, logga in.\u2026","rel":"","context":"In &quot;Betraktelser &amp; Ber\u00e4ttelse&quot;","block_context":{"text":"Betraktelser &amp; Ber\u00e4ttelse","link":"https:\/\/www.akehedman.se\/wordpress\/?cat=24"},"img":{"alt_text":"Closeup on mandarin orange peeled","src":"https:\/\/i0.wp.com\/www.akehedman.se\/wordpress\/wp-content\/uploads\/2023\/02\/cHJpdmF0ZS9zdGF0aWMvaW1hZ2Uvd2Vic2l0ZS8yMDIyLTA0L2xyL2ZydGFuZ2VyaW5lc19mcnVpdF9jaXRydXNfZnJ1aXRfMy1pbWFnZS1reWJja3ZpYy5qcGc.jpg?resize=350%2C200&ssl=1","width":350,"height":200,"srcset":"https:\/\/i0.wp.com\/www.akehedman.se\/wordpress\/wp-content\/uploads\/2023\/02\/cHJpdmF0ZS9zdGF0aWMvaW1hZ2Uvd2Vic2l0ZS8yMDIyLTA0L2xyL2ZydGFuZ2VyaW5lc19mcnVpdF9jaXRydXNfZnJ1aXRfMy1pbWFnZS1reWJja3ZpYy5qcGc.jpg?resize=350%2C200&ssl=1 1x, https:\/\/i0.wp.com\/www.akehedman.se\/wordpress\/wp-content\/uploads\/2023\/02\/cHJpdmF0ZS9zdGF0aWMvaW1hZ2Uvd2Vic2l0ZS8yMDIyLTA0L2xyL2ZydGFuZ2VyaW5lc19mcnVpdF9jaXRydXNfZnJ1aXRfMy1pbWFnZS1reWJja3ZpYy5qcGc.jpg?resize=525%2C300&ssl=1 1.5x, https:\/\/i0.wp.com\/www.akehedman.se\/wordpress\/wp-content\/uploads\/2023\/02\/cHJpdmF0ZS9zdGF0aWMvaW1hZ2Uvd2Vic2l0ZS8yMDIyLTA0L2xyL2ZydGFuZ2VyaW5lc19mcnVpdF9jaXRydXNfZnJ1aXRfMy1pbWFnZS1reWJja3ZpYy5qcGc.jpg?resize=700%2C400&ssl=1 2x, https:\/\/i0.wp.com\/www.akehedman.se\/wordpress\/wp-content\/uploads\/2023\/02\/cHJpdmF0ZS9zdGF0aWMvaW1hZ2Uvd2Vic2l0ZS8yMDIyLTA0L2xyL2ZydGFuZ2VyaW5lc19mcnVpdF9jaXRydXNfZnJ1aXRfMy1pbWFnZS1reWJja3ZpYy5qcGc.jpg?resize=1050%2C600&ssl=1 3x"},"classes":[]},{"id":16796,"url":"https:\/\/www.akehedman.se\/wordpress\/?p=16796","url_meta":{"origin":37488,"position":1},"title":"Limpan kryper ut ur sitt cubistiska gryt","author":"\u00c5ke Hedman","date":"2015-03-03","format":false,"excerpt":"Hej, jag heter Magnus Lind och det \u00e4r jag som \u00e4r dragspelaren i det nu v\u00f6rdsamt insomnade Perssons Pack. Parallellt med musikerkarri\u00e4ren (bl a med egna Astons Reymers Rivaler, studioinspelningar med Eldkvarn,Ulf Lundell, Geri Halliwell, Ola Magnell\u2026) har jag levt ett mer blygsamt bild- och konstliv. Har tidiga studier p\u00e5\u2026","rel":"","context":"In &quot;Betraktelser &amp; Ber\u00e4ttelse&quot;","block_context":{"text":"Betraktelser &amp; Ber\u00e4ttelse","link":"https:\/\/www.akehedman.se\/wordpress\/?cat=24"},"img":{"alt_text":"1","src":"https:\/\/i0.wp.com\/www.eurosource.se\/akhe\/wordpress\/wp-content\/uploads\/2015\/03\/1.jpg?resize=350%2C200","width":350,"height":200,"srcset":"https:\/\/i0.wp.com\/www.eurosource.se\/akhe\/wordpress\/wp-content\/uploads\/2015\/03\/1.jpg?resize=350%2C200 1x, https:\/\/i0.wp.com\/www.eurosource.se\/akhe\/wordpress\/wp-content\/uploads\/2015\/03\/1.jpg?resize=525%2C300 1.5x, https:\/\/i0.wp.com\/www.eurosource.se\/akhe\/wordpress\/wp-content\/uploads\/2015\/03\/1.jpg?resize=700%2C400 2x"},"classes":[]},{"id":9562,"url":"https:\/\/www.akehedman.se\/wordpress\/?p=9562","url_meta":{"origin":37488,"position":2},"title":"Snart dags f\u00f6r en ny fas","author":"\u00c5ke Hedman","date":"2013-09-10","format":false,"excerpt":"Det \u00e4r lite sk\u00f6nt ibland att dra sig tillbaks till sitt gryt. Sitta d\u00e4r i lugn och ro och fundera vad n\u00e4sta drag skall bli. Intrycken \u00e4r m\u00e5nga och besluten och v\u00e4gvalen \u00e4r \u00e4nnu fler. Jod\u00e5 man v\u00e4ljer fel ibland och fr\u00e5gar man andra s\u00e5 g\u00f6r man det j\u00e4mt. S\u00e5\u2026","rel":"","context":"In &quot;Betraktelser &amp; Ber\u00e4ttelse&quot;","block_context":{"text":"Betraktelser &amp; Ber\u00e4ttelse","link":"https:\/\/www.akehedman.se\/wordpress\/?cat=24"},"img":{"alt_text":"download (1)","src":"https:\/\/i0.wp.com\/www.eurosource.se\/akhe\/wordpress\/wp-content\/uploads\/2013\/09\/download-1.jpg?resize=350%2C200","width":350,"height":200},"classes":[]},{"id":30028,"url":"https:\/\/www.akehedman.se\/wordpress\/?p=30028","url_meta":{"origin":37488,"position":3},"title":"Is","author":"\u00c5ke Hedman","date":"2018-10-01","format":false,"excerpt":"Det \u00e4r m\u00e5ndag och jag har varit med ett tag. F\u00f6rsta oktober drar sig ner under minusstrecket. S\u00e5klart. Men vi \u00e4r inte ens i n\u00e4rheten av temperaturer f\u00f6r HULK-start. Fast kontoret \u00e4r s\u00e5klart inte varmt n\u00e4r jag \u00e4ntrar det. Hur skulle det kunna vara det? Men p\u00e5 med den d\u00e4r\u2026","rel":"","context":"In &quot;Betraktelser &amp; Ber\u00e4ttelse&quot;","block_context":{"text":"Betraktelser &amp; Ber\u00e4ttelse","link":"https:\/\/www.akehedman.se\/wordpress\/?cat=24"},"img":{"alt_text":"","src":"https:\/\/i0.wp.com\/www.akehedman.se\/wordpress\/wp-content\/uploads\/2018\/10\/Screenshot-from-2018-10-01-07-48-12-1024x516.png?resize=350%2C200","width":350,"height":200,"srcset":"https:\/\/i0.wp.com\/www.akehedman.se\/wordpress\/wp-content\/uploads\/2018\/10\/Screenshot-from-2018-10-01-07-48-12-1024x516.png?resize=350%2C200 1x, https:\/\/i0.wp.com\/www.akehedman.se\/wordpress\/wp-content\/uploads\/2018\/10\/Screenshot-from-2018-10-01-07-48-12-1024x516.png?resize=525%2C300 1.5x"},"classes":[]},{"id":49448,"url":"https:\/\/www.akehedman.se\/wordpress\/?p=49448","url_meta":{"origin":37488,"position":4},"title":"Vila","author":"\u00c5ke Hedman","date":"2025-04-14","format":false,"excerpt":"Vi tillbringar fredagen och en del av l\u00f6rdagen p\u00e5 Orbaden Spa & Resort. \u00c4ldste sonen har fixat en \u00f6vernattning med trer\u00e4tters till K p\u00e5 hennes 61 \u00e5rsdag. Fast han t\u00e4nkte troligen att firandet skulle ske p\u00e5 60-\u00e5rsdagen... Jag vet inte. Vi \u00e4r s\u00e5dana i min familj. Primtalen firas. De d\u00e4r\u2026","rel":"","context":"In &quot;Betraktelser &amp; Ber\u00e4ttelse&quot;","block_context":{"text":"Betraktelser &amp; Ber\u00e4ttelse","link":"https:\/\/www.akehedman.se\/wordpress\/?cat=24"},"img":{"alt_text":"","src":"https:\/\/i0.wp.com\/www.akehedman.se\/wordpress\/wp-content\/uploads\/2025\/04\/Screenshot-From-2025-04-14-21-01-38.png?resize=350%2C200&ssl=1","width":350,"height":200,"srcset":"https:\/\/i0.wp.com\/www.akehedman.se\/wordpress\/wp-content\/uploads\/2025\/04\/Screenshot-From-2025-04-14-21-01-38.png?resize=350%2C200&ssl=1 1x, https:\/\/i0.wp.com\/www.akehedman.se\/wordpress\/wp-content\/uploads\/2025\/04\/Screenshot-From-2025-04-14-21-01-38.png?resize=525%2C300&ssl=1 1.5x, https:\/\/i0.wp.com\/www.akehedman.se\/wordpress\/wp-content\/uploads\/2025\/04\/Screenshot-From-2025-04-14-21-01-38.png?resize=700%2C400&ssl=1 2x, https:\/\/i0.wp.com\/www.akehedman.se\/wordpress\/wp-content\/uploads\/2025\/04\/Screenshot-From-2025-04-14-21-01-38.png?resize=1050%2C600&ssl=1 3x, https:\/\/i0.wp.com\/www.akehedman.se\/wordpress\/wp-content\/uploads\/2025\/04\/Screenshot-From-2025-04-14-21-01-38.png?resize=1400%2C800&ssl=1 4x"},"classes":[]},{"id":35407,"url":"https:\/\/www.akehedman.se\/wordpress\/?p=35407","url_meta":{"origin":37488,"position":5},"title":"\u00c4ckligt, dammigt och lortigt","author":"\u00c5ke Hedman","date":"2020-06-29","format":false,"excerpt":"Jag st\u00e4dar kontor. Japp, det \u00e4r verkligen p\u00e5 tiden. Det \u00e4r rent ut sagt f\u00f6rbannat \u00e4ckligt, dammigt och lortigt h\u00e4r p\u00e5 l\u00e5tsaskontoret. En av f\u00f6rdelarna med att se d\u00e5ligt var att man inte noterade det d\u00e4r. R\u00e4ttelse: Den enda f\u00f6rdelen, och man f\u00e5r leta den j\u00e4vligt h\u00e5rt. Dammsugare klarar 100\u2026","rel":"","context":"In &quot;Betraktelser &amp; Ber\u00e4ttelse&quot;","block_context":{"text":"Betraktelser &amp; Ber\u00e4ttelse","link":"https:\/\/www.akehedman.se\/wordpress\/?cat=24"},"img":{"alt_text":"","src":"https:\/\/i0.wp.com\/www.akehedman.se\/wordpress\/wp-content\/uploads\/2020\/06\/IMG_20200629_095653964.jpg?resize=350%2C200&ssl=1","width":350,"height":200},"classes":[]}],"jetpack_shortlink":"https:\/\/wp.me\/p68PL2-9KE","_links":{"self":[{"href":"https:\/\/www.akehedman.se\/wordpress\/index.php?rest_route=\/wp\/v2\/posts\/37488","targetHints":{"allow":["GET"]}}],"collection":[{"href":"https:\/\/www.akehedman.se\/wordpress\/index.php?rest_route=\/wp\/v2\/posts"}],"about":[{"href":"https:\/\/www.akehedman.se\/wordpress\/index.php?rest_route=\/wp\/v2\/types\/post"}],"author":[{"embeddable":true,"href":"https:\/\/www.akehedman.se\/wordpress\/index.php?rest_route=\/wp\/v2\/users\/24"}],"replies":[{"embeddable":true,"href":"https:\/\/www.akehedman.se\/wordpress\/index.php?rest_route=%2Fwp%2Fv2%2Fcomments&post=37488"}],"version-history":[{"count":1,"href":"https:\/\/www.akehedman.se\/wordpress\/index.php?rest_route=\/wp\/v2\/posts\/37488\/revisions"}],"predecessor-version":[{"id":37489,"href":"https:\/\/www.akehedman.se\/wordpress\/index.php?rest_route=\/wp\/v2\/posts\/37488\/revisions\/37489"}],"wp:attachment":[{"href":"https:\/\/www.akehedman.se\/wordpress\/index.php?rest_route=%2Fwp%2Fv2%2Fmedia&parent=37488"}],"wp:term":[{"taxonomy":"category","embeddable":true,"href":"https:\/\/www.akehedman.se\/wordpress\/index.php?rest_route=%2Fwp%2Fv2%2Fcategories&post=37488"},{"taxonomy":"post_tag","embeddable":true,"href":"https:\/\/www.akehedman.se\/wordpress\/index.php?rest_route=%2Fwp%2Fv2%2Ftags&post=37488"}],"curies":[{"name":"wp","href":"https:\/\/api.w.org\/{rel}","templated":true}]}}