{"id":37431,"date":"2021-01-08T18:22:53","date_gmt":"2021-01-08T17:22:53","guid":{"rendered":"https:\/\/www.akehedman.se\/wordpress\/?p=37431"},"modified":"2021-01-08T18:22:53","modified_gmt":"2021-01-08T17:22:53","slug":"roster-som-inte-hors","status":"publish","type":"post","link":"https:\/\/www.akehedman.se\/wordpress\/?p=37431","title":{"rendered":"R\u00f6ster som inte h\u00f6rs"},"content":{"rendered":"\n<figure class=\"wp-block-image size-large\"><img data-recalc-dims=\"1\" loading=\"lazy\" decoding=\"async\" width=\"580\" height=\"387\" src=\"https:\/\/i0.wp.com\/www.akehedman.se\/wordpress\/wp-content\/uploads\/2021\/01\/pexels-photo-5982869.jpeg?resize=580%2C387&#038;ssl=1\" alt=\"stormy sea waving against cloudless sky\" class=\"wp-image-37445\" srcset=\"https:\/\/i0.wp.com\/www.akehedman.se\/wordpress\/wp-content\/uploads\/2021\/01\/pexels-photo-5982869.jpeg?w=1880&amp;ssl=1 1880w, https:\/\/i0.wp.com\/www.akehedman.se\/wordpress\/wp-content\/uploads\/2021\/01\/pexels-photo-5982869.jpeg?resize=300%2C200&amp;ssl=1 300w, https:\/\/i0.wp.com\/www.akehedman.se\/wordpress\/wp-content\/uploads\/2021\/01\/pexels-photo-5982869.jpeg?resize=1024%2C683&amp;ssl=1 1024w, https:\/\/i0.wp.com\/www.akehedman.se\/wordpress\/wp-content\/uploads\/2021\/01\/pexels-photo-5982869.jpeg?resize=768%2C512&amp;ssl=1 768w, https:\/\/i0.wp.com\/www.akehedman.se\/wordpress\/wp-content\/uploads\/2021\/01\/pexels-photo-5982869.jpeg?resize=1536%2C1025&amp;ssl=1 1536w, https:\/\/i0.wp.com\/www.akehedman.se\/wordpress\/wp-content\/uploads\/2021\/01\/pexels-photo-5982869.jpeg?resize=1200%2C800&amp;ssl=1 1200w, https:\/\/i0.wp.com\/www.akehedman.se\/wordpress\/wp-content\/uploads\/2021\/01\/pexels-photo-5982869.jpeg?w=1740&amp;ssl=1 1740w\" sizes=\"auto, (max-width: 580px) 100vw, 580px\" \/><figcaption>Photo by Lachlan  Ross on <a href=\"https:\/\/www.pexels.com\/photo\/stormy-sea-waving-against-cloudless-sky-5982869\/\" rel=\"nofollow\">Pexels.com<\/a><\/figcaption><\/figure>\n\n\n\n<p class=\"wp-block-paragraph\">Jag uppt\u00e4ckte tidigt att jag saknade en r\u00f6st. Man sa n\u00e5got i kompisg\u00e4nget (om det nu fanns ett kompisg\u00e4ng) men ingen liksom h\u00f6rde. Det tog en stund att fatta att &#8220;viktigheterna&#8221; de uttalades av de popul\u00e4ra pojkarna och flickorna (ja det hette enkelt nog s\u00e5 d\u00e5 p\u00e5 den tiden och dessutom fanns bara tv\u00e5 sorter (trodde man)) och det var egentligen enkelt att bli s\u00e5dan. Tuff pojke. Vacker flicka. Det r\u00e4ckte. K\u00e4nd eller rik f\u00f6r\u00e4lder, hj\u00e4lpte det ocks\u00e5. Gratisbiljetter in i det d\u00e4r. Vi vanliga, vi beh\u00f6vde kanske inte h\u00e5lla tyst, men, skulle \u00e5tminstone inte prata n\u00e4r andra, som p\u00e5 n\u00e5got obegripligt s\u00e4tt var viktigare, sa de oemotsagda sanningarna, gjorde valen, delade ut visheterna.<\/p>\n\n\n\n<p class=\"wp-block-paragraph\">Det tog ett tag att begripa att de flesta befanns sig i den d\u00e4r icke h\u00f6rda gruppen. Ja och jo och visst, man har l\u00e4rt sig med \u00e5ren att leva med det d\u00e4r. N\u00e4stan lika bra som vilken som helst. Men accepterat det. <strong>Icke<\/strong>. Att f\u00f6rst\u00e5 \u00e4r d\u00e5 s\u00e5klart ocks\u00e5 \u00e4nd\u00e5 en bit p\u00e5 v\u00e4g mot n\u00e5gon slags l\u00e4kning av ett kuvat (f\u00f6rmodat) &#8220;jag&#8221;. Alldeles f\u00f6r m\u00e5nga fattar aldrig att det inte bara \u00e4r nollor, att de uppfattas som det ocks\u00e5. Men kanske \u00e4r det \u00e4nd\u00e5 b\u00e4ttre att befinna sig d\u00e4r i de ovetandes skara. Ovetandes \u00e4r kanske fel f\u00f6rresten. De kanske bara \u00e4r s\u00e5 att de inte bryr sig i den gruppen. \u00c4r n\u00f6jda nollor. De b\u00e4sta av samh\u00e4llsmedborgare. De som bygger v\u00e4rlden.<\/p>\n\n\n\n<p class=\"wp-block-paragraph\">V\u00e4rre blev det s\u00e5klart att acceptera det d\u00e4r n\u00e4r de d\u00e4r m\u00e4nniskorna hamnade p\u00e5 de kommunala chefsstolarna, i bolagsstyrelserna, i tidningarnas kolumner och p\u00e5 radion sen i vuxen \u00e5lder. Eller blev dem med m\u00e5nga likes p\u00e5 Facebook och andra sociala medier nu p\u00e5 senare \u00e5r. Som om grundskola och gymnasium str\u00e4cktes ut till livsl\u00e5nga segrar vs.\/och\/eller lidande hur man nu s\u00e5g p\u00e5 det. Som om det sorterades in i fack redan l\u00e5ngt tillbaks d\u00e4r borta. &#8220;Intressant&#8221; i det vita facket med guldkant. &#8220;Ointressant&#8221; i det svarta facket.<\/p>\n\n\n\n<p class=\"wp-block-paragraph\">Jag tror det var f\u00f6r att jag k\u00e4nde det d\u00e4r som skrivandet redan tidigt blev min sj\u00e4lvklara kommunikationskanal med omv\u00e4rlden. Inte m\u00e5nga fler lyssnade (l\u00e4s l\u00e4ste) det jag skrev s\u00e5klart. Men ingen avbr\u00f6t heller. Man fick i alla fall tala  och tala till punkt. Japp, det \u00e4r bara det den h\u00e4r bloggen handlar om. Att jag f\u00e5r tala till punkt. Hur m\u00e5nga som lyssnar, eller om n\u00e5gon ens lyssnar \u00e4r d\u00e4rf\u00f6r underordnat. Jag \u00e4r redan sorterad i det svarta facket. Har inget av intresse att komma med. N\u00e4pp.<\/p>\n\n\n\n<p class=\"wp-block-paragraph\">Jag f\u00f6rs\u00f6ker undvika de d\u00e4r blinda m\u00e4nniskorna. De som inte ens fattar. Sj\u00e4lvklart undviker jag ocks\u00e5 de som leder utan annat mandat \u00e4n den d\u00e4r f\u00e5niga utsorteringsprocessen. Det blir inte m\u00e5nga kvar om man s\u00e4tter upp den kravbeskrivningen s\u00e5klart.  Men det g\u00e5r att leva med. De som \u00e4r kvar g\u00f6r det v\u00e4rt det.<\/p>\n\n\n\n<p class=\"wp-block-paragraph\">Fast fredag h\u00e4r p\u00e5 kullen. Underligt eftersom det var m\u00e5ndag ig\u00e5r. Ja i alla fall k\u00e4ndes det s\u00e5 ig\u00e5r. Men man f\u00e5r v\u00e4l lita p\u00e5 almanackan. Vad skall man annars h\u00e5lla sig (desperat) fast i. <\/p>\n\n\n\n<p class=\"wp-block-paragraph\">Tittar jag p\u00e5 bilden ovan s\u00e5 l\u00e4ngtar man s\u00e5klart till havet. Jag har en konstant l\u00e4ngtan dit. Vill vandra l\u00e5nga promenader efter str\u00e4nder d\u00e4r v\u00e5gor med ursprung fr\u00e5n andra kontinenter, eller andra l\u00e4nder, sl\u00e5r in som klockslag i rumstiden. <\/p>\n\n\n\n<p class=\"wp-block-paragraph\">Kanske har en uppv\u00e4xt n\u00e4ra Voxnan en del i den d\u00e4r l\u00e4ngtan. \u00c4lven eller &#8220;\u00e5n&#8221; som vi sa har alltid funnits n\u00e4ra mig och mitt hj\u00e4rta. Den har tr\u00f6stat mig n\u00e4r jag varit ledsen och skrattat tillsammans med mig n\u00e4r jag varit glad. I ett helt liv har det varit s\u00e5. <a href=\"https:\/\/www.ovanaker.se\/boendeochmiljo\/klimatochmiljo\/biosfaromradevoxnadalen.947.html\">Biosf\u00e4romr\u00e5de Voxnadalen<\/a> \u00e4r d\u00e4rf\u00f6r n\u00e5got som ligger mig varmt om hj\u00e4rtat. Fick jag best\u00e4mma s\u00e5 skulle allt det h\u00e4r vara en nationalpark. Men det kommer s\u00e4kert senare. Bit f\u00f6r bit kommer f\u00f6rst\u00e5elsen f\u00f6r det v\u00e4rde som finns i det h\u00e4r.  Man vill ropa &#8220;\u00c4NTLIGEN&#8221; och gl\u00e4ds i hela sitt hj\u00e4rta.<\/p>\n\n\n\n<p class=\"wp-block-paragraph\">Ett g\u00e4ng rustar leder h\u00e4r uppe. Det g\u00e5r att vandra l\u00e5nga str\u00e4ckor i vildmark. Men nu ut\u00f6kas det h\u00e4r med cykelleder. Flottare och kolare cyklade ju ofta. En dag kommer man s\u00e4kert att kunna cykla hela v\u00e4gen fr\u00e5n Voxnans k\u00e4llor ut till havet. Ja eller \u00e5ka kanot. V\u00e4l d\u00e4r kan man s\u00e5klart kyssa det. Om man nu vill.  Ja och om inte U.L. har skyddat det d\u00e4r. Men \u00e5 andra sidan kan det vara v\u00e4rt en tia ocks\u00e5. <\/p>\n\n\n\n<p class=\"wp-block-paragraph\">Hursomhelst. Or\u00f6rd natur har ett stort ekonomiskt v\u00e4rde. Man m\u00e5ste fatta det ocks\u00e5. Det \u00e4r inte vara fabriker, gruvor, vindkraft och vattenkraftverk som har v\u00e4rderingar fastklistrade p\u00e5 sig. Det rena och fria har det ocks\u00e5. De som s\u00e4ljer ut det h\u00e4r f\u00f6r byapengar och n\u00e5gra f\u00e5 korta arbetstillf\u00e4llen \u00e4r mina fiender. Tokar som inte vet vad det g\u00f6r. Innan man s\u00e4ger ja till alt s\u00e5dant d\u00e4r m\u00e5ste man svara p\u00e5 fr\u00e5gan varf\u00f6r det inte byggs d\u00e4r det borde vara mest l\u00f6nsamt att bygga. Har man det svaret. Kan acceptera det. Joho! Allt \u00e4r OK. Gillar man inte svaret. NO! NO! NO!<\/p>\n\n\n\n<p class=\"wp-block-paragraph\">Se d\u00e4r. Nu har jag skrivit flera stycken utan att n\u00e5gon annan har f\u00e5tt en &#8220;syl i v\u00e4dret&#8221; (konstiga uttryck finns det gott om, stackars nysvenskar). S\u00e5 mycket av v\u00e4rde blev det kanske inte sagt.  Men v\u00e4ldigt lite som s\u00e4gs eller skrivs har n\u00e5got v\u00e4rde om man funderar lite \u00f6ver det. Svammel. Som det h\u00e4r. Men heja Voxnan. Heja folket som g\u00f6r saker. Bu till dom som inte g\u00f6r saker. Bu till dom som s\u00e4ljer ut. <\/p>\n\n\n\n<p class=\"wp-block-paragraph\">Jag tror jag&#8230;<\/p>\n","protected":false},"excerpt":{"rendered":"<p>Jag uppt\u00e4ckte tidigt att jag saknade en r\u00f6st. Man sa n\u00e5got i kompisg\u00e4nget (om det nu fanns ett kompisg\u00e4ng) men ingen liksom h\u00f6rde. Det tog en stund att fatta att &#8220;viktigheterna&#8221; de uttalades av de popul\u00e4ra pojkarna och flickorna (ja det hette enkelt nog s\u00e5 d\u00e5 p\u00e5 den tiden och dessutom fanns bara tv\u00e5 sorter [&hellip;]<\/p>\n","protected":false},"author":24,"featured_media":0,"comment_status":"open","ping_status":"open","sticky":false,"template":"","format":"standard","meta":{"_crdt_document":"","jetpack_post_was_ever_published":false,"_jetpack_newsletter_access":"","_jetpack_dont_email_post_to_subs":false,"_jetpack_newsletter_tier_id":0,"_jetpack_memberships_contains_paywalled_content":false,"_jetpack_memberships_contains_paid_content":false,"footnotes":"","jetpack_publicize_message":"","jetpack_publicize_feature_enabled":true,"jetpack_social_post_already_shared":true,"jetpack_social_options":{"image_generator_settings":{"template":"highway","default_image_id":0,"font":"","enabled":false},"version":2}},"categories":[24],"tags":[],"class_list":["post-37431","post","type-post","status-publish","format-standard","hentry","category-betraktelser"],"jetpack_publicize_connections":[],"jetpack_featured_media_url":"","jetpack_sharing_enabled":true,"jetpack_likes_enabled":true,"jetpack-related-posts":[{"id":18410,"url":"https:\/\/www.akehedman.se\/wordpress\/?p=18410","url_meta":{"origin":37431,"position":0},"title":"Om inte &#8220;om inte&#8230;&#8221; fanns.","author":"\u00c5ke Hedman","date":"2015-08-13","format":false,"excerpt":"Flaskan snurrar igen. Den har stannat tv\u00e5 g\u00e5nger och pekat ut en av oss redan. F\u00f6rsta g\u00e5ngen Jompa. Dags att g\u00e5 sa den.\u00a0 Ditt liv \u00e4r \u00f6ver. Sen Lars Jons\u00e4ll. Obeveklig saktade den ner och stannade den till slut och pekade den p\u00e5 honom en sommarnatt. En till borta. Nu\u2026","rel":"","context":"In &quot;Betraktelser &amp; Ber\u00e4ttelse&quot;","block_context":{"text":"Betraktelser &amp; Ber\u00e4ttelse","link":"https:\/\/www.akehedman.se\/wordpress\/?cat=24"},"img":{"alt_text":"002","src":"https:\/\/i0.wp.com\/www.akehedman.se\/wordpress\/wp-content\/uploads\/2015\/06\/002-1024x768.jpg?resize=350%2C200","width":350,"height":200,"srcset":"https:\/\/i0.wp.com\/www.akehedman.se\/wordpress\/wp-content\/uploads\/2015\/06\/002-1024x768.jpg?resize=350%2C200 1x, https:\/\/i0.wp.com\/www.akehedman.se\/wordpress\/wp-content\/uploads\/2015\/06\/002-1024x768.jpg?resize=525%2C300 1.5x"},"classes":[]},{"id":25467,"url":"https:\/\/www.akehedman.se\/wordpress\/?p=25467","url_meta":{"origin":37431,"position":1},"title":"&#8220;Ett \u00e4r nog snarare fyrtiotv\u00e5&#8221;","author":"\u00c5ke Hedman","date":"2017-09-25","format":false,"excerpt":"Jod\u00e5, det levs h\u00e4r p\u00e5 kullen fortfarande. Skrivs g\u00f6rs det bara n\u00e4r det k\u00e4nns n\u00e5gorlunda skoj att g\u00f6ra s\u00e5. Ibland tar det en stund innan den k\u00e4nslan infinner sig. Andra g\u00e5nger \u00e4r den d\u00e4r k\u00e4nslan d\u00e4r redan i duschen. Idag nu innan jag ger upp f\u00f6r dan allts\u00e5. Varannan vecka\u2026","rel":"","context":"In &quot;Betraktelser &amp; Ber\u00e4ttelse&quot;","block_context":{"text":"Betraktelser &amp; Ber\u00e4ttelse","link":"https:\/\/www.akehedman.se\/wordpress\/?cat=24"},"img":{"alt_text":"","src":"https:\/\/i0.wp.com\/www.akehedman.se\/wordpress\/wp-content\/uploads\/2017\/06\/ake_grrr-1024x880.png?resize=350%2C200","width":350,"height":200},"classes":[]},{"id":13586,"url":"https:\/\/www.akehedman.se\/wordpress\/?p=13586","url_meta":{"origin":37431,"position":2},"title":"Abborrarna anfaller eller vad det nu \u00e4r de g\u00f6r","author":"\u00c5ke Hedman","date":"2014-06-16","format":false,"excerpt":"Egentligen skulle man v\u00e4l kunnat s\u00e4ga att det var den f\u00f6rsta dagen det h\u00e4nde. Det var d\u00e5 n\u00e4r jag skulle g\u00e5 ner till sj\u00f6n och tv\u00e4tta mina f\u00f6tter, de som luktade mer som en \u00f6vergiven m\u00f6glig ost \u00e4n en del av en m\u00e4nniska. Ja, det blir s\u00e5d\u00e4r om man har\u2026","rel":"","context":"In &quot;Betraktelser &amp; Ber\u00e4ttelse&quot;","block_context":{"text":"Betraktelser &amp; Ber\u00e4ttelse","link":"https:\/\/www.akehedman.se\/wordpress\/?cat=24"},"img":{"alt_text":"abborre","src":"https:\/\/i0.wp.com\/www.eurosource.se\/akhe\/wordpress\/wp-content\/uploads\/2014\/06\/abborre.jpg?resize=350%2C200","width":350,"height":200},"classes":[]},{"id":9127,"url":"https:\/\/www.akehedman.se\/wordpress\/?p=9127","url_meta":{"origin":37431,"position":3},"title":"L\u00e4rarens privilegie och makt.","author":"\u00c5ke Hedman","date":"2013-08-30","format":false,"excerpt":"Jag har alltid gillat att skriva, \u00c4nd\u00e5 s\u00e5 har jag inte alltid gjort det, skolan tog n\u00e4stan d\u00f6d p\u00e5 all den d\u00e4r lusten. Men s\u00e5 efter det som tycktes vara en livstid p\u00e5 fabriken s\u00e5 b\u00f6rjade jag b\u00f6rjade plugga igen. Komvux, Katrineholm, ett slags tekniskt gymnasium d\u00e4r man kunde l\u00e4sa\u2026","rel":"","context":"In &quot;Betraktelser &amp; Ber\u00e4ttelse&quot;","block_context":{"text":"Betraktelser &amp; Ber\u00e4ttelse","link":"https:\/\/www.akehedman.se\/wordpress\/?cat=24"},"img":{"alt_text":"penna","src":"https:\/\/i0.wp.com\/www.eurosource.se\/akhe\/wordpress\/wp-content\/uploads\/2013\/08\/penna.png?resize=350%2C200","width":350,"height":200,"srcset":"https:\/\/i0.wp.com\/www.eurosource.se\/akhe\/wordpress\/wp-content\/uploads\/2013\/08\/penna.png?resize=350%2C200 1x, https:\/\/i0.wp.com\/www.eurosource.se\/akhe\/wordpress\/wp-content\/uploads\/2013\/08\/penna.png?resize=525%2C300 1.5x, https:\/\/i0.wp.com\/www.eurosource.se\/akhe\/wordpress\/wp-content\/uploads\/2013\/08\/penna.png?resize=700%2C400 2x, https:\/\/i0.wp.com\/www.eurosource.se\/akhe\/wordpress\/wp-content\/uploads\/2013\/08\/penna.png?resize=1050%2C600 3x"},"classes":[]},{"id":19694,"url":"https:\/\/www.akehedman.se\/wordpress\/?p=19694","url_meta":{"origin":37431,"position":4},"title":"Bredbandsfunderingar","author":"\u00c5ke Hedman","date":"2016-02-15","format":false,"excerpt":"N\u00e4r vi flyttade till Los 1986 s\u00e5 fanns det s\u00e5klart datorer i byn. Los har alltid h\u00e5llit sig framme n\u00e4r det g\u00e4ller ny teknik. Sj\u00e4lv hade jag en PC. F\u00f6rsta sommaren \u00e5sknedslag. N\u00e4rmaste reparationsverkstad fanns i Stockholm. F\u00f6retaget stod stilla i tv\u00e5 veckor innan det gick att f\u00e5 tag p\u00e5\u2026","rel":"","context":"In &quot;Betraktelser &amp; Ber\u00e4ttelse&quot;","block_context":{"text":"Betraktelser &amp; Ber\u00e4ttelse","link":"https:\/\/www.akehedman.se\/wordpress\/?cat=24"},"img":{"alt_text":"","src":"","width":0,"height":0},"classes":[]},{"id":22354,"url":"https:\/\/www.akehedman.se\/wordpress\/?p=22354","url_meta":{"origin":37431,"position":5},"title":"Att h\u00f6ra till","author":"\u00c5ke Hedman","date":"2016-12-02","format":false,"excerpt":"Jag var nog ganska ensam som barn. Gick sj\u00e4lv. Befann mig i \u00c5kes v\u00e4rld liksom. Jo det fanns kompisar. Det fanns en \"b\u00e4sta v\u00e4n\".\u00a0 Men v\u00e4ldigt mycket var jag sj\u00e4lv.\u00a0 Det var n\u00e5got med huvudet. Mitt huvud levde s\u00e5 mycket d\u00e4r inne. Ja precis som idag. Det bubblar och pruttar\u2026","rel":"","context":"In &quot;Betraktelser &amp; Ber\u00e4ttelse&quot;","block_context":{"text":"Betraktelser &amp; Ber\u00e4ttelse","link":"https:\/\/www.akehedman.se\/wordpress\/?cat=24"},"img":{"alt_text":"20161201_231854","src":"https:\/\/i0.wp.com\/www.akehedman.se\/wordpress\/wp-content\/uploads\/2016\/12\/20161201_231854-1024x576.png?resize=350%2C200","width":350,"height":200,"srcset":"https:\/\/i0.wp.com\/www.akehedman.se\/wordpress\/wp-content\/uploads\/2016\/12\/20161201_231854-1024x576.png?resize=350%2C200 1x, https:\/\/i0.wp.com\/www.akehedman.se\/wordpress\/wp-content\/uploads\/2016\/12\/20161201_231854-1024x576.png?resize=525%2C300 1.5x"},"classes":[]}],"jetpack_shortlink":"https:\/\/wp.me\/p68PL2-9JJ","_links":{"self":[{"href":"https:\/\/www.akehedman.se\/wordpress\/index.php?rest_route=\/wp\/v2\/posts\/37431","targetHints":{"allow":["GET"]}}],"collection":[{"href":"https:\/\/www.akehedman.se\/wordpress\/index.php?rest_route=\/wp\/v2\/posts"}],"about":[{"href":"https:\/\/www.akehedman.se\/wordpress\/index.php?rest_route=\/wp\/v2\/types\/post"}],"author":[{"embeddable":true,"href":"https:\/\/www.akehedman.se\/wordpress\/index.php?rest_route=\/wp\/v2\/users\/24"}],"replies":[{"embeddable":true,"href":"https:\/\/www.akehedman.se\/wordpress\/index.php?rest_route=%2Fwp%2Fv2%2Fcomments&post=37431"}],"version-history":[{"count":3,"href":"https:\/\/www.akehedman.se\/wordpress\/index.php?rest_route=\/wp\/v2\/posts\/37431\/revisions"}],"predecessor-version":[{"id":37452,"href":"https:\/\/www.akehedman.se\/wordpress\/index.php?rest_route=\/wp\/v2\/posts\/37431\/revisions\/37452"}],"wp:attachment":[{"href":"https:\/\/www.akehedman.se\/wordpress\/index.php?rest_route=%2Fwp%2Fv2%2Fmedia&parent=37431"}],"wp:term":[{"taxonomy":"category","embeddable":true,"href":"https:\/\/www.akehedman.se\/wordpress\/index.php?rest_route=%2Fwp%2Fv2%2Fcategories&post=37431"},{"taxonomy":"post_tag","embeddable":true,"href":"https:\/\/www.akehedman.se\/wordpress\/index.php?rest_route=%2Fwp%2Fv2%2Ftags&post=37431"}],"curies":[{"name":"wp","href":"https:\/\/api.w.org\/{rel}","templated":true}]}}