{"id":36645,"date":"2020-11-02T23:25:37","date_gmt":"2020-11-02T22:25:37","guid":{"rendered":"https:\/\/www.akehedman.se\/wordpress\/?p=36645"},"modified":"2020-11-02T23:25:37","modified_gmt":"2020-11-02T22:25:37","slug":"365","status":"publish","type":"post","link":"https:\/\/www.akehedman.se\/wordpress\/?p=36645","title":{"rendered":"365"},"content":{"rendered":"\n<figure class=\"wp-block-image size-large\"><img data-recalc-dims=\"1\" loading=\"lazy\" decoding=\"async\" width=\"530\" height=\"706\" src=\"https:\/\/i0.wp.com\/www.akehedman.se\/wordpress\/wp-content\/uploads\/2020\/10\/IMG_20171025_145050603-EFFECTS.jpg?resize=530%2C706&#038;ssl=1\" alt=\"\" class=\"wp-image-36374\" srcset=\"https:\/\/i0.wp.com\/www.akehedman.se\/wordpress\/wp-content\/uploads\/2020\/10\/IMG_20171025_145050603-EFFECTS.jpg?w=530&amp;ssl=1 530w, https:\/\/i0.wp.com\/www.akehedman.se\/wordpress\/wp-content\/uploads\/2020\/10\/IMG_20171025_145050603-EFFECTS.jpg?resize=225%2C300&amp;ssl=1 225w\" sizes=\"auto, (max-width: 530px) 100vw, 530px\" \/><\/figure>\n\n\n\n<p class=\"wp-block-paragraph\">Livet \u00e4r gott h\u00e4r p\u00e5 kullen. Jod\u00e5. Men jag \u00e4r tr\u00f6tt idag denna regnet och vindarnas dag. &#8220;Tr\u00f6tt gubbe med grusiga \u00f6gon&#8221; kan jag nog beskrivas som vid en eventuell efterlysning. Men om jag kom bort tackade v\u00e4l de flesta sin lyckliga stj\u00e4rna, och det blev ingen efterlysning, jag kunde f\u00e5 vara f\u00f6rsvunnen s\u00e5 l\u00e4nge jag ville. Saknaden var inte s\u00e5 stor. <strong>Liksom<\/strong>. Japp, helt OK f\u00f6r mig. <\/p>\n\n\n\n<p class=\"wp-block-paragraph\">OKQ8 bjuder p\u00e5 gratis kaffe och valfri bulle idag. Willys bjuder p\u00e5 en kladdkaka. fast dom \u00e4r ju &#8220;<em>d\u00e4r borta<\/em>&#8221; dom d\u00e4r och jag \u00e4r ju h\u00e4r p\u00e5 kullen, men man f\u00e5r v\u00e4l tacka \u00e4nd\u00e5. Ett lika v\u00e4nligt och smart drag \u00e4r det i alla fall om man vill beh\u00e5lla mig som kund. Annars h\u00f6r T. av sig vid 4:20 och hurrar sitt &#8220;hurr&#8221;. Det finns gubbar som vaknar tidigare \u00e4n mig faktiskt. I hans fall befarar jag dock att det beror p\u00e5 sm\u00e4rtor eftersom han \u00e4r nyopererad. Det finns alltid n\u00e5gon som har det v\u00e4rre \u00e4n man sj\u00e4lv har det. En del till och med gl\u00e4ds \u00e5t det d\u00e4r, allts\u00e5 om det d\u00e5liga h\u00e4nder andra. Dock inte jag.<\/p>\n\n\n\n<p class=\"wp-block-paragraph\">Men nu f\u00f6r tiden g\u00e5r s\u00e5dana h\u00e4r dagar sp\u00e5rl\u00f6st f\u00f6rbi i allt. Har v\u00e4l mer eller mindre alltid gjort det. Ja inte n\u00e4r man var liten s\u00e5klart. D\u00e5 l\u00e4ngtades och hoppades barnet i en under m\u00e5nader f\u00f6re. Nu har det d\u00e4r barnet d\u00e4r inne hittat andra intressen eller rent utav flytta ut de flesta dagar. Dock allts\u00e5 inte alla dagar. Tack gode han\/hon\/det\/gud f\u00f6r det. Ja och j\u00e4mvikten. Utan den sidan hos mig sj\u00e4lv var jag ingen ens i mitt eget tycke. <\/p>\n\n\n\n<p class=\"wp-block-paragraph\">Men 365 dagar kvar. Eller 364 faktiskt. Ja j\u00e4vlar. Man m\u00e5ste f\u00f6rs\u00f6ka \u00f6verleva. Om inte annat f\u00f6r att j\u00e4vlas med v\u00e4rlden. Borde v\u00e4l fira med ett glas saft och tv\u00e5 bullar d\u00e5 n\u00e4r den dan infinner sig. Eller vid n\u00e4rmare eftertanke, <strong>inte<\/strong>. Liv skall levas efter den dagen ocks\u00e5. Det brukar halta p\u00e5 det d\u00e4r livet. Tror det g\u00e4ller det fria sl\u00e4ktet och deras liv ocks\u00e5. Kanske b\u00e4st att bara visslandes vandra p\u00e5 i b\u00e5de uppf\u00f6rsbackar och medlut d\u00e5 som nu.<\/p>\n\n\n\n<p class=\"wp-block-paragraph\">F\u00f6rs\u00f6kte f\u00e5 till elektroniken till v\u00e4derstationen p\u00e5 plats idag. Ja, eftersom det var n\u00e4ra sommartemperaturer ute. L\u00e4ttl\u00e5tsasjobbat. Men inte han jag klart med den. F\u00e5r \u00e5teruppta imorgon. G\u00e4ller att f\u00e5 alla vinterprojekt p\u00e5 plats nu innan vintern sl\u00e5r till p\u00e5 riktigt s\u00e5 att man sen kan sitta inne och peta med det d\u00e4r i lugn och ro. F\u00e5 tid och vinter att fl\u00f6da f\u00f6rbi. Gl\u00f6mskt greja p\u00e5 med sitt i vinterm\u00f6rker. L\u00e5tsasjobbarens verklighet och tidsf\u00f6rdriv.<\/p>\n\n\n\n<p class=\"wp-block-paragraph\">Bus eller godis s\u00e5g man inget av i \u00e5r. Var lika bra det s\u00e5klart. Men b\u00e4st av allt var givetvis att jag kunde \u00e4ta upp allt godis sj\u00e4lv. Jod\u00e5 K hj\u00e4lpte till ocks\u00e5. N med. J hade eget. Vi var ju en komplett kvartett i helgen. Ibland h\u00e4nder n\u00e4mligen det ocks\u00e5.<\/p>\n\n\n\n<p class=\"wp-block-paragraph\">En elev fr\u00e5n f\u00f6rr h\u00f6r av sig. Undrar om jag minns honom. Det g\u00f6r jag s\u00e5klart. Underligt hur man minns eleverna man en g\u00e5ng haft. N\u00e4stan allesammans sitter kvar d\u00e4r i huvudet. Namn kan jag inte alltid minnas. Men personerna sitter d\u00e4r i huvudet som huggna ur marmor. Just den h\u00e4r killen jobbar p\u00e5 Spotify nu. Var s\u00e5klart en stj\u00e4rna redan d\u00e5. \u00c4nnu b\u00e4ttre nu idag \u00e4n d\u00e5 \u00e4r jag s\u00e4ker p\u00e5. M\u00e5nga blev j\u00e4kligt bra. Han en av dem.<\/p>\n\n\n\n<p class=\"wp-block-paragraph\">Spotify kan man lyssna p\u00e5 musik p\u00e5. Inte jobba p\u00e5. Om n\u00e5gon nu fr\u00e5gar mig om den saken. Blev en g\u00e5ng uppringd av en HR person d\u00e4r som undrade \u00f6ver mitt &#8220;n\u00e4sta gig&#8221; och om jag ville &#8220;bli en rockstj\u00e4rna&#8221;. Ja hon menade allts\u00e5 jobba p\u00e5 Spotify med det d\u00e4r. Jag fnissade s\u00e4kert en timme efter att ha lagt p\u00e5 luren.  Det k\u00e4ndes oerh\u00f6rt l\u00f6jligt och barnsligt. Jag h\u00f6rde aldrig av mig tillbaks igen. S\u00e5klart. Barnslig \u00e4r jag men inte <strong><em>S\u00c5<\/em><\/strong> barnslig. Dessutom har jag gett upp mina rockstj\u00e4rnedr\u00f6mmar redan p\u00e5 sjuttiotalet. Avklarat allts\u00e5.<\/p>\n\n\n\n<p class=\"wp-block-paragraph\">D\u00e4remot har jag respekt f\u00f6r de som knegar d\u00e4r. R\u00e4tt schysst grej de f\u00e5tt till. Anv\u00e4nder s\u00e4kert tio timmar varje dag.<\/p>\n\n\n\n<p class=\"wp-block-paragraph\">Nu ger jag mig in i det sista \u00e5ret. Trehundrasextiofem dagar. Jag t\u00e4nker njuta av varenda en av dom d\u00e4r dagarna som g\u00e5r. <\/p>\n","protected":false},"excerpt":{"rendered":"<p>Livet \u00e4r gott h\u00e4r p\u00e5 kullen. Jod\u00e5. Men jag \u00e4r tr\u00f6tt idag denna regnet och vindarnas dag. &#8220;Tr\u00f6tt gubbe med grusiga \u00f6gon&#8221; kan jag nog beskrivas som vid en eventuell efterlysning. Men om jag kom bort tackade v\u00e4l de flesta sin lyckliga stj\u00e4rna, och det blev ingen efterlysning, jag kunde f\u00e5 vara f\u00f6rsvunnen s\u00e5 l\u00e4nge [&hellip;]<\/p>\n","protected":false},"author":24,"featured_media":0,"comment_status":"open","ping_status":"open","sticky":false,"template":"","format":"standard","meta":{"_crdt_document":"","jetpack_post_was_ever_published":false,"_jetpack_newsletter_access":"","_jetpack_dont_email_post_to_subs":false,"_jetpack_newsletter_tier_id":0,"_jetpack_memberships_contains_paywalled_content":false,"_jetpack_memberships_contains_paid_content":false,"footnotes":"","jetpack_publicize_message":"","jetpack_publicize_feature_enabled":true,"jetpack_social_post_already_shared":true,"jetpack_social_options":{"image_generator_settings":{"template":"highway","default_image_id":0,"font":"","enabled":false},"version":2}},"categories":[24],"tags":[],"class_list":["post-36645","post","type-post","status-publish","format-standard","hentry","category-betraktelser"],"jetpack_publicize_connections":[],"jetpack_featured_media_url":"","jetpack_sharing_enabled":true,"jetpack_likes_enabled":true,"jetpack-related-posts":[{"id":38473,"url":"https:\/\/www.akehedman.se\/wordpress\/?p=38473","url_meta":{"origin":36645,"position":0},"title":"En &#8220;give-back&#8221; dag","author":"\u00c5ke Hedman","date":"2021-04-16","format":false,"excerpt":"Egentligen \u00e5terst\u00e5r det v\u00e4l bara att checka in koden och st\u00e4nga av utvecklardatorn. Inte mycket kvar av den h\u00e4r veckan nu inte. Liksom ingen ide att kasta sig in i n\u00e5got heller. S\u00e5 jag f\u00f6r v\u00e4l in ett inl\u00e4gg om ingenting h\u00e4r bara f\u00f6r att. Den gr\u00f6na IKEA soffan ropar\u2026","rel":"","context":"In &quot;Swedish&quot;","block_context":{"text":"Swedish","link":"https:\/\/www.akehedman.se\/wordpress\/?cat=2"},"img":{"alt_text":"","src":"https:\/\/i0.wp.com\/www.akehedman.se\/wordpress\/wp-content\/uploads\/2021\/04\/Screenshot-from-2021-02-22-17-00-07.png?resize=350%2C200&ssl=1","width":350,"height":200,"srcset":"https:\/\/i0.wp.com\/www.akehedman.se\/wordpress\/wp-content\/uploads\/2021\/04\/Screenshot-from-2021-02-22-17-00-07.png?resize=350%2C200&ssl=1 1x, https:\/\/i0.wp.com\/www.akehedman.se\/wordpress\/wp-content\/uploads\/2021\/04\/Screenshot-from-2021-02-22-17-00-07.png?resize=525%2C300&ssl=1 1.5x, https:\/\/i0.wp.com\/www.akehedman.se\/wordpress\/wp-content\/uploads\/2021\/04\/Screenshot-from-2021-02-22-17-00-07.png?resize=700%2C400&ssl=1 2x, https:\/\/i0.wp.com\/www.akehedman.se\/wordpress\/wp-content\/uploads\/2021\/04\/Screenshot-from-2021-02-22-17-00-07.png?resize=1050%2C600&ssl=1 3x"},"classes":[]},{"id":39746,"url":"https:\/\/www.akehedman.se\/wordpress\/?p=39746","url_meta":{"origin":36645,"position":1},"title":"Dragspel, ABBA och d\u00f6den &#8211; fast m\u00f6jligen tv\u00e4rtom","author":"\u00c5ke Hedman","date":"2021-08-31","format":false,"excerpt":"Benny Andersson. H\u00e4r igen. Med Orsafolket. Allts\u00e5 \u00e4r det \u00e4lgjakt. Nu? t\u00e4nker jag. Men tydligen. Fast det \u00e4r dragspelaren han s\u00f6ker. Inte mig. Precis som f\u00f6rra \u00e5ret. D\u00e5 jag ber\u00e4ttade att han gett sig ut p\u00e5 sin sista turne och antagligen inte \u00e5terv\u00e4nder. Hittills ha ringen \u00e5terv\u00e4nt fr\u00e5n den sista\u2026","rel":"","context":"In &quot;Betraktelser &amp; Ber\u00e4ttelse&quot;","block_context":{"text":"Betraktelser &amp; Ber\u00e4ttelse","link":"https:\/\/www.akehedman.se\/wordpress\/?cat=24"},"img":{"alt_text":"","src":"https:\/\/i0.wp.com\/www.akehedman.se\/wordpress\/wp-content\/uploads\/2021\/08\/IMG_20210831_084626-04-scaled.jpeg?resize=350%2C200&ssl=1","width":350,"height":200,"srcset":"https:\/\/i0.wp.com\/www.akehedman.se\/wordpress\/wp-content\/uploads\/2021\/08\/IMG_20210831_084626-04-scaled.jpeg?resize=350%2C200&ssl=1 1x, https:\/\/i0.wp.com\/www.akehedman.se\/wordpress\/wp-content\/uploads\/2021\/08\/IMG_20210831_084626-04-scaled.jpeg?resize=525%2C300&ssl=1 1.5x, https:\/\/i0.wp.com\/www.akehedman.se\/wordpress\/wp-content\/uploads\/2021\/08\/IMG_20210831_084626-04-scaled.jpeg?resize=700%2C400&ssl=1 2x, https:\/\/i0.wp.com\/www.akehedman.se\/wordpress\/wp-content\/uploads\/2021\/08\/IMG_20210831_084626-04-scaled.jpeg?resize=1050%2C600&ssl=1 3x, https:\/\/i0.wp.com\/www.akehedman.se\/wordpress\/wp-content\/uploads\/2021\/08\/IMG_20210831_084626-04-scaled.jpeg?resize=1400%2C800&ssl=1 4x"},"classes":[]},{"id":46756,"url":"https:\/\/www.akehedman.se\/wordpress\/?p=46756","url_meta":{"origin":36645,"position":2},"title":"Mix","author":"\u00c5ke Hedman","date":"2023-12-21","format":false,"excerpt":"Photo by Marta Dzedyshko on Pexels.com Jag har klarat av julhandlingen idag. Gett mig in i galenskapen. F\u00f6r galenskapen \u00e4r h\u00e4r. Fast jag trodde att man skulle klara sig idag om man satsade p\u00e5 f\u00f6rmiddagen. Men icke s\u00e5. H\u00e4lften av Bolln\u00e4s befolkning t\u00e4nkte precis som jag. Och var och en\u2026","rel":"","context":"In &quot;Swedish&quot;","block_context":{"text":"Swedish","link":"https:\/\/www.akehedman.se\/wordpress\/?cat=2"},"img":{"alt_text":"stainless steel bread with slices of bread on chopping board","src":"https:\/\/i0.wp.com\/www.akehedman.se\/wordpress\/wp-content\/uploads\/2023\/12\/pexels-photo-2067430.jpeg?resize=350%2C200&ssl=1","width":350,"height":200,"srcset":"https:\/\/i0.wp.com\/www.akehedman.se\/wordpress\/wp-content\/uploads\/2023\/12\/pexels-photo-2067430.jpeg?resize=350%2C200&ssl=1 1x, https:\/\/i0.wp.com\/www.akehedman.se\/wordpress\/wp-content\/uploads\/2023\/12\/pexels-photo-2067430.jpeg?resize=525%2C300&ssl=1 1.5x, https:\/\/i0.wp.com\/www.akehedman.se\/wordpress\/wp-content\/uploads\/2023\/12\/pexels-photo-2067430.jpeg?resize=700%2C400&ssl=1 2x"},"classes":[]},{"id":9855,"url":"https:\/\/www.akehedman.se\/wordpress\/?p=9855","url_meta":{"origin":36645,"position":3},"title":"Men vad fanns det n\u00e5gonsin f\u00f6r val? #vscp","author":"\u00c5ke Hedman","date":"2013-09-18","format":false,"excerpt":"Jag k\u00f6per en p\u00e5se bullar h\u00e4r p\u00e5 morgonen f\u00f6r att fira. Ikv\u00e4ll n\u00e4r l\u00e5tsasjobbet \u00e4r \u00f6ver skall jag sl\u00e4ppa ut en release av VSCP & Friends. Det har blivit n\u00e5gra vid det h\u00e4r laget. Det spelar ingen roll vad det \u00e4r, det vet inte de flesta Svenskar och inte s\u00e5\u2026","rel":"","context":"In &quot;Betraktelser &amp; Ber\u00e4ttelse&quot;","block_context":{"text":"Betraktelser &amp; Ber\u00e4ttelse","link":"https:\/\/www.akehedman.se\/wordpress\/?cat=24"},"img":{"alt_text":"Screenshot from 2013-09-18 08:08:27","src":"https:\/\/i0.wp.com\/www.eurosource.se\/akhe\/wordpress\/wp-content\/uploads\/2013\/09\/Screenshot-from-2013-09-18-080827.png?resize=350%2C200","width":350,"height":200,"srcset":"https:\/\/i0.wp.com\/www.eurosource.se\/akhe\/wordpress\/wp-content\/uploads\/2013\/09\/Screenshot-from-2013-09-18-080827.png?resize=350%2C200 1x, https:\/\/i0.wp.com\/www.eurosource.se\/akhe\/wordpress\/wp-content\/uploads\/2013\/09\/Screenshot-from-2013-09-18-080827.png?resize=525%2C300 1.5x, https:\/\/i0.wp.com\/www.eurosource.se\/akhe\/wordpress\/wp-content\/uploads\/2013\/09\/Screenshot-from-2013-09-18-080827.png?resize=700%2C400 2x"},"classes":[]},{"id":36665,"url":"https:\/\/www.akehedman.se\/wordpress\/?p=36665","url_meta":{"origin":36645,"position":4},"title":"Kanoner","author":"\u00c5ke Hedman","date":"2020-11-04","format":false,"excerpt":"L\u00e5tsasjobbar under mikroskopet idag. Det \u00e4r som att virka en halsduk. Lugnande. Men man blir tr\u00f6tt i gammel\u00f6gonen. Synd, annars kunde man h\u00e5lla p\u00e5 med det d\u00e4r hur l\u00e4nge som helst. L\u00f6dr\u00f6k och bra musik \u00e4r motorn som leder till andra himlar. Host! Man f\u00e5r allts\u00e5 tidsbegr\u00e4nsa. Byter ist\u00e4llet till\u2026","rel":"","context":"In &quot;Betraktelser &amp; Ber\u00e4ttelse&quot;","block_context":{"text":"Betraktelser &amp; Ber\u00e4ttelse","link":"https:\/\/www.akehedman.se\/wordpress\/?cat=24"},"img":{"alt_text":"","src":"https:\/\/i0.wp.com\/www.akehedman.se\/wordpress\/wp-content\/uploads\/2020\/11\/IMG_20201103_235317-scaled.jpg?resize=350%2C200&ssl=1","width":350,"height":200,"srcset":"https:\/\/i0.wp.com\/www.akehedman.se\/wordpress\/wp-content\/uploads\/2020\/11\/IMG_20201103_235317-scaled.jpg?resize=350%2C200&ssl=1 1x, https:\/\/i0.wp.com\/www.akehedman.se\/wordpress\/wp-content\/uploads\/2020\/11\/IMG_20201103_235317-scaled.jpg?resize=525%2C300&ssl=1 1.5x, https:\/\/i0.wp.com\/www.akehedman.se\/wordpress\/wp-content\/uploads\/2020\/11\/IMG_20201103_235317-scaled.jpg?resize=700%2C400&ssl=1 2x, https:\/\/i0.wp.com\/www.akehedman.se\/wordpress\/wp-content\/uploads\/2020\/11\/IMG_20201103_235317-scaled.jpg?resize=1050%2C600&ssl=1 3x, https:\/\/i0.wp.com\/www.akehedman.se\/wordpress\/wp-content\/uploads\/2020\/11\/IMG_20201103_235317-scaled.jpg?resize=1400%2C800&ssl=1 4x"},"classes":[]},{"id":17425,"url":"https:\/\/www.akehedman.se\/wordpress\/?p=17425","url_meta":{"origin":36645,"position":5},"title":"Ibland tar krafterna slut","author":"\u00c5ke Hedman","date":"2015-04-09","format":false,"excerpt":"Ibland tar krafterna slut bara. Man orkar inte mer. S\u00e5 \u00e4r det f\u00f6r mig just nu. Inte vanligt. Klockan \u00e4r inte ens tio \u00e4nnu. Kv\u00e4llsskiftet p\u00e5g\u00e5r f\u00f6r fullt. Men jag f\u00e5r nog ge mig f\u00f6r dan. Hoppas p\u00e5 en morgondag och nya krafter. Det kan vara pollen. Jag brukar kunna\u2026","rel":"","context":"In &quot;Betraktelser &amp; Ber\u00e4ttelse&quot;","block_context":{"text":"Betraktelser &amp; Ber\u00e4ttelse","link":"https:\/\/www.akehedman.se\/wordpress\/?cat=24"},"img":{"alt_text":"full","src":"https:\/\/i0.wp.com\/www.eurosource.se\/akhe\/wordpress\/wp-content\/uploads\/2015\/04\/full.jpg?resize=350%2C200","width":350,"height":200},"classes":[]}],"jetpack_shortlink":"https:\/\/wp.me\/s68PL2-365","_links":{"self":[{"href":"https:\/\/www.akehedman.se\/wordpress\/index.php?rest_route=\/wp\/v2\/posts\/36645","targetHints":{"allow":["GET"]}}],"collection":[{"href":"https:\/\/www.akehedman.se\/wordpress\/index.php?rest_route=\/wp\/v2\/posts"}],"about":[{"href":"https:\/\/www.akehedman.se\/wordpress\/index.php?rest_route=\/wp\/v2\/types\/post"}],"author":[{"embeddable":true,"href":"https:\/\/www.akehedman.se\/wordpress\/index.php?rest_route=\/wp\/v2\/users\/24"}],"replies":[{"embeddable":true,"href":"https:\/\/www.akehedman.se\/wordpress\/index.php?rest_route=%2Fwp%2Fv2%2Fcomments&post=36645"}],"version-history":[{"count":1,"href":"https:\/\/www.akehedman.se\/wordpress\/index.php?rest_route=\/wp\/v2\/posts\/36645\/revisions"}],"predecessor-version":[{"id":36646,"href":"https:\/\/www.akehedman.se\/wordpress\/index.php?rest_route=\/wp\/v2\/posts\/36645\/revisions\/36646"}],"wp:attachment":[{"href":"https:\/\/www.akehedman.se\/wordpress\/index.php?rest_route=%2Fwp%2Fv2%2Fmedia&parent=36645"}],"wp:term":[{"taxonomy":"category","embeddable":true,"href":"https:\/\/www.akehedman.se\/wordpress\/index.php?rest_route=%2Fwp%2Fv2%2Fcategories&post=36645"},{"taxonomy":"post_tag","embeddable":true,"href":"https:\/\/www.akehedman.se\/wordpress\/index.php?rest_route=%2Fwp%2Fv2%2Ftags&post=36645"}],"curies":[{"name":"wp","href":"https:\/\/api.w.org\/{rel}","templated":true}]}}