{"id":36255,"date":"2020-09-26T15:14:23","date_gmt":"2020-09-26T14:14:23","guid":{"rendered":"https:\/\/www.akehedman.se\/wordpress\/?p=36255"},"modified":"2020-09-26T15:14:23","modified_gmt":"2020-09-26T14:14:23","slug":"sex-2","status":"publish","type":"post","link":"https:\/\/www.akehedman.se\/wordpress\/?p=36255","title":{"rendered":"Sex"},"content":{"rendered":"\n<figure class=\"wp-block-image size-large\"><img data-recalc-dims=\"1\" loading=\"lazy\" decoding=\"async\" width=\"580\" height=\"870\" src=\"https:\/\/i0.wp.com\/www.akehedman.se\/wordpress\/wp-content\/uploads\/2020\/09\/pexels-photo-4436700.jpeg?resize=580%2C870&#038;ssl=1\" alt=\"black metal framed glass window\" class=\"wp-image-36256\" srcset=\"https:\/\/i0.wp.com\/www.akehedman.se\/wordpress\/wp-content\/uploads\/2020\/09\/pexels-photo-4436700.jpeg?w=867&amp;ssl=1 867w, https:\/\/i0.wp.com\/www.akehedman.se\/wordpress\/wp-content\/uploads\/2020\/09\/pexels-photo-4436700.jpeg?resize=200%2C300&amp;ssl=1 200w, https:\/\/i0.wp.com\/www.akehedman.se\/wordpress\/wp-content\/uploads\/2020\/09\/pexels-photo-4436700.jpeg?resize=683%2C1024&amp;ssl=1 683w, https:\/\/i0.wp.com\/www.akehedman.se\/wordpress\/wp-content\/uploads\/2020\/09\/pexels-photo-4436700.jpeg?resize=768%2C1152&amp;ssl=1 768w\" sizes=\"auto, (max-width: 580px) 100vw, 580px\" \/><figcaption>Photo by Andrew Neel on <a href=\"https:\/\/www.pexels.com\/photo\/black-metal-framed-glass-window-4436700\/\" rel=\"nofollow\">Pexels.com<\/a><\/figcaption><\/figure>\n\n\n\n<p class=\"wp-block-paragraph\">Sex grader. S\u00e4ger SMHI. Vetenskapen. Fem grader s\u00e4ger min b\u00e4sta temperatursensor. Verkligheten. Regn p\u00e5 det. Eftersom natten s\u00e4nker temperaturen g\u00e5r det s\u00e4kert inte att komma n\u00e4rmare sn\u00f6, Men han\/hon\/det\/gud hj\u00e4lpe oss. Inte \u00e4n. Sn\u00e4lla. Men inte hj\u00e4lper b\u00f6ner. Bara j\u00e4mviktss\u00f6kandet, den universella kraften styr det h\u00e4r universumet och allts\u00e5 v\u00e4rlden. St\u00f6r j\u00e4mvikten och du \u00e4r f\u00f6rloraren. Ingen vinner \u00f6ver den. Inte ens m\u00e4nniskan. L\u00e4r det alla.<\/p>\n\n\n\n<p class=\"wp-block-paragraph\">Utmattad idag. Jag befinner mig bland m\u00e4nniskorna en dag i m\u00e5naden. Ibland tv\u00e5. Den t\u00e4r alltid p\u00e5 mig. Alltid. Intrycken blir m\u00e5nga. Det kr\u00e4vs en vilodag. Sortering.<\/p>\n\n\n\n<p class=\"wp-block-paragraph\">Borde ha varit ig\u00e5ng med mina listor sedan flera timmar. Men vilar allts\u00e5. Men nu s\u00e5. Fast byta lite lampor d\u00e4r lampor b\u00f6r fungera f\u00f6rst. Ljuset blir viktigt p\u00e5 h\u00f6sten n\u00e4r avsaknaden av ljus in i sinnen som kr\u00e4ver ljus kryper sig p\u00e5. Ljus och brasor g\u00f6r vintern knappt men \u00e4nd\u00e5 \u00f6verlevnadsbar. F\u00e5r allts\u00e5 b\u00e4ra in lite ved ocks\u00e5.<\/p>\n\n\n\n<p class=\"wp-block-paragraph\">L\u00e4ser bok d\u00e4r Spanska inb\u00f6rdeskriget p\u00e5g\u00e5r. Har hamnat d\u00e4r n\u00e5gra g\u00e5nger. Det finns n\u00e5got fasansfullt \u00f6ver inb\u00f6rdeskrig. Det som ger tillf\u00e4lle f\u00f6r somliga att ge igen f\u00f6r gamla mots\u00e4ttningar med mord, tortyr v\u00e5ldt\u00e4kter och d\u00f6d och s\u00e4ga att det \u00e4r politik, allts\u00e5 ett m\u00e5ste, ett r\u00e4tt,  och att det d\u00e4rf\u00f6r \u00e4r ber\u00e4ttigat. Den v\u00e4rsta sortens krig. Den v\u00e4rsta sortens m\u00e4nniskors lekplats. <\/p>\n\n\n\n<p class=\"wp-block-paragraph\">Det \u00e4r l\u00e4tt att hata. Sv\u00e5rt att \u00e4lska. Man m\u00e5ste l\u00e4ra sig det ocks\u00e5. T\u00e4nker ofta p\u00e5 det nu n\u00e4r <strong>VI<\/strong> skall \u00f6verleva som kommun i Ljusdal. Det skall sparas. De som utf\u00f6r besluten blir l\u00e4tt hatobjekt. Men \u00e5sikter hos m\u00e4nniskor skall man respektera. Man kan \u00e4lska en m\u00e4nniska men hata den m\u00e4nniskans \u00e5sikter. Viktigt skillnad.<\/p>\n\n\n\n<p class=\"wp-block-paragraph\">Fast dumhet accepterar jag aldrig. Om man anv\u00e4nder 99% av energin \u00e5r symboliska besparingar \u00e4r man bara ber\u00e4ttigad till f\u00f6rakt. B\u00f6r inse. B\u00f6r backa. B\u00f6r s\u00e4ga f\u00f6rl\u00e5t, jag, vi, t\u00e4nkte fel. Skall t\u00e4nka r\u00e4tt. Sluta asfaltera. Sluta med allt som vi inte inte absolut beh\u00f6ver. Satsa p\u00e5 skola, omsorg, \u00e4ldrev\u00e5rd. Det som \u00e4r viktigt. F\u00f6rst.<\/p>\n\n\n\n<p class=\"wp-block-paragraph\">Att vara den som \u00e4ndrar sig. Som s\u00e4ger &#8220;jag t\u00e4nkte fel&#8221; \u00e4r det st\u00f6rsta en m\u00e4nniska kan g\u00f6ra. Det finns f\u00e5 stora m\u00e4nniskor.<\/p>\n\n\n\n<p class=\"wp-block-paragraph\">Men allts\u00e5. I inb\u00f6rdeskriget t\u00e4nker jag inte ens d\u00f6da, leml\u00e4sta, tortera, v\u00e5ldta ens f\u00f6r dumheten. Det beh\u00f6vs inte ens en urs\u00e4kt. BACKA undan bara. \u00c5tminstone om du kallar dig socialist. Eller om du bara tror p\u00e5 ett fungerande samh\u00e4lle. Ett fungerande land. Inte \u00e4r som en av de d\u00e4r generalerna i spansk forntid, drivande i hatet och segregationen.<\/p>\n\n\n\n<p class=\"wp-block-paragraph\">L\u00e4tt f\u00f6r dig att s\u00e4ga s\u00e4ger n\u00e5gon som tycker jag sitter h\u00e4r och skriver som den ansvarsl\u00f6se. Men nej, s\u00e5 enkelt \u00e4r det inte. Du med ansvar m\u00e5ste t\u00e4nka i mer \u00e4n ett steg. Dessutom t\u00e4nka, \u00e4r det verkligen den h\u00e4r m\u00e4nniskan jag vill vara. Den som f\u00f6rst\u00f6r ist\u00e4llet f\u00f6r att bygga. <\/p>\n\n\n\n<p class=\"wp-block-paragraph\">Anders F R\u00f6nnblom flyttar till H\u00e4lsingland. T\u00e4nka sig. En kamrat p\u00e5 luckan i Karlskrona under min tid som en av flottans k\u00e4cka gossar introducerade honom f\u00f6r mig och han har aldrig l\u00e4mnat mig sedan dess. Definitivt inte uppskattad efter f\u00f6rtj\u00e4nst om n\u00e5gon nu fr\u00e5gar mig. Utom under juletiden d\u00e5 s\u00e5klart. Men jag tror han \u00e4r en del av en st\u00f6rre flod av m\u00e4nniskor som l\u00e4mnar st\u00e4der f\u00f6r att s\u00f6ka en b\u00e4ttre v\u00e4rld. Vi ser m\u00e5nga konstn\u00e4rer dra sig ut fr\u00e5n st\u00e4derna nu. Med de kreativa folket v\u00e4xer ett nytt b\u00e4ttre och levande samh\u00e4lle upp. Ett som lockar de andra. De som f\u00f6ljer. Vi ser det d\u00e4r alltid och \u00f6verallt. Mest i stadsdelar i st\u00e4der. Men vad \u00e4r Sverige annat \u00e4n en enda stor stadsdel egentligen. Egentligen \u00e4r det v\u00e4l bara ett par v\u00e4ltaliga sj\u00e4lvupptagna navels\u00e5dare innanf\u00f6r tullarna som inte inser det. Bygg en mur kring st\u00e4derna och se sen p\u00e5 vilken sida kl\u00f6sm\u00e4rkena hamnar. Sanna ord. <\/p>\n\n\n\n<p class=\"wp-block-paragraph\">Men nu d\u00e5 allts\u00e5 g\u00f6ra lite nytta. <\/p>\n\n\n\n<p class=\"wp-block-paragraph\">  <\/p>\n","protected":false},"excerpt":{"rendered":"<p>Sex grader. S\u00e4ger SMHI. Vetenskapen. Fem grader s\u00e4ger min b\u00e4sta temperatursensor. Verkligheten. Regn p\u00e5 det. Eftersom natten s\u00e4nker temperaturen g\u00e5r det s\u00e4kert inte att komma n\u00e4rmare sn\u00f6, Men han\/hon\/det\/gud hj\u00e4lpe oss. Inte \u00e4n. Sn\u00e4lla. Men inte hj\u00e4lper b\u00f6ner. Bara j\u00e4mviktss\u00f6kandet, den universella kraften styr det h\u00e4r universumet och allts\u00e5 v\u00e4rlden. St\u00f6r j\u00e4mvikten och du \u00e4r [&hellip;]<\/p>\n","protected":false},"author":24,"featured_media":0,"comment_status":"open","ping_status":"open","sticky":false,"template":"","format":"standard","meta":{"_crdt_document":"","jetpack_post_was_ever_published":false,"_jetpack_newsletter_access":"","_jetpack_dont_email_post_to_subs":false,"_jetpack_newsletter_tier_id":0,"_jetpack_memberships_contains_paywalled_content":false,"_jetpack_memberships_contains_paid_content":false,"footnotes":"","jetpack_publicize_message":"","jetpack_publicize_feature_enabled":true,"jetpack_social_post_already_shared":true,"jetpack_social_options":{"image_generator_settings":{"template":"highway","default_image_id":0,"font":"","enabled":false},"version":2}},"categories":[2],"tags":[],"class_list":["post-36255","post","type-post","status-publish","format-standard","hentry","category-swedish"],"jetpack_publicize_connections":[],"jetpack_featured_media_url":"","jetpack_sharing_enabled":true,"jetpack_likes_enabled":true,"jetpack-related-posts":[{"id":19490,"url":"https:\/\/www.akehedman.se\/wordpress\/?p=19490","url_meta":{"origin":36255,"position":0},"title":"Sn\u00e5lskjuts med livet","author":"\u00c5ke Hedman","date":"2016-01-19","format":false,"excerpt":"Jag drar mig en extra timme p\u00e5 morgonen. Hulken har j\u00e4vlats tv\u00e5 n\u00e4tter i rad nu och i natt gick det inte s\u00e5 l\u00e4tt att somna efter fixandet. Jo man m\u00e5ste ta tag i en avstannad v\u00e4rmeanl\u00e4ggning n\u00e4r det \u00e4n intr\u00e4ffar. G\u00f6r man inte det letar sig kylan in i\u2026","rel":"","context":"In &quot;Betraktelser &amp; Ber\u00e4ttelse&quot;","block_context":{"text":"Betraktelser &amp; Ber\u00e4ttelse","link":"https:\/\/www.akehedman.se\/wordpress\/?cat=24"},"img":{"alt_text":"camels_in_tunisia","src":"https:\/\/i0.wp.com\/www.akehedman.se\/wordpress\/wp-content\/uploads\/2016\/01\/camels_in_tunisia.jpeg?resize=350%2C200","width":350,"height":200},"classes":[]},{"id":27723,"url":"https:\/\/www.akehedman.se\/wordpress\/?p=27723","url_meta":{"origin":36255,"position":1},"title":"Hoppas kan man alltid","author":"\u00c5ke Hedman","date":"2018-03-25","format":false,"excerpt":"Klockan h\u00e4r p\u00e5 l\u00e5tsaskontoret s\u00e4ger 21:15. Den har fel s\u00e5klart. Det \u00e4r sommartid. Icke normaltid.\u00a0 Man skall t\u00e4nka 22:15. Borde v\u00e4l ha st\u00e4llt om den. Men den h\u00e4nger strax under taket. Det beh\u00f6vs stol f\u00f6r att ta ner. Jag orkar inte. Inte just nu. Kanske imorgon. Seg h\u00e4r. Det g\u00f6r\u2026","rel":"","context":"In &quot;Betraktelser &amp; Ber\u00e4ttelse&quot;","block_context":{"text":"Betraktelser &amp; Ber\u00e4ttelse","link":"https:\/\/www.akehedman.se\/wordpress\/?cat=24"},"img":{"alt_text":"","src":"https:\/\/i0.wp.com\/www.akehedman.se\/wordpress\/wp-content\/uploads\/2018\/03\/Screenshot-from-2018-03-25-22-46-43.png?resize=350%2C200","width":350,"height":200,"srcset":"https:\/\/i0.wp.com\/www.akehedman.se\/wordpress\/wp-content\/uploads\/2018\/03\/Screenshot-from-2018-03-25-22-46-43.png?resize=350%2C200 1x, https:\/\/i0.wp.com\/www.akehedman.se\/wordpress\/wp-content\/uploads\/2018\/03\/Screenshot-from-2018-03-25-22-46-43.png?resize=525%2C300 1.5x, https:\/\/i0.wp.com\/www.akehedman.se\/wordpress\/wp-content\/uploads\/2018\/03\/Screenshot-from-2018-03-25-22-46-43.png?resize=700%2C400 2x"},"classes":[]},{"id":47320,"url":"https:\/\/www.akehedman.se\/wordpress\/?p=47320","url_meta":{"origin":36255,"position":2},"title":"Mummel","author":"\u00c5ke Hedman","date":"2024-03-13","format":false,"excerpt":"Photo by Mathew Browne on Pexels.com Jod\u00e5, idag f\u00e5r jag in den d\u00e4r sista pelletspallen. F\u00e5r faktiskt en hel del annat gjort ocks\u00e5. Fast vill mer. Som vanligt vill man mer. Men inser att det g\u00e5r inte. Man f\u00e5r n\u00f6ja sig med det man \u00e5stadkommer. Mumla f\u00e5r man om h\u00f6g\u2026","rel":"","context":"In &quot;Betraktelser &amp; Ber\u00e4ttelse&quot;","block_context":{"text":"Betraktelser &amp; Ber\u00e4ttelse","link":"https:\/\/www.akehedman.se\/wordpress\/?cat=24"},"img":{"alt_text":"grayscale photo of clock tower","src":"https:\/\/i0.wp.com\/www.akehedman.se\/wordpress\/wp-content\/uploads\/2024\/03\/pexels-photo-11130680.jpeg?resize=350%2C200&ssl=1","width":350,"height":200,"srcset":"https:\/\/i0.wp.com\/www.akehedman.se\/wordpress\/wp-content\/uploads\/2024\/03\/pexels-photo-11130680.jpeg?resize=350%2C200&ssl=1 1x, https:\/\/i0.wp.com\/www.akehedman.se\/wordpress\/wp-content\/uploads\/2024\/03\/pexels-photo-11130680.jpeg?resize=525%2C300&ssl=1 1.5x, https:\/\/i0.wp.com\/www.akehedman.se\/wordpress\/wp-content\/uploads\/2024\/03\/pexels-photo-11130680.jpeg?resize=700%2C400&ssl=1 2x, https:\/\/i0.wp.com\/www.akehedman.se\/wordpress\/wp-content\/uploads\/2024\/03\/pexels-photo-11130680.jpeg?resize=1050%2C600&ssl=1 3x"},"classes":[]},{"id":22972,"url":"https:\/\/www.akehedman.se\/wordpress\/?p=22972","url_meta":{"origin":36255,"position":3},"title":"I v\u00e4ntans tider","author":"\u00c5ke Hedman","date":"2017-01-22","format":false,"excerpt":"Oj vad sl\u00f6tt. Helgen allts\u00e5. Kommer inte ner hit f\u00f6rr\u00e4n halv fyra eller n\u00e5got idag. Anglosaxisk vecka med sovmorgon. Men det \u00e4r som det \u00e4r. Man m\u00e5ste l\u00e5ta lite av tiden rinna av sig. Sl\u00e4ppa ut lite sp\u00e4nningar. \u00c4n \u00e4r det inte grejat och kirrat allt som man skulle vilja\u2026","rel":"","context":"In &quot;Betraktelser &amp; Ber\u00e4ttelse&quot;","block_context":{"text":"Betraktelser &amp; Ber\u00e4ttelse","link":"https:\/\/www.akehedman.se\/wordpress\/?cat=24"},"img":{"alt_text":"","src":"https:\/\/i0.wp.com\/www.akehedman.se\/wordpress\/wp-content\/uploads\/2017\/01\/20170120_183118-1024x576.png?resize=350%2C200","width":350,"height":200,"srcset":"https:\/\/i0.wp.com\/www.akehedman.se\/wordpress\/wp-content\/uploads\/2017\/01\/20170120_183118-1024x576.png?resize=350%2C200 1x, https:\/\/i0.wp.com\/www.akehedman.se\/wordpress\/wp-content\/uploads\/2017\/01\/20170120_183118-1024x576.png?resize=525%2C300 1.5x"},"classes":[]},{"id":16752,"url":"https:\/\/www.akehedman.se\/wordpress\/?p=16752","url_meta":{"origin":36255,"position":4},"title":"Kaffe med l\u00e4ngtan efter koltrass\u00e5ng","author":"\u00c5ke Hedman","date":"2015-02-28","format":false,"excerpt":"Koltrasten och Dvoraks har vi ihop UL och jag. Ja j\u00e4vlar vem kunde ha trott det. Inte jag i alla fall. Nej inte jag. Definitivt inte jag. Antingen \u00e4r jag \u00e4ldre i sinnet \u00e4n jag tror eller ocks\u00e5 \u00e4r han yngre. B\u00f6rjar tamefan gilla karln. Inte bara hans b\u00f6cker och\u2026","rel":"","context":"In &quot;Betraktelser &amp; Ber\u00e4ttelse&quot;","block_context":{"text":"Betraktelser &amp; Ber\u00e4ttelse","link":"https:\/\/www.akehedman.se\/wordpress\/?cat=24"},"img":{"alt_text":"koltrast_080104_0739_600","src":"https:\/\/i0.wp.com\/www.eurosource.se\/akhe\/wordpress\/wp-content\/uploads\/2013\/10\/koltrast_080104_0739_600.jpg?resize=350%2C200","width":350,"height":200,"srcset":"https:\/\/i0.wp.com\/www.eurosource.se\/akhe\/wordpress\/wp-content\/uploads\/2013\/10\/koltrast_080104_0739_600.jpg?resize=350%2C200 1x, https:\/\/i0.wp.com\/www.eurosource.se\/akhe\/wordpress\/wp-content\/uploads\/2013\/10\/koltrast_080104_0739_600.jpg?resize=525%2C300 1.5x"},"classes":[]},{"id":8010,"url":"https:\/\/www.akehedman.se\/wordpress\/?p=8010","url_meta":{"origin":36255,"position":5},"title":"Det drar.","author":"\u00c5ke Hedman","date":"2013-07-19","format":false,"excerpt":"Han som v\u00e4xte upp hos Pavarotti n\u00e4r det begav sig, Koltrasten, \u00e4r tyst p\u00e5 morgon n\u00e4r jag h\u00e4mtar tidningen. Inte syns n\u00e5got av min v\u00e4n dragspelaren heller. Det avv naturliga sk\u00e4l. Saknar honom. M\u00e5ste \u00e5ka och h\u00e4lsa p\u00e5 min postl\u00e5dekamrat d\u00e4r p\u00e5 sjukhemmet. Karin sover fortfarande och ute \u00e4r det\u2026","rel":"","context":"In &quot;Betraktelser &amp; Ber\u00e4ttelse&quot;","block_context":{"text":"Betraktelser &amp; Ber\u00e4ttelse","link":"https:\/\/www.akehedman.se\/wordpress\/?cat=24"},"img":{"alt_text":"hav6296","src":"https:\/\/i0.wp.com\/www.eurosource.se\/akhe\/wordpress\/wp-content\/uploads\/2013\/07\/hav6296.jpg?resize=350%2C200","width":350,"height":200},"classes":[]}],"jetpack_shortlink":"https:\/\/wp.me\/p68PL2-9qL","_links":{"self":[{"href":"https:\/\/www.akehedman.se\/wordpress\/index.php?rest_route=\/wp\/v2\/posts\/36255","targetHints":{"allow":["GET"]}}],"collection":[{"href":"https:\/\/www.akehedman.se\/wordpress\/index.php?rest_route=\/wp\/v2\/posts"}],"about":[{"href":"https:\/\/www.akehedman.se\/wordpress\/index.php?rest_route=\/wp\/v2\/types\/post"}],"author":[{"embeddable":true,"href":"https:\/\/www.akehedman.se\/wordpress\/index.php?rest_route=\/wp\/v2\/users\/24"}],"replies":[{"embeddable":true,"href":"https:\/\/www.akehedman.se\/wordpress\/index.php?rest_route=%2Fwp%2Fv2%2Fcomments&post=36255"}],"version-history":[{"count":1,"href":"https:\/\/www.akehedman.se\/wordpress\/index.php?rest_route=\/wp\/v2\/posts\/36255\/revisions"}],"predecessor-version":[{"id":36257,"href":"https:\/\/www.akehedman.se\/wordpress\/index.php?rest_route=\/wp\/v2\/posts\/36255\/revisions\/36257"}],"wp:attachment":[{"href":"https:\/\/www.akehedman.se\/wordpress\/index.php?rest_route=%2Fwp%2Fv2%2Fmedia&parent=36255"}],"wp:term":[{"taxonomy":"category","embeddable":true,"href":"https:\/\/www.akehedman.se\/wordpress\/index.php?rest_route=%2Fwp%2Fv2%2Fcategories&post=36255"},{"taxonomy":"post_tag","embeddable":true,"href":"https:\/\/www.akehedman.se\/wordpress\/index.php?rest_route=%2Fwp%2Fv2%2Ftags&post=36255"}],"curies":[{"name":"wp","href":"https:\/\/api.w.org\/{rel}","templated":true}]}}