{"id":36147,"date":"2020-09-15T14:26:32","date_gmt":"2020-09-15T13:26:32","guid":{"rendered":"https:\/\/www.akehedman.se\/wordpress\/?p=36147"},"modified":"2020-09-15T14:26:41","modified_gmt":"2020-09-15T13:26:41","slug":"svenska-lasvanor-bade-starka-och-tynande-aftonbladet-live-supernytt","status":"publish","type":"post","link":"https:\/\/www.akehedman.se\/wordpress\/?p=36147","title":{"rendered":"Svenska l\u00e4svanor \u2013 b\u00e5de starka och tynande &#8211; Aftonbladet live: Supernytt"},"content":{"rendered":"<blockquote><p><a href=\"https:\/\/live.aftonbladet.se\/supernytt\/news\/svenska-laesvanor-baade-starka-och-tynande.Ols_0NyCM\"><img data-recalc-dims=\"1\" decoding=\"async\" class=\"alignnone size-full\" src=\"https:\/\/i0.wp.com\/www.akehedman.se\/wordpress\/wp-content\/uploads\/2020\/09\/f684737c60484ef64ab63a9e73a54d8b-1.jpg?w=580&#038;ssl=1\" alt=\"\" \/><\/a>N\u00f6jesl\u00e4sningen minskar bland barn och unga samtidigt som svenska elever uppvisar en bristande l\u00e4sf\u00f6rm\u00e5ga. Det visar en ny rapport fr\u00e5n Svenska F\u00f6rl\u00e4ggaref\u00f6reningen.<\/p><\/blockquote>\n<p>Source: <em><a href=\"https:\/\/live.aftonbladet.se\/supernytt\/news\/svenska-laesvanor-baade-starka-och-tynande.Ols_0NyCM\">Svenska l\u00e4svanor \u2013 b\u00e5de starka och tynande &#8211; Aftonbladet live: Supernytt<\/a><\/em><\/p>\n","protected":false},"excerpt":{"rendered":"<p>N\u00f6jesl\u00e4sningen minskar bland barn och unga samtidigt som svenska elever uppvisar en bristande l\u00e4sf\u00f6rm\u00e5ga. Det visar en ny rapport fr\u00e5n Svenska F\u00f6rl\u00e4ggaref\u00f6reningen. Source: Svenska l\u00e4svanor \u2013 b\u00e5de starka och tynande &#8211; Aftonbladet live: Supernytt<\/p>\n","protected":false},"author":24,"featured_media":0,"comment_status":"open","ping_status":"open","sticky":false,"template":"","format":"standard","meta":{"_crdt_document":"","jetpack_post_was_ever_published":false,"_jetpack_newsletter_access":"","_jetpack_dont_email_post_to_subs":false,"_jetpack_newsletter_tier_id":0,"_jetpack_memberships_contains_paywalled_content":false,"_jetpack_memberships_contains_paid_content":false,"footnotes":"","jetpack_publicize_message":"","jetpack_publicize_feature_enabled":true,"jetpack_social_post_already_shared":true,"jetpack_social_options":{"image_generator_settings":{"template":"highway","default_image_id":0,"font":"","enabled":false},"version":2}},"categories":[13],"tags":[],"class_list":["post-36147","post","type-post","status-publish","format-standard","hentry","category-bocker"],"jetpack_publicize_connections":[],"jetpack_featured_media_url":"","jetpack_sharing_enabled":true,"jetpack_likes_enabled":true,"jetpack-related-posts":[{"id":40774,"url":"https:\/\/www.akehedman.se\/wordpress\/?p=40774","url_meta":{"origin":36147,"position":0},"title":"Dammsugning h\u00e5ller dig b\u00e5de fit och smart \u2013 Supernytt \u2013 Aftonbladet live","author":"\u00c5ke Hedman","date":"2022-01-03","format":false,"excerpt":"\u00a0 Gillar du inte att st\u00e4da? D\u00e5 \u00e4r det kanske dags att t\u00e4nka om \u2013 s\u00e4rskilt n\u00e4r det g\u00e4ller dammsugning. Source: Dammsugning h\u00e5ller dig b\u00e5de fit och smart \u2013 Supernytt \u2013 Aftonbladet live G\u00e4ller bara f\u00f6r oss \u00f6ver 65 tydligen...","rel":"","context":"In &quot;Swedish&quot;","block_context":{"text":"Swedish","link":"https:\/\/www.akehedman.se\/wordpress\/?cat=2"},"img":{"alt_text":"","src":"","width":0,"height":0},"classes":[]},{"id":37275,"url":"https:\/\/www.akehedman.se\/wordpress\/?p=37275","url_meta":{"origin":36147,"position":1},"title":"Regeringen startar utredning om statlig skola &#8211; Aftonbladet live: Supernytt","author":"\u00c5ke Hedman","date":"2020-12-21","format":false,"excerpt":"Regeringen och samarbetspartierna tills\u00e4tter p\u00e5 tisdagen en utredning om hur ett f\u00f6rstatligande av skolan kan g\u00e5 till, rapporterar Dagens Nyheter. Source: Regeringen startar utredning om statlig skola - Aftonbladet live: Supernytt Det \u00e4r den enda sj\u00e4lvklara v\u00e4gen f\u00f6r Svensk skola.","rel":"","context":"In &quot;Swedish&quot;","block_context":{"text":"Swedish","link":"https:\/\/www.akehedman.se\/wordpress\/?cat=2"},"img":{"alt_text":"","src":"","width":0,"height":0},"classes":[]},{"id":36426,"url":"https:\/\/www.akehedman.se\/wordpress\/?p=36426","url_meta":{"origin":36147,"position":2},"title":"Prideflaggan stoppas i kommun &#8211; Aftonbladet live: Supernytt","author":"\u00c5ke Hedman","date":"2020-10-13","format":false,"excerpt":"Vi vill inte hissa flaggor som inte representerar alla i kommunen, och Prideflaggan \u00e4r just en s\u00e5dan, s\u00e4ger Cecilia Bladh in Zito (SD), kommunstyrelsens ordf\u00f6rande till SVT Sk\u00e5ne. Source: Prideflaggan stoppas i kommun - Aftonbladet live: Supernytt Sickna idioter. Det \u00e4r v\u00e4l just ALLA som den flaggan representerar.","rel":"","context":"In &quot;Swedish&quot;","block_context":{"text":"Swedish","link":"https:\/\/www.akehedman.se\/wordpress\/?cat=2"},"img":{"alt_text":"","src":"https:\/\/i0.wp.com\/www.akehedman.se\/wordpress\/wp-content\/uploads\/2020\/10\/rainbow_flag_breeze_1-1.jpg?resize=350%2C200&ssl=1","width":350,"height":200,"srcset":"https:\/\/i0.wp.com\/www.akehedman.se\/wordpress\/wp-content\/uploads\/2020\/10\/rainbow_flag_breeze_1-1.jpg?resize=350%2C200&ssl=1 1x, https:\/\/i0.wp.com\/www.akehedman.se\/wordpress\/wp-content\/uploads\/2020\/10\/rainbow_flag_breeze_1-1.jpg?resize=525%2C300&ssl=1 1.5x, https:\/\/i0.wp.com\/www.akehedman.se\/wordpress\/wp-content\/uploads\/2020\/10\/rainbow_flag_breeze_1-1.jpg?resize=700%2C400&ssl=1 2x"},"classes":[]},{"id":37730,"url":"https:\/\/www.akehedman.se\/wordpress\/?p=37730","url_meta":{"origin":36147,"position":3},"title":"Man d\u00f6ms f\u00f6r musikterror &#8211; Aftonbladet live: Supernytt","author":"\u00c5ke Hedman","date":"2021-02-03","format":false,"excerpt":"Musiken fr\u00e5n en l\u00e4genhet i Falkenbergs kommun var s\u00e5 h\u00f6g att s\u00e4ngar hos grannfamiljen flyttade p\u00e5 sig. Nu d\u00f6ms en 43-\u00e5rig man f\u00f6r ofredande och olaga hot sedan han hotat att krossa rutor hos sina grannar om de anm\u00e4lde honom till polisen, rapporterar\u00a0SVT Nyheter Halland. Source: Man d\u00f6ms f\u00f6r musikterror\u2026","rel":"","context":"In &quot;Swedish&quot;","block_context":{"text":"Swedish","link":"https:\/\/www.akehedman.se\/wordpress\/?cat=2"},"img":{"alt_text":"","src":"","width":0,"height":0},"classes":[]},{"id":37641,"url":"https:\/\/www.akehedman.se\/wordpress\/?p=37641","url_meta":{"origin":36147,"position":4},"title":"Rekordh\u00f6g andel fattiga svenskar &#8211; Aftonbladet live: Supernytt","author":"\u00c5ke Hedman","date":"2021-01-27","format":false,"excerpt":"Andelen svenskar med l\u00e5g ekonomisk standard forts\u00e4tter att \u00f6ka och n\u00e5dde 2019 den h\u00f6gsta niv\u00e5n hittills, \u00f6ver 15 procent av befolkningen, enligt siffror fr\u00e5n Statistiska centralbyr\u00e5n (SCB). Source: Rekordh\u00f6g andel fattiga svenskar - Aftonbladet live: Supernytt Sverige har tidigare lyckats g\u00e5 en v\u00e4ldigt lyckad balansg\u00e5ng p\u00e5 knivseggen mellan kapitalism och\u2026","rel":"","context":"In &quot;Swedish&quot;","block_context":{"text":"Swedish","link":"https:\/\/www.akehedman.se\/wordpress\/?cat=2"},"img":{"alt_text":"","src":"","width":0,"height":0},"classes":[]},{"id":30118,"url":"https:\/\/www.akehedman.se\/wordpress\/?p=30118","url_meta":{"origin":36147,"position":5},"title":"Nya i Svenska Akademien: Jila Mossaed och Eric M Runesson valdes in | Aftonbladet","author":"\u00c5ke Hedman","date":"2018-10-05","format":false,"excerpt":"Det k\u00e4nns inte som det \u00e4r speciellt vettiga m\u00e4nniskor som tackar ja till att delta i detta som det ser ut idag. Source: Nya i Svenska Akademien: Jila Mossaed och Eric M Runesson valdes in | Aftonbladet","rel":"","context":"In &quot;Swedish&quot;","block_context":{"text":"Swedish","link":"https:\/\/www.akehedman.se\/wordpress\/?cat=2"},"img":{"alt_text":"","src":"","width":0,"height":0},"classes":[]}],"jetpack_shortlink":"https:\/\/wp.me\/p68PL2-9p1","_links":{"self":[{"href":"https:\/\/www.akehedman.se\/wordpress\/index.php?rest_route=\/wp\/v2\/posts\/36147","targetHints":{"allow":["GET"]}}],"collection":[{"href":"https:\/\/www.akehedman.se\/wordpress\/index.php?rest_route=\/wp\/v2\/posts"}],"about":[{"href":"https:\/\/www.akehedman.se\/wordpress\/index.php?rest_route=\/wp\/v2\/types\/post"}],"author":[{"embeddable":true,"href":"https:\/\/www.akehedman.se\/wordpress\/index.php?rest_route=\/wp\/v2\/users\/24"}],"replies":[{"embeddable":true,"href":"https:\/\/www.akehedman.se\/wordpress\/index.php?rest_route=%2Fwp%2Fv2%2Fcomments&post=36147"}],"version-history":[{"count":2,"href":"https:\/\/www.akehedman.se\/wordpress\/index.php?rest_route=\/wp\/v2\/posts\/36147\/revisions"}],"predecessor-version":[{"id":36151,"href":"https:\/\/www.akehedman.se\/wordpress\/index.php?rest_route=\/wp\/v2\/posts\/36147\/revisions\/36151"}],"wp:attachment":[{"href":"https:\/\/www.akehedman.se\/wordpress\/index.php?rest_route=%2Fwp%2Fv2%2Fmedia&parent=36147"}],"wp:term":[{"taxonomy":"category","embeddable":true,"href":"https:\/\/www.akehedman.se\/wordpress\/index.php?rest_route=%2Fwp%2Fv2%2Fcategories&post=36147"},{"taxonomy":"post_tag","embeddable":true,"href":"https:\/\/www.akehedman.se\/wordpress\/index.php?rest_route=%2Fwp%2Fv2%2Ftags&post=36147"}],"curies":[{"name":"wp","href":"https:\/\/api.w.org\/{rel}","templated":true}]}}