{"id":35919,"date":"2020-08-24T22:41:07","date_gmt":"2020-08-24T21:41:07","guid":{"rendered":"https:\/\/www.akehedman.se\/wordpress\/?p=35919"},"modified":"2020-08-24T22:41:07","modified_gmt":"2020-08-24T21:41:07","slug":"kontakterna","status":"publish","type":"post","link":"https:\/\/www.akehedman.se\/wordpress\/?p=35919","title":{"rendered":"Kontakterna"},"content":{"rendered":"\n<figure class=\"wp-block-image size-large\"><img data-recalc-dims=\"1\" loading=\"lazy\" decoding=\"async\" width=\"580\" height=\"773\" src=\"https:\/\/i0.wp.com\/www.akehedman.se\/wordpress\/wp-content\/uploads\/2020\/08\/IMG_20200811_134611-scaled.jpg?resize=580%2C773&#038;ssl=1\" alt=\"\" class=\"wp-image-35920\" srcset=\"https:\/\/i0.wp.com\/www.akehedman.se\/wordpress\/wp-content\/uploads\/2020\/08\/IMG_20200811_134611-scaled.jpg?w=1920&amp;ssl=1 1920w, https:\/\/i0.wp.com\/www.akehedman.se\/wordpress\/wp-content\/uploads\/2020\/08\/IMG_20200811_134611-scaled.jpg?resize=225%2C300&amp;ssl=1 225w, https:\/\/i0.wp.com\/www.akehedman.se\/wordpress\/wp-content\/uploads\/2020\/08\/IMG_20200811_134611-scaled.jpg?resize=768%2C1024&amp;ssl=1 768w, https:\/\/i0.wp.com\/www.akehedman.se\/wordpress\/wp-content\/uploads\/2020\/08\/IMG_20200811_134611-scaled.jpg?resize=1152%2C1536&amp;ssl=1 1152w, https:\/\/i0.wp.com\/www.akehedman.se\/wordpress\/wp-content\/uploads\/2020\/08\/IMG_20200811_134611-scaled.jpg?resize=1536%2C2048&amp;ssl=1 1536w, https:\/\/i0.wp.com\/www.akehedman.se\/wordpress\/wp-content\/uploads\/2020\/08\/IMG_20200811_134611-scaled.jpg?resize=1200%2C1600&amp;ssl=1 1200w, https:\/\/i0.wp.com\/www.akehedman.se\/wordpress\/wp-content\/uploads\/2020\/08\/IMG_20200811_134611-scaled.jpg?resize=1980%2C2640&amp;ssl=1 1980w, https:\/\/i0.wp.com\/www.akehedman.se\/wordpress\/wp-content\/uploads\/2020\/08\/IMG_20200811_134611-scaled.jpg?w=1740&amp;ssl=1 1740w\" sizes=\"auto, (max-width: 580px) 100vw, 580px\" \/><\/figure>\n\n\n\n<p class=\"wp-block-paragraph\">Det b\u00f6rjar r\u00f6ra p\u00e5 sig i v\u00e4rlden igen. Tyskland, Belgien, Norge, USA, Australien, Sydkorea. Dagens virtuella m\u00f6ten. F\u00e4rre \u00e4n en normal dag visserligen. Likafullt k\u00e4nner jag fortfarande en stor fascination  \u00f6ver dessa kontakter. De flesta blir bara en snabb fr\u00e5ga, en kommentar eller n\u00e5got som passera iv\u00e4g och ut och iv\u00e4g p\u00e5 n\u00e5gra minuter eller en timme eller en dag. Annat skapar livsl\u00e5nga bekantskaper. De \u00e4r allts\u00e5 halva n\u00f6jet, kontakterna,  <strong>liksom<\/strong>.<\/p>\n\n\n\n<p class=\"wp-block-paragraph\">Annars knappar jag p\u00e5. Tid g\u00e5r. Och det \u00e4r v\u00e4l d\u00e4r syftet ligger med liv. Att man l\u00e5ter tiden g\u00e5 och fyller den med n\u00e5got man tycker \u00e4r meningsfyllt. Jag tycker allts\u00e5 att det jag g\u00f6r \u00e4r meningsfullt. Det finns d\u00e4remot ingen annan som tycker det p\u00e5 den h\u00f6r kullen. M\u00e5ttstocken \u00e4r \u00e4nd\u00e5 pengar f\u00f6r m\u00e4tandet av framg\u00e5ng. Jag drar inte hem m\u00e5nga s\u00e5dana. Just nu. Men har jag gjort det? Kanske. <\/p>\n\n\n\n<p class=\"wp-block-paragraph\">Sen tycks ju det h\u00e4r livet vara s\u00e5 njutbart att alla vill byta. Fast som vanligt skall man ha g\u00e5tt n\u00e5gra mil i n\u00e5gons skor innan man \u00f6nskar n\u00e5got s\u00e5dant.  <\/p>\n\n\n\n<p class=\"wp-block-paragraph\">K l\u00e4mnar prover till Folkh\u00e4lsomyndigheten idag. F\u00f6rsvarsmakten h\u00e4mtar. Det \u00e4r milit\u00e4riska procedurer n\u00e4r prover skall l\u00e4mnas \u00f6ver. Men ocks\u00e5 denna g\u00e5ng hade jag f\u00f6rv\u00e4ntat mig en mullrande helikopter eller en oljer\u00f6ksspyende stridsvagn som fordon inte en helt vanlig silverf\u00e4rgad k\u00e4rra av ok\u00e4nt m\u00e4rke.<\/p>\n\n\n\n<p class=\"wp-block-paragraph\">Broder skickar \u00f6ver lite gammelsl\u00e4ktinfo. T\u00f6rns-Hansarna har l\u00e4mnat sp\u00e5r efter sig i Ovan\u00e5ker. Lite roligt att se \u00e4r det \u00e4nd\u00e5. Att cirklar sluts p\u00e5 ett n\u00e4stan magiskt s\u00e4tt \u00e4r onekligen en upplevelse. En kusins barn k\u00f6per ett hus. En f\u00f6rfader byggde det. Visste inte om alls. Det finns mycket s\u00e5dant. Massor. Som att vi numera sitter h\u00e4r i Los d\u00e4r farfar kom ifr\u00e5n. Det visste ingen. Det fanns ingen naturlig koppling kvar hit. Slump bara. <\/p>\n\n\n\n<p class=\"wp-block-paragraph\">Jag f\u00f6rs\u00f6ker inte ens f\u00f6rst\u00e5 det d\u00e4r.<\/p>\n\n\n\n<p class=\"wp-block-paragraph\">Men l\u00e4ggdags h\u00e4r. Blev inte m\u00e5nga timmars s\u00f6mn inatt. Misstaget var att dricka kaffe p\u00e5 kv\u00e4llen. Ibland g\u00e5r det. Men oftast inte.  Man f\u00e5r ligga d\u00e4r. V\u00e4nta p\u00e5 morgonen. Ta tag i nacken vid sjutiden och ta sig upp \u00e4nd\u00e5. <\/p>\n\n\n\n<p class=\"wp-block-paragraph\">Men tr\u00f6tt nu allts\u00e5. Ger mig d\u00e4rf\u00f6r. Sover en stund f\u00f6r freden och friheten.<\/p>\n","protected":false},"excerpt":{"rendered":"<p>Det b\u00f6rjar r\u00f6ra p\u00e5 sig i v\u00e4rlden igen. Tyskland, Belgien, Norge, USA, Australien, Sydkorea. Dagens virtuella m\u00f6ten. F\u00e4rre \u00e4n en normal dag visserligen. Likafullt k\u00e4nner jag fortfarande en stor fascination \u00f6ver dessa kontakter. De flesta blir bara en snabb fr\u00e5ga, en kommentar eller n\u00e5got som passera iv\u00e4g och ut och iv\u00e4g p\u00e5 n\u00e5gra minuter eller [&hellip;]<\/p>\n","protected":false},"author":24,"featured_media":0,"comment_status":"open","ping_status":"open","sticky":false,"template":"","format":"standard","meta":{"_crdt_document":"","jetpack_post_was_ever_published":false,"_jetpack_newsletter_access":"","_jetpack_dont_email_post_to_subs":false,"_jetpack_newsletter_tier_id":0,"_jetpack_memberships_contains_paywalled_content":false,"_jetpack_memberships_contains_paid_content":false,"footnotes":"","jetpack_publicize_message":"","jetpack_publicize_feature_enabled":true,"jetpack_social_post_already_shared":false,"jetpack_social_options":{"image_generator_settings":{"template":"highway","default_image_id":0,"font":"","enabled":false},"version":2}},"categories":[24],"tags":[],"class_list":["post-35919","post","type-post","status-publish","format-standard","hentry","category-betraktelser"],"jetpack_publicize_connections":[],"jetpack_featured_media_url":"","jetpack_sharing_enabled":true,"jetpack_likes_enabled":true,"jetpack-related-posts":[{"id":25175,"url":"https:\/\/www.akehedman.se\/wordpress\/?p=25175","url_meta":{"origin":35919,"position":0},"title":"Ogirigt","author":"\u00c5ke Hedman","date":"2017-08-29","format":false,"excerpt":"Det \u00e4r alltid sv\u00e5rt med relationer och m\u00e4nniskor.\u00a0 S\u00e5 n\u00e4r Wikipedia vill ha l\u00e4nkar till licenserna f\u00f6r grafiken i VSCP logon s\u00e5 kontaktar jag Tim i Danmark som jag en g\u00e5ng k\u00f6pt det \"tjocka biet\" av f\u00f6r att anv\u00e4ndas icke-kommersiellt. Ja VSCP \u00e4r ju ett ickekommersiellt projekt, Wikipedia med. Det\u2026","rel":"","context":"In &quot;Betraktelser &amp; Ber\u00e4ttelse&quot;","block_context":{"text":"Betraktelser &amp; Ber\u00e4ttelse","link":"https:\/\/www.akehedman.se\/wordpress\/?cat=24"},"img":{"alt_text":"","src":"https:\/\/i0.wp.com\/www.akehedman.se\/wordpress\/wp-content\/uploads\/2017\/08\/vscp_logo-1024x724.jpg?resize=350%2C200","width":350,"height":200},"classes":[]},{"id":1696,"url":"https:\/\/www.akehedman.se\/wordpress\/?p=1696","url_meta":{"origin":35919,"position":1},"title":"Mer lokal musik \u00e5t folket!","author":"\u00c5ke Hedman","date":"2012-10-04","format":false,"excerpt":"\u00d6ppet brev till lokalradion i kungariket Sverige. N\u00e4r jag var ung s\u00e5 kunde vi direkt skriva och f\u00e5 svar fr\u00e5n Kersti Adams Ray, Kjell Alinge och andra storheter. Dom tog oss unga musiker p\u00e5 allvar. Dom l\u00e4t oss synas och n\u00e5gra av oss blev ocks\u00e5 stora och synliga f\u00f6r andra\u2026","rel":"","context":"In &quot;Betraktelser &amp; Ber\u00e4ttelse&quot;","block_context":{"text":"Betraktelser &amp; Ber\u00e4ttelse","link":"https:\/\/www.akehedman.se\/wordpress\/?cat=24"},"img":{"alt_text":"","src":"","width":0,"height":0},"classes":[]},{"id":8513,"url":"https:\/\/www.akehedman.se\/wordpress\/?p=8513","url_meta":{"origin":35919,"position":2},"title":"En S\u00c5N dag","author":"\u00c5ke Hedman","date":"2013-08-13","format":false,"excerpt":"Visa dagar blir liksom inget att ha. Inte ens l\u00e5tsasjobbet blir det n\u00e5got av och man f\u00e5r helt enkelt vara glad att det bara \u00e4r ett l\u00e5tsasjobb som inte betyder n\u00e5got f\u00f6r en endaste en annan eller Sverige eller V\u00e4rlden. N\u00e5gon samh\u00e4llsinsats \u00e4r det allts\u00e5 inte fr\u00e5gan om. Idag ville\u2026","rel":"","context":"In &quot;Betraktelser &amp; Ber\u00e4ttelse&quot;","block_context":{"text":"Betraktelser &amp; Ber\u00e4ttelse","link":"https:\/\/www.akehedman.se\/wordpress\/?cat=24"},"img":{"alt_text":"skrattmas_lyfter","src":"https:\/\/i0.wp.com\/www.eurosource.se\/akhe\/wordpress\/wp-content\/uploads\/2013\/05\/skrattmas_lyfter.jpg?resize=350%2C200","width":350,"height":200},"classes":[]},{"id":37156,"url":"https:\/\/www.akehedman.se\/wordpress\/?p=37156","url_meta":{"origin":35919,"position":3},"title":"Den lilla dagen","author":"\u00c5ke Hedman","date":"2020-12-14","format":false,"excerpt":"Styrning s\u00e5 n\u00e4ra k\u00e4llan som m\u00f6jligt har jag alltid f\u00f6respr\u00e5kat. Fler kanske uppt\u00e4ckte f\u00f6rdelen med det idag. Andra kommer ocks\u00e5 att g\u00f6ra det. Fast senare eftersom de alltid fattar sist. Fryser. Allts\u00e5 \u00e4r det vinter. Sv\u00e5rare \u00e4n s\u00e5 \u00e4r det inte och jag tror att jag kan leva med det\u2026","rel":"","context":"In &quot;Betraktelser &amp; Ber\u00e4ttelse&quot;","block_context":{"text":"Betraktelser &amp; Ber\u00e4ttelse","link":"https:\/\/www.akehedman.se\/wordpress\/?cat=24"},"img":{"alt_text":"","src":"https:\/\/i0.wp.com\/www.akehedman.se\/wordpress\/wp-content\/uploads\/2020\/12\/Screenshot-from-2020-12-14-20-22-19.png?resize=350%2C200&ssl=1","width":350,"height":200,"srcset":"https:\/\/i0.wp.com\/www.akehedman.se\/wordpress\/wp-content\/uploads\/2020\/12\/Screenshot-from-2020-12-14-20-22-19.png?resize=350%2C200&ssl=1 1x, https:\/\/i0.wp.com\/www.akehedman.se\/wordpress\/wp-content\/uploads\/2020\/12\/Screenshot-from-2020-12-14-20-22-19.png?resize=525%2C300&ssl=1 1.5x"},"classes":[]},{"id":24523,"url":"https:\/\/www.akehedman.se\/wordpress\/?p=24523","url_meta":{"origin":35919,"position":4},"title":"Ibland undrar man s\u00e5klart.","author":"\u00c5ke Hedman","date":"2017-06-02","format":false,"excerpt":"Fortfarande en hostig en. Man f\u00e5r som man f\u00f6rtj\u00e4nar. Men fredag, visst \u00e4r det bra. Kanon skulle man kunna s\u00e4ga. Om man sa n\u00e5tt. Nu g\u00f6r man inte det. Men t\u00e4nker f\u00f6rsiktigt. Som om nu en fredag var annorlunda i n\u00e5got v\u00e4sentligt avseende f\u00f6r en s\u00e5dan som mig. Egentligen allts\u00e5.\u2026","rel":"","context":"In &quot;Betraktelser &amp; Ber\u00e4ttelse&quot;","block_context":{"text":"Betraktelser &amp; Ber\u00e4ttelse","link":"https:\/\/www.akehedman.se\/wordpress\/?cat=24"},"img":{"alt_text":"","src":"https:\/\/i0.wp.com\/www.akehedman.se\/wordpress\/wp-content\/uploads\/2016\/12\/Screenshot-from-2016-12-28-131939.png?resize=350%2C200","width":350,"height":200},"classes":[]},{"id":12176,"url":"https:\/\/www.akehedman.se\/wordpress\/?p=12176","url_meta":{"origin":35919,"position":5},"title":"Folk tycker som dom tycker.","author":"\u00c5ke Hedman","date":"2014-02-23","format":false,"excerpt":"P\u00e5 n\u00e5got underligt s\u00e4tt har jag n\u00e5tt fram till n\u00e5gon slags inre frid de senaste \u00e5ren. Det \u00e4r den st\u00f6rsta anledningen till att jag v\u00e5gar sl\u00e4nga ut en text jag gjort eller ett musikstycke f\u00f6r den delen. Folk tycker som dom tycker och jag vet vad jag tycker och sen\u2026","rel":"","context":"In &quot;Betraktelser &amp; Ber\u00e4ttelse&quot;","block_context":{"text":"Betraktelser &amp; Ber\u00e4ttelse","link":"https:\/\/www.akehedman.se\/wordpress\/?cat=24"},"img":{"alt_text":"vscp_transmission_row_edit","src":"https:\/\/i0.wp.com\/www.eurosource.se\/akhe\/wordpress\/wp-content\/uploads\/2014\/02\/vscp_transmission_row_edit.jpg?resize=350%2C200","width":350,"height":200,"srcset":"https:\/\/i0.wp.com\/www.eurosource.se\/akhe\/wordpress\/wp-content\/uploads\/2014\/02\/vscp_transmission_row_edit.jpg?resize=350%2C200 1x, https:\/\/i0.wp.com\/www.eurosource.se\/akhe\/wordpress\/wp-content\/uploads\/2014\/02\/vscp_transmission_row_edit.jpg?resize=525%2C300 1.5x, https:\/\/i0.wp.com\/www.eurosource.se\/akhe\/wordpress\/wp-content\/uploads\/2014\/02\/vscp_transmission_row_edit.jpg?resize=700%2C400 2x"},"classes":[]}],"jetpack_shortlink":"https:\/\/wp.me\/p68PL2-9ll","_links":{"self":[{"href":"https:\/\/www.akehedman.se\/wordpress\/index.php?rest_route=\/wp\/v2\/posts\/35919","targetHints":{"allow":["GET"]}}],"collection":[{"href":"https:\/\/www.akehedman.se\/wordpress\/index.php?rest_route=\/wp\/v2\/posts"}],"about":[{"href":"https:\/\/www.akehedman.se\/wordpress\/index.php?rest_route=\/wp\/v2\/types\/post"}],"author":[{"embeddable":true,"href":"https:\/\/www.akehedman.se\/wordpress\/index.php?rest_route=\/wp\/v2\/users\/24"}],"replies":[{"embeddable":true,"href":"https:\/\/www.akehedman.se\/wordpress\/index.php?rest_route=%2Fwp%2Fv2%2Fcomments&post=35919"}],"version-history":[{"count":1,"href":"https:\/\/www.akehedman.se\/wordpress\/index.php?rest_route=\/wp\/v2\/posts\/35919\/revisions"}],"predecessor-version":[{"id":35921,"href":"https:\/\/www.akehedman.se\/wordpress\/index.php?rest_route=\/wp\/v2\/posts\/35919\/revisions\/35921"}],"wp:attachment":[{"href":"https:\/\/www.akehedman.se\/wordpress\/index.php?rest_route=%2Fwp%2Fv2%2Fmedia&parent=35919"}],"wp:term":[{"taxonomy":"category","embeddable":true,"href":"https:\/\/www.akehedman.se\/wordpress\/index.php?rest_route=%2Fwp%2Fv2%2Fcategories&post=35919"},{"taxonomy":"post_tag","embeddable":true,"href":"https:\/\/www.akehedman.se\/wordpress\/index.php?rest_route=%2Fwp%2Fv2%2Ftags&post=35919"}],"curies":[{"name":"wp","href":"https:\/\/api.w.org\/{rel}","templated":true}]}}