{"id":35870,"date":"2020-08-19T23:02:01","date_gmt":"2020-08-19T22:02:01","guid":{"rendered":"https:\/\/www.akehedman.se\/wordpress\/?p=35870"},"modified":"2020-08-19T23:02:01","modified_gmt":"2020-08-19T22:02:01","slug":"orkaner","status":"publish","type":"post","link":"https:\/\/www.akehedman.se\/wordpress\/?p=35870","title":{"rendered":"Orkaner"},"content":{"rendered":"\n<figure class=\"wp-block-image size-large\"><img data-recalc-dims=\"1\" loading=\"lazy\" decoding=\"async\" width=\"580\" height=\"774\" src=\"https:\/\/i0.wp.com\/www.akehedman.se\/wordpress\/wp-content\/uploads\/2020\/08\/IMG_20200815_175009-ANIMATION.gif?resize=580%2C774&#038;ssl=1\" alt=\"\" class=\"wp-image-35871\"\/><\/figure>\n\n\n\n<p class=\"wp-block-paragraph\">N\u00e5gra riktiga orkaner av h\u00e4ndelser \u00e4r det v\u00e4l inte h\u00e4r p\u00e5 l\u00e5tsaskontoret idag. Planerar fortfarande och f\u00f6rs\u00f6ker f\u00f6rst\u00e5. L\u00e4r mig. Utbildar mig. Allt det d\u00e4r som m\u00e5ste vara p\u00e5 plats innan det \u00e4r f\u00f6r kallt eller om\u00f6jligt att f\u00e5 det p\u00e5 plats f\u00f6r att det \u00e4r vinter, skall p\u00e5 plats nu. Det blir allts\u00e5 mycket halvf\u00e4rdigt och m\u00e5nga l\u00f6sa tr\u00e5dar. Mitt huvud \u00e4r redan r\u00e4tt r\u00f6rigt och det bli inte b\u00e4ttre av detta. Men planen \u00e4r allts\u00e5 att ta tag i var och en av de d\u00e4r l\u00f6sl\u00e4mnade tr\u00e5darna sen i vinter. En l\u00e5ng vinter d\u00e4r l\u00f6s tr\u00e5d skall f\u00f6ras fr\u00e5n just l\u00f6s till &#8220;klar&#8221; och hopknuten med andra f\u00f6re detta l\u00f6sa tr\u00e5dar.<\/p>\n\n\n\n<p class=\"wp-block-paragraph\">Den h\u00e4r tiden p\u00e5 \u00e5ret brukar jag annars vara fullt fokuserad och ig\u00e5ng. Icke s\u00e5 i \u00e5r. Det finns en underlig oro i kroppen just nu som jag inte vet var den kommer ifr\u00e5n. Kanske handlar det om f\u00f6r\u00e4ndringar som m\u00e5ste ske. Kanske \u00e4r det annat som visar sig vad det lider. Men gillar det inte riktigt. Vill ha kontroll. K\u00e4nner mig os\u00e4krad. Som om sprinten \u00e4r utdragen. M\u00e5ste nog f\u00f6rresten skriva det d\u00e4r post death inl\u00e4gget och l\u00e4gga i vita arkivet snart. Det k\u00e4nns som det vore r\u00e4tt i tiden. Inte f\u00f6r att jag har s\u00e5 m\u00e5nga l\u00e4sare som bryr sig, men ett sista pekfinger upp i luften vore sk\u00f6nt efter plus tjugo \u00e5rs bloggande. Sen skall man ju lita p\u00e5 att n\u00e5gon postar det ocks\u00e5. &#8220;Vem kan man lita p\u00e5&#8221; sjungs det ju.<\/p>\n\n\n\n<p class=\"wp-block-paragraph\">Nya glas\u00f6gon \u00e4r verkligen en seger som kom med den h\u00e4r dagen. Fortfarande lite snurrigt och sv\u00e5rt att hitta fokus i alla l\u00e4gen men det tar sig. F\u00f6r att vara en gammal hund som borde ha sv\u00e5rt att l\u00e4ra sig sitta s\u00e5 kan jag ibland vara riktigt anpassningsbar. Fast n\u00e5ja, det \u00e4r vad man sj\u00e4lv tycker. Fr\u00e5gar man n\u00e5gon yngre s\u00e5 ser de en \u00e4nd\u00e5 som ett betongarsele. Att man st\u00e4ndigt p\u00e5mindes om det och fick den insikten var det b\u00e4sta med att jobba som l\u00e4rare. Man sattes ner stadigt p\u00e5 jorden direkt om man f\u00f6rs\u00f6kte leka ungdomlig. \u00c4nd\u00e5 livades man upp av den d\u00e4r kontakten med ungdomen. M\u00e5dde bra av den. Nu \u00e4r alla d\u00f6da eller pension\u00e4rer. F\u00f6ga upplyftande.<\/p>\n\n\n\n<p class=\"wp-block-paragraph\">Vandring i skog l\u00e4ker sargade sj\u00e4lar. Man b\u00f6r allts\u00e5 vandra ofta d\u00e4r. \u00c4nd\u00e5 g\u00f6r man inte det trotts den vetskapen. Varf\u00f6r? Det h\u00e5ller liksom inte det d\u00e4r att skylla p\u00e5 att man inte har tid. Inte i mitt fall, inte i n\u00e5gon annans. Den enda rimliga f\u00f6rklaringen torde vara dumhet.<\/p>\n\n\n\n<p class=\"wp-block-paragraph\">Man f\u00e5r lappa och laga och l\u00e5ta bli att t\u00e4nka s\u00e5 mycket. Fast det sista \u00e4r s\u00e5klart sv\u00e5rt n\u00e4r man lever ett liv som jag g\u00f6r. D\u00e5 f\u00e5r man vara glad om man \u00e5tminstone inte pratar med sig sj\u00e4lv. Dit har jag \u00e4nnu inte kommit. <\/p>\n\n\n\n<p class=\"wp-block-paragraph\">Men liv som g\u00e5r. Uppdelat i faser.<\/p>\n\n\n\n<p class=\"wp-block-paragraph\"><strong>F\u00f6re skola<\/strong>: Minns bara fragment fr\u00e5n den tiden.  Tror jag var ett lyckligt barn. Eller ocks\u00e5 har jag f\u00f6rtr\u00e4ngt allt det onda. En dr\u00f6mmare.<\/p>\n\n\n\n<p class=\"wp-block-paragraph\"><strong>Skola<\/strong>: Tv\u00e5 delar. L\u00e5gstadiet och mellanstadiet som f\u00f6rsta del. Uppt\u00e4cker b\u00f6cker. Nyfikenheten p\u00e5 det mesta. Tiden r\u00e4cker inte till. I ettan k\u00e4r i fr\u00f6ken.  I sexan med soldaten som l\u00e4rare fattar man att folk behandlas olika beroende p\u00e5 vilka de \u00e4r. Sen den andra delen. H\u00f6gstadiet. Stor k\u00e4rlek. Man b\u00f6rjar bli medveten. Lever. F\u00f6rs\u00f6ker hitta den man \u00e4r.<\/p>\n\n\n\n<p class=\"wp-block-paragraph\"><strong>Gymnasie<\/strong>: Det blir bara ett \u00e5r. Skiter i skolan. Vill inte g\u00e5 om s\u00e5 jag hoppar av. Den st\u00f6rsta h\u00e4ndelsen \u00e4r v\u00e4l uppt\u00e4kten av Deep Purple och Black Sabbath.<\/p>\n\n\n\n<p class=\"wp-block-paragraph\"><strong>Fabriken<\/strong>: Sju \u00e5r. Det \u00e4r musiken och rockstj\u00e4rnedr\u00f6mmar som f\u00e5r mig att leva. <\/p>\n\n\n\n<p class=\"wp-block-paragraph\"><strong>Lumpen<\/strong>: Ett helt \u00e5r bortkastat. Men kul hade vi ju s\u00e5klart ibland .<\/p>\n\n\n\n<p class=\"wp-block-paragraph\"><strong>L\u00e4ser in gymnasiet<\/strong>: Ett riktigt uppvaknande. Jag var tydligen inte fullt lika dum som man sa att jag var. Blir vegetarian. S\u00e4ljer gitarr och f\u00f6rst\u00e4rkare och k\u00f6per en tv.<\/p>\n\n\n\n<p class=\"wp-block-paragraph\"><strong>Universitetet<\/strong>: Fysiken. Akademisk karri\u00e4r. Ljuvligheten. Men ocks\u00e5 besvikelsen n\u00e4r jag genomsk\u00e5dar den akademiska v\u00e4rlden. K\u00e4rlek. Datorer.<\/p>\n\n\n\n<p class=\"wp-block-paragraph\"><strong>Inb\u00e4ddad elektronik i T\u00e4by<\/strong>: Jobb, jobb. jobb och mer jobb men l\u00e4rorikt och nyttigt. Skriver om elektronik och programmering.<\/p>\n\n\n\n<p class=\"wp-block-paragraph\"><strong>Eget<\/strong>: Det v\u00e4xer s\u00e5 att det knakar. Jobbar natt och dag och all annan tid som g\u00e5r att uppbringa. Barn 1 och barn 2 kommer. <\/p>\n\n\n\n<p class=\"wp-block-paragraph\"><strong>Konkurs<\/strong>: Att ge upp. Sv\u00e5rt. Men sk\u00f6nt n\u00e4r man tagit beslutet.<\/p>\n\n\n\n<p class=\"wp-block-paragraph\"><strong>Sv\u00e5r\u00e5r<\/strong>: Att f\u00f6rs\u00f6ka \u00f6verleva p\u00e5 ingenting. Att f\u00f6rs\u00f6ka komma tillbaks, ocks\u00e5 ta sig en bit, men bli puttad tillbaks igen och igen och igen. Det d\u00f6dar mig n\u00e4stan. <\/p>\n\n\n\n<p class=\"wp-block-paragraph\"><strong>V\u00e4ndpunkten<\/strong>: Ger upp igen sittandes p\u00e5 ett berg vid ett stup. M\u00e5ste g\u00f6ra n\u00e5got annat om vi skall \u00f6verleva. G\u00f6r det. F\u00e5r det f\u00f6rsta jobb jag s\u00f6ker.<\/p>\n\n\n\n<p class=\"wp-block-paragraph\"><strong>L\u00e4rare 1<\/strong>:  L\u00e4rare i Mora under ett \u00e5r. En mycket god erfarenhet.<\/p>\n\n\n\n<p class=\"wp-block-paragraph\"><strong>Hemautomation 1<\/strong>: Dr\u00f6mjobbet. Trodde man. Men har aldrig varit mer n\u00e4r att kn\u00e4ckas som d\u00e4r. Chefen och jag kommer p\u00e5 kant med varandra den f\u00f6rsta dan.  Fast bra arbetskamrater. <\/p>\n\n\n\n<p class=\"wp-block-paragraph\"><strong>Inb\u00e4ddad elektronik<\/strong>: Anst\u00e4lld. L\u00e5ngpendling. Konsult. Anst\u00e4lld. Bra m\u00e4nniskor.<\/p>\n\n\n\n<p class=\"wp-block-paragraph\"><strong>L\u00e4rare igen<\/strong>: L\u00e4rare i G\u00e4vle. Elektronik och programmering. Helt fantastiska elever och arbetskamrater. <\/p>\n\n\n\n<p class=\"wp-block-paragraph\"><strong>Grodans Paradis<\/strong>: Hemma igen. Elektronik och programmering. Det \u00e4r v\u00e4l s\u00e5h\u00e4r det slutar. <\/p>\n\n\n\n<p class=\"wp-block-paragraph\">Hoppas att man skall slippa addera <strong>\u00c5lderdomshem<\/strong> till det d\u00e4r. <strong>D\u00f6d<\/strong> hellre is\u00e5fall direkt. Men det l\u00e4r ju inte jag kunna s\u00e4tta dit.<\/p>\n\n\n\n<p class=\"wp-block-paragraph\">Godnatt! <\/p>\n","protected":false},"excerpt":{"rendered":"<p>N\u00e5gra riktiga orkaner av h\u00e4ndelser \u00e4r det v\u00e4l inte h\u00e4r p\u00e5 l\u00e5tsaskontoret idag. Planerar fortfarande och f\u00f6rs\u00f6ker f\u00f6rst\u00e5. L\u00e4r mig. Utbildar mig. Allt det d\u00e4r som m\u00e5ste vara p\u00e5 plats innan det \u00e4r f\u00f6r kallt eller om\u00f6jligt att f\u00e5 det p\u00e5 plats f\u00f6r att det \u00e4r vinter, skall p\u00e5 plats nu. Det blir allts\u00e5 mycket [&hellip;]<\/p>\n","protected":false},"author":24,"featured_media":0,"comment_status":"open","ping_status":"open","sticky":false,"template":"","format":"standard","meta":{"_crdt_document":"","jetpack_post_was_ever_published":false,"_jetpack_newsletter_access":"","_jetpack_dont_email_post_to_subs":false,"_jetpack_newsletter_tier_id":0,"_jetpack_memberships_contains_paywalled_content":false,"_jetpack_memberships_contains_paid_content":false,"footnotes":"","jetpack_publicize_message":"","jetpack_publicize_feature_enabled":true,"jetpack_social_post_already_shared":false,"jetpack_social_options":{"image_generator_settings":{"template":"highway","default_image_id":0,"font":"","enabled":false},"version":2}},"categories":[24],"tags":[],"class_list":["post-35870","post","type-post","status-publish","format-standard","hentry","category-betraktelser"],"jetpack_publicize_connections":[],"jetpack_featured_media_url":"","jetpack_sharing_enabled":true,"jetpack_likes_enabled":true,"jetpack-related-posts":[{"id":39467,"url":"https:\/\/www.akehedman.se\/wordpress\/?p=39467","url_meta":{"origin":35870,"position":0},"title":"Uppv\u00e4rmd","author":"\u00c5ke Hedman","date":"2021-07-22","format":false,"excerpt":"En australiensk \"v\u00e4n\" v\u00e4rmer upp l\u00f6spastan. Ingen semester d\u00e4r inte. Platsen han bor p\u00e5 har precis tagit sig igenom h\u00f6ststormarna som var extra j\u00e4vliga i \u00e5r och resulterat i evakueringar och andra on\u00f6diga bekymmer. Eller v\u00e5rstormar \u00e4r det s\u00e5klart. Vinter nu. S\u00e5 mycket vinter det nu blir d\u00e4r under. B\u00e4sta\u2026","rel":"","context":"In &quot;Swedish&quot;","block_context":{"text":"Swedish","link":"https:\/\/www.akehedman.se\/wordpress\/?cat=2"},"img":{"alt_text":"","src":"https:\/\/i0.wp.com\/www.akehedman.se\/wordpress\/wp-content\/uploads\/2021\/07\/Screenshot-from-2021-07-22-11-59-02.png?resize=350%2C200&ssl=1","width":350,"height":200,"srcset":"https:\/\/i0.wp.com\/www.akehedman.se\/wordpress\/wp-content\/uploads\/2021\/07\/Screenshot-from-2021-07-22-11-59-02.png?resize=350%2C200&ssl=1 1x, https:\/\/i0.wp.com\/www.akehedman.se\/wordpress\/wp-content\/uploads\/2021\/07\/Screenshot-from-2021-07-22-11-59-02.png?resize=525%2C300&ssl=1 1.5x"},"classes":[]},{"id":10975,"url":"https:\/\/www.akehedman.se\/wordpress\/?p=10975","url_meta":{"origin":35870,"position":1},"title":"&#8220;i l\u00e4genheten ropen skalla, jag skall d\u00f6 f\u00f6rst av dom alla.&#8221;","author":"\u00c5ke Hedman","date":"2013-11-14","format":false,"excerpt":"Traste (med jag tror det \u00e4r Per Persson faktiskt) st\u00e5r d\u00e4r och sjunger - i l\u00e4genheten ropen skalla, jag skall d\u00f6 f\u00f6rst av dom alla. varje g\u00e5ng jag vaknar i natt. Ja jag vet att l\u00e5ten g\u00e5r - i l\u00e4genheten ropen skalla jag skall d\u00f6 sist av dom alla. men\u2026","rel":"","context":"In &quot;Betraktelser &amp; Ber\u00e4ttelse&quot;","block_context":{"text":"Betraktelser &amp; Ber\u00e4ttelse","link":"https:\/\/www.akehedman.se\/wordpress\/?cat=24"},"img":{"alt_text":"3117309791_2c80a21a1a_90857148","src":"https:\/\/i0.wp.com\/www.eurosource.se\/akhe\/wordpress\/wp-content\/uploads\/2013\/11\/3117309791_2c80a21a1a_90857148.jpg?resize=350%2C200","width":350,"height":200},"classes":[]},{"id":37984,"url":"https:\/\/www.akehedman.se\/wordpress\/?p=37984","url_meta":{"origin":35870,"position":2},"title":"Legenden","author":"\u00c5ke Hedman","date":"2021-03-01","format":false,"excerpt":"Photo by Pixabay on Pexels.com Jobb \u00e4r det ju inte. Definitivt inte h\u00e5rt. Ja och med v\u00e5rs\u00e5ng under utf\u00f6randet av sysslan, av Talgoxarna, kommer man inte ens n\u00e4ra det d\u00e4r \"riktiga\". Att b\u00e4ra in pellets. Jo. Det skall g\u00f6ras i alla fall. Hamnar v\u00e4l n\u00e5gonstans mittemellan l\u00e5tsasjobb och jobb. En\u2026","rel":"","context":"In &quot;Betraktelser &amp; Ber\u00e4ttelse&quot;","block_context":{"text":"Betraktelser &amp; Ber\u00e4ttelse","link":"https:\/\/www.akehedman.se\/wordpress\/?cat=24"},"img":{"alt_text":"architectural architecture beautiful bloom","src":"https:\/\/i0.wp.com\/www.akehedman.se\/wordpress\/wp-content\/uploads\/2021\/03\/pexels-photo-460635.jpeg?resize=350%2C200&ssl=1","width":350,"height":200,"srcset":"https:\/\/i0.wp.com\/www.akehedman.se\/wordpress\/wp-content\/uploads\/2021\/03\/pexels-photo-460635.jpeg?resize=350%2C200&ssl=1 1x, https:\/\/i0.wp.com\/www.akehedman.se\/wordpress\/wp-content\/uploads\/2021\/03\/pexels-photo-460635.jpeg?resize=525%2C300&ssl=1 1.5x, https:\/\/i0.wp.com\/www.akehedman.se\/wordpress\/wp-content\/uploads\/2021\/03\/pexels-photo-460635.jpeg?resize=700%2C400&ssl=1 2x, https:\/\/i0.wp.com\/www.akehedman.se\/wordpress\/wp-content\/uploads\/2021\/03\/pexels-photo-460635.jpeg?resize=1050%2C600&ssl=1 3x, https:\/\/i0.wp.com\/www.akehedman.se\/wordpress\/wp-content\/uploads\/2021\/03\/pexels-photo-460635.jpeg?resize=1400%2C800&ssl=1 4x"},"classes":[]},{"id":42368,"url":"https:\/\/www.akehedman.se\/wordpress\/?p=42368","url_meta":{"origin":35870,"position":3},"title":"Sn\u00f6","author":"\u00c5ke Hedman","date":"2022-08-02","format":false,"excerpt":"Jag \u00f6nskar man kunde s\u00e4ga att man b\u00f6rjar bli varm i kl\u00e4derna. Men icke. Nyb\u00f6rjark\u00e4nslan leder. Har man gjort det h\u00e4r f\u00f6rr? Kanske. Troligen rent utav. Men tr\u00e5darna \u00e4r sv\u00e5ra att f\u00e5 tag i. Hala som sillar. Jag tar en \u00f6ronpinne och putsar \u00f6rat med f\u00f6rhoppningen om att det kan\u2026","rel":"","context":"In &quot;Swedish&quot;","block_context":{"text":"Swedish","link":"https:\/\/www.akehedman.se\/wordpress\/?cat=2"},"img":{"alt_text":"","src":"https:\/\/i0.wp.com\/www.akehedman.se\/wordpress\/wp-content\/uploads\/2022\/08\/IMG_20190831_154156-scaled.jpg?resize=350%2C200&ssl=1","width":350,"height":200,"srcset":"https:\/\/i0.wp.com\/www.akehedman.se\/wordpress\/wp-content\/uploads\/2022\/08\/IMG_20190831_154156-scaled.jpg?resize=350%2C200&ssl=1 1x, https:\/\/i0.wp.com\/www.akehedman.se\/wordpress\/wp-content\/uploads\/2022\/08\/IMG_20190831_154156-scaled.jpg?resize=525%2C300&ssl=1 1.5x, https:\/\/i0.wp.com\/www.akehedman.se\/wordpress\/wp-content\/uploads\/2022\/08\/IMG_20190831_154156-scaled.jpg?resize=700%2C400&ssl=1 2x, https:\/\/i0.wp.com\/www.akehedman.se\/wordpress\/wp-content\/uploads\/2022\/08\/IMG_20190831_154156-scaled.jpg?resize=1050%2C600&ssl=1 3x, https:\/\/i0.wp.com\/www.akehedman.se\/wordpress\/wp-content\/uploads\/2022\/08\/IMG_20190831_154156-scaled.jpg?resize=1400%2C800&ssl=1 4x"},"classes":[]},{"id":16432,"url":"https:\/\/www.akehedman.se\/wordpress\/?p=16432","url_meta":{"origin":35870,"position":4},"title":"Det dundrar och brakar.","author":"\u00c5ke Hedman","date":"2015-02-09","format":false,"excerpt":"Det dundrar och brakar n\u00e4r ton rasar ner fr\u00e5n tak. Hela huset skakar s\u00e5 stort det \u00e4r och man f\u00e5r h\u00e5lla sig till de s\u00e4kra v\u00e4garna om man t\u00f6rs g\u00e5 ut och samtidigt hoppas att ocks\u00e5 katter och andra djur som normalt r\u00f6r sig p\u00e5 \u00e4gorna t\u00e4nker precis s\u00e5. Blidv\u00e4der,\u2026","rel":"","context":"In &quot;Betraktelser &amp; Ber\u00e4ttelse&quot;","block_context":{"text":"Betraktelser &amp; Ber\u00e4ttelse","link":"https:\/\/www.akehedman.se\/wordpress\/?cat=24"},"img":{"alt_text":"2015-02-09_22-46-22","src":"https:\/\/i0.wp.com\/www.eurosource.se\/akhe\/wordpress\/wp-content\/uploads\/2015\/02\/2015-02-09_22-46-22.jpg?resize=350%2C200","width":350,"height":200,"srcset":"https:\/\/i0.wp.com\/www.eurosource.se\/akhe\/wordpress\/wp-content\/uploads\/2015\/02\/2015-02-09_22-46-22.jpg?resize=350%2C200 1x, https:\/\/i0.wp.com\/www.eurosource.se\/akhe\/wordpress\/wp-content\/uploads\/2015\/02\/2015-02-09_22-46-22.jpg?resize=525%2C300 1.5x"},"classes":[]},{"id":50779,"url":"https:\/\/www.akehedman.se\/wordpress\/?p=50779","url_meta":{"origin":35870,"position":5},"title":"Jod\u00e5","author":"\u00c5ke Hedman","date":"2025-11-26","format":false,"excerpt":"Photo by Pixabay on Pexels.com Tretton grader kallt. Det \u00e4r vinter. Men har inte burit en enda s\u00e4ck pellets allts\u00e5. Det \u00e4r varmt och gott \u00e4nd\u00e5. K\u00e4nns lite som magi. Beh\u00f6vs lite justering innan v\u00e4rmekurvan \u00e4r d\u00e4r den skall vara. Men problemet \u00e4r f\u00f6r varmt ist\u00e4llet f\u00f6r f\u00f6r kallt. Det\u2026","rel":"","context":"In &quot;Betraktelser &amp; Ber\u00e4ttelse&quot;","block_context":{"text":"Betraktelser &amp; Ber\u00e4ttelse","link":"https:\/\/www.akehedman.se\/wordpress\/?cat=24"},"img":{"alt_text":"gray leaves","src":"https:\/\/i0.wp.com\/www.akehedman.se\/wordpress\/wp-content\/uploads\/2025\/11\/pexels-photo-259698.jpeg?resize=350%2C200&ssl=1","width":350,"height":200,"srcset":"https:\/\/i0.wp.com\/www.akehedman.se\/wordpress\/wp-content\/uploads\/2025\/11\/pexels-photo-259698.jpeg?resize=350%2C200&ssl=1 1x, https:\/\/i0.wp.com\/www.akehedman.se\/wordpress\/wp-content\/uploads\/2025\/11\/pexels-photo-259698.jpeg?resize=525%2C300&ssl=1 1.5x, https:\/\/i0.wp.com\/www.akehedman.se\/wordpress\/wp-content\/uploads\/2025\/11\/pexels-photo-259698.jpeg?resize=700%2C400&ssl=1 2x, https:\/\/i0.wp.com\/www.akehedman.se\/wordpress\/wp-content\/uploads\/2025\/11\/pexels-photo-259698.jpeg?resize=1050%2C600&ssl=1 3x, https:\/\/i0.wp.com\/www.akehedman.se\/wordpress\/wp-content\/uploads\/2025\/11\/pexels-photo-259698.jpeg?resize=1400%2C800&ssl=1 4x"},"classes":[]}],"jetpack_shortlink":"https:\/\/wp.me\/s68PL2-orkaner","_links":{"self":[{"href":"https:\/\/www.akehedman.se\/wordpress\/index.php?rest_route=\/wp\/v2\/posts\/35870","targetHints":{"allow":["GET"]}}],"collection":[{"href":"https:\/\/www.akehedman.se\/wordpress\/index.php?rest_route=\/wp\/v2\/posts"}],"about":[{"href":"https:\/\/www.akehedman.se\/wordpress\/index.php?rest_route=\/wp\/v2\/types\/post"}],"author":[{"embeddable":true,"href":"https:\/\/www.akehedman.se\/wordpress\/index.php?rest_route=\/wp\/v2\/users\/24"}],"replies":[{"embeddable":true,"href":"https:\/\/www.akehedman.se\/wordpress\/index.php?rest_route=%2Fwp%2Fv2%2Fcomments&post=35870"}],"version-history":[{"count":1,"href":"https:\/\/www.akehedman.se\/wordpress\/index.php?rest_route=\/wp\/v2\/posts\/35870\/revisions"}],"predecessor-version":[{"id":35872,"href":"https:\/\/www.akehedman.se\/wordpress\/index.php?rest_route=\/wp\/v2\/posts\/35870\/revisions\/35872"}],"wp:attachment":[{"href":"https:\/\/www.akehedman.se\/wordpress\/index.php?rest_route=%2Fwp%2Fv2%2Fmedia&parent=35870"}],"wp:term":[{"taxonomy":"category","embeddable":true,"href":"https:\/\/www.akehedman.se\/wordpress\/index.php?rest_route=%2Fwp%2Fv2%2Fcategories&post=35870"},{"taxonomy":"post_tag","embeddable":true,"href":"https:\/\/www.akehedman.se\/wordpress\/index.php?rest_route=%2Fwp%2Fv2%2Ftags&post=35870"}],"curies":[{"name":"wp","href":"https:\/\/api.w.org\/{rel}","templated":true}]}}