{"id":35734,"date":"2020-08-10T22:17:20","date_gmt":"2020-08-10T21:17:20","guid":{"rendered":"https:\/\/www.akehedman.se\/wordpress\/?p=35734"},"modified":"2020-08-11T10:37:06","modified_gmt":"2020-08-11T09:37:06","slug":"ja-eller-nej","status":"publish","type":"post","link":"https:\/\/www.akehedman.se\/wordpress\/?p=35734","title":{"rendered":"Ja eller nej"},"content":{"rendered":"\n<figure class=\"wp-block-image size-large\"><img data-recalc-dims=\"1\" loading=\"lazy\" decoding=\"async\" width=\"580\" height=\"435\" src=\"https:\/\/i0.wp.com\/www.akehedman.se\/wordpress\/wp-content\/uploads\/2020\/08\/IMG_20200810_215555.jpg?resize=580%2C435&#038;ssl=1\" alt=\"\" class=\"wp-image-35735\" srcset=\"https:\/\/i0.wp.com\/www.akehedman.se\/wordpress\/wp-content\/uploads\/2020\/08\/IMG_20200810_215555.jpg?resize=1024%2C768&amp;ssl=1 1024w, https:\/\/i0.wp.com\/www.akehedman.se\/wordpress\/wp-content\/uploads\/2020\/08\/IMG_20200810_215555.jpg?resize=300%2C225&amp;ssl=1 300w, https:\/\/i0.wp.com\/www.akehedman.se\/wordpress\/wp-content\/uploads\/2020\/08\/IMG_20200810_215555.jpg?resize=768%2C576&amp;ssl=1 768w, https:\/\/i0.wp.com\/www.akehedman.se\/wordpress\/wp-content\/uploads\/2020\/08\/IMG_20200810_215555.jpg?resize=1200%2C900&amp;ssl=1 1200w, https:\/\/i0.wp.com\/www.akehedman.se\/wordpress\/wp-content\/uploads\/2020\/08\/IMG_20200810_215555.jpg?w=1218&amp;ssl=1 1218w\" sizes=\"auto, (max-width: 580px) 100vw, 580px\" \/><\/figure>\n\n\n\n<p class=\"wp-block-paragraph\">Kopplar ihop det gamla med det nya. Det finns saker h\u00e4r p\u00e5 l\u00e5tsaskontoret som legat n\u00e5gra \u00e5r. Samlat p\u00e5 damm och \u00e5r. Annat finns det \u00e5 andra sidan som \u00e4r ganska nytt och nyss kom hit fr\u00e5n n\u00e5got h\u00f6rn av v\u00e4rlden. S\u00e5dant som fortfarande doftar nytt. Jod\u00e5, tiden g\u00e5r. Jag hinner inte med f\u00f6rr\u00e4n det \u00e4r dags. Man hinner liksom inte mer \u00e4n man hinner. I hela mitt liv har tiden varit en bristvara. Om jag \u00e4r skapligt klar n\u00e4r jag l\u00e4mnar den h\u00e4r v\u00e4rlden en dag s\u00e5 \u00e4r jag s\u00e4ker p\u00e5 att just det \u00e4r en del av min sista tanke. N\u00e5got om vad jag inte han med. Det som gr\u00e4mer mig med d\u00f6den. Annars \u00e4r jag inte r\u00e4dd f\u00f6r den. Men om det \u00e4nd\u00e5 fanns tid f\u00f6r allt. Allt man vill. Men allts\u00e5. Jag bekymrar mig inte om det d\u00e4r. Vandrar p\u00e5 ist\u00e4llet. F\u00f6rs\u00f6ker hinna med s\u00e5 mycket som jag nu hinner. Allts\u00e5 v\u00e4ldigt lite. Kanske f\u00f6r lite. Man skulle ju se v\u00e4rlden. Hur skall man hinna med det?<\/p>\n\n\n\n<p class=\"wp-block-paragraph\">Det fanns en tid n\u00e4r jag sa JA, JA och JA till n\u00e4stan allt. F\u00f6r att vara sn\u00e4ll oftast. Men det kom en dag n\u00e4r jag ins\u00e5g att det d\u00e4r bara var dumheter. Nu s\u00e4ger jag mest NEJ, NEJ och NEJ. S\u00e4ger bara JA om allt inuti mig ocks\u00e5 s\u00e4ger JA. Man blir mer tillfreds med tillvaron efter att man l\u00e4rt sig s\u00e4ga &#8220;nej&#8221;. Ja och man f\u00e5r mer gjort av de saker man sj\u00e4lv vill g\u00f6ra.<\/p>\n\n\n\n<p class=\"wp-block-paragraph\">Jag kl\u00e4mmer tv\u00e5 sommarprogram idag i den \u00e4ndl\u00f6sa backlog som ledigheten f\u00f6rt med sig. <a href=\"https:\/\/sverigesradio.se\/sida\/avsnitt\/1518786?programid=2071\">Miss Li<\/a> och <a href=\"https:\/\/sverigesradio.se\/sida\/avsnitt\/1518793?programid=2071\">Karin Smirnoff<\/a>. B\u00e5da tillf\u00f6r livet n\u00e5got. Har du tid s\u00e5 <strong>lyssna<\/strong>. Nu, medan de g\u00e5r att h\u00f6ra med all musik intakt. Den s\u00e4ger lika mycket som orden vem m\u00e4nniskan d\u00e4r p\u00e5 andra sidan mikrofonen \u00e4r.<\/p>\n\n\n\n<p class=\"wp-block-paragraph\">Fast Miss Li \u00e4r det s\u00e5klart inte som pratar. Det kunde s\u00e5klart varit det. Men det \u00e4r <em>Linda Karlsson<\/em> som sommarpratar. En viktig detalj. En detalj som n\u00e4stan alla f\u00f6retagsledare och idrottsprofiler missar n\u00e4r de f\u00e5r chansen att g\u00f6ra ett program i den h\u00e4r serien.  Det \u00e4r m\u00e4nniskan bakom prestationerna som \u00e4r intressant. Inte prestationerna. Det \u00e4r hela grejen med den h\u00e4r programformen. Du m\u00e5ste v\u00e5ga \u00f6ppna upp allts\u00e5.<\/p>\n\n\n\n<p class=\"wp-block-paragraph\">Fast alla f\u00e5r g\u00f6ra som de vill f\u00f6r mig s\u00e5klart. Vill man prata om sina guldmedaljer eller sitt bankkonto i en timme s\u00e5 f\u00e5r man v\u00e4l det. Tillr\u00e4ckligt m\u00e5nga kommer tindra med \u00f6gonen \u00e5t det. Sj\u00e4lv st\u00e4nger jag av.<\/p>\n\n\n\n<p class=\"wp-block-paragraph\">Jag t\u00f6mmer ytor idag. Plockar ner saker i l\u00e5dor d\u00e4r jag aldrig kommer att hitta det jag plockar ner. Men det ser bra ut. N\u00e4stan tomma bord. Enprojektsbord. Redo f\u00f6r h\u00f6st och vinter. Men dammigt. Jag blir k\u00e4nsligare och k\u00e4nsligare f\u00f6r damm med \u00e5ren. Arv efter min mor gissningsvis. Men en rinnande n\u00e4sa g\u00e5r v\u00e4l att leva med. <\/p>\n\n\n\n<p class=\"wp-block-paragraph\">Det d\u00e4r med att g\u00f6mma saker. De t\u00e4r ju roligt n\u00e4r man hittar grejerna igen. &#8220;\u00c5 fasiken, har jag en s\u00e5n&#8221; och sen snurrar hj\u00e4rnan ig\u00e5ng och vill g\u00f6ra olika projekt med den d\u00e4r grejen och man f\u00e5r bromsa, bromsa, ABS-aktivera, allt man kan. Det h\u00e4nder n\u00e5gra g\u00e5nger idag. S\u00e5klart. Men bromsarna har fungerat hittills.<\/p>\n\n\n\n<p class=\"wp-block-paragraph\"><a href=\"https:\/\/www.svt.se\/kultur\/musikproducenten-martin-birch-ar-dod\">Martin Birch d\u00f6r<\/a>, bara 71 \u00e5r. Gravstenen &#8211; den som verkligen inte g\u00e5r av f\u00f6r hackor &#8211; \u00e4r v\u00e4l <em>Iron Maiden<\/em> , <em>Fleetwood Mac<\/em>, <em>Black Sabbath<\/em> och <em>Deep Purple<\/em>, eller i alla fall de album han producerat. Men 71 \u00e5r. En skit\u00e5lder att d\u00f6 i. &#8220;Mer liv \u00e5t alla&#8221; m\u00e5ste man helt enkelt vr\u00e5la. Ja i alla fall f\u00f6r dem som vill ha det. Vill man inte det s\u00e5 borde man s\u00e5klart inte tvingas till det heller. F\u00e5 en revolver p\u00e5 posten, rekommenderad f\u00f6rs\u00e4ndelse fr\u00e5n landstingets enhet f\u00f6r livstr\u00f6tta, med tv\u00e5 guldskimrade patroner med silverkulor insatta i magasinet. Sen f\u00e5r man fixa resten sj\u00e4lv. Trycka av. Be n\u00e5gon innan att torka upp slasket efter\u00e5t.<\/p>\n\n\n\n<p class=\"wp-block-paragraph\">Men t\u00e4nk \u00e4nd\u00e5. Martin har haft verklig betydelse i mitt liv, kanske mer \u00e4n andra som \u00e4nd\u00e5 funnits d\u00e4r n\u00e4ra. F\u00f6r vad vore jag utan <em>Deep Purple<\/em> och <em>Black Sabbath<\/em>. Nog har de d\u00e4r banden och musiken format mig till den jag \u00e4r idag. Betytt mycket. Tr\u00f6stat. Gett energi. Gl\u00f6tt i ens inre som en livseld. <\/p>\n\n\n\n<p class=\"wp-block-paragraph\">Fast det h\u00e4vdas inga &#8220;vila i frid&#8221; h\u00e4rifr\u00e5n. Tv\u00e4rt om . R\u00f6r om i grytan och h\u00e4lsa han\/hon\/det\/gud att vi beh\u00f6ver mer bra musik h\u00e4r p\u00e5 den h\u00e4r planeten. En snabb \u00e5terf\u00f6dsel \u00e4r p\u00e5 sin plats allts\u00e5. Ses\u00e5, verkst\u00e4ll. Ingen rast och ingen ro. Allts\u00e5.<\/p>\n\n\n\n<p class=\"wp-block-paragraph\"><strong>Liksom<\/strong>.<\/p>\n\n\n\n<p class=\"wp-block-paragraph\">Sl\u00e4ktforskade en g\u00e5ng och hittade farfar. \u00d6verraskades av att han var f\u00f6dd och uppvuxen i H\u00e4ssjaberg, Los. Det var n\u00e4stan magiskt. Sen kom T\u00f6rns-Hans upp p\u00e5 morsans sida. Den Norske soldaten (n\u00e5ja Norge var Danskt d\u00e5) som gick \u00f6ver till Svensk arme. \u00d6verl\u00f6pare. Man undrar liksom var han kom ifr\u00e5n. <a href=\"https:\/\/sv.wikipedia.org\/wiki\/Vangs_kommun\">Vangs kommun<\/a> tydligen. S\u00e4ger inte mycket f\u00f6r n\u00e5gon som inte k\u00e4nner Norge. Fast efter att ha letat lite en stund s\u00e5 tr\u00f6ttnar jag p\u00e5 det d\u00e4r. Det f\u00e5r vara nog med det gamla nu. \u00c5tminstone f\u00f6r ett tag. Kanske skall man \u00e4nd\u00e5 \u00e5ka dit och kolla in stavkyrkan \u00e5tminstone. Ja och fj\u00e4llen. Se den utsikt som T\u00f6rns-Hans en g\u00e5ng s\u00e5g. Bara f\u00f6r att. <\/p>\n\n\n\n<p class=\"wp-block-paragraph\">Men det finns mycket stoft f\u00f6r en sl\u00e4ktkr\u00f6nika i det d\u00e4r s\u00e5klart. Kanske tar n\u00e5gon i sl\u00e4kten tag i det en dag. <em>Connect the dots<\/em> och f\u00e5 ihop en trov\u00e4rdig eller \u00e5tminstone underh\u00e5llande historia som kan \u00e5terber\u00e4ttas f\u00f6r de som lever sen och de som aldrig s\u00e5g men ville se.  <\/p>\n\n\n\n<p class=\"wp-block-paragraph\">Egentligen intresserar mig bara en sak i sl\u00e4kthistorien fortfarande. Gammelmormor. Den kloka gumman. K\u00e4nde hon <a href=\"https:\/\/sv.wikipedia.org\/wiki\/Lim-Johan\">Lim-Johan<\/a> d\u00e4r i Kyan? M\u00f6tte hon honom med respekt? Japp, det skulle jag vilja veta. Men allt f\u00e5r man inte veta. B\u00e4st \u00e4r det kanske ocks\u00e5 att det \u00e4r s\u00e5. Jag tycker det \u00e4r ett h\u00e4rligt faktum att alla k\u00e4nner Lim-Johan men minns inte en enda av dem som skrattade \u00e5t honom. S\u00e5 som det n\u00e4stan alltid \u00e4r. Som man kan (och b\u00f6r) t\u00e4nka p\u00e5 n\u00e4r man g\u00f6r valen i sitt eget liv. <\/p>\n\n\n\n<p class=\"wp-block-paragraph\">Fast nu v\u00e4ntar en bok p\u00e5 mig d\u00e4r bredvid s\u00e4ngen. En bok som kr\u00e4ver att bli l\u00e4st. Speciellt eftersom det s\u00e4gs att Ulf Lundells <em>Vardagar<\/em> tre skall dyka upp imorgon. Jag hinner med st\u00f6rsta sannolikhet inte l\u00e4sa klart den nuvarande innan dess s\u00e5 den f\u00e5r l\u00e4ggas p\u00e5 v\u00e4nt. Biblioteksk\u00f6er med hungriga l\u00e4sare  kr\u00e4ver att man visar respekt. Om man nu gillar det d\u00e4r systemet. Solidariteten. Att inte bara vilja ha sj\u00e4lv och s\u00e4tta sig sj\u00e4lv i fr\u00e4msta rummet. <\/p>\n\n\n\n<p class=\"wp-block-paragraph\">Har man tur kan man sova med \u00f6ppet f\u00f6nster i natt. Det brukar vara liktydigt med god s\u00f6mn. I alla fall om det inte \u00e4r f\u00f6r kallt. Men h\u00e4r just nu ser det faktiskt lovande ut. Men s\u00e5dant d\u00e4r m\u00e5ste f\u00f6rhandlas med K. S\u00e5klart. Konstigt vore det s\u00e5klart annars.<\/p>\n\n\n\n<p class=\"wp-block-paragraph\">God natt kamrater!<\/p>\n","protected":false},"excerpt":{"rendered":"<p>Kopplar ihop det gamla med det nya. Det finns saker h\u00e4r p\u00e5 l\u00e5tsaskontoret som legat n\u00e5gra \u00e5r. Samlat p\u00e5 damm och \u00e5r. Annat finns det \u00e5 andra sidan som \u00e4r ganska nytt och nyss kom hit fr\u00e5n n\u00e5got h\u00f6rn av v\u00e4rlden. S\u00e5dant som fortfarande doftar nytt. Jod\u00e5, tiden g\u00e5r. Jag hinner inte med f\u00f6rr\u00e4n det [&hellip;]<\/p>\n","protected":false},"author":24,"featured_media":0,"comment_status":"open","ping_status":"open","sticky":false,"template":"","format":"standard","meta":{"_crdt_document":"","jetpack_post_was_ever_published":false,"_jetpack_newsletter_access":"","_jetpack_dont_email_post_to_subs":false,"_jetpack_newsletter_tier_id":0,"_jetpack_memberships_contains_paywalled_content":false,"_jetpack_memberships_contains_paid_content":false,"footnotes":"","jetpack_publicize_message":"","jetpack_publicize_feature_enabled":true,"jetpack_social_post_already_shared":false,"jetpack_social_options":{"image_generator_settings":{"template":"highway","default_image_id":0,"font":"","enabled":false},"version":2}},"categories":[24],"tags":[],"class_list":["post-35734","post","type-post","status-publish","format-standard","hentry","category-betraktelser"],"jetpack_publicize_connections":[],"jetpack_featured_media_url":"","jetpack_sharing_enabled":true,"jetpack_likes_enabled":true,"jetpack-related-posts":[{"id":46654,"url":"https:\/\/www.akehedman.se\/wordpress\/?p=46654","url_meta":{"origin":35734,"position":0},"title":"gammalt == nytt","author":"\u00c5ke Hedman","date":"2023-12-08","format":false,"excerpt":"Ett \"nytt\" men \"gammalt\" ljudkort, kan det gl\u00e4dja en gammal gubbe i slutet av hans liv. Ja man testar. Kopplar in. Lyssnar. Provar att spela in. Jod\u00e5 det \u00e4r en J\u00c4VLA skillnad. Och fast detta nu d\u00e5 egentligen bara \u00e4r en h\u00f6g med metall och komponenter s\u00e5 g\u00f6r det en\u2026","rel":"","context":"In &quot;Swedish&quot;","block_context":{"text":"Swedish","link":"https:\/\/www.akehedman.se\/wordpress\/?cat=2"},"img":{"alt_text":"","src":"https:\/\/i0.wp.com\/www.akehedman.se\/wordpress\/wp-content\/uploads\/2023\/12\/IMG_20231208_154600_253-scaled.jpg?resize=350%2C200&ssl=1","width":350,"height":200,"srcset":"https:\/\/i0.wp.com\/www.akehedman.se\/wordpress\/wp-content\/uploads\/2023\/12\/IMG_20231208_154600_253-scaled.jpg?resize=350%2C200&ssl=1 1x, https:\/\/i0.wp.com\/www.akehedman.se\/wordpress\/wp-content\/uploads\/2023\/12\/IMG_20231208_154600_253-scaled.jpg?resize=525%2C300&ssl=1 1.5x, https:\/\/i0.wp.com\/www.akehedman.se\/wordpress\/wp-content\/uploads\/2023\/12\/IMG_20231208_154600_253-scaled.jpg?resize=700%2C400&ssl=1 2x, https:\/\/i0.wp.com\/www.akehedman.se\/wordpress\/wp-content\/uploads\/2023\/12\/IMG_20231208_154600_253-scaled.jpg?resize=1050%2C600&ssl=1 3x, https:\/\/i0.wp.com\/www.akehedman.se\/wordpress\/wp-content\/uploads\/2023\/12\/IMG_20231208_154600_253-scaled.jpg?resize=1400%2C800&ssl=1 4x"},"classes":[]},{"id":29890,"url":"https:\/\/www.akehedman.se\/wordpress\/?p=29890","url_meta":{"origin":35734,"position":1},"title":"Experimenterar","author":"\u00c5ke Hedman","date":"2018-09-18","format":false,"excerpt":"Experimenterandet \u00e4r v\u00e4l \u00e4nd\u00e5 det som \u00e4r roligast. Att \"fungerar\" r\u00e4cker. Ja till och med \"n\u00e4stan fungerar\". Allt det d\u00e4r andra skjutet \u00e5t sidan. F\u00f6r en stund i alla fall. Innan det \u00e4r dags att ta tag i det. G\u00f6ra riktiga grejer. Allt skulle s\u00e5ledes vara utm\u00e4rkt denna kv\u00e4ll om\u2026","rel":"","context":"In &quot;Betraktelser &amp; Ber\u00e4ttelse&quot;","block_context":{"text":"Betraktelser &amp; Ber\u00e4ttelse","link":"https:\/\/www.akehedman.se\/wordpress\/?cat=24"},"img":{"alt_text":"","src":"https:\/\/i0.wp.com\/www.akehedman.se\/wordpress\/wp-content\/uploads\/2018\/09\/IMG_20180918_220839173.png?resize=350%2C200&ssl=1","width":350,"height":200,"srcset":"https:\/\/i0.wp.com\/www.akehedman.se\/wordpress\/wp-content\/uploads\/2018\/09\/IMG_20180918_220839173.png?resize=350%2C200&ssl=1 1x, https:\/\/i0.wp.com\/www.akehedman.se\/wordpress\/wp-content\/uploads\/2018\/09\/IMG_20180918_220839173.png?resize=525%2C300&ssl=1 1.5x, https:\/\/i0.wp.com\/www.akehedman.se\/wordpress\/wp-content\/uploads\/2018\/09\/IMG_20180918_220839173.png?resize=700%2C400&ssl=1 2x, https:\/\/i0.wp.com\/www.akehedman.se\/wordpress\/wp-content\/uploads\/2018\/09\/IMG_20180918_220839173.png?resize=1050%2C600&ssl=1 3x"},"classes":[]},{"id":21839,"url":"https:\/\/www.akehedman.se\/wordpress\/?p=21839","url_meta":{"origin":35734,"position":2},"title":"Fredag","author":"\u00c5ke Hedman","date":"2016-10-14","format":false,"excerpt":"Nuf\u00f6rtiden hinner man inte ens blinka innan det \u00e4r fredag igen. Tiden g\u00e5r s\u00e5 fort. Man vill h\u00e5lla kvar m\u00e5ndag och tisdag lite s\u00e5 man i alla fall kan bevara illusionen av att hinna lite under veckan. Blir \"klar\" med n\u00e5got. Men innan man ens hinner blinka, i alla fall\u2026","rel":"","context":"In &quot;Betraktelser &amp; Ber\u00e4ttelse&quot;","block_context":{"text":"Betraktelser &amp; Ber\u00e4ttelse","link":"https:\/\/www.akehedman.se\/wordpress\/?cat=24"},"img":{"alt_text":"20161013_183456","src":"https:\/\/i0.wp.com\/www.akehedman.se\/wordpress\/wp-content\/uploads\/2016\/10\/20161013_183456-1024x576.jpg?resize=350%2C200","width":350,"height":200,"srcset":"https:\/\/i0.wp.com\/www.akehedman.se\/wordpress\/wp-content\/uploads\/2016\/10\/20161013_183456-1024x576.jpg?resize=350%2C200 1x, https:\/\/i0.wp.com\/www.akehedman.se\/wordpress\/wp-content\/uploads\/2016\/10\/20161013_183456-1024x576.jpg?resize=525%2C300 1.5x"},"classes":[]},{"id":41299,"url":"https:\/\/www.akehedman.se\/wordpress\/?p=41299","url_meta":{"origin":35734,"position":3},"title":"Alla hj\u00e4rtans dag","author":"\u00c5ke Hedman","date":"2022-02-14","format":false,"excerpt":"Photo by Pixabay on Pexels.com Man hoppas s\u00e5klart att hj\u00e4rtat tickar p\u00e5 i sin vanlig rytm ocks\u00e5 en s\u00e5dan h\u00e4r dag i livet n\u00e4r det nu \u00e4r alla hj\u00e4rtans dag och allt. Ja hos alla dem man bryr sig om och \u00e4lskar ocks\u00e5 s\u00e5klart. Ja faktiskt ocks\u00e5 ov\u00e4nnernas hj\u00e4rtan kan\u2026","rel":"","context":"In &quot;Betraktelser &amp; Ber\u00e4ttelse&quot;","block_context":{"text":"Betraktelser &amp; Ber\u00e4ttelse","link":"https:\/\/www.akehedman.se\/wordpress\/?cat=24"},"img":{"alt_text":"blur chart check up curve","src":"https:\/\/i0.wp.com\/www.akehedman.se\/wordpress\/wp-content\/uploads\/2022\/02\/pexels-photo-415779.jpeg?resize=350%2C200&ssl=1","width":350,"height":200,"srcset":"https:\/\/i0.wp.com\/www.akehedman.se\/wordpress\/wp-content\/uploads\/2022\/02\/pexels-photo-415779.jpeg?resize=350%2C200&ssl=1 1x, https:\/\/i0.wp.com\/www.akehedman.se\/wordpress\/wp-content\/uploads\/2022\/02\/pexels-photo-415779.jpeg?resize=525%2C300&ssl=1 1.5x, https:\/\/i0.wp.com\/www.akehedman.se\/wordpress\/wp-content\/uploads\/2022\/02\/pexels-photo-415779.jpeg?resize=700%2C400&ssl=1 2x, https:\/\/i0.wp.com\/www.akehedman.se\/wordpress\/wp-content\/uploads\/2022\/02\/pexels-photo-415779.jpeg?resize=1050%2C600&ssl=1 3x, https:\/\/i0.wp.com\/www.akehedman.se\/wordpress\/wp-content\/uploads\/2022\/02\/pexels-photo-415779.jpeg?resize=1400%2C800&ssl=1 4x"},"classes":[]},{"id":39300,"url":"https:\/\/www.akehedman.se\/wordpress\/?p=39300","url_meta":{"origin":35734,"position":4},"title":"ooptimalt","author":"\u00c5ke Hedman","date":"2021-07-01","format":false,"excerpt":"Det optimala \u00e4r s\u00e5klart om man kan lulla runt lite p\u00e5 l\u00e5tsaskontoret f\u00f6re en alldeles riktig semester. Plocka lite. St\u00e4da lite. Fundera lite. S\u00e5 blir det nu inte idag. Jag vet knappt vilken dag det \u00e4r. Det \u00e4r full fart hela v\u00e4gen in i m\u00e5lsn\u00f6ret som g\u00e4ller. Nej, man hinner\u2026","rel":"","context":"In &quot;Betraktelser &amp; Ber\u00e4ttelse&quot;","block_context":{"text":"Betraktelser &amp; Ber\u00e4ttelse","link":"https:\/\/www.akehedman.se\/wordpress\/?cat=24"},"img":{"alt_text":"","src":"https:\/\/i0.wp.com\/www.akehedman.se\/wordpress\/wp-content\/uploads\/2021\/07\/IMG_20210701_091602-scaled.jpg?resize=350%2C200&ssl=1","width":350,"height":200,"srcset":"https:\/\/i0.wp.com\/www.akehedman.se\/wordpress\/wp-content\/uploads\/2021\/07\/IMG_20210701_091602-scaled.jpg?resize=350%2C200&ssl=1 1x, https:\/\/i0.wp.com\/www.akehedman.se\/wordpress\/wp-content\/uploads\/2021\/07\/IMG_20210701_091602-scaled.jpg?resize=525%2C300&ssl=1 1.5x, https:\/\/i0.wp.com\/www.akehedman.se\/wordpress\/wp-content\/uploads\/2021\/07\/IMG_20210701_091602-scaled.jpg?resize=700%2C400&ssl=1 2x, https:\/\/i0.wp.com\/www.akehedman.se\/wordpress\/wp-content\/uploads\/2021\/07\/IMG_20210701_091602-scaled.jpg?resize=1050%2C600&ssl=1 3x, https:\/\/i0.wp.com\/www.akehedman.se\/wordpress\/wp-content\/uploads\/2021\/07\/IMG_20210701_091602-scaled.jpg?resize=1400%2C800&ssl=1 4x"},"classes":[]},{"id":37757,"url":"https:\/\/www.akehedman.se\/wordpress\/?p=37757","url_meta":{"origin":35734,"position":5},"title":"&#8220;Det g\u00e5r bra nu&#8221;","author":"\u00c5ke Hedman","date":"2021-02-04","format":false,"excerpt":"V\u00e4rlden. Den som \u00e4r d\u00e4r utanf\u00f6r. Oftast m\u00e4rker jag v\u00e4ldigt lite av den. Jag sitter mest i min l\u00e5tsasv\u00e4rld och g\u00f6r l\u00e5tsassaker. Skr\u00e4mmande nog njuter jag en stor del av den d\u00e4r tiden. Men jag gissar att \u00e4ven en f\u00e4ngelsekund kan k\u00e4nna samma tillfredsst\u00e4llelse i sin trygga cell, det som\u2026","rel":"","context":"In &quot;Betraktelser &amp; Ber\u00e4ttelse&quot;","block_context":{"text":"Betraktelser &amp; Ber\u00e4ttelse","link":"https:\/\/www.akehedman.se\/wordpress\/?cat=24"},"img":{"alt_text":"","src":"https:\/\/i0.wp.com\/www.akehedman.se\/wordpress\/wp-content\/uploads\/2021\/02\/IMG_20210130_144800-EFFECTS-scaled.jpg?resize=350%2C200&ssl=1","width":350,"height":200,"srcset":"https:\/\/i0.wp.com\/www.akehedman.se\/wordpress\/wp-content\/uploads\/2021\/02\/IMG_20210130_144800-EFFECTS-scaled.jpg?resize=350%2C200&ssl=1 1x, https:\/\/i0.wp.com\/www.akehedman.se\/wordpress\/wp-content\/uploads\/2021\/02\/IMG_20210130_144800-EFFECTS-scaled.jpg?resize=525%2C300&ssl=1 1.5x, https:\/\/i0.wp.com\/www.akehedman.se\/wordpress\/wp-content\/uploads\/2021\/02\/IMG_20210130_144800-EFFECTS-scaled.jpg?resize=700%2C400&ssl=1 2x, https:\/\/i0.wp.com\/www.akehedman.se\/wordpress\/wp-content\/uploads\/2021\/02\/IMG_20210130_144800-EFFECTS-scaled.jpg?resize=1050%2C600&ssl=1 3x, https:\/\/i0.wp.com\/www.akehedman.se\/wordpress\/wp-content\/uploads\/2021\/02\/IMG_20210130_144800-EFFECTS-scaled.jpg?resize=1400%2C800&ssl=1 4x"},"classes":[]}],"jetpack_shortlink":"https:\/\/wp.me\/p68PL2-9im","_links":{"self":[{"href":"https:\/\/www.akehedman.se\/wordpress\/index.php?rest_route=\/wp\/v2\/posts\/35734","targetHints":{"allow":["GET"]}}],"collection":[{"href":"https:\/\/www.akehedman.se\/wordpress\/index.php?rest_route=\/wp\/v2\/posts"}],"about":[{"href":"https:\/\/www.akehedman.se\/wordpress\/index.php?rest_route=\/wp\/v2\/types\/post"}],"author":[{"embeddable":true,"href":"https:\/\/www.akehedman.se\/wordpress\/index.php?rest_route=\/wp\/v2\/users\/24"}],"replies":[{"embeddable":true,"href":"https:\/\/www.akehedman.se\/wordpress\/index.php?rest_route=%2Fwp%2Fv2%2Fcomments&post=35734"}],"version-history":[{"count":4,"href":"https:\/\/www.akehedman.se\/wordpress\/index.php?rest_route=\/wp\/v2\/posts\/35734\/revisions"}],"predecessor-version":[{"id":35745,"href":"https:\/\/www.akehedman.se\/wordpress\/index.php?rest_route=\/wp\/v2\/posts\/35734\/revisions\/35745"}],"wp:attachment":[{"href":"https:\/\/www.akehedman.se\/wordpress\/index.php?rest_route=%2Fwp%2Fv2%2Fmedia&parent=35734"}],"wp:term":[{"taxonomy":"category","embeddable":true,"href":"https:\/\/www.akehedman.se\/wordpress\/index.php?rest_route=%2Fwp%2Fv2%2Fcategories&post=35734"},{"taxonomy":"post_tag","embeddable":true,"href":"https:\/\/www.akehedman.se\/wordpress\/index.php?rest_route=%2Fwp%2Fv2%2Ftags&post=35734"}],"curies":[{"name":"wp","href":"https:\/\/api.w.org\/{rel}","templated":true}]}}