{"id":35728,"date":"2020-08-10T07:24:22","date_gmt":"2020-08-10T06:24:22","guid":{"rendered":"https:\/\/www.akehedman.se\/wordpress\/?p=35728"},"modified":"2020-08-10T07:24:22","modified_gmt":"2020-08-10T06:24:22","slug":"blatt-2","status":"publish","type":"post","link":"https:\/\/www.akehedman.se\/wordpress\/?p=35728","title":{"rendered":"Bl\u00e5tt"},"content":{"rendered":"\n<figure class=\"wp-block-image size-large\"><img data-recalc-dims=\"1\" loading=\"lazy\" decoding=\"async\" width=\"580\" height=\"436\" src=\"https:\/\/i0.wp.com\/www.akehedman.se\/wordpress\/wp-content\/uploads\/2020\/08\/pexels-photo-1568607.jpeg?resize=580%2C436&#038;ssl=1\" alt=\"blue abstract painting\" class=\"wp-image-35729\" srcset=\"https:\/\/i0.wp.com\/www.akehedman.se\/wordpress\/wp-content\/uploads\/2020\/08\/pexels-photo-1568607.jpeg?w=1729&amp;ssl=1 1729w, https:\/\/i0.wp.com\/www.akehedman.se\/wordpress\/wp-content\/uploads\/2020\/08\/pexels-photo-1568607.jpeg?resize=300%2C226&amp;ssl=1 300w, https:\/\/i0.wp.com\/www.akehedman.se\/wordpress\/wp-content\/uploads\/2020\/08\/pexels-photo-1568607.jpeg?resize=1024%2C770&amp;ssl=1 1024w, https:\/\/i0.wp.com\/www.akehedman.se\/wordpress\/wp-content\/uploads\/2020\/08\/pexels-photo-1568607.jpeg?resize=768%2C577&amp;ssl=1 768w, https:\/\/i0.wp.com\/www.akehedman.se\/wordpress\/wp-content\/uploads\/2020\/08\/pexels-photo-1568607.jpeg?resize=1536%2C1155&amp;ssl=1 1536w, https:\/\/i0.wp.com\/www.akehedman.se\/wordpress\/wp-content\/uploads\/2020\/08\/pexels-photo-1568607.jpeg?resize=1200%2C902&amp;ssl=1 1200w\" sizes=\"auto, (max-width: 580px) 100vw, 580px\" \/><figcaption>Photo by Zaksheuskaya on <a href=\"https:\/\/www.pexels.com\/photo\/blue-abstract-painting-1568607\/\" rel=\"nofollow\">Pexels.com<\/a><\/figcaption><\/figure>\n\n\n\n<p class=\"wp-block-paragraph\">K\u00e4nner det d\u00e4r bl\u00e5 tydligt inom mig den h\u00e4r morgonen. Det b\u00e5dar f\u00f6r en utm\u00e4rkt dag fram\u00f6ver. Flytet och det bl\u00e5 f\u00f6ljer ofta varandra. Detsamma g\u00e4ller kreativiteten. Jag har allts\u00e5 inget emot nedst\u00e4mdheten, den som varit min f\u00f6ljeslagare genom hela livet. Uppskattade snarare \u00e4n f\u00f6rbannad. Antagligen handlar det d\u00e4r bara om att dalarna och topparna inte \u00e4r s\u00e5 h\u00f6ga s\u00e5 att det blir besv\u00e4rligt. Men mild form av bipolaritet &#8211; den vi alla har i oss &#8211; \u00e4r det nog \u00e4nd\u00e5. Mentalt \u00e4r vi alla sjukare \u00e4n vad vi tror.<\/p>\n\n\n\n<p class=\"wp-block-paragraph\">Sol ute. Den fl\u00f6dar &#8211; kastar fotoner &#8211; mot s\u00f6dersidan av huset efter att ha rest sig upp \u00f6ver Brattberget, \u00d6rnberget och tr\u00e4den.  V\u00e5gor av ljus. Kulsprutek\u00e4rvar av fotoner. Samtidigt. Att vara till naturen tv\u00e5 i samma mikrosekund. Eller varf\u00f6r inte femton skepnader. Samtidigt. S\u00e5klart. Det d\u00e4r att vara klassificerad som bara en \u00e4r ett Linneanskt p\u00e5hitt som ligger n\u00e4ra sv\u00e5r sjukdom hos m\u00e4nniskorna. Inget \u00e4r bara ett.  <\/p>\n\n\n\n<p class=\"wp-block-paragraph\">Men kall augustimorgon. Under sex.  Som de brukar vara de h\u00e4r f\u00f6rsta h\u00f6stm\u00e5naderna. N\u00e5ja, sensommarm\u00e5naderna. Vi h\u00e5ller v\u00e4l kvar sommaren. Ett tag till. H\u00e5ller kvar den med tv\u00e5ng om n\u00f6dv\u00e4ndigt. Det blir s\u00e5klart varmare senare under dan. Som brukligt. Man tar in och njuter. Fast eftersom l\u00e5tsasarbetsveckan \u00e4r ig\u00e5ng p\u00e5 allvar s\u00e5 inne-njuter man. Barfota och med \u00f6ppna f\u00f6nster. Det senare f\u00e5r dock bli om n\u00e5gon timme eller s\u00e5. \u00c5ttaminutersljuset skall f\u00e5 v\u00e4rna upp v\u00e4rlden f\u00f6rst.<\/p>\n\n\n\n<p class=\"wp-block-paragraph\">Brygger kaffe. Starkt. Dricker det till Backa-Jans minne. Men kan s\u00e5klart inte h\u00e4lla i mig en kopp p\u00e5 det imponerande s\u00e4tt som han kunde. Rakt ner i halsen bara. Temperatur och kaffestyrka spelade ingen roll d\u00e4r. Inte heller vilken kopp i ordningen det var. Sj\u00e4lv inv\u00e4ntar jag fegt n\u00e5gon slags ljummen v\u00e4tska. D\u00e4rifr\u00e5n sippas det.  Jo jag vet. N\u00e5gon tuffing har jag aldrig varit och kommer aldrig att bli.<\/p>\n\n\n\n<p class=\"wp-block-paragraph\">Best\u00e4ller glas\u00f6gon. Det sista (?) steget efter gr\u00e5starr och operation. Det som kan st\u00e4lla till det \u00e4r s.k. efterstarr. \u00d6gonlinsceller som forts\u00e4tter att bygga lins i utrymmet d\u00e4r den gamla linsen satt. Men det d\u00e4r br\u00e4nner man tydligen bort med laser. Om det nu uppst\u00e5r. Men riktiga glas\u00f6gon. Vilken ljuvlighet. K\u00f6r med att par gamla l\u00e4sglas\u00f6gon sedan operationen som \u00e4nd\u00e5 har fungerat f\u00f6rv\u00e5nande bra. Fast efter \u00e5ret med starr s\u00e5 \u00e4r s\u00e5klart allt b\u00e4ttre. Men glas\u00f6gon ger \u00e4nd\u00e5 ett djupt h\u00e5l i en ekonomi som \u00e4nd\u00e5 \u00e4r r\u00e4tt anstr\u00e4ngd. D\u00e4rf\u00f6r nu. Det m\u00e5ste planeras. Definitivt ordnas innan eldningss\u00e4songen b\u00f6rjar. Det \u00e4r inte bara kylan som \u00e4r tuff under vintern. Men 448 dagar kvar. \u00c4ven i det d\u00e4r finns det hopp.<\/p>\n\n\n\n<p class=\"wp-block-paragraph\">Nu skall jag passa p\u00e5 att dyka ner i mitt innan den d\u00e4r bl\u00e5 k\u00e4nslan l\u00e4mnar mig.  Det \u00e4r gott att leva.<\/p>\n","protected":false},"excerpt":{"rendered":"<p>K\u00e4nner det d\u00e4r bl\u00e5 tydligt inom mig den h\u00e4r morgonen. Det b\u00e5dar f\u00f6r en utm\u00e4rkt dag fram\u00f6ver. Flytet och det bl\u00e5 f\u00f6ljer ofta varandra. Detsamma g\u00e4ller kreativiteten. Jag har allts\u00e5 inget emot nedst\u00e4mdheten, den som varit min f\u00f6ljeslagare genom hela livet. Uppskattade snarare \u00e4n f\u00f6rbannad. Antagligen handlar det d\u00e4r bara om att dalarna och topparna [&hellip;]<\/p>\n","protected":false},"author":24,"featured_media":0,"comment_status":"open","ping_status":"open","sticky":false,"template":"","format":"standard","meta":{"_crdt_document":"","jetpack_post_was_ever_published":false,"_jetpack_newsletter_access":"","_jetpack_dont_email_post_to_subs":false,"_jetpack_newsletter_tier_id":0,"_jetpack_memberships_contains_paywalled_content":false,"_jetpack_memberships_contains_paid_content":false,"footnotes":"","jetpack_publicize_message":"","jetpack_publicize_feature_enabled":true,"jetpack_social_post_already_shared":false,"jetpack_social_options":{"image_generator_settings":{"template":"highway","default_image_id":0,"font":"","enabled":false},"version":2}},"categories":[24],"tags":[],"class_list":["post-35728","post","type-post","status-publish","format-standard","hentry","category-betraktelser"],"jetpack_publicize_connections":[],"jetpack_featured_media_url":"","jetpack_sharing_enabled":true,"jetpack_likes_enabled":true,"jetpack-related-posts":[{"id":22587,"url":"https:\/\/www.akehedman.se\/wordpress\/?p=22587","url_meta":{"origin":35728,"position":0},"title":"Bla bla bla bla bla bla bla bla bla&#8230;","author":"\u00c5ke Hedman","date":"2016-12-19","format":false,"excerpt":"Sju grader varmt h\u00e4r ute. V\u00e4rlden sm\u00e4lter. I de h\u00f6ga temperaturerna kan det inte ens vara halt. Isen faller ihop. Men jag tror fortfarande p\u00e5 en vit jul. Vi har fortfarande tillr\u00e4ckligt med packad sn\u00f6 f\u00f6r att sn\u00f6t\u00e4cket skall t\u00e5la n\u00e5gra dagars blidv\u00e4der. Men det \u00e4r en konstig k\u00e4nsla att\u2026","rel":"","context":"In &quot;Betraktelser &amp; Ber\u00e4ttelse&quot;","block_context":{"text":"Betraktelser &amp; Ber\u00e4ttelse","link":"https:\/\/www.akehedman.se\/wordpress\/?cat=24"},"img":{"alt_text":"","src":"https:\/\/i0.wp.com\/www.akehedman.se\/wordpress\/wp-content\/uploads\/2016\/12\/Screenshot-from-2016-12-19-132740-1024x466.png?resize=350%2C200","width":350,"height":200,"srcset":"https:\/\/i0.wp.com\/www.akehedman.se\/wordpress\/wp-content\/uploads\/2016\/12\/Screenshot-from-2016-12-19-132740-1024x466.png?resize=350%2C200 1x, https:\/\/i0.wp.com\/www.akehedman.se\/wordpress\/wp-content\/uploads\/2016\/12\/Screenshot-from-2016-12-19-132740-1024x466.png?resize=525%2C300 1.5x"},"classes":[]},{"id":40221,"url":"https:\/\/www.akehedman.se\/wordpress\/?p=40221","url_meta":{"origin":35728,"position":1},"title":"Helg som g\u00e5r","author":"\u00c5ke Hedman","date":"2021-11-07","format":false,"excerpt":"Photo by Andre Moura on Pexels.com Vi t\u00e4nder ett ljus p\u00e5 spiselkransen i \u00e5r. \u00c5ker inte iv\u00e4g till en kyrkog\u00e5rd och st\u00e5r d\u00e4r en stund och fryser tillsammans med de d\u00f6da. Stannar hemma och m\u00e5r skit. F\u00e5ngad i en soffa som en r\u00e5tta i en r\u00e5ttf\u00e4lla. Men visst r\u00e4cker v\u00e4l\u2026","rel":"","context":"In &quot;Betraktelser &amp; Ber\u00e4ttelse&quot;","block_context":{"text":"Betraktelser &amp; Ber\u00e4ttelse","link":"https:\/\/www.akehedman.se\/wordpress\/?cat=24"},"img":{"alt_text":"two lit candles","src":"https:\/\/i0.wp.com\/www.akehedman.se\/wordpress\/wp-content\/uploads\/2021\/11\/pexels-photo-2563040.jpeg?resize=350%2C200&ssl=1","width":350,"height":200,"srcset":"https:\/\/i0.wp.com\/www.akehedman.se\/wordpress\/wp-content\/uploads\/2021\/11\/pexels-photo-2563040.jpeg?resize=350%2C200&ssl=1 1x, https:\/\/i0.wp.com\/www.akehedman.se\/wordpress\/wp-content\/uploads\/2021\/11\/pexels-photo-2563040.jpeg?resize=525%2C300&ssl=1 1.5x, https:\/\/i0.wp.com\/www.akehedman.se\/wordpress\/wp-content\/uploads\/2021\/11\/pexels-photo-2563040.jpeg?resize=700%2C400&ssl=1 2x, https:\/\/i0.wp.com\/www.akehedman.se\/wordpress\/wp-content\/uploads\/2021\/11\/pexels-photo-2563040.jpeg?resize=1050%2C600&ssl=1 3x, https:\/\/i0.wp.com\/www.akehedman.se\/wordpress\/wp-content\/uploads\/2021\/11\/pexels-photo-2563040.jpeg?resize=1400%2C800&ssl=1 4x"},"classes":[]},{"id":22852,"url":"https:\/\/www.akehedman.se\/wordpress\/?p=22852","url_meta":{"origin":35728,"position":2},"title":"Sn\u00f6n","author":"\u00c5ke Hedman","date":"2017-01-12","format":false,"excerpt":"Sn\u00f6stormen har stormat vidare och sprider nu sin sn\u00f6 n\u00e5gon annanstans. Post och tidning inst\u00e4llda. Sn\u00f6 i m\u00e4ngder. Men traktorn, den j\u00e4ttestora gula med blinkande lampor, kommer, plogar inte bara v\u00e4g, utan v\u00e5r g\u00e5rd ocks\u00e5. det blir inte s\u00e5 mycket kvar f\u00f6r mig och skotta helt enkelt. Det \u00e4r avklarat\u2026","rel":"","context":"In &quot;Betraktelser &amp; Ber\u00e4ttelse&quot;","block_context":{"text":"Betraktelser &amp; Ber\u00e4ttelse","link":"https:\/\/www.akehedman.se\/wordpress\/?cat=24"},"img":{"alt_text":"","src":"https:\/\/i0.wp.com\/www.akehedman.se\/wordpress\/wp-content\/uploads\/2017\/01\/snstor1_131927292.jpg?resize=350%2C200","width":350,"height":200,"srcset":"https:\/\/i0.wp.com\/www.akehedman.se\/wordpress\/wp-content\/uploads\/2017\/01\/snstor1_131927292.jpg?resize=350%2C200 1x, https:\/\/i0.wp.com\/www.akehedman.se\/wordpress\/wp-content\/uploads\/2017\/01\/snstor1_131927292.jpg?resize=525%2C300 1.5x"},"classes":[]},{"id":2592,"url":"https:\/\/www.akehedman.se\/wordpress\/?p=2592","url_meta":{"origin":35728,"position":3},"title":"Bada","author":"\u00c5ke Hedman","date":"2013-01-08","format":false,"excerpt":"En liten b\u00e4ck som porlande tar sig fram genom skogen. Bj\u00f6rkar. Ljusgr\u00f6na blad. S\u00e5dana som dom \u00e4r i b\u00f6rjan av sommaren. Vi vet att vattnet g\u00e5r att dricka. K\u00e4llan ligger bara n\u00e5gra kilometer upp mot bergen. S\u00e5 jag kupar min hand och fyller den med kallt, klart vatten och dricker.\u2026","rel":"","context":"In &quot;Betraktelser &amp; Ber\u00e4ttelse&quot;","block_context":{"text":"Betraktelser &amp; Ber\u00e4ttelse","link":"https:\/\/www.akehedman.se\/wordpress\/?cat=24"},"img":{"alt_text":"bada","src":"https:\/\/i0.wp.com\/www.eurosource.se\/akhe\/wordpress\/wp-content\/uploads\/2013\/01\/bada.jpg?resize=350%2C200","width":350,"height":200},"classes":[]},{"id":20730,"url":"https:\/\/www.akehedman.se\/wordpress\/?p=20730","url_meta":{"origin":35728,"position":4},"title":"Midsommarblomster","author":"\u00c5ke Hedman","date":"2016-06-19","format":false,"excerpt":"Jag klipper gr\u00e4s. Det \u00e4r en OK syssels\u00e4ttning. Bara ig\u00e5ngstartandet v\u00e4rker. Axel och motorstart medels draglina vill sig inte riktigt. Men jag blundar, biter ihop och drar allt vad jag kan Till slut brukar den burra ig\u00e5ng. Ja och axeln v\u00e4rka mer \u00e4n vanligt s\u00e5klart. Efter det. Sen g\u00e4ller det\u2026","rel":"","context":"In &quot;Betraktelser &amp; Ber\u00e4ttelse&quot;","block_context":{"text":"Betraktelser &amp; Ber\u00e4ttelse","link":"https:\/\/www.akehedman.se\/wordpress\/?cat=24"},"img":{"alt_text":"midsommarblomster","src":"https:\/\/i0.wp.com\/www.akehedman.se\/wordpress\/wp-content\/uploads\/2016\/06\/midsommarblomster-1024x683.jpg?resize=350%2C200","width":350,"height":200,"srcset":"https:\/\/i0.wp.com\/www.akehedman.se\/wordpress\/wp-content\/uploads\/2016\/06\/midsommarblomster-1024x683.jpg?resize=350%2C200 1x, https:\/\/i0.wp.com\/www.akehedman.se\/wordpress\/wp-content\/uploads\/2016\/06\/midsommarblomster-1024x683.jpg?resize=525%2C300 1.5x"},"classes":[]},{"id":37128,"url":"https:\/\/www.akehedman.se\/wordpress\/?p=37128","url_meta":{"origin":35728,"position":5},"title":"N\u00e4r vemodet rullar in","author":"\u00c5ke Hedman","date":"2020-12-11","format":false,"excerpt":"Photo by Pixabay on Pexels.com Det d\u00e4r bl\u00e5 s\u00e4nker sig \u00f6ver mig, jag k\u00e4nner det redan under kv\u00e4llen ig\u00e5r. Det \u00e4r det stora vemodet som rullar in, s\u00e5 som det s\u00e5 fint skaldas. Den d\u00e4r k\u00e4nslan av att var liten, ynklig, synd om, ensammast i v\u00e4rlden, fyller mig som den\u2026","rel":"","context":"In &quot;Betraktelser &amp; Ber\u00e4ttelse&quot;","block_context":{"text":"Betraktelser &amp; Ber\u00e4ttelse","link":"https:\/\/www.akehedman.se\/wordpress\/?cat=24"},"img":{"alt_text":"woman looking at sea while sitting on beach","src":"https:\/\/i0.wp.com\/www.akehedman.se\/wordpress\/wp-content\/uploads\/2020\/12\/pexels-photo-247314.jpeg?resize=350%2C200&ssl=1","width":350,"height":200,"srcset":"https:\/\/i0.wp.com\/www.akehedman.se\/wordpress\/wp-content\/uploads\/2020\/12\/pexels-photo-247314.jpeg?resize=350%2C200&ssl=1 1x, https:\/\/i0.wp.com\/www.akehedman.se\/wordpress\/wp-content\/uploads\/2020\/12\/pexels-photo-247314.jpeg?resize=525%2C300&ssl=1 1.5x, https:\/\/i0.wp.com\/www.akehedman.se\/wordpress\/wp-content\/uploads\/2020\/12\/pexels-photo-247314.jpeg?resize=700%2C400&ssl=1 2x, https:\/\/i0.wp.com\/www.akehedman.se\/wordpress\/wp-content\/uploads\/2020\/12\/pexels-photo-247314.jpeg?resize=1050%2C600&ssl=1 3x, https:\/\/i0.wp.com\/www.akehedman.se\/wordpress\/wp-content\/uploads\/2020\/12\/pexels-photo-247314.jpeg?resize=1400%2C800&ssl=1 4x"},"classes":[]}],"jetpack_shortlink":"https:\/\/wp.me\/p68PL2-9ig","_links":{"self":[{"href":"https:\/\/www.akehedman.se\/wordpress\/index.php?rest_route=\/wp\/v2\/posts\/35728","targetHints":{"allow":["GET"]}}],"collection":[{"href":"https:\/\/www.akehedman.se\/wordpress\/index.php?rest_route=\/wp\/v2\/posts"}],"about":[{"href":"https:\/\/www.akehedman.se\/wordpress\/index.php?rest_route=\/wp\/v2\/types\/post"}],"author":[{"embeddable":true,"href":"https:\/\/www.akehedman.se\/wordpress\/index.php?rest_route=\/wp\/v2\/users\/24"}],"replies":[{"embeddable":true,"href":"https:\/\/www.akehedman.se\/wordpress\/index.php?rest_route=%2Fwp%2Fv2%2Fcomments&post=35728"}],"version-history":[{"count":1,"href":"https:\/\/www.akehedman.se\/wordpress\/index.php?rest_route=\/wp\/v2\/posts\/35728\/revisions"}],"predecessor-version":[{"id":35730,"href":"https:\/\/www.akehedman.se\/wordpress\/index.php?rest_route=\/wp\/v2\/posts\/35728\/revisions\/35730"}],"wp:attachment":[{"href":"https:\/\/www.akehedman.se\/wordpress\/index.php?rest_route=%2Fwp%2Fv2%2Fmedia&parent=35728"}],"wp:term":[{"taxonomy":"category","embeddable":true,"href":"https:\/\/www.akehedman.se\/wordpress\/index.php?rest_route=%2Fwp%2Fv2%2Fcategories&post=35728"},{"taxonomy":"post_tag","embeddable":true,"href":"https:\/\/www.akehedman.se\/wordpress\/index.php?rest_route=%2Fwp%2Fv2%2Ftags&post=35728"}],"curies":[{"name":"wp","href":"https:\/\/api.w.org\/{rel}","templated":true}]}}