{"id":35368,"date":"2020-06-26T07:43:43","date_gmt":"2020-06-26T06:43:43","guid":{"rendered":"https:\/\/www.akehedman.se\/wordpress\/?p=35368"},"modified":"2020-06-28T20:10:45","modified_gmt":"2020-06-28T19:10:45","slug":"service","status":"publish","type":"post","link":"https:\/\/www.akehedman.se\/wordpress\/?p=35368","title":{"rendered":"Service"},"content":{"rendered":"\n<figure class=\"wp-block-image size-large\"><img data-recalc-dims=\"1\" loading=\"lazy\" decoding=\"async\" width=\"514\" height=\"914\" src=\"https:\/\/i0.wp.com\/www.akehedman.se\/wordpress\/wp-content\/uploads\/2020\/06\/IMG_20200625_202907992.jpg?resize=514%2C914&#038;ssl=1\" alt=\"\" class=\"wp-image-35369\" srcset=\"https:\/\/i0.wp.com\/www.akehedman.se\/wordpress\/wp-content\/uploads\/2020\/06\/IMG_20200625_202907992.jpg?w=514&amp;ssl=1 514w, https:\/\/i0.wp.com\/www.akehedman.se\/wordpress\/wp-content\/uploads\/2020\/06\/IMG_20200625_202907992.jpg?resize=169%2C300&amp;ssl=1 169w\" sizes=\"auto, (max-width: 514px) 100vw, 514px\" \/><\/figure>\n\n\n\n<p class=\"wp-block-paragraph\">Jag best\u00e4ller reservdelar. Tre trasiga maskiner. Det \u00e4r s\u00e5 sommar ser ut h\u00e4r. Det som fallerar under vintern f\u00e5r fixas under l\u00e4ttsamhetens och ekonomins sommar. Jod\u00e5, det borde v\u00e4l k\u00f6pas nytt i alla tre fallen. Men f\u00f6rs\u00f6ker &#8220;en g\u00e5ng till&#8221;.<\/p>\n\n\n\n<p class=\"wp-block-paragraph\">Fast l\u00e4ttare det d\u00e4r med reservdelar nu f\u00f6r tiden. Det finns till de flesta vitvaror idag. Letar men i Tyskland och England s\u00e5 \u00e4r priserna inklusive frakt dessutom n\u00e5gra hundra kronor l\u00e4gre. S\u00e5 d\u00e4r letar man s\u00e5klart. Fast ibland \u00e4r det tv\u00e4rt om ocks\u00e5 s\u00e5 man f\u00e5r kolla runt lite.<\/p>\n\n\n\n<p class=\"wp-block-paragraph\">Best\u00e4ller inmurningsstos till Kaminen h\u00e4r p\u00e5 kontoret ocks\u00e5. Nu j\u00e4klar skall det h\u00e4nda. Vi (ja &#8220;vi&#8221; \u00e4r jag) b\u00f6rjar med muren. Lite sp\u00e4nnande.<\/p>\n\n\n\n<p class=\"wp-block-paragraph\">Snart \u00e4r det dags att f\u00f6rs\u00f6ka f\u00e5 bilen genom besiktningen igen. Allts\u00e5 p\u00e5 tal om reservdelar&#8230;<\/p>\n\n\n\n<p class=\"wp-block-paragraph\">Men det \u00e4r s\u00e5d\u00e4r &#8220;sommar&#8221; ser ut. Antar att det inte bara \u00e4r h\u00e4r. Man har mer tid till det d\u00e4r man &#8220;inte hinner&#8221; med under andra delar av \u00e5ret.<\/p>\n\n\n\n<p class=\"wp-block-paragraph\">V\u00e4rmen \u00e4r kvar. Ig\u00e5r var det &#8220;n\u00e4stan jobbigt&#8221;. Alla f\u00f6nster \u00f6ppna men man satt h\u00e4r p\u00e5 l\u00e5tsaskontoret \u00e4nd\u00e5 och svettades. Fast sk\u00f6nt ocks\u00e5 s\u00e5klart. Utan l\u00e5tsasjobb s\u00e5 var det s\u00e5klart helt annorlunda. Nope, inte ens ett &#8220;riktigt jobb&#8221; hj\u00e4lper. M\u00f6jligen badvakt d\u00e5. Fast kv\u00e4llsjobben \u00e4r underbara numera n\u00e4r man kan sitta d\u00e4r med f\u00f6nstren \u00f6ppna, sl\u00e5 en mygga ibland &#8211; avskyr f\u00f6r \u00f6vrigt att d\u00f6da dem &#8211; lyssna p\u00e5 f\u00e5gels\u00e5ng. Konkurrerar med dem genom att spela musik h\u00f6gt, h\u00f6gt, h\u00f6gt. Fast lyssnar mest.<\/p>\n\n\n\n<p class=\"wp-block-paragraph\"> Koltrasten sjunger p\u00e5 sitt b\u00e4sta h\u00e4r utanf\u00f6r. Varf\u00f6r griper den d\u00e4r s\u00e5ngen tag i mig s\u00e5 h\u00e5rt? Kanske \u00e4r det den d\u00e4r lite vemodiga tonen som finns i den. Som sv\u00e4nger ihop med mitt eget vemod. Gifter sig i hj\u00e4rttrakten n\u00e5gonstans. <\/p>\n\n\n\n<p class=\"wp-block-paragraph\">Fast gl\u00e4dje \u00f6ver att finnas till finns ocks\u00e5 d\u00e4r i Koltrasts\u00e5ngen. Vi har den gemensam ocks\u00e5. Balansen mellan de tv\u00e5. J\u00e4mvikten.<\/p>\n\n\n\n<p class=\"wp-block-paragraph\"> Jag borde klippa mig. Borde ha gjort det f\u00f6r ett halv\u00e5r sedan. Det \u00e4r samma sak varje \u00e5r. Jag g\u00e5r till fris\u00f6ren. H\u00e5ret \u00e4r s\u00e5 l\u00e5ngt att man f\u00e5r sk\u00e4mmas. Det friseras. Jag best\u00e4mmer mig f\u00f6r att &#8220;nu skall jag h\u00e5lla efter&#8221;. Sen g\u00e5r det ett \u00e5r igen. Ja, dyrt blir det ju i alla fall inte. Alltid n\u00e5got. Inte m\u00e5nga ser mig heller f\u00f6r den delen s\u00e5 det drabbar v\u00e4l mest mig sj\u00e4lv dessutom.<\/p>\n\n\n\n<p class=\"wp-block-paragraph\">Jag skall f\u00f6rs\u00f6ka ha ledigt fr\u00e5n l\u00e5tsasjobb under fyra veckor i sommar. En vecka till bara. Vi f\u00e5r se hur det g\u00e5r. Regniga dagar kan man v\u00e4l \u00e4nd\u00e5 slinka ner hit lite. Fast jag skall definitivt anv\u00e4nda den tiden f\u00f6r att g\u00f6ra lite ny musik ocks\u00e5. Har lite liggande. Fel. Har ganska mycket liggande. Men det skulle beh\u00f6vas lite investeringar d\u00e4r i studion ocks\u00e5. V\u00e4ldigt eftersatt som det ser ut f\u00f6r tillf\u00e4llet. Blir tungjobbat. Fast med lite vilja g\u00e5r det s\u00e5klart. Vilja har jag massor. Det h\u00e4rligaste med de d\u00e4r studiosessionerna \u00e4r att tiden bara f\u00f6rsvinner. En g\u00e5ng satte jag mig en f\u00f6rmiddag. Var lite kissn\u00f6dig och beh\u00f6vde v\u00e4l egentligen g\u00e5 och t\u00f6mma. Men f\u00f6rsvann i det d\u00e4r musikaliska och f\u00f6rst vid sextiden p\u00e5 kv\u00e4llen blev det toabes\u00f6k. D\u00e5 s\u00e5klart i panik. Men det blir l\u00e4tt. &#8220;Skall bara&#8221;,&#8221;Vad h\u00e4nder om&#8221;. &#8220;En g\u00e5ng till&#8221;. Fast jag \u00f6nskar att jag kunde uppb\u00e5da det d\u00e4r teknikintresset ocks\u00e5 i musikdelen. Men det kan jag inte. Musik \u00e4r en teknikfri zon f\u00f6r mig. Blir bara irriterad n\u00e4r den blandar sig i. Ocks\u00e5 d\u00e4rf\u00f6r kan jag inte riktigt hitta gl\u00e4djen i mixandet, frekvenser och s\u00e5dant hit och dit. Jag lyssnar. L\u00e5ter det skapligt? Ja, d\u00e5 f\u00e5r det duga. Ibland f\u00e5r det faktiskt duga \u00e4nd\u00e5. D\u00e4rf\u00f6r att jag inte kan uppb\u00e5da energin att b\u00f6rja om med alla rattar.<\/p>\n\n\n\n<p class=\"wp-block-paragraph\">Men lyssnar man p\u00e5 demos fr\u00e5n k\u00e4nda artister s\u00e5 \u00e4r det v\u00e4l ingen st\u00f6rre  skillnad i kvalitet p\u00e5 det jag \u00e5stadkommer. Allts\u00e5 tekniskt. Mycket beat, sk\u00f6nhet, hit-k\u00e4nsla skapas av de som tar vid efter en demol\u00e5t har presenterats. Ingen \u00e4r expert p\u00e5 allt. B\u00e4st blir det om man kan l\u00e4gga 100% p\u00e5 den del man gillar och beh\u00e4rskar, sen l\u00e4mnar man \u00f6ver till n\u00e5gon som l\u00e4gger 100% p\u00e5 det som dom gillar och beh\u00e4rskar. Ja osv. D\u00e5 blir det bra.<\/p>\n\n\n\n<p class=\"wp-block-paragraph\">L\u00e5t fredagen ta sin b\u00f6rjan.<\/p>\n\n\n\n<p class=\"wp-block-paragraph\"><strong>NU<\/strong>!<\/p>\n","protected":false},"excerpt":{"rendered":"<p>Jag best\u00e4ller reservdelar. Tre trasiga maskiner. Det \u00e4r s\u00e5 sommar ser ut h\u00e4r. Det som fallerar under vintern f\u00e5r fixas under l\u00e4ttsamhetens och ekonomins sommar. Jod\u00e5, det borde v\u00e4l k\u00f6pas nytt i alla tre fallen. Men f\u00f6rs\u00f6ker &#8220;en g\u00e5ng till&#8221;. Fast l\u00e4ttare det d\u00e4r med reservdelar nu f\u00f6r tiden. Det finns till de flesta vitvaror [&hellip;]<\/p>\n","protected":false},"author":24,"featured_media":0,"comment_status":"open","ping_status":"open","sticky":false,"template":"","format":"standard","meta":{"_crdt_document":"","jetpack_post_was_ever_published":false,"_jetpack_newsletter_access":"","_jetpack_dont_email_post_to_subs":false,"_jetpack_newsletter_tier_id":0,"_jetpack_memberships_contains_paywalled_content":false,"_jetpack_memberships_contains_paid_content":false,"footnotes":"","jetpack_publicize_message":"","jetpack_publicize_feature_enabled":true,"jetpack_social_post_already_shared":false,"jetpack_social_options":{"image_generator_settings":{"template":"highway","default_image_id":0,"font":"","enabled":false},"version":2}},"categories":[24],"tags":[],"class_list":["post-35368","post","type-post","status-publish","format-standard","hentry","category-betraktelser"],"jetpack_publicize_connections":[],"jetpack_featured_media_url":"","jetpack_sharing_enabled":true,"jetpack_likes_enabled":true,"jetpack-related-posts":[{"id":32599,"url":"https:\/\/www.akehedman.se\/wordpress\/?p=32599","url_meta":{"origin":35368,"position":0},"title":"V\u00e4rmeb\u00f6lja","author":"\u00c5ke Hedman","date":"2019-07-26","format":false,"excerpt":"B\u00f6rjar dagen med h\u00e4lsocentral. CRP. Som \u00e4r bra. Hurra! Patch bort. Ocks\u00e5 bra. Nu kan man duscha som en vanlig m\u00e4nniska. N\u00e5ja, ganska vanlig. Toppen. N\u00e4sta vecka \u00e4r vi d\u00e4r igen. P\u00c5 h\u00e4lsocentralen. Men prat med \u00d6verl\u00e4kare Bj\u00f6rn ocks\u00e5. Hudikmusik idag. En hel del bra. Men utan mig och K\u2026","rel":"","context":"In &quot;Betraktelser &amp; Ber\u00e4ttelse&quot;","block_context":{"text":"Betraktelser &amp; Ber\u00e4ttelse","link":"https:\/\/www.akehedman.se\/wordpress\/?cat=24"},"img":{"alt_text":"","src":"https:\/\/i0.wp.com\/www.akehedman.se\/wordpress\/wp-content\/uploads\/2019\/07\/IMG_20190725_153159089.jpg?resize=350%2C200&ssl=1","width":350,"height":200,"srcset":"https:\/\/i0.wp.com\/www.akehedman.se\/wordpress\/wp-content\/uploads\/2019\/07\/IMG_20190725_153159089.jpg?resize=350%2C200&ssl=1 1x, https:\/\/i0.wp.com\/www.akehedman.se\/wordpress\/wp-content\/uploads\/2019\/07\/IMG_20190725_153159089.jpg?resize=525%2C300&ssl=1 1.5x, https:\/\/i0.wp.com\/www.akehedman.se\/wordpress\/wp-content\/uploads\/2019\/07\/IMG_20190725_153159089.jpg?resize=700%2C400&ssl=1 2x, https:\/\/i0.wp.com\/www.akehedman.se\/wordpress\/wp-content\/uploads\/2019\/07\/IMG_20190725_153159089.jpg?resize=1050%2C600&ssl=1 3x, https:\/\/i0.wp.com\/www.akehedman.se\/wordpress\/wp-content\/uploads\/2019\/07\/IMG_20190725_153159089.jpg?resize=1400%2C800&ssl=1 4x"},"classes":[]},{"id":30365,"url":"https:\/\/www.akehedman.se\/wordpress\/?p=30365","url_meta":{"origin":35368,"position":1},"title":"Ovala rum","author":"\u00c5ke Hedman","date":"2018-10-21","format":false,"excerpt":"Jerkers d\u00f6dsannons finns i \"tidningen\". Sorgligt \u00e4r det. Man t\u00e4nker cancerhelvete. Regnet \u00f6ser ner. Som om det var sommar. Och temperaturen s\u00e4ger faktiskt n\u00e4stan sommar den med. Drygt nio grader h\u00e4r p\u00e5 kv\u00e4llen. Men sen faller termometerns pelare snabbt. Gissningsvis blir det j\u00e4vligt hala morgontimmar imorgon. N\u00e5gra kommer inte bry\u2026","rel":"","context":"In &quot;Betraktelser &amp; Ber\u00e4ttelse&quot;","block_context":{"text":"Betraktelser &amp; Ber\u00e4ttelse","link":"https:\/\/www.akehedman.se\/wordpress\/?cat=24"},"img":{"alt_text":"","src":"https:\/\/i0.wp.com\/www.akehedman.se\/wordpress\/wp-content\/uploads\/2018\/10\/Screenshot-from-2018-10-21-22-39-59.png?resize=350%2C200","width":350,"height":200},"classes":[]},{"id":32757,"url":"https:\/\/www.akehedman.se\/wordpress\/?p=32757","url_meta":{"origin":35368,"position":2},"title":"Andra dagar","author":"\u00c5ke Hedman","date":"2019-08-13","format":false,"excerpt":"Att st\u00e4da mitt l\u00e5tsaskontor \u00e4r enkelt om man ser d\u00e5ligt. Man flyttar bara saker fr\u00e5n ett rum till ett annat. De stora sakerna man ser tydligt och klart b\u00e4r man iv\u00e4g med. Resten kan vara kvar d\u00e4r de st\u00e5r. Dammtussar, grus, d\u00f6da r\u00e5ttor och s\u00e5dant. Det man inte ser har\u2026","rel":"","context":"In &quot;Betraktelser &amp; Ber\u00e4ttelse&quot;","block_context":{"text":"Betraktelser &amp; Ber\u00e4ttelse","link":"https:\/\/www.akehedman.se\/wordpress\/?cat=24"},"img":{"alt_text":"","src":"https:\/\/i0.wp.com\/www.akehedman.se\/wordpress\/wp-content\/uploads\/2019\/08\/IMG_20190813_170529210_HDR.jpg?resize=350%2C200&ssl=1","width":350,"height":200,"srcset":"https:\/\/i0.wp.com\/www.akehedman.se\/wordpress\/wp-content\/uploads\/2019\/08\/IMG_20190813_170529210_HDR.jpg?resize=350%2C200&ssl=1 1x, https:\/\/i0.wp.com\/www.akehedman.se\/wordpress\/wp-content\/uploads\/2019\/08\/IMG_20190813_170529210_HDR.jpg?resize=525%2C300&ssl=1 1.5x, https:\/\/i0.wp.com\/www.akehedman.se\/wordpress\/wp-content\/uploads\/2019\/08\/IMG_20190813_170529210_HDR.jpg?resize=700%2C400&ssl=1 2x, https:\/\/i0.wp.com\/www.akehedman.se\/wordpress\/wp-content\/uploads\/2019\/08\/IMG_20190813_170529210_HDR.jpg?resize=1050%2C600&ssl=1 3x, https:\/\/i0.wp.com\/www.akehedman.se\/wordpress\/wp-content\/uploads\/2019\/08\/IMG_20190813_170529210_HDR.jpg?resize=1400%2C800&ssl=1 4x"},"classes":[]},{"id":24770,"url":"https:\/\/www.akehedman.se\/wordpress\/?p=24770","url_meta":{"origin":35368,"position":3},"title":"Semester fr\u00e5n vad?&#8230;","author":"\u00c5ke Hedman","date":"2017-06-28","format":false,"excerpt":"Jag \u00e4lskar \"sommar\", allts\u00e5 \"sommar i P1\", men har inte riktigt kommit ig\u00e5ng med lyssnandet i \u00e5r f\u00f6rr\u00e4n idag. \u00a0Rickard S\u00f6derberg, kanonbra s\u00e5klart. Man visste ju det redan innan man lyssnade liksom. Den h\u00e4r programformen \u00e4r nog en av de b\u00e4sta man kan t\u00e4nka sig. I alla fall om man\u2026","rel":"","context":"In &quot;Betraktelser &amp; Ber\u00e4ttelse&quot;","block_context":{"text":"Betraktelser &amp; Ber\u00e4ttelse","link":"https:\/\/www.akehedman.se\/wordpress\/?cat=24"},"img":{"alt_text":"","src":"https:\/\/i0.wp.com\/www.akehedman.se\/wordpress\/wp-content\/uploads\/2017\/06\/img200b-1024x684.jpg?resize=350%2C200","width":350,"height":200,"srcset":"https:\/\/i0.wp.com\/www.akehedman.se\/wordpress\/wp-content\/uploads\/2017\/06\/img200b-1024x684.jpg?resize=350%2C200 1x, https:\/\/i0.wp.com\/www.akehedman.se\/wordpress\/wp-content\/uploads\/2017\/06\/img200b-1024x684.jpg?resize=525%2C300 1.5x"},"classes":[]},{"id":25067,"url":"https:\/\/www.akehedman.se\/wordpress\/?p=25067","url_meta":{"origin":35368,"position":4},"title":"Plockar","author":"\u00c5ke Hedman","date":"2017-08-17","format":false,"excerpt":"S\u00e5 det \u00e4r torsdag. Jag beh\u00f6ver plocka med lite grejer s\u00e5 jag lyssnar p\u00e5 sommar. Radio och att plocka med saker passar ihop. F\u00f6rs\u00f6ker komma ikapp i lyssnandet lite s\u00e5 att jag f\u00e5r hell\u00e4ngdsmusik med p\u00e5 \"mina\" lyssningar. Tror allts\u00e5 att musikvalet ocks\u00e5 s\u00e4ger n\u00e5got om den d\u00e4r m\u00e4nniskan som\u2026","rel":"","context":"In &quot;Betraktelser &amp; Ber\u00e4ttelse&quot;","block_context":{"text":"Betraktelser &amp; Ber\u00e4ttelse","link":"https:\/\/www.akehedman.se\/wordpress\/?cat=24"},"img":{"alt_text":"","src":"https:\/\/i0.wp.com\/www.akehedman.se\/wordpress\/wp-content\/uploads\/2017\/07\/IMG_20170701_165830486_HDR-768x1024.jpg?resize=350%2C200","width":350,"height":200,"srcset":"https:\/\/i0.wp.com\/www.akehedman.se\/wordpress\/wp-content\/uploads\/2017\/07\/IMG_20170701_165830486_HDR-768x1024.jpg?resize=350%2C200 1x, https:\/\/i0.wp.com\/www.akehedman.se\/wordpress\/wp-content\/uploads\/2017\/07\/IMG_20170701_165830486_HDR-768x1024.jpg?resize=525%2C300 1.5x"},"classes":[]},{"id":17320,"url":"https:\/\/www.akehedman.se\/wordpress\/?p=17320","url_meta":{"origin":35368,"position":5},"title":"Kafferasten och flickorna","author":"\u00c5ke Hedman","date":"2015-04-02","format":false,"excerpt":"Kafferast efter lunch.\u00a0 K \u00e4r hemma == lyxigare lunch. Jag \u00e4r en bortsk\u00e4md j\u00e4vel. Men tacksam. Letar fortfarande koncentration. Och h\u00e5ller p\u00e5 att installera fortfarande. Japp b\u00f6rjade ig\u00e5r innan halv sju. Sket sig ju inatt s\u00e5klart. Fastnade. F\u00e5tt lirka lite idag. S\u00e5 snart s\u00e5. Kanske. Sl\u00e4nger lite datorskrot. Lite betyder\u2026","rel":"","context":"In &quot;Betraktelser &amp; Ber\u00e4ttelse&quot;","block_context":{"text":"Betraktelser &amp; Ber\u00e4ttelse","link":"https:\/\/www.akehedman.se\/wordpress\/?cat=24"},"img":{"alt_text":"koltrast_080104_0739_600","src":"https:\/\/i0.wp.com\/www.eurosource.se\/akhe\/wordpress\/wp-content\/uploads\/2013\/10\/koltrast_080104_0739_600.jpg?resize=350%2C200","width":350,"height":200,"srcset":"https:\/\/i0.wp.com\/www.eurosource.se\/akhe\/wordpress\/wp-content\/uploads\/2013\/10\/koltrast_080104_0739_600.jpg?resize=350%2C200 1x, https:\/\/i0.wp.com\/www.eurosource.se\/akhe\/wordpress\/wp-content\/uploads\/2013\/10\/koltrast_080104_0739_600.jpg?resize=525%2C300 1.5x"},"classes":[]}],"jetpack_shortlink":"https:\/\/wp.me\/s68PL2-service","_links":{"self":[{"href":"https:\/\/www.akehedman.se\/wordpress\/index.php?rest_route=\/wp\/v2\/posts\/35368","targetHints":{"allow":["GET"]}}],"collection":[{"href":"https:\/\/www.akehedman.se\/wordpress\/index.php?rest_route=\/wp\/v2\/posts"}],"about":[{"href":"https:\/\/www.akehedman.se\/wordpress\/index.php?rest_route=\/wp\/v2\/types\/post"}],"author":[{"embeddable":true,"href":"https:\/\/www.akehedman.se\/wordpress\/index.php?rest_route=\/wp\/v2\/users\/24"}],"replies":[{"embeddable":true,"href":"https:\/\/www.akehedman.se\/wordpress\/index.php?rest_route=%2Fwp%2Fv2%2Fcomments&post=35368"}],"version-history":[{"count":3,"href":"https:\/\/www.akehedman.se\/wordpress\/index.php?rest_route=\/wp\/v2\/posts\/35368\/revisions"}],"predecessor-version":[{"id":35374,"href":"https:\/\/www.akehedman.se\/wordpress\/index.php?rest_route=\/wp\/v2\/posts\/35368\/revisions\/35374"}],"wp:attachment":[{"href":"https:\/\/www.akehedman.se\/wordpress\/index.php?rest_route=%2Fwp%2Fv2%2Fmedia&parent=35368"}],"wp:term":[{"taxonomy":"category","embeddable":true,"href":"https:\/\/www.akehedman.se\/wordpress\/index.php?rest_route=%2Fwp%2Fv2%2Fcategories&post=35368"},{"taxonomy":"post_tag","embeddable":true,"href":"https:\/\/www.akehedman.se\/wordpress\/index.php?rest_route=%2Fwp%2Fv2%2Ftags&post=35368"}],"curies":[{"name":"wp","href":"https:\/\/api.w.org\/{rel}","templated":true}]}}