{"id":35351,"date":"2020-06-24T22:48:51","date_gmt":"2020-06-24T21:48:51","guid":{"rendered":"https:\/\/www.akehedman.se\/wordpress\/?p=35351"},"modified":"2020-06-24T22:48:51","modified_gmt":"2020-06-24T21:48:51","slug":"tystnaden-2","status":"publish","type":"post","link":"https:\/\/www.akehedman.se\/wordpress\/?p=35351","title":{"rendered":"Tystnaden"},"content":{"rendered":"\n<figure class=\"wp-block-image size-large\"><img data-recalc-dims=\"1\" loading=\"lazy\" decoding=\"async\" width=\"580\" height=\"369\" src=\"https:\/\/i0.wp.com\/www.akehedman.se\/wordpress\/wp-content\/uploads\/2020\/06\/Screenshot-from-2020-06-24-22-27-00.png?resize=580%2C369&#038;ssl=1\" alt=\"\" class=\"wp-image-35352\" srcset=\"https:\/\/i0.wp.com\/www.akehedman.se\/wordpress\/wp-content\/uploads\/2020\/06\/Screenshot-from-2020-06-24-22-27-00.png?resize=1024%2C652&amp;ssl=1 1024w, https:\/\/i0.wp.com\/www.akehedman.se\/wordpress\/wp-content\/uploads\/2020\/06\/Screenshot-from-2020-06-24-22-27-00.png?resize=300%2C191&amp;ssl=1 300w, https:\/\/i0.wp.com\/www.akehedman.se\/wordpress\/wp-content\/uploads\/2020\/06\/Screenshot-from-2020-06-24-22-27-00.png?resize=768%2C489&amp;ssl=1 768w, https:\/\/i0.wp.com\/www.akehedman.se\/wordpress\/wp-content\/uploads\/2020\/06\/Screenshot-from-2020-06-24-22-27-00.png?resize=1200%2C764&amp;ssl=1 1200w, https:\/\/i0.wp.com\/www.akehedman.se\/wordpress\/wp-content\/uploads\/2020\/06\/Screenshot-from-2020-06-24-22-27-00.png?w=1213&amp;ssl=1 1213w\" sizes=\"auto, (max-width: 580px) 100vw, 580px\" \/><\/figure>\n\n\n\n<p class=\"wp-block-paragraph\">En f\u00e5gel och jag. Det \u00e4r s\u00e5 det k\u00e4nns. Jag f\u00f6rbereder mig f\u00f6r att ge upp l\u00e5tsasjobbbet f\u00f6r den h\u00e4r dan och f\u00e5geln funderar v\u00e4l p\u00e5 natts\u00f6mn den med. Den sjunger hur som helst sorgligt men vackert d\u00e4r en bit upp mot berget och jag sitter p\u00e5 f\u00f6rsta parkett lyssnandes med vid\u00f6ppna f\u00f6nster. Blir lite melankolisk. En k\u00e4nsla jag h\u00f6gaktar. Jag vet s\u00e5klart inte vad f\u00e5gel heter. M\u00e4nniskonamnet, katalogiseringen som allt m\u00e5ste ha f\u00f6r att finnas. Men det spelar ingen roll f\u00f6r mig. Jag kan njuta av s\u00e5ngen \u00e4nd\u00e5. <\/p>\n\n\n\n<p class=\"wp-block-paragraph\">Fast f\u00f6rr &#8220;kunde&#8221; man nog fler f\u00e5glar. Hade namn p\u00e5 dem. Nu k\u00e4nner jag igen bara n\u00e5gra f\u00e5 p\u00e5 l\u00e4tet. Som med musiken ocks\u00e5. Tonerna k\u00e4nner jag igen men det tar en stund innan jag vet vem som \u00e5stadkommer dem. Om \u00f6verhuvudtaget det kommer till mig. \u00c5ldersf\u00f6rfall.<\/p>\n\n\n\n<p class=\"wp-block-paragraph\">Varmt h\u00e4r idag. Man har f\u00e5tt k\u00e4mpa med koncentrationen. Men en skaplig dag \u00e4nd\u00e5. N\u00f6jd. <\/p>\n\n\n\n<p class=\"wp-block-paragraph\">Det \u00e4r gott att leva kv\u00e4llar som denna. Andra kv\u00e4llar med. Min beg\u00e5vning \u00e4r kanske livslusten. Ja den och f\u00f6rn\u00f6jsamheten. Eller &#8220;mina g\u00e5vor&#8221;. F\u00f6r inte har jag jobbat speciellt mycket f\u00f6r det d\u00e4r. Det mesta \u00e4r \u00e4nd\u00e5 gl\u00e4dje mer \u00e4n olycka. Gudarna skall veta att det har funnits utrymme f\u00f6r olyckligt nedgr\u00e4vande i sin egen bitterhets grav i mitt liv med. Fast jag ins\u00e5g tidigt att man alltid har v\u00e4gval.  Man best\u00e4mmer h\u00f6ger eller v\u00e4nster sj\u00e4lv. Vilken v\u00e4g man tar. Sen m\u00e5ste man s\u00e5klart ta konsekvenserna av den v\u00e4g man v\u00e4ljer. V\u00e4lja andra v\u00e4gar som mildrar om man g\u00e5tt i riktningar som g\u00f6r ont. F\u00f6rs\u00f6ka i alla fall. Prova. Tro att det g\u00e5r.<\/p>\n\n\n\n<p class=\"wp-block-paragraph\">Den sorgsna f\u00e5geln har tystnat nu. <em>Efter-midsommarm\u00f6rker<\/em> r\u00e5der. Jag skall vandra upp f\u00f6r trapporna jag med. L\u00e4sa en stund. Tillgodog\u00f6ra mig ord och historia tills \u00f6gonen inte l\u00e4ngre orkar mer. D\u00e5 kan ocool gubbe lugnt somna och l\u00e5ta dr\u00f6mv\u00e4rlden f\u00f6ra honom till platser han inte alls trodde fanns. Det \u00e4r gott att vara sovandes ocks\u00e5 efter en dag i l\u00e5tsasjobbsland. <\/p>\n\n\n\n<p class=\"wp-block-paragraph\">God natt!<\/p>\n","protected":false},"excerpt":{"rendered":"<p>En f\u00e5gel och jag. Det \u00e4r s\u00e5 det k\u00e4nns. Jag f\u00f6rbereder mig f\u00f6r att ge upp l\u00e5tsasjobbbet f\u00f6r den h\u00e4r dan och f\u00e5geln funderar v\u00e4l p\u00e5 natts\u00f6mn den med. Den sjunger hur som helst sorgligt men vackert d\u00e4r en bit upp mot berget och jag sitter p\u00e5 f\u00f6rsta parkett lyssnandes med vid\u00f6ppna f\u00f6nster. Blir lite [&hellip;]<\/p>\n","protected":false},"author":24,"featured_media":0,"comment_status":"open","ping_status":"open","sticky":false,"template":"","format":"standard","meta":{"_crdt_document":"","jetpack_post_was_ever_published":false,"_jetpack_newsletter_access":"","_jetpack_dont_email_post_to_subs":false,"_jetpack_newsletter_tier_id":0,"_jetpack_memberships_contains_paywalled_content":false,"_jetpack_memberships_contains_paid_content":false,"footnotes":"","jetpack_publicize_message":"","jetpack_publicize_feature_enabled":true,"jetpack_social_post_already_shared":false,"jetpack_social_options":{"image_generator_settings":{"template":"highway","default_image_id":0,"font":"","enabled":false},"version":2}},"categories":[24],"tags":[],"class_list":["post-35351","post","type-post","status-publish","format-standard","hentry","category-betraktelser"],"jetpack_publicize_connections":[],"jetpack_featured_media_url":"","jetpack_sharing_enabled":true,"jetpack_likes_enabled":true,"jetpack-related-posts":[{"id":8714,"url":"https:\/\/www.akehedman.se\/wordpress\/?p=8714","url_meta":{"origin":35351,"position":0},"title":"L\u00e5t inte mig st\u00f6ra","author":"\u00c5ke Hedman","date":"2013-08-20","format":false,"excerpt":"Bara tranorna h\u00f6rs d\u00e4r vid postl\u00e5dan. P\u00e5 v\u00e4g nu, i alla fall snart, Afrika, Asien, Indien, Kina, jag vet inte vart just v\u00e5ra skall bege sig men det \u00e4r h\u00e4ftigt att t\u00e4nka sig att de skall ge sig ut p\u00e5 en s\u00e5 avl\u00e4gsen resa. Det \u00e4r l\u00e5ngt borta fr\u00e5n en\u2026","rel":"","context":"In &quot;Betraktelser &amp; Ber\u00e4ttelse&quot;","block_context":{"text":"Betraktelser &amp; Ber\u00e4ttelse","link":"https:\/\/www.akehedman.se\/wordpress\/?cat=24"},"img":{"alt_text":"tranor (1)","src":"https:\/\/i0.wp.com\/www.eurosource.se\/akhe\/wordpress\/wp-content\/uploads\/2013\/08\/tranor-1.jpg?resize=350%2C200","width":350,"height":200,"srcset":"https:\/\/i0.wp.com\/www.eurosource.se\/akhe\/wordpress\/wp-content\/uploads\/2013\/08\/tranor-1.jpg?resize=350%2C200 1x, https:\/\/i0.wp.com\/www.eurosource.se\/akhe\/wordpress\/wp-content\/uploads\/2013\/08\/tranor-1.jpg?resize=525%2C300 1.5x"},"classes":[]},{"id":8088,"url":"https:\/\/www.akehedman.se\/wordpress\/?p=8088","url_meta":{"origin":35351,"position":1},"title":"D\u00e4r jag l\u00e4gger min hatt&#8230;","author":"\u00c5ke Hedman","date":"2013-07-24","format":false,"excerpt":"Han pissar p\u00e5 mig d\u00e4r uppifr\u00e5n. Skrattar med en r\u00e5het och en barnslig gl\u00e4dje som bara kan komma fr\u00e5n ett f\u00f6rlorat hj\u00e4rta. De som allt f\u00f6r m\u00e5nga av de som s\u00e4ger att de \u00e4r Guds barn hade f\u00f6rlorat d\u00e4r i Edsbyn 1977. Men bl\u00e5san \u00e4r inte t\u00f6md \u00e4nnu. Han f\u00f6rs\u00f6ker\u2026","rel":"","context":"In &quot;Betraktelser &amp; Ber\u00e4ttelse&quot;","block_context":{"text":"Betraktelser &amp; Ber\u00e4ttelse","link":"https:\/\/www.akehedman.se\/wordpress\/?cat=24"},"img":{"alt_text":"Hatt","src":"https:\/\/i0.wp.com\/www.eurosource.se\/akhe\/wordpress\/wp-content\/uploads\/2013\/07\/Hatt-1024x908.jpg?resize=350%2C200","width":350,"height":200,"srcset":"https:\/\/i0.wp.com\/www.eurosource.se\/akhe\/wordpress\/wp-content\/uploads\/2013\/07\/Hatt-1024x908.jpg?resize=350%2C200 1x, https:\/\/i0.wp.com\/www.eurosource.se\/akhe\/wordpress\/wp-content\/uploads\/2013\/07\/Hatt-1024x908.jpg?resize=525%2C300 1.5x"},"classes":[]},{"id":9438,"url":"https:\/\/www.akehedman.se\/wordpress\/?p=9438","url_meta":{"origin":35351,"position":2},"title":"Men sen Moder Theresa dog vet jag bara inte vilka de \u00e4r.","author":"\u00c5ke Hedman","date":"2013-09-08","format":false,"excerpt":"Solen g\u00e5r upp bakom \u00d6rnberget ocks\u00e5 den h\u00e4r morgonen. Den f\u00e5r k\u00e4mpa lite f\u00f6r att ta sig \u00f6ver de branta stup d\u00e4r \u00f6rnarna en g\u00e5ng h\u00e4ckade, innan m\u00e4nniskorna. Sega p\u00e5 upp, upp, upp, innan den kan se ut \u00f6ver kanten och kan belysa Brattberget, och s\u00e5 lite till, upp\u00e5t igen,\u2026","rel":"","context":"In &quot;Betraktelser &amp; Ber\u00e4ttelse&quot;","block_context":{"text":"Betraktelser &amp; Ber\u00e4ttelse","link":"https:\/\/www.akehedman.se\/wordpress\/?cat=24"},"img":{"alt_text":"4882_Kopia-978","src":"https:\/\/i0.wp.com\/www.eurosource.se\/akhe\/wordpress\/wp-content\/uploads\/2013\/09\/4882_Kopia-978.jpg?resize=350%2C200","width":350,"height":200},"classes":[]},{"id":16956,"url":"https:\/\/www.akehedman.se\/wordpress\/?p=16956","url_meta":{"origin":35351,"position":3},"title":"Inga tranor h\u00e4r inte","author":"\u00c5ke Hedman","date":"2015-03-10","format":false,"excerpt":"Nyhetssomnar ikv\u00e4ll. Rapportpowernap. Skall skriva en bok om det. V\u00e4rldens el\u00e4nde d\u00e4r p\u00e5 rutan. Lisbeth. Sj\u00e4lv sover men bortkopplad fr\u00e5n allt det d\u00e4r utstr\u00e4ckt p\u00e5 soffan. Eller utstr\u00e4ckt f\u00f6rresten. Mer som i n\u00e5gon slags fosterst\u00e4llning. Eller en variant av det. Framstupa sidol\u00e4get. Tr\u00f6tt allts\u00e5. Har k\u00f6rt h\u00e5rt idag. Koncentrerat. Sen\u2026","rel":"","context":"In &quot;Betraktelser &amp; Ber\u00e4ttelse&quot;","block_context":{"text":"Betraktelser &amp; Ber\u00e4ttelse","link":"https:\/\/www.akehedman.se\/wordpress\/?cat=24"},"img":{"alt_text":"trana02_original","src":"https:\/\/i0.wp.com\/www.eurosource.se\/akhe\/wordpress\/wp-content\/uploads\/2015\/03\/trana02_original.jpg?resize=350%2C200","width":350,"height":200,"srcset":"https:\/\/i0.wp.com\/www.eurosource.se\/akhe\/wordpress\/wp-content\/uploads\/2015\/03\/trana02_original.jpg?resize=350%2C200 1x, https:\/\/i0.wp.com\/www.eurosource.se\/akhe\/wordpress\/wp-content\/uploads\/2015\/03\/trana02_original.jpg?resize=525%2C300 1.5x, https:\/\/i0.wp.com\/www.eurosource.se\/akhe\/wordpress\/wp-content\/uploads\/2015\/03\/trana02_original.jpg?resize=700%2C400 2x"},"classes":[]},{"id":13184,"url":"https:\/\/www.akehedman.se\/wordpress\/?p=13184","url_meta":{"origin":35351,"position":4},"title":"R\u00f6sta f\u00f6r fred och frihet i Europa","author":"\u00c5ke Hedman","date":"2014-05-22","format":false,"excerpt":"Det \u00e4r fortfarande de varmaste av vindar som far genom kontorets alla \u00f6ppna f\u00f6nster och jag \u00e4r lycklig f\u00f6r att jag lever. Jag vet att det finns n\u00e5gon forskare som h\u00e4vdar att de d\u00e4r lyckok\u00e4nslorna \u00e4r en sjukdom och en avvikelse men det d\u00e4r vet jag handlar bara om de\u2026","rel":"","context":"In &quot;Betraktelser &amp; Ber\u00e4ttelse&quot;","block_context":{"text":"Betraktelser &amp; Ber\u00e4ttelse","link":"https:\/\/www.akehedman.se\/wordpress\/?cat=24"},"img":{"alt_text":"eu-flagga","src":"https:\/\/i0.wp.com\/www.eurosource.se\/akhe\/wordpress\/wp-content\/uploads\/2014\/05\/eu-flagga.jpg?resize=350%2C200","width":350,"height":200},"classes":[]},{"id":13287,"url":"https:\/\/www.akehedman.se\/wordpress\/?p=13287","url_meta":{"origin":35351,"position":5},"title":"S\u00e5 jag somnar i limousinen","author":"\u00c5ke Hedman","date":"2014-05-29","format":false,"excerpt":"S\u00e5 jag somnar, l\u00e5ter mig falla i s\u00f6mn d\u00e4r uppe p\u00e5 den gr\u00f6na soffan. Alla m\u00e4nniskor, alla bilar, allt som jag normalt inte ser som skogsman f\u00e5r mig att tuppa av helt enkelt. Det och en d\u00e5lig film, eller om det \u00e4r en serier eller vad det nu \u00e4r, d\u00e5ligt\u2026","rel":"","context":"In &quot;Betraktelser &amp; Ber\u00e4ttelse&quot;","block_context":{"text":"Betraktelser &amp; Ber\u00e4ttelse","link":"https:\/\/www.akehedman.se\/wordpress\/?cat=24"},"img":{"alt_text":"rosa-limousine-sverige","src":"https:\/\/i0.wp.com\/www.eurosource.se\/akhe\/wordpress\/wp-content\/uploads\/2014\/05\/rosa-limousine-sverige.jpg?resize=350%2C200","width":350,"height":200,"srcset":"https:\/\/i0.wp.com\/www.eurosource.se\/akhe\/wordpress\/wp-content\/uploads\/2014\/05\/rosa-limousine-sverige.jpg?resize=350%2C200 1x, https:\/\/i0.wp.com\/www.eurosource.se\/akhe\/wordpress\/wp-content\/uploads\/2014\/05\/rosa-limousine-sverige.jpg?resize=525%2C300 1.5x, https:\/\/i0.wp.com\/www.eurosource.se\/akhe\/wordpress\/wp-content\/uploads\/2014\/05\/rosa-limousine-sverige.jpg?resize=700%2C400 2x"},"classes":[]}],"jetpack_shortlink":"https:\/\/wp.me\/p68PL2-9cb","_links":{"self":[{"href":"https:\/\/www.akehedman.se\/wordpress\/index.php?rest_route=\/wp\/v2\/posts\/35351","targetHints":{"allow":["GET"]}}],"collection":[{"href":"https:\/\/www.akehedman.se\/wordpress\/index.php?rest_route=\/wp\/v2\/posts"}],"about":[{"href":"https:\/\/www.akehedman.se\/wordpress\/index.php?rest_route=\/wp\/v2\/types\/post"}],"author":[{"embeddable":true,"href":"https:\/\/www.akehedman.se\/wordpress\/index.php?rest_route=\/wp\/v2\/users\/24"}],"replies":[{"embeddable":true,"href":"https:\/\/www.akehedman.se\/wordpress\/index.php?rest_route=%2Fwp%2Fv2%2Fcomments&post=35351"}],"version-history":[{"count":1,"href":"https:\/\/www.akehedman.se\/wordpress\/index.php?rest_route=\/wp\/v2\/posts\/35351\/revisions"}],"predecessor-version":[{"id":35353,"href":"https:\/\/www.akehedman.se\/wordpress\/index.php?rest_route=\/wp\/v2\/posts\/35351\/revisions\/35353"}],"wp:attachment":[{"href":"https:\/\/www.akehedman.se\/wordpress\/index.php?rest_route=%2Fwp%2Fv2%2Fmedia&parent=35351"}],"wp:term":[{"taxonomy":"category","embeddable":true,"href":"https:\/\/www.akehedman.se\/wordpress\/index.php?rest_route=%2Fwp%2Fv2%2Fcategories&post=35351"},{"taxonomy":"post_tag","embeddable":true,"href":"https:\/\/www.akehedman.se\/wordpress\/index.php?rest_route=%2Fwp%2Fv2%2Ftags&post=35351"}],"curies":[{"name":"wp","href":"https:\/\/api.w.org\/{rel}","templated":true}]}}