{"id":35309,"date":"2020-06-22T22:32:36","date_gmt":"2020-06-22T21:32:36","guid":{"rendered":"https:\/\/www.akehedman.se\/wordpress\/?p=35309"},"modified":"2020-06-22T22:32:36","modified_gmt":"2020-06-22T21:32:36","slug":"konst-2","status":"publish","type":"post","link":"https:\/\/www.akehedman.se\/wordpress\/?p=35309","title":{"rendered":"Konst"},"content":{"rendered":"\n<figure class=\"wp-block-image size-large\"><img data-recalc-dims=\"1\" loading=\"lazy\" decoding=\"async\" width=\"514\" height=\"914\" src=\"https:\/\/i0.wp.com\/www.akehedman.se\/wordpress\/wp-content\/uploads\/2020\/06\/IMG_20200617_143738263.jpg?resize=514%2C914&#038;ssl=1\" alt=\"\" class=\"wp-image-35310\" srcset=\"https:\/\/i0.wp.com\/www.akehedman.se\/wordpress\/wp-content\/uploads\/2020\/06\/IMG_20200617_143738263.jpg?w=514&amp;ssl=1 514w, https:\/\/i0.wp.com\/www.akehedman.se\/wordpress\/wp-content\/uploads\/2020\/06\/IMG_20200617_143738263.jpg?resize=169%2C300&amp;ssl=1 169w\" sizes=\"auto, (max-width: 514px) 100vw, 514px\" \/><\/figure>\n\n\n\n<p class=\"wp-block-paragraph\">Osedvanligt l\u00e5g inspiration och d\u00e4rmed l\u00e5g verkningsgrad pl\u00e5gar mig under kv\u00e4llen. Kan ha att g\u00f6ra med en natt som inneh\u00f6ll mycket spring till n\u00e4rmaste toalett. Problem vi gammelgubbar har. En del av oss i alla fall. Man t\u00f6mmer. Tror man. Men t\u00f6mmer inte. M\u00e5ste upp igen om en timme.  Eller en halv. Det g\u00e4ller att kunna somna snabbt. Oftast kan jag det. Men ibland hj\u00e4lper inte ens det.  Man f\u00e5r leva med s\u00f6mnskuld dan efter. Den som g\u00f6r sig mer p\u00e5mind ju l\u00e4ngre dagen lider. Ja veckan med f\u00f6rresten.<\/p>\n\n\n\n<p class=\"wp-block-paragraph\">Ulf Lundell avlyssnad idag. N\u00e5ja liksom. Man kunde varit utan den lyssningen ocks\u00e5 och inte blivit leden f\u00f6r det. Som s\u00e5 ofta med Sommar i P1 s\u00e5 \u00e4r de avsnitt man f\u00f6rv\u00e4ntar sig skall bli bra, s\u00e4llan de som \u00e4r det. Just d\u00e4rf\u00f6r g\u00e4ller det att kasta bort alla f\u00f6rutfattade meningar och lyssna p\u00e5 allt. Ofta f\u00e5r man sig en k\u00e4ftsm\u00e4ll &#8211; h\u00e5rt rakt i f\u00f6rdomssinnet &#8211; och hittar guldkorn d\u00e4r man minst anar det.<\/p>\n\n\n\n<p class=\"wp-block-paragraph\">Bokhyllan bakom mig st\u00e5r allt oftare or\u00f6rd. Man h\u00e4mtar mer och mer information p\u00e5 n\u00e4tet. Man skriver ut mindre och mindre. Till och med jag som h\u00e4vdat att de tomma bokhyllorna varit tydliga tecken p\u00e5 tomhet. Jod\u00e5. Jag som skrivit ut l\u00e5dvis med papper. L\u00e4st ocks\u00e5. Snudd p\u00e5 f\u00f6rs\u00f6rjt ett helt arbetslag inom skogsindustrin. Men inte l\u00e4ngre allts\u00e5. Kanske dags att elda b\u00f6cker som nu bara st\u00e5r d\u00e4r. Jo det har v\u00e4l h\u00e4nt n\u00e5gra g\u00e5nger redan. Det svider i en bok\u00e4lskares sj\u00e4l att g\u00f6ra sig av med b\u00f6ckerna som betytt s\u00e5 mycket f\u00f6r en. Men samtidigt, b\u00f6cker skall l\u00e4sas och anv\u00e4ndas. De \u00e4r inte status eller prydnadsf\u00f6rem\u00e5l. Sorgligt n\u00e4r de bara st\u00e5r d\u00e4r ol\u00e4sta. Oanv\u00e4nda. Blir till papper och trycksv\u00e4rta. Jag \u00e4r ingen samlare.<\/p>\n\n\n\n<p class=\"wp-block-paragraph\">Koltrasten sjunger. Men en kortsjungare har intagit kullen i \u00e5r. Det \u00e4r inte  de d\u00e4r l\u00e5nga serenaderna. Men h\u00e4nf\u00f6rs g\u00f6r ju jag likafullt s\u00e5klart. Laddar den d\u00e4r s\u00e5ngen s\u00e5 att den finns kvar inom mig under m\u00f6rka h\u00f6stdagar och under vinterns v\u00e4rsta iskalla n\u00e4tter. Att plocka fram d\u00e5 &#8211; ja man krossar glasrutan med den r\u00f6da hammaren &#8211; och f\u00e5 ig\u00e5ng tr\u00f6gflytande blodstr\u00f6mmar med. Som en hj\u00e4lp att \u00f6verleva m\u00f6rkertid och kyla som aldrig tycks ta slut. Bara forts\u00e4tter och forts\u00e4tter och forts\u00e4tter.<\/p>\n\n\n\n<p class=\"wp-block-paragraph\">Fast ibland, japp, d\u00e5 vill man bara ge upp. Lever allt f\u00f6r mycket &#8220;in the void&#8221;. F\u00f6rsvinner mer och mer in i det d\u00e4r ingenting d\u00e4r inget alls betyder n\u00e5got.  Men vet ju hur det sv\u00e4nger ocks\u00e5. Ena sekunden \u00e4r man h\u00e4r, den andra d\u00e4r. Som en k\u00e4nd kr\u00e5ka som skulle ut och \u00e5ka. Det kan g\u00e5 undan n\u00e4r man g\u00f6r det. Man avg\u00f6r till stor del sj\u00e4lv om man vill stanna i dikena efter att man k\u00f6rt ner i dem. Att man slinker hit och dit. Det \u00e4r d\u00e4remot oundvikligt och en del av livsresan.<\/p>\n\n\n\n<p class=\"wp-block-paragraph\">Fast en del verkar bara sitta h\u00e5rt fastsp\u00e4nda p\u00e5 en r\u00e4kmacka och det g\u00e5r fram\u00e5t, ned\u00e5t, upp\u00e5t, hur l\u00e4tt som helst. Fast tittar man n\u00e4rmare \u00e4r det aldrig s\u00e5 enkelt som det ser ut \u00e4nd\u00e5. Det l\u00e4r man sig med \u00e5ren. Det st\u00e4ndigt enkla, st\u00e4ndigt framg\u00e5ngsrika \u00e4r bara l\u00f6gnares och illusionisters verk. Det \u00e4r alltid en kamp.<\/p>\n\n\n\n<p class=\"wp-block-paragraph\">Men nu en m\u00e5ndag som h\u00e5ller p\u00e5 att ta slut. Bli till tisdag. Just h\u00e4r. Man hoppas p\u00e5 en bra dag. Man hoppas p\u00e5 att vara en av de levandes ocks\u00e5 d\u00e5. Jag tror p\u00e5 tisdagen den h\u00e4r veckan.  En kanondag. Japp. S\u00e4kert.<\/p>\n\n\n\n<p class=\"wp-block-paragraph\">Godnatt kamrater.<\/p>\n\n\n\n<p class=\"wp-block-paragraph\"><\/p>\n","protected":false},"excerpt":{"rendered":"<p>Osedvanligt l\u00e5g inspiration och d\u00e4rmed l\u00e5g verkningsgrad pl\u00e5gar mig under kv\u00e4llen. Kan ha att g\u00f6ra med en natt som inneh\u00f6ll mycket spring till n\u00e4rmaste toalett. Problem vi gammelgubbar har. En del av oss i alla fall. Man t\u00f6mmer. Tror man. Men t\u00f6mmer inte. M\u00e5ste upp igen om en timme. Eller en halv. Det g\u00e4ller att [&hellip;]<\/p>\n","protected":false},"author":24,"featured_media":0,"comment_status":"open","ping_status":"open","sticky":false,"template":"","format":"standard","meta":{"_crdt_document":"","jetpack_post_was_ever_published":false,"_jetpack_newsletter_access":"","_jetpack_dont_email_post_to_subs":false,"_jetpack_newsletter_tier_id":0,"_jetpack_memberships_contains_paywalled_content":false,"_jetpack_memberships_contains_paid_content":false,"footnotes":"","jetpack_publicize_message":"","jetpack_publicize_feature_enabled":true,"jetpack_social_post_already_shared":false,"jetpack_social_options":{"image_generator_settings":{"template":"highway","default_image_id":0,"font":"","enabled":false},"version":2}},"categories":[24],"tags":[],"class_list":["post-35309","post","type-post","status-publish","format-standard","hentry","category-betraktelser"],"jetpack_publicize_connections":[],"jetpack_featured_media_url":"","jetpack_sharing_enabled":true,"jetpack_likes_enabled":true,"jetpack-related-posts":[{"id":20804,"url":"https:\/\/www.akehedman.se\/wordpress\/?p=20804","url_meta":{"origin":35309,"position":0},"title":"Svammelgubben och Gud","author":"\u00c5ke Hedman","date":"2016-06-23","format":false,"excerpt":"Man m\u00e4rker verkligen av midsommartiden. Det \u00e4r vackert. Det \u00e4r sk\u00f6ntid. Man vill bara finnas och eftersom man nu ju faktiskt ocks\u00e5 finns s\u00e5 b\u00f6r man och \u00e4r man allts\u00e5 r\u00e4tt n\u00f6jd. T\u00f6ttheten fr\u00e5n hell h\u00e5ller mig i sitt grepp. Det enda negativa just nu. Men det finns v\u00e4rre saker\u2026","rel":"","context":"In &quot;Betraktelser &amp; Ber\u00e4ttelse&quot;","block_context":{"text":"Betraktelser &amp; Ber\u00e4ttelse","link":"https:\/\/www.akehedman.se\/wordpress\/?cat=24"},"img":{"alt_text":"waffle-1327621_960_720","src":"https:\/\/i0.wp.com\/www.akehedman.se\/wordpress\/wp-content\/uploads\/2016\/06\/waffle-1327621_960_720.jpg?resize=350%2C200","width":350,"height":200,"srcset":"https:\/\/i0.wp.com\/www.akehedman.se\/wordpress\/wp-content\/uploads\/2016\/06\/waffle-1327621_960_720.jpg?resize=350%2C200 1x, https:\/\/i0.wp.com\/www.akehedman.se\/wordpress\/wp-content\/uploads\/2016\/06\/waffle-1327621_960_720.jpg?resize=525%2C300 1.5x"},"classes":[]},{"id":42504,"url":"https:\/\/www.akehedman.se\/wordpress\/?p=42504","url_meta":{"origin":35309,"position":1},"title":"Fredag","author":"\u00c5ke Hedman","date":"2022-08-12","format":false,"excerpt":"Photo by Rodolfo Clix on Pexels.com H\u00e4lsingetoppen publicerad. Backuperna fixade. I den ordningen. Alltid. Nu \u00e4r det fredag. En helt vanlig dag i veckan. I alla fall fram emot kv\u00e4llen. Den som \u00e4r ledig och alltid har varit det (om det g\u00e5tt). Jo fredagskv\u00e4llar har varit heliga i mitt liv.\u2026","rel":"","context":"In &quot;Swedish&quot;","block_context":{"text":"Swedish","link":"https:\/\/www.akehedman.se\/wordpress\/?cat=2"},"img":{"alt_text":"silhouette image of person praying","src":"https:\/\/i0.wp.com\/www.akehedman.se\/wordpress\/wp-content\/uploads\/2022\/08\/pexels-photo-1615776.jpeg?resize=350%2C200&ssl=1","width":350,"height":200,"srcset":"https:\/\/i0.wp.com\/www.akehedman.se\/wordpress\/wp-content\/uploads\/2022\/08\/pexels-photo-1615776.jpeg?resize=350%2C200&ssl=1 1x, https:\/\/i0.wp.com\/www.akehedman.se\/wordpress\/wp-content\/uploads\/2022\/08\/pexels-photo-1615776.jpeg?resize=525%2C300&ssl=1 1.5x, https:\/\/i0.wp.com\/www.akehedman.se\/wordpress\/wp-content\/uploads\/2022\/08\/pexels-photo-1615776.jpeg?resize=700%2C400&ssl=1 2x"},"classes":[]},{"id":45554,"url":"https:\/\/www.akehedman.se\/wordpress\/?p=45554","url_meta":{"origin":35309,"position":2},"title":"Havet","author":"\u00c5ke Hedman","date":"2023-07-15","format":false,"excerpt":"Inte g\u00f6r man mycket. Nyss en skottk\u00e4rra med urrivet innertak till garage f\u00f6r sortering. Ved vs. Skr\u00e4p. Fast en annan dag. Nu plocka bort nubb fr\u00e5n samma tak. M\u00e5la n\u00e4sta vecka. Eller troligare veckan eftersom det faktiskt finns reella uppdrag att ta tag i under n\u00e4sta vecka. Sl\u00f6 \u00e4r ordet.\u2026","rel":"","context":"In &quot;Betraktelser &amp; Ber\u00e4ttelse&quot;","block_context":{"text":"Betraktelser &amp; Ber\u00e4ttelse","link":"https:\/\/www.akehedman.se\/wordpress\/?cat=24"},"img":{"alt_text":"","src":"https:\/\/i0.wp.com\/www.akehedman.se\/wordpress\/wp-content\/uploads\/2023\/07\/IMG_20230710_180221-scaled.jpg?resize=350%2C200&ssl=1","width":350,"height":200,"srcset":"https:\/\/i0.wp.com\/www.akehedman.se\/wordpress\/wp-content\/uploads\/2023\/07\/IMG_20230710_180221-scaled.jpg?resize=350%2C200&ssl=1 1x, https:\/\/i0.wp.com\/www.akehedman.se\/wordpress\/wp-content\/uploads\/2023\/07\/IMG_20230710_180221-scaled.jpg?resize=525%2C300&ssl=1 1.5x, https:\/\/i0.wp.com\/www.akehedman.se\/wordpress\/wp-content\/uploads\/2023\/07\/IMG_20230710_180221-scaled.jpg?resize=700%2C400&ssl=1 2x, https:\/\/i0.wp.com\/www.akehedman.se\/wordpress\/wp-content\/uploads\/2023\/07\/IMG_20230710_180221-scaled.jpg?resize=1050%2C600&ssl=1 3x, https:\/\/i0.wp.com\/www.akehedman.se\/wordpress\/wp-content\/uploads\/2023\/07\/IMG_20230710_180221-scaled.jpg?resize=1400%2C800&ssl=1 4x"},"classes":[]},{"id":33774,"url":"https:\/\/www.akehedman.se\/wordpress\/?p=33774","url_meta":{"origin":35309,"position":3},"title":"Tidigt","author":"\u00c5ke Hedman","date":"2019-12-10","format":false,"excerpt":"6:26 bussen till Ljusdal. H\u00e4mtar bilen. T\u00f6mmer pl\u00e5nboken. St\u00e4ller in julen. N\u00e4stan. Men hemma igen till nio. I princip en full dag kvar. Gl\u00e4ds \u00f6ver det och att ha en fungerande bil d\u00e4r ute igen. Fryser s\u00e5klart. Fast det \u00e4r n\u00e4stan l\u00f6jligt. F\u00f6r h\u00e4r inne finns det absolut ingen anledning\u2026","rel":"","context":"In &quot;Betraktelser &amp; Ber\u00e4ttelse&quot;","block_context":{"text":"Betraktelser &amp; Ber\u00e4ttelse","link":"https:\/\/www.akehedman.se\/wordpress\/?cat=24"},"img":{"alt_text":"","src":"https:\/\/i0.wp.com\/www.akehedman.se\/wordpress\/wp-content\/uploads\/2019\/12\/IMG_20190121_081247951.png?resize=350%2C200&ssl=1","width":350,"height":200,"srcset":"https:\/\/i0.wp.com\/www.akehedman.se\/wordpress\/wp-content\/uploads\/2019\/12\/IMG_20190121_081247951.png?resize=350%2C200&ssl=1 1x, https:\/\/i0.wp.com\/www.akehedman.se\/wordpress\/wp-content\/uploads\/2019\/12\/IMG_20190121_081247951.png?resize=525%2C300&ssl=1 1.5x, https:\/\/i0.wp.com\/www.akehedman.se\/wordpress\/wp-content\/uploads\/2019\/12\/IMG_20190121_081247951.png?resize=700%2C400&ssl=1 2x"},"classes":[]},{"id":26283,"url":"https:\/\/www.akehedman.se\/wordpress\/?p=26283","url_meta":{"origin":35309,"position":4},"title":"Det g\u00f6r ont","author":"\u00c5ke Hedman","date":"2017-12-14","format":false,"excerpt":"Jag skall alldeles strax g\u00e5 och l\u00e4gga mig. Japp tidigare \u00e4n vanligt. M\u00e5r skit. Men lyssnar p\u00e5 Amy Macdonald och det piggar ju upp en del. S\u00e5klart. Men inte ens hon biter helt och fullt p\u00e5 i kroppen h\u00e4rjande virus anhopningar\u00a0 p\u00e5 en g\u00e5ng. Men med hennes r\u00f6st och Alvedon\u2026","rel":"","context":"In &quot;Betraktelser &amp; Ber\u00e4ttelse&quot;","block_context":{"text":"Betraktelser &amp; Ber\u00e4ttelse","link":"https:\/\/www.akehedman.se\/wordpress\/?cat=24"},"img":{"alt_text":"","src":"https:\/\/i0.wp.com\/www.akehedman.se\/wordpress\/wp-content\/uploads\/2017\/12\/IMG_20171212_130930206_800.jpg?resize=350%2C200","width":350,"height":200,"srcset":"https:\/\/i0.wp.com\/www.akehedman.se\/wordpress\/wp-content\/uploads\/2017\/12\/IMG_20171212_130930206_800.jpg?resize=350%2C200 1x, https:\/\/i0.wp.com\/www.akehedman.se\/wordpress\/wp-content\/uploads\/2017\/12\/IMG_20171212_130930206_800.jpg?resize=525%2C300 1.5x"},"classes":[]},{"id":47320,"url":"https:\/\/www.akehedman.se\/wordpress\/?p=47320","url_meta":{"origin":35309,"position":5},"title":"Mummel","author":"\u00c5ke Hedman","date":"2024-03-13","format":false,"excerpt":"Photo by Mathew Browne on Pexels.com Jod\u00e5, idag f\u00e5r jag in den d\u00e4r sista pelletspallen. F\u00e5r faktiskt en hel del annat gjort ocks\u00e5. Fast vill mer. Som vanligt vill man mer. Men inser att det g\u00e5r inte. Man f\u00e5r n\u00f6ja sig med det man \u00e5stadkommer. Mumla f\u00e5r man om h\u00f6g\u2026","rel":"","context":"In &quot;Betraktelser &amp; Ber\u00e4ttelse&quot;","block_context":{"text":"Betraktelser &amp; Ber\u00e4ttelse","link":"https:\/\/www.akehedman.se\/wordpress\/?cat=24"},"img":{"alt_text":"grayscale photo of clock tower","src":"https:\/\/i0.wp.com\/www.akehedman.se\/wordpress\/wp-content\/uploads\/2024\/03\/pexels-photo-11130680.jpeg?resize=350%2C200&ssl=1","width":350,"height":200,"srcset":"https:\/\/i0.wp.com\/www.akehedman.se\/wordpress\/wp-content\/uploads\/2024\/03\/pexels-photo-11130680.jpeg?resize=350%2C200&ssl=1 1x, https:\/\/i0.wp.com\/www.akehedman.se\/wordpress\/wp-content\/uploads\/2024\/03\/pexels-photo-11130680.jpeg?resize=525%2C300&ssl=1 1.5x, https:\/\/i0.wp.com\/www.akehedman.se\/wordpress\/wp-content\/uploads\/2024\/03\/pexels-photo-11130680.jpeg?resize=700%2C400&ssl=1 2x, https:\/\/i0.wp.com\/www.akehedman.se\/wordpress\/wp-content\/uploads\/2024\/03\/pexels-photo-11130680.jpeg?resize=1050%2C600&ssl=1 3x"},"classes":[]}],"jetpack_shortlink":"https:\/\/wp.me\/p68PL2-9bv","_links":{"self":[{"href":"https:\/\/www.akehedman.se\/wordpress\/index.php?rest_route=\/wp\/v2\/posts\/35309","targetHints":{"allow":["GET"]}}],"collection":[{"href":"https:\/\/www.akehedman.se\/wordpress\/index.php?rest_route=\/wp\/v2\/posts"}],"about":[{"href":"https:\/\/www.akehedman.se\/wordpress\/index.php?rest_route=\/wp\/v2\/types\/post"}],"author":[{"embeddable":true,"href":"https:\/\/www.akehedman.se\/wordpress\/index.php?rest_route=\/wp\/v2\/users\/24"}],"replies":[{"embeddable":true,"href":"https:\/\/www.akehedman.se\/wordpress\/index.php?rest_route=%2Fwp%2Fv2%2Fcomments&post=35309"}],"version-history":[{"count":1,"href":"https:\/\/www.akehedman.se\/wordpress\/index.php?rest_route=\/wp\/v2\/posts\/35309\/revisions"}],"predecessor-version":[{"id":35311,"href":"https:\/\/www.akehedman.se\/wordpress\/index.php?rest_route=\/wp\/v2\/posts\/35309\/revisions\/35311"}],"wp:attachment":[{"href":"https:\/\/www.akehedman.se\/wordpress\/index.php?rest_route=%2Fwp%2Fv2%2Fmedia&parent=35309"}],"wp:term":[{"taxonomy":"category","embeddable":true,"href":"https:\/\/www.akehedman.se\/wordpress\/index.php?rest_route=%2Fwp%2Fv2%2Fcategories&post=35309"},{"taxonomy":"post_tag","embeddable":true,"href":"https:\/\/www.akehedman.se\/wordpress\/index.php?rest_route=%2Fwp%2Fv2%2Ftags&post=35309"}],"curies":[{"name":"wp","href":"https:\/\/api.w.org\/{rel}","templated":true}]}}