{"id":35302,"date":"2020-06-22T11:57:15","date_gmt":"2020-06-22T10:57:15","guid":{"rendered":"https:\/\/www.akehedman.se\/wordpress\/?p=35302"},"modified":"2020-06-22T21:51:47","modified_gmt":"2020-06-22T20:51:47","slug":"schema","status":"publish","type":"post","link":"https:\/\/www.akehedman.se\/wordpress\/?p=35302","title":{"rendered":"Schema"},"content":{"rendered":"\n<figure class=\"wp-block-image size-large\"><img data-recalc-dims=\"1\" loading=\"lazy\" decoding=\"async\" width=\"407\" height=\"498\" src=\"https:\/\/i0.wp.com\/www.akehedman.se\/wordpress\/wp-content\/uploads\/2020\/06\/Screenshot-from-2020-06-17-14-38-49.png?resize=407%2C498&#038;ssl=1\" alt=\"\" class=\"wp-image-35303\" srcset=\"https:\/\/i0.wp.com\/www.akehedman.se\/wordpress\/wp-content\/uploads\/2020\/06\/Screenshot-from-2020-06-17-14-38-49.png?w=407&amp;ssl=1 407w, https:\/\/i0.wp.com\/www.akehedman.se\/wordpress\/wp-content\/uploads\/2020\/06\/Screenshot-from-2020-06-17-14-38-49.png?resize=245%2C300&amp;ssl=1 245w\" sizes=\"auto, (max-width: 407px) 100vw, 407px\" \/><\/figure>\n\n\n\n<p class=\"wp-block-paragraph\">M\u00e5ndag. Men dagars namn spelar ingen roll egentligen. Inte l\u00e4ngre. Fast l\u00f6rdag, s\u00f6ndag. Aff\u00e4rstider och arbetstider. Man kan inte komma undan riktigt. S\u00e5klart. Det l\u00f6pande bandet kr\u00e4ver h\u00e5lltider. Sj\u00e4lva r\u00f6relsen sker i tiden. \u00c4ven om man hoppar av \u00e5terst\u00e5r beroendet.<\/p>\n\n\n\n<p class=\"wp-block-paragraph\">V\u00e4ntar p\u00e5 Ulf Lundell. Sommar i P1. Har lyssnat p\u00e5 Greta, oerh\u00f6rt tr\u00f6ttsamt som ett Sommar av en idrottsstj\u00e4rna eller en aff\u00e4rsman. Uppr\u00e4kningar. Namedropping. Underg\u00e5ng.  Men r\u00e4tt har hon s\u00e5klart. Sen Shima Niavarani. Underh\u00e5llande. Man kommer n\u00e4rmare den hon verkligen \u00e4r. Det \u00e4r d\u00e4r Sommar i P1 har sin styrka. Bedrifterna. Karri\u00e4rerna. Ointressant. V\u00e4gen dit. Varf\u00f6r. S\u00e5rbarheten. Svagheterna. Intressant.<\/p>\n\n\n\n<p class=\"wp-block-paragraph\">Fast man kan lyssna p\u00e5 UL redan p\u00e5 morgonen s\u00e5klart. Tabl\u00e5radio beh\u00f6vs inte l\u00e4ngre. Men ibland \u00e4r det lite sk\u00f6nt med schemalagt, som gammelgubbeprat. Ja annat schemalagt prat ocks\u00e5. Om man lever utan annars. Fast oftast \u00e4r det s\u00e5klart sk\u00f6nast utan alla passtider och h\u00e5lltider. <\/p>\n\n\n\n<p class=\"wp-block-paragraph\">Men Sommar i P1 \u00e4r en klar favorit. Skulle man kunna leva utan? Kanske. Man kan leva utan det mesta. Men ett guldkorn i tillvaron skulle f\u00f6rsvinna. S\u00e5 man njuter. Lyssnar. Tar till sig. Det \u00e4r den d\u00e4r nyfikenheten p\u00e5 m\u00e4nniskor igen. Den som g\u00f6r att jag g\u00e4rna b\u00e5de tjuvlyssnar och studerar n\u00e4r jag befinner mig som en vanlig m\u00e4nniska bland m\u00e4nniskorna.<\/p>\n\n\n\n<p class=\"wp-block-paragraph\">Kallt idag. \u00c4r man en fryslort som jag s\u00e5 tycker man det. Huttrar. Men solen tittar fram nu. Det finns hopp men st\u00e4nger \u00f6ppna f\u00f6nster. Men vid strumporna g\u00e5r gr\u00e4nsen. Dom f\u00e5r stanna i l\u00e5dan tills det blir v\u00e4rre eller h\u00f6st.<\/p>\n\n\n\n<p class=\"wp-block-paragraph\">Fast nu. Snart. (Kan man skriva s\u00e5?). Antagligen inte &#8211; NEJ. Men snart. Sommar i P1, Ulf Lundell. Tror jag blir bra. Fast f\u00f6rst land och sj\u00f6v\u00e4derrapport. Viktiga grejer. Om man \u00e4r p\u00e5 sj\u00f6n. Annars f\u00e5r det komma och g\u00e5. V\u00e4dret. Mullrar det. Dra ur. Regnar det. St\u00e4ll in vattning. Det \u00e4r lugnt. Sol. Det v\u00e4xer s\u00e5 att det knakar. \u00d6verallt.  Hurrar p\u00e5 det. Givetvis.<\/p>\n\n\n\n<p class=\"wp-block-paragraph\">Men nu s\u00e5&#8230;<\/p>\n","protected":false},"excerpt":{"rendered":"<p>M\u00e5ndag. Men dagars namn spelar ingen roll egentligen. Inte l\u00e4ngre. Fast l\u00f6rdag, s\u00f6ndag. Aff\u00e4rstider och arbetstider. Man kan inte komma undan riktigt. S\u00e5klart. Det l\u00f6pande bandet kr\u00e4ver h\u00e5lltider. Sj\u00e4lva r\u00f6relsen sker i tiden. \u00c4ven om man hoppar av \u00e5terst\u00e5r beroendet. V\u00e4ntar p\u00e5 Ulf Lundell. Sommar i P1. Har lyssnat p\u00e5 Greta, oerh\u00f6rt tr\u00f6ttsamt som ett [&hellip;]<\/p>\n","protected":false},"author":24,"featured_media":0,"comment_status":"open","ping_status":"open","sticky":false,"template":"","format":"standard","meta":{"_crdt_document":"","jetpack_post_was_ever_published":false,"_jetpack_newsletter_access":"","_jetpack_dont_email_post_to_subs":false,"_jetpack_newsletter_tier_id":0,"_jetpack_memberships_contains_paywalled_content":false,"_jetpack_memberships_contains_paid_content":false,"footnotes":"","jetpack_publicize_message":"","jetpack_publicize_feature_enabled":true,"jetpack_social_post_already_shared":false,"jetpack_social_options":{"image_generator_settings":{"template":"highway","default_image_id":0,"font":"","enabled":false},"version":2}},"categories":[24],"tags":[],"class_list":["post-35302","post","type-post","status-publish","format-standard","hentry","category-betraktelser"],"jetpack_publicize_connections":[],"jetpack_featured_media_url":"","jetpack_sharing_enabled":true,"jetpack_likes_enabled":true,"jetpack-related-posts":[{"id":32707,"url":"https:\/\/www.akehedman.se\/wordpress\/?p=32707","url_meta":{"origin":35302,"position":0},"title":"Mittens rike","author":"\u00c5ke Hedman","date":"2019-08-07","format":false,"excerpt":"K har sin sista semestervecka. Jag \u00e4r sjukskriven eoner av veckor fram\u00e5t i tiden. Ja om jag vill. Det finns ingen nytta med det egentligen. \u00c5tminstone inte mer \u00e4n \u00e4nnu ett papper som skickas in till f\u00f6rs\u00e4kringskassan. Det \u00e4r det d\u00e4r med friheten... K ville nog ha semester n\u00e5gra veckor\u2026","rel":"","context":"In &quot;Betraktelser &amp; Ber\u00e4ttelse&quot;","block_context":{"text":"Betraktelser &amp; Ber\u00e4ttelse","link":"https:\/\/www.akehedman.se\/wordpress\/?cat=24"},"img":{"alt_text":"","src":"https:\/\/i0.wp.com\/www.akehedman.se\/wordpress\/wp-content\/uploads\/2019\/08\/IMG_20190502_182458129_HDR.jpg?resize=350%2C200&ssl=1","width":350,"height":200,"srcset":"https:\/\/i0.wp.com\/www.akehedman.se\/wordpress\/wp-content\/uploads\/2019\/08\/IMG_20190502_182458129_HDR.jpg?resize=350%2C200&ssl=1 1x, https:\/\/i0.wp.com\/www.akehedman.se\/wordpress\/wp-content\/uploads\/2019\/08\/IMG_20190502_182458129_HDR.jpg?resize=525%2C300&ssl=1 1.5x, https:\/\/i0.wp.com\/www.akehedman.se\/wordpress\/wp-content\/uploads\/2019\/08\/IMG_20190502_182458129_HDR.jpg?resize=700%2C400&ssl=1 2x, https:\/\/i0.wp.com\/www.akehedman.se\/wordpress\/wp-content\/uploads\/2019\/08\/IMG_20190502_182458129_HDR.jpg?resize=1050%2C600&ssl=1 3x, https:\/\/i0.wp.com\/www.akehedman.se\/wordpress\/wp-content\/uploads\/2019\/08\/IMG_20190502_182458129_HDR.jpg?resize=1400%2C800&ssl=1 4x"},"classes":[]},{"id":8223,"url":"https:\/\/www.akehedman.se\/wordpress\/?p=8223","url_meta":{"origin":35302,"position":1},"title":"&#8220;Sommar i P1&#8221;","author":"\u00c5ke Hedman","date":"2013-08-06","format":false,"excerpt":"St\u00e4nger av P1 f\u00f6r idag. \"Sommar\" \u00e4r slut. Cecilia Edefalks program \u00e4r \u00e4nnu ett av en hel serie program som har lyft, fyllt, irriterat och puttat en ner i iskallt vatten i \u00e5r. Precis som det skall vara. Det enda jag saknar \u00e4r kanske de vanliga m\u00e4nniskorna. Alla de d\u00e4r\u2026","rel":"","context":"In &quot;Betraktelser &amp; Ber\u00e4ttelse&quot;","block_context":{"text":"Betraktelser &amp; Ber\u00e4ttelse","link":"https:\/\/www.akehedman.se\/wordpress\/?cat=24"},"img":{"alt_text":"2037813_935_132","src":"https:\/\/i0.wp.com\/www.eurosource.se\/akhe\/wordpress\/wp-content\/uploads\/2013\/08\/2037813_935_132.jpg?resize=350%2C200","width":350,"height":200,"srcset":"https:\/\/i0.wp.com\/www.eurosource.se\/akhe\/wordpress\/wp-content\/uploads\/2013\/08\/2037813_935_132.jpg?resize=350%2C200 1x, https:\/\/i0.wp.com\/www.eurosource.se\/akhe\/wordpress\/wp-content\/uploads\/2013\/08\/2037813_935_132.jpg?resize=525%2C300 1.5x, https:\/\/i0.wp.com\/www.eurosource.se\/akhe\/wordpress\/wp-content\/uploads\/2013\/08\/2037813_935_132.jpg?resize=700%2C400 2x"},"classes":[]},{"id":45505,"url":"https:\/\/www.akehedman.se\/wordpress\/?p=45505","url_meta":{"origin":35302,"position":2},"title":"Om en kvart","author":"\u00c5ke Hedman","date":"2023-06-30","format":false,"excerpt":"Photo by Pixabay on Pexels.com Semester om en kvart. Och jag \u00e4r inte ett dugg stressad. Har faktiskt ramlat runt h\u00e4r p\u00e5 kontoret och plockat lite h\u00e4r och d\u00e4r st\u00f6rre delen av eftermiddagen. Ovanligt. Synnerligen ovanligt. Men allt i mig s\u00e4ger att man hinner det man hinner. Det d\u00e4r \u00e4r\u2026","rel":"","context":"In &quot;Swedish&quot;","block_context":{"text":"Swedish","link":"https:\/\/www.akehedman.se\/wordpress\/?cat=2"},"img":{"alt_text":"man doing hand stand","src":"https:\/\/i0.wp.com\/www.akehedman.se\/wordpress\/wp-content\/uploads\/2023\/06\/pexels-photo-414012.jpeg?resize=350%2C200&ssl=1","width":350,"height":200,"srcset":"https:\/\/i0.wp.com\/www.akehedman.se\/wordpress\/wp-content\/uploads\/2023\/06\/pexels-photo-414012.jpeg?resize=350%2C200&ssl=1 1x, https:\/\/i0.wp.com\/www.akehedman.se\/wordpress\/wp-content\/uploads\/2023\/06\/pexels-photo-414012.jpeg?resize=525%2C300&ssl=1 1.5x, https:\/\/i0.wp.com\/www.akehedman.se\/wordpress\/wp-content\/uploads\/2023\/06\/pexels-photo-414012.jpeg?resize=700%2C400&ssl=1 2x, https:\/\/i0.wp.com\/www.akehedman.se\/wordpress\/wp-content\/uploads\/2023\/06\/pexels-photo-414012.jpeg?resize=1050%2C600&ssl=1 3x, https:\/\/i0.wp.com\/www.akehedman.se\/wordpress\/wp-content\/uploads\/2023\/06\/pexels-photo-414012.jpeg?resize=1400%2C800&ssl=1 4x"},"classes":[]},{"id":8171,"url":"https:\/\/www.akehedman.se\/wordpress\/?p=8171","url_meta":{"origin":35302,"position":3},"title":"H\u00e4ngmattedag","author":"\u00c5ke Hedman","date":"2013-08-03","format":false,"excerpt":"V\u00e4ldigt n\u00e4ra en tropisk natt ocks\u00e5 h\u00e4r o Lo[o]s. N\u00e4r jag la mig var det 19.6 h\u00e4r p\u00e5 berget d\u00e4r Pavarottis Koltrast sj\u00f6ng s\u00e5 vackert f\u00f6r bara n\u00e5gon vecka sedan. Gissar att det faktiskt kan ha varit tropisk natt i andra delar av riket. Men det r\u00e4cker s\u00e5klart s\u00e5h\u00e4r. \u00c5terigen,\u2026","rel":"","context":"In &quot;Betraktelser &amp; Ber\u00e4ttelse&quot;","block_context":{"text":"Betraktelser &amp; Ber\u00e4ttelse","link":"https:\/\/www.akehedman.se\/wordpress\/?cat=24"},"img":{"alt_text":"imagehandler","src":"https:\/\/i0.wp.com\/www.eurosource.se\/akhe\/wordpress\/wp-content\/uploads\/2013\/08\/imagehandler.jpg?resize=350%2C200","width":350,"height":200},"classes":[]},{"id":25067,"url":"https:\/\/www.akehedman.se\/wordpress\/?p=25067","url_meta":{"origin":35302,"position":4},"title":"Plockar","author":"\u00c5ke Hedman","date":"2017-08-17","format":false,"excerpt":"S\u00e5 det \u00e4r torsdag. Jag beh\u00f6ver plocka med lite grejer s\u00e5 jag lyssnar p\u00e5 sommar. Radio och att plocka med saker passar ihop. F\u00f6rs\u00f6ker komma ikapp i lyssnandet lite s\u00e5 att jag f\u00e5r hell\u00e4ngdsmusik med p\u00e5 \"mina\" lyssningar. Tror allts\u00e5 att musikvalet ocks\u00e5 s\u00e4ger n\u00e5got om den d\u00e4r m\u00e4nniskan som\u2026","rel":"","context":"In &quot;Betraktelser &amp; Ber\u00e4ttelse&quot;","block_context":{"text":"Betraktelser &amp; Ber\u00e4ttelse","link":"https:\/\/www.akehedman.se\/wordpress\/?cat=24"},"img":{"alt_text":"","src":"https:\/\/i0.wp.com\/www.akehedman.se\/wordpress\/wp-content\/uploads\/2017\/07\/IMG_20170701_165830486_HDR-768x1024.jpg?resize=350%2C200","width":350,"height":200,"srcset":"https:\/\/i0.wp.com\/www.akehedman.se\/wordpress\/wp-content\/uploads\/2017\/07\/IMG_20170701_165830486_HDR-768x1024.jpg?resize=350%2C200 1x, https:\/\/i0.wp.com\/www.akehedman.se\/wordpress\/wp-content\/uploads\/2017\/07\/IMG_20170701_165830486_HDR-768x1024.jpg?resize=525%2C300 1.5x"},"classes":[]},{"id":35281,"url":"https:\/\/www.akehedman.se\/wordpress\/?p=35281","url_meta":{"origin":35302,"position":5},"title":"P\u00e5 l\u00e5tsas","author":"\u00c5ke Hedman","date":"2020-06-18","format":false,"excerpt":"Midsommarafton imorgon. Men just nu sitter jag h\u00e4r fortfarande p\u00e5 l\u00e5tsaskontoret och l\u00e5tsasjobbar. Jod\u00e5 - tanken \u00e4r att vara ledig sen fram till s\u00f6ndagskv\u00e4ll. Har blivit b\u00e4ttre p\u00e5 det d\u00e4r faktiskt. F\u00f6rr var det v\u00e4ldigt lite \"off-tid\". Fast saker var ju inte lika mycket p\u00e5 l\u00e5tsas heller under den tiden\u2026","rel":"","context":"In &quot;Betraktelser &amp; Ber\u00e4ttelse&quot;","block_context":{"text":"Betraktelser &amp; Ber\u00e4ttelse","link":"https:\/\/www.akehedman.se\/wordpress\/?cat=24"},"img":{"alt_text":"","src":"https:\/\/i0.wp.com\/www.akehedman.se\/wordpress\/wp-content\/uploads\/2020\/06\/Screenshot-from-2020-06-18-23-00-42.png?resize=350%2C200&ssl=1","width":350,"height":200,"srcset":"https:\/\/i0.wp.com\/www.akehedman.se\/wordpress\/wp-content\/uploads\/2020\/06\/Screenshot-from-2020-06-18-23-00-42.png?resize=350%2C200&ssl=1 1x, https:\/\/i0.wp.com\/www.akehedman.se\/wordpress\/wp-content\/uploads\/2020\/06\/Screenshot-from-2020-06-18-23-00-42.png?resize=525%2C300&ssl=1 1.5x, https:\/\/i0.wp.com\/www.akehedman.se\/wordpress\/wp-content\/uploads\/2020\/06\/Screenshot-from-2020-06-18-23-00-42.png?resize=700%2C400&ssl=1 2x, https:\/\/i0.wp.com\/www.akehedman.se\/wordpress\/wp-content\/uploads\/2020\/06\/Screenshot-from-2020-06-18-23-00-42.png?resize=1050%2C600&ssl=1 3x, https:\/\/i0.wp.com\/www.akehedman.se\/wordpress\/wp-content\/uploads\/2020\/06\/Screenshot-from-2020-06-18-23-00-42.png?resize=1400%2C800&ssl=1 4x"},"classes":[]}],"jetpack_shortlink":"https:\/\/wp.me\/s68PL2-schema","_links":{"self":[{"href":"https:\/\/www.akehedman.se\/wordpress\/index.php?rest_route=\/wp\/v2\/posts\/35302","targetHints":{"allow":["GET"]}}],"collection":[{"href":"https:\/\/www.akehedman.se\/wordpress\/index.php?rest_route=\/wp\/v2\/posts"}],"about":[{"href":"https:\/\/www.akehedman.se\/wordpress\/index.php?rest_route=\/wp\/v2\/types\/post"}],"author":[{"embeddable":true,"href":"https:\/\/www.akehedman.se\/wordpress\/index.php?rest_route=\/wp\/v2\/users\/24"}],"replies":[{"embeddable":true,"href":"https:\/\/www.akehedman.se\/wordpress\/index.php?rest_route=%2Fwp%2Fv2%2Fcomments&post=35302"}],"version-history":[{"count":2,"href":"https:\/\/www.akehedman.se\/wordpress\/index.php?rest_route=\/wp\/v2\/posts\/35302\/revisions"}],"predecessor-version":[{"id":35308,"href":"https:\/\/www.akehedman.se\/wordpress\/index.php?rest_route=\/wp\/v2\/posts\/35302\/revisions\/35308"}],"wp:attachment":[{"href":"https:\/\/www.akehedman.se\/wordpress\/index.php?rest_route=%2Fwp%2Fv2%2Fmedia&parent=35302"}],"wp:term":[{"taxonomy":"category","embeddable":true,"href":"https:\/\/www.akehedman.se\/wordpress\/index.php?rest_route=%2Fwp%2Fv2%2Fcategories&post=35302"},{"taxonomy":"post_tag","embeddable":true,"href":"https:\/\/www.akehedman.se\/wordpress\/index.php?rest_route=%2Fwp%2Fv2%2Ftags&post=35302"}],"curies":[{"name":"wp","href":"https:\/\/api.w.org\/{rel}","templated":true}]}}