{"id":35295,"date":"2020-06-21T20:28:56","date_gmt":"2020-06-21T19:28:56","guid":{"rendered":"https:\/\/www.akehedman.se\/wordpress\/?p=35295"},"modified":"2020-06-21T20:28:56","modified_gmt":"2020-06-21T19:28:56","slug":"midsommar-5","status":"publish","type":"post","link":"https:\/\/www.akehedman.se\/wordpress\/?p=35295","title":{"rendered":"Midsommar"},"content":{"rendered":"\n<figure class=\"wp-block-image size-large\"><img data-recalc-dims=\"1\" loading=\"lazy\" decoding=\"async\" width=\"580\" height=\"287\" src=\"https:\/\/i0.wp.com\/www.akehedman.se\/wordpress\/wp-content\/uploads\/2020\/06\/Screenshot-from-2020-06-21-20-47-45-1.png?resize=580%2C287&#038;ssl=1\" alt=\"\" class=\"wp-image-35298\" srcset=\"https:\/\/i0.wp.com\/www.akehedman.se\/wordpress\/wp-content\/uploads\/2020\/06\/Screenshot-from-2020-06-21-20-47-45-1.png?w=1019&amp;ssl=1 1019w, https:\/\/i0.wp.com\/www.akehedman.se\/wordpress\/wp-content\/uploads\/2020\/06\/Screenshot-from-2020-06-21-20-47-45-1.png?resize=300%2C149&amp;ssl=1 300w, https:\/\/i0.wp.com\/www.akehedman.se\/wordpress\/wp-content\/uploads\/2020\/06\/Screenshot-from-2020-06-21-20-47-45-1.png?resize=768%2C381&amp;ssl=1 768w\" sizes=\"auto, (max-width: 580px) 100vw, 580px\" \/><\/figure>\n\n\n\n<p class=\"wp-block-paragraph\">Egentligen \u00e4r jag inte s\u00e5 mycket f\u00f6r det d\u00e4r perfekta. Att s\u00f6ka det. Att vara tvungen att ha det. Jag \u00e4r fullt n\u00f6jd med normaliteten. Men den h\u00e4r midsommaren \u00e4r perfekt. Det finns inte s\u00e5 mycket mer som jag kan \u00f6nska mig. Jo, om jag nu m\u00e5ste, kanske hav. V\u00e5gor. Doft av t\u00e5ng. Men det \u00e4r inte viktigt. Resten finns d\u00e4r. God mat. Koltrasts\u00e5ng. V\u00e4der som v\u00e4rmer. Till och med en bra film finns d\u00e4r till slut. Det blir tre dagars grillning. Hammare och spik och friskt virke d\u00e4remellan. En bok. Kaffe. Glass. Jordgubbst\u00e5rta. Inte en droppe alkohol. Inget ovanligt med det. Sol, vindar som l\u00e4tt smeker ens kind. Njutning i en tr\u00e4dg\u00e5rdsstol medans solen n\u00e4stan g\u00e5r ner. Natt bjuds det inte p\u00e5 nu. Bara halvm\u00f6rker. <\/p>\n\n\n\n<p class=\"wp-block-paragraph\">S\u00e5dan skillnad det \u00e4r fr\u00e5n f\u00f6rras \u00e5ret. Sjukhus. En p\u00e5se antibiotikadropp, tre g\u00e5nger per dygn. Jag kunde vandra i Boulognerskogen en stund mellan de d\u00e4r droppen.  Njutning d\u00e5 ocks\u00e5 s\u00e5klart. Men sj\u00e4lv i en v\u00e4rld d\u00e4r folk umgicks med varandra. Lufth\u00e5l. Heml\u00e4ngtan. <\/p>\n\n\n\n<p class=\"wp-block-paragraph\">Jag \u00e4r n\u00f6jd allts\u00e5. <\/p>\n\n\n\n<p class=\"wp-block-paragraph\">Inte illa.<\/p>\n\n\n\n<p class=\"wp-block-paragraph\">Tack!<\/p>\n","protected":false},"excerpt":{"rendered":"<p>Egentligen \u00e4r jag inte s\u00e5 mycket f\u00f6r det d\u00e4r perfekta. Att s\u00f6ka det. Att vara tvungen att ha det. Jag \u00e4r fullt n\u00f6jd med normaliteten. Men den h\u00e4r midsommaren \u00e4r perfekt. Det finns inte s\u00e5 mycket mer som jag kan \u00f6nska mig. Jo, om jag nu m\u00e5ste, kanske hav. V\u00e5gor. Doft av t\u00e5ng. Men det [&hellip;]<\/p>\n","protected":false},"author":24,"featured_media":0,"comment_status":"open","ping_status":"open","sticky":false,"template":"","format":"standard","meta":{"_crdt_document":"","jetpack_post_was_ever_published":false,"_jetpack_newsletter_access":"","_jetpack_dont_email_post_to_subs":false,"_jetpack_newsletter_tier_id":0,"_jetpack_memberships_contains_paywalled_content":false,"_jetpack_memberships_contains_paid_content":false,"footnotes":"","jetpack_publicize_message":"","jetpack_publicize_feature_enabled":true,"jetpack_social_post_already_shared":false,"jetpack_social_options":{"image_generator_settings":{"template":"highway","default_image_id":0,"font":"","enabled":false},"version":2}},"categories":[24],"tags":[],"class_list":["post-35295","post","type-post","status-publish","format-standard","hentry","category-betraktelser"],"jetpack_publicize_connections":[],"jetpack_featured_media_url":"","jetpack_sharing_enabled":true,"jetpack_likes_enabled":true,"jetpack-related-posts":[{"id":19801,"url":"https:\/\/www.akehedman.se\/wordpress\/?p=19801","url_meta":{"origin":35295,"position":0},"title":"Besiktning och influensa","author":"\u00c5ke Hedman","date":"2016-02-29","format":false,"excerpt":"Besiktning idag. Har man gammal bil och inte allt f\u00f6r mycket pengar \u00e4r det en sp\u00e4nnande tillst\u00e4llning. Varje \u00e5r. \"Hur mycket kostar det i \u00e5r?\" Men i fjol. Godk\u00e4nd. Jag \u00e5ker d\u00e4rifr\u00e5n med h\u00f6jda \u00f6gonbryn. Men K var med. Kanske hade det n\u00e5got med saken att g\u00f6ra. I \u00e5r bara\u2026","rel":"","context":"In &quot;Betraktelser &amp; Ber\u00e4ttelse&quot;","block_context":{"text":"Betraktelser &amp; Ber\u00e4ttelse","link":"https:\/\/www.akehedman.se\/wordpress\/?cat=24"},"img":{"alt_text":"2012815115647279741379_sbig","src":"https:\/\/i0.wp.com\/www.akehedman.se\/wordpress\/wp-content\/uploads\/2016\/02\/2012815115647279741379_sbig.jpg?resize=350%2C200","width":350,"height":200},"classes":[]},{"id":20957,"url":"https:\/\/www.akehedman.se\/wordpress\/?p=20957","url_meta":{"origin":35295,"position":1},"title":"Projiceringarna","author":"\u00c5ke Hedman","date":"2016-07-07","format":false,"excerpt":"Jag bokf\u00f6r, den d\u00e4r sista bokf\u00f6ringen innan semester, ja fast det \u00e4r tv\u00e5 veckor till den, men \u00e4nd\u00e5. Det g\u00e5r s\u00e5d\u00e4r. Bokf\u00f6ringen. Jag vaknade vid fyra i morse och kunde inte somna om. Visserligen en f\u00f6rb\u00e4ttring j\u00e4mf\u00f6rt med ig\u00e5r d\u00e5 jag vaknade vid tre och inte heller \u00a0kunde somna om.\u2026","rel":"","context":"In &quot;Betraktelser &amp; Ber\u00e4ttelse&quot;","block_context":{"text":"Betraktelser &amp; Ber\u00e4ttelse","link":"https:\/\/www.akehedman.se\/wordpress\/?cat=24"},"img":{"alt_text":"Gavel","src":"https:\/\/i0.wp.com\/www.akehedman.se\/wordpress\/wp-content\/uploads\/2016\/02\/2603098-1024x682.jpg?resize=350%2C200","width":350,"height":200,"srcset":"https:\/\/i0.wp.com\/www.akehedman.se\/wordpress\/wp-content\/uploads\/2016\/02\/2603098-1024x682.jpg?resize=350%2C200 1x, https:\/\/i0.wp.com\/www.akehedman.se\/wordpress\/wp-content\/uploads\/2016\/02\/2603098-1024x682.jpg?resize=525%2C300 1.5x"},"classes":[]},{"id":21888,"url":"https:\/\/www.akehedman.se\/wordpress\/?p=21888","url_meta":{"origin":35295,"position":2},"title":"&#8220;V\u00e4rlden finns inte&#8221;","author":"\u00c5ke Hedman","date":"2016-10-19","format":false,"excerpt":"Jag skulle aldrig anst\u00e4lla n\u00e5gon som var i min \u00e5lder, definitivt inte, om jag hade valet av i alla fall kunna v\u00e4lja n\u00e5gon som var under femtio. Knappast skulle jag heller anst\u00e4lla en som mig med min CV. Japp, jag inser det d\u00e4r. Dummare \u00e4n s\u00e5 \u00e4r jag inte. Det\u2026","rel":"","context":"In &quot;Betraktelser &amp; Ber\u00e4ttelse&quot;","block_context":{"text":"Betraktelser &amp; Ber\u00e4ttelse","link":"https:\/\/www.akehedman.se\/wordpress\/?cat=24"},"img":{"alt_text":"san-francisco-san-francisco-bay-1112x630","src":"https:\/\/i0.wp.com\/www.akehedman.se\/wordpress\/wp-content\/uploads\/2016\/10\/san-francisco-san-francisco-bay-1112x630-1024x576.jpg?resize=350%2C200","width":350,"height":200,"srcset":"https:\/\/i0.wp.com\/www.akehedman.se\/wordpress\/wp-content\/uploads\/2016\/10\/san-francisco-san-francisco-bay-1112x630-1024x576.jpg?resize=350%2C200 1x, https:\/\/i0.wp.com\/www.akehedman.se\/wordpress\/wp-content\/uploads\/2016\/10\/san-francisco-san-francisco-bay-1112x630-1024x576.jpg?resize=525%2C300 1.5x"},"classes":[]},{"id":16814,"url":"https:\/\/www.akehedman.se\/wordpress\/?p=16814","url_meta":{"origin":35295,"position":3},"title":"Till kamrater och moderater","author":"\u00c5ke Hedman","date":"2015-03-04","format":false,"excerpt":"Dimman omsluter hela kullen med det stora gula huset h\u00e4r idag p\u00e5 morgonen. Kalldimma, den som d\u00f6ljer solen, som alltid g\u00f6mmer bl\u00e5 himmel och ljuset, det underbara ljuset, ljuset som \u00e4r l\u00e4ngtan efter vinter. Jag k\u00e4nner den. K\u00e4nner den s\u00e5 v\u00e4l. \u00c4r man en av kvinnan havets m\u00e4n, brudgum fr\u00e5n\u2026","rel":"","context":"In &quot;Betraktelser &amp; Ber\u00e4ttelse&quot;","block_context":{"text":"Betraktelser &amp; Ber\u00e4ttelse","link":"https:\/\/www.akehedman.se\/wordpress\/?cat=24"},"img":{"alt_text":"nikelmonumentet_2013","src":"https:\/\/i0.wp.com\/www.eurosource.se\/akhe\/wordpress\/wp-content\/uploads\/2015\/03\/nikelmonumentet_2013-768x1024.jpg?resize=350%2C200","width":350,"height":200,"srcset":"https:\/\/i0.wp.com\/www.eurosource.se\/akhe\/wordpress\/wp-content\/uploads\/2015\/03\/nikelmonumentet_2013-768x1024.jpg?resize=350%2C200 1x, https:\/\/i0.wp.com\/www.eurosource.se\/akhe\/wordpress\/wp-content\/uploads\/2015\/03\/nikelmonumentet_2013-768x1024.jpg?resize=525%2C300 1.5x"},"classes":[]},{"id":42495,"url":"https:\/\/www.akehedman.se\/wordpress\/?p=42495","url_meta":{"origin":35295,"position":4},"title":"Torsdag","author":"\u00c5ke Hedman","date":"2022-08-11","format":false,"excerpt":"Photo by Rickie-Tom Sch\u00fcnemann on Pexels.com En helt vanlig torsdag i ett liv. Det h\u00e4nder inte s\u00e5 mycket. \u00c5tminstone inte h\u00e4r p\u00e5 kullen. Klockorna tickar p\u00e5. Solen g\u00e5r upp och ner. Molnen far fram \u00f6ver himlen. Fast den h\u00e4r dagen \u00e4r unik s\u00e5klart. Den har aldrig funnits f\u00f6rut. Man borde\u2026","rel":"","context":"In &quot;Swedish&quot;","block_context":{"text":"Swedish","link":"https:\/\/www.akehedman.se\/wordpress\/?cat=2"},"img":{"alt_text":"berlin germany background wallpaper","src":"https:\/\/i0.wp.com\/www.akehedman.se\/wordpress\/wp-content\/uploads\/2022\/08\/pexels-photo-10818893.jpeg?resize=350%2C200&ssl=1","width":350,"height":200,"srcset":"https:\/\/i0.wp.com\/www.akehedman.se\/wordpress\/wp-content\/uploads\/2022\/08\/pexels-photo-10818893.jpeg?resize=350%2C200&ssl=1 1x, https:\/\/i0.wp.com\/www.akehedman.se\/wordpress\/wp-content\/uploads\/2022\/08\/pexels-photo-10818893.jpeg?resize=525%2C300&ssl=1 1.5x, https:\/\/i0.wp.com\/www.akehedman.se\/wordpress\/wp-content\/uploads\/2022\/08\/pexels-photo-10818893.jpeg?resize=700%2C400&ssl=1 2x"},"classes":[]},{"id":16568,"url":"https:\/\/www.akehedman.se\/wordpress\/?p=16568","url_meta":{"origin":35295,"position":5},"title":"En livs levande m\u00e4nniska","author":"\u00c5ke Hedman","date":"2015-02-16","format":false,"excerpt":"Idag har jag tr\u00e4ffat en livs levande m\u00e4nniska. Ja allts\u00e5 en utanf\u00f6r familjen. Ja till och med en utanf\u00f6r de som bor i de hus som ligger n\u00e4ra v\u00e5rt stora gula. Det var inte ens en p\u00e5 aff\u00e4ren. En helt annan m\u00e4nniska allts\u00e5. Fr\u00e5n ett annat landskap dessutom. Utb\u00f6ling. Fr\u00e5n\u2026","rel":"","context":"In &quot;Betraktelser &amp; Ber\u00e4ttelse&quot;","block_context":{"text":"Betraktelser &amp; Ber\u00e4ttelse","link":"https:\/\/www.akehedman.se\/wordpress\/?cat=24"},"img":{"alt_text":"","src":"","width":0,"height":0},"classes":[]}],"jetpack_shortlink":"https:\/\/wp.me\/p68PL2-9bh","_links":{"self":[{"href":"https:\/\/www.akehedman.se\/wordpress\/index.php?rest_route=\/wp\/v2\/posts\/35295","targetHints":{"allow":["GET"]}}],"collection":[{"href":"https:\/\/www.akehedman.se\/wordpress\/index.php?rest_route=\/wp\/v2\/posts"}],"about":[{"href":"https:\/\/www.akehedman.se\/wordpress\/index.php?rest_route=\/wp\/v2\/types\/post"}],"author":[{"embeddable":true,"href":"https:\/\/www.akehedman.se\/wordpress\/index.php?rest_route=\/wp\/v2\/users\/24"}],"replies":[{"embeddable":true,"href":"https:\/\/www.akehedman.se\/wordpress\/index.php?rest_route=%2Fwp%2Fv2%2Fcomments&post=35295"}],"version-history":[{"count":1,"href":"https:\/\/www.akehedman.se\/wordpress\/index.php?rest_route=\/wp\/v2\/posts\/35295\/revisions"}],"predecessor-version":[{"id":35299,"href":"https:\/\/www.akehedman.se\/wordpress\/index.php?rest_route=\/wp\/v2\/posts\/35295\/revisions\/35299"}],"wp:attachment":[{"href":"https:\/\/www.akehedman.se\/wordpress\/index.php?rest_route=%2Fwp%2Fv2%2Fmedia&parent=35295"}],"wp:term":[{"taxonomy":"category","embeddable":true,"href":"https:\/\/www.akehedman.se\/wordpress\/index.php?rest_route=%2Fwp%2Fv2%2Fcategories&post=35295"},{"taxonomy":"post_tag","embeddable":true,"href":"https:\/\/www.akehedman.se\/wordpress\/index.php?rest_route=%2Fwp%2Fv2%2Ftags&post=35295"}],"curies":[{"name":"wp","href":"https:\/\/api.w.org\/{rel}","templated":true}]}}