{"id":35063,"date":"2020-05-07T07:23:54","date_gmt":"2020-05-07T06:23:54","guid":{"rendered":"https:\/\/www.akehedman.se\/wordpress\/?p=35063"},"modified":"2020-05-07T07:23:54","modified_gmt":"2020-05-07T06:23:54","slug":"trakigheter","status":"publish","type":"post","link":"https:\/\/www.akehedman.se\/wordpress\/?p=35063","title":{"rendered":"Tr\u00e5kigheter"},"content":{"rendered":"\n<figure class=\"wp-block-image size-large\"><img data-recalc-dims=\"1\" loading=\"lazy\" decoding=\"async\" width=\"580\" height=\"480\" src=\"https:\/\/i0.wp.com\/www.akehedman.se\/wordpress\/wp-content\/uploads\/2020\/05\/hasse.png?resize=580%2C480&#038;ssl=1\" alt=\"\" class=\"wp-image-35064\" srcset=\"https:\/\/i0.wp.com\/www.akehedman.se\/wordpress\/wp-content\/uploads\/2020\/05\/hasse.png?w=739&amp;ssl=1 739w, https:\/\/i0.wp.com\/www.akehedman.se\/wordpress\/wp-content\/uploads\/2020\/05\/hasse.png?resize=300%2C248&amp;ssl=1 300w\" sizes=\"auto, (max-width: 580px) 100vw, 580px\" \/><figcaption>Hasse med familj. Lars med keps framf\u00f6r Hasse.<\/figcaption><\/figure>\n\n\n\n<p class=\"wp-block-paragraph\">Jag ser bara den d\u00e4r bilden som hastigast. Jag l\u00e5tsasjobbar och har tankarna p\u00e5 andra st\u00e4llen. Den d\u00e4r sidan d\u00e4r bilden finns med ligger liksom bara uppe. S\u00e5 som sidor ofta g\u00f6r. Men n\u00e5got \u00e4ter sig in i mig. Tanken att Max von Sydow &#8211; han bak i mitten p\u00e5 bilden &#8211; allt \u00e4nd\u00e5 \u00e4r bra lik min morbror Hasse. Ja Hasse \u00e4r d\u00f6d sedan m\u00e5nga \u00e5r. En k\u00e4r person. En av de sn\u00e4llaste i v\u00e4rlden. En s\u00e5dan d\u00e4r det inte finns s\u00e5 m\u00e5nga av. Inte d\u00e5. Inte nu. Japp, lika \u00e4r de&#8230;<\/p>\n\n\n\n<p class=\"wp-block-paragraph\">Tanken sitter kvar. Mal p\u00e5. Jag m\u00e5ste titta p\u00e5 bilden. Den \u00e4r inte fr\u00e5n utvandrarna.  Jamen, det \u00c4R ju Hasse. Med hela sin familj. Slotterfika kanske. Vilken j\u00e4kla kanonbild. Roligt eftersom jag inte har n\u00e5gon bild p\u00e5 Hasse. Laddar ner den. Fast sen l\u00e4ser jag texten. Kusin Lars \u00e4r d\u00f6d. En namne. En ungdom fr\u00e5n mitt perspektiv. Tr\u00e5kigt. V\u00e4ldigt tr\u00e5kigt.<\/p>\n\n\n\n<p class=\"wp-block-paragraph\">Vi har ingen kontakt i egentlig mening. Generationen f\u00f6re oss var v\u00e4ldigt n\u00e4ra varandra. Ocks\u00e5 bland kusiner. Nu i generationen efter h\u00e4lsar vi som mest p\u00e5 varandra n\u00e4r vi r\u00e5kar st\u00f6ta p\u00e5 varandra. Inte mer. Fast Hasses barn \u00e4r nog de som \u00e4r n\u00e4rmast \u00e4nd\u00e5. De som det g\u00e5tt s\u00e5 j\u00e4kla bra f\u00f6r. Som har s\u00e5dan talang. De som morsan v\u00e4rnade om s\u00e5.<\/p>\n\n\n\n<p class=\"wp-block-paragraph\">Fast d\u00f6d. Den \u00e4r en f\u00f6ljeslagare i med i min \u00e5lder. Man v\u00e4njer sig s\u00e5klart aldrig. Det vore simpelt och ok\u00e4nsligt. Men man blir inte heller f\u00f6rv\u00e5nad l\u00e4ngre. Ju l\u00e4ngre man lever ju fler d\u00f6da kretsar runt ens \u00e5ldrande person. Det \u00e4r inte s\u00e5 roligt. En v\u00e4g som bara  leder mot total ensamhet. <\/p>\n\n\n\n<p class=\"wp-block-paragraph\">Jag hoppas Lars var lycklig.<\/p>\n","protected":false},"excerpt":{"rendered":"<p>Jag ser bara den d\u00e4r bilden som hastigast. Jag l\u00e5tsasjobbar och har tankarna p\u00e5 andra st\u00e4llen. Den d\u00e4r sidan d\u00e4r bilden finns med ligger liksom bara uppe. S\u00e5 som sidor ofta g\u00f6r. Men n\u00e5got \u00e4ter sig in i mig. Tanken att Max von Sydow &#8211; han bak i mitten p\u00e5 bilden &#8211; allt \u00e4nd\u00e5 \u00e4r [&hellip;]<\/p>\n","protected":false},"author":24,"featured_media":0,"comment_status":"open","ping_status":"open","sticky":false,"template":"","format":"standard","meta":{"_crdt_document":"","jetpack_post_was_ever_published":false,"_jetpack_newsletter_access":"","_jetpack_dont_email_post_to_subs":false,"_jetpack_newsletter_tier_id":0,"_jetpack_memberships_contains_paywalled_content":false,"_jetpack_memberships_contains_paid_content":false,"footnotes":"","jetpack_publicize_message":"","jetpack_publicize_feature_enabled":true,"jetpack_social_post_already_shared":false,"jetpack_social_options":{"image_generator_settings":{"template":"highway","default_image_id":0,"font":"","enabled":false},"version":2}},"categories":[24],"tags":[],"class_list":["post-35063","post","type-post","status-publish","format-standard","hentry","category-betraktelser"],"jetpack_publicize_connections":[],"jetpack_featured_media_url":"","jetpack_sharing_enabled":true,"jetpack_likes_enabled":true,"jetpack-related-posts":[{"id":17885,"url":"https:\/\/www.akehedman.se\/wordpress\/?p=17885","url_meta":{"origin":35063,"position":0},"title":"Vill bara \u00f6nska en trevlig helg","author":"\u00c5ke Hedman","date":"2015-05-15","format":false,"excerpt":"Avslutar fredagen med huvudv\u00e4rk. Fast skiter i den. F\u00f6r det \u00e4r fredag. Inget vandrande ner till kontoret igen efter nyheterna allts\u00e5. Ledighet. Helig ledighet. H\u00e4r jobbas inte fredagskv\u00e4llar. Dock g\u00e4rna i princip alltid annars. Professorn ringer. Ja han \u00e4r en s\u00e5n p\u00e5 riktigt. Men f\u00f6r mig \u00e4r han bara grabben\u2026","rel":"","context":"In &quot;Betraktelser &amp; Ber\u00e4ttelse&quot;","block_context":{"text":"Betraktelser &amp; Ber\u00e4ttelse","link":"https:\/\/www.akehedman.se\/wordpress\/?cat=24"},"img":{"alt_text":"kattsp\u00e5r","src":"https:\/\/i0.wp.com\/www.akehedman.se\/wordpress\/wp-content\/uploads\/2015\/04\/kattsp%C3%A5r-1024x869.png?resize=350%2C200","width":350,"height":200,"srcset":"https:\/\/i0.wp.com\/www.akehedman.se\/wordpress\/wp-content\/uploads\/2015\/04\/kattsp%C3%A5r-1024x869.png?resize=350%2C200 1x, https:\/\/i0.wp.com\/www.akehedman.se\/wordpress\/wp-content\/uploads\/2015\/04\/kattsp%C3%A5r-1024x869.png?resize=525%2C300 1.5x"},"classes":[]},{"id":25326,"url":"https:\/\/www.akehedman.se\/wordpress\/?p=25326","url_meta":{"origin":35063,"position":1},"title":"H\u00f6! och \u00e5h&#8230;","author":"\u00c5ke Hedman","date":"2017-09-10","format":false,"excerpt":"Jod\u00e5 vi \u00e4r ut en sv\u00e4ng. Plockar de krusb\u00e4r som krusb\u00e4rsbusken nu \u00e4ntligen levererar. Jod\u00e5, den har st\u00e5tt d\u00e4r n\u00e5gra \u00e5r. En herrans massa faktiskt. Fast inte till annan nytta \u00e4n att symbolisera hopp. Fast i \u00e5r d\u00e5 fyra b\u00e4r. Att inmundiga efter middag. Johod\u00e5, gott som n\u00e4r man var\u2026","rel":"","context":"In &quot;Betraktelser &amp; Ber\u00e4ttelse&quot;","block_context":{"text":"Betraktelser &amp; Ber\u00e4ttelse","link":"https:\/\/www.akehedman.se\/wordpress\/?cat=24"},"img":{"alt_text":"","src":"https:\/\/i0.wp.com\/www.akehedman.se\/wordpress\/wp-content\/uploads\/2017\/09\/IMG_20170910_151844421-1024x768.jpg?resize=350%2C200","width":350,"height":200,"srcset":"https:\/\/i0.wp.com\/www.akehedman.se\/wordpress\/wp-content\/uploads\/2017\/09\/IMG_20170910_151844421-1024x768.jpg?resize=350%2C200 1x, https:\/\/i0.wp.com\/www.akehedman.se\/wordpress\/wp-content\/uploads\/2017\/09\/IMG_20170910_151844421-1024x768.jpg?resize=525%2C300 1.5x"},"classes":[]},{"id":27126,"url":"https:\/\/www.akehedman.se\/wordpress\/?p=27126","url_meta":{"origin":35063,"position":2},"title":"Det \u00e4r gott","author":"\u00c5ke Hedman","date":"2018-02-13","format":false,"excerpt":"Det \u00e4r gott. Jod\u00e5 det skulle s\u00e4kert kunnat vara p\u00e5 n\u00e5got annat s\u00e4tt. Men det \u00e4r som det \u00e4r. Gott eller el\u00e4ndigt kan man best\u00e4mma sj\u00e4lv. F\u00f6r det mesta. S\u00e5 jag best\u00e4mmer mig f\u00f6r gott. F\u00f6r att det k\u00e4nns s\u00e5. Sn\u00f6n singlar inte ned l\u00e4ngre.\u00a0 Det \u00e4r bra. M\u00e5ste ut\u2026","rel":"","context":"In &quot;Betraktelser &amp; Ber\u00e4ttelse&quot;","block_context":{"text":"Betraktelser &amp; Ber\u00e4ttelse","link":"https:\/\/www.akehedman.se\/wordpress\/?cat=24"},"img":{"alt_text":"","src":"https:\/\/i0.wp.com\/www.akehedman.se\/wordpress\/wp-content\/uploads\/2018\/02\/Screenshot-from-2018-02-13-10-14-23-1024x688.png?resize=350%2C200","width":350,"height":200,"srcset":"https:\/\/i0.wp.com\/www.akehedman.se\/wordpress\/wp-content\/uploads\/2018\/02\/Screenshot-from-2018-02-13-10-14-23-1024x688.png?resize=350%2C200 1x, https:\/\/i0.wp.com\/www.akehedman.se\/wordpress\/wp-content\/uploads\/2018\/02\/Screenshot-from-2018-02-13-10-14-23-1024x688.png?resize=525%2C300 1.5x"},"classes":[]},{"id":48636,"url":"https:\/\/www.akehedman.se\/wordpress\/?p=48636","url_meta":{"origin":35063,"position":3},"title":"Att minnas","author":"\u00c5ke Hedman","date":"2024-11-03","format":false,"excerpt":"H\u00f6sten liksom h\u00e5ller i sig. Allhelgonahelg. En speciell helg hela mitt liv. Edsbyn. Gl\u00e4dje och sorg n\u00e4r man var barn. Den f\u00f6rsta sn\u00f6n kom n\u00e4stan alltid den h\u00e4r helgen. De vuxna skulle se till gravarna. Oftast var det sn\u00f6storm. Som liten \u00f6verskuggade livet tankar om och p\u00e5 dem som g\u00e5tt\u2026","rel":"","context":"In &quot;Betraktelser &amp; Ber\u00e4ttelse&quot;","block_context":{"text":"Betraktelser &amp; Ber\u00e4ttelse","link":"https:\/\/www.akehedman.se\/wordpress\/?cat=24"},"img":{"alt_text":"","src":"https:\/\/i0.wp.com\/www.akehedman.se\/wordpress\/wp-content\/uploads\/2024\/11\/skogskyrkogarden-allhelgona-768x512.jpg.webp?resize=350%2C200&ssl=1","width":350,"height":200,"srcset":"https:\/\/i0.wp.com\/www.akehedman.se\/wordpress\/wp-content\/uploads\/2024\/11\/skogskyrkogarden-allhelgona-768x512.jpg.webp?resize=350%2C200&ssl=1 1x, https:\/\/i0.wp.com\/www.akehedman.se\/wordpress\/wp-content\/uploads\/2024\/11\/skogskyrkogarden-allhelgona-768x512.jpg.webp?resize=525%2C300&ssl=1 1.5x, https:\/\/i0.wp.com\/www.akehedman.se\/wordpress\/wp-content\/uploads\/2024\/11\/skogskyrkogarden-allhelgona-768x512.jpg.webp?resize=700%2C400&ssl=1 2x"},"classes":[]},{"id":21593,"url":"https:\/\/www.akehedman.se\/wordpress\/?p=21593","url_meta":{"origin":35063,"position":4},"title":"Halvtid","author":"\u00c5ke Hedman","date":"2016-09-21","format":false,"excerpt":"Veckor som rusar. Det \u00e4r n\u00e5got sorgligt med det. D\u00e4rf\u00f6r att livet rusar med dom. Man hinner liksom inte allt. Det blir mer och mer klart nu n\u00e4r man med r\u00e5ge passerat halvtid i livet. Det var liksom sk\u00f6nare f\u00f6rr n\u00e4r man k\u00e4nde att det fanns tid kvar. Tid att\u2026","rel":"","context":"In &quot;Betraktelser &amp; Ber\u00e4ttelse&quot;","block_context":{"text":"Betraktelser &amp; Ber\u00e4ttelse","link":"https:\/\/www.akehedman.se\/wordpress\/?cat=24"},"img":{"alt_text":"hasses_hast","src":"https:\/\/i0.wp.com\/www.akehedman.se\/wordpress\/wp-content\/uploads\/2016\/08\/hasses_hast-1024x1009.png?resize=350%2C200","width":350,"height":200,"srcset":"https:\/\/i0.wp.com\/www.akehedman.se\/wordpress\/wp-content\/uploads\/2016\/08\/hasses_hast-1024x1009.png?resize=350%2C200 1x, https:\/\/i0.wp.com\/www.akehedman.se\/wordpress\/wp-content\/uploads\/2016\/08\/hasses_hast-1024x1009.png?resize=525%2C300 1.5x"},"classes":[]},{"id":36466,"url":"https:\/\/www.akehedman.se\/wordpress\/?p=36466","url_meta":{"origin":35063,"position":5},"title":"Minnen","author":"\u00c5ke Hedman","date":"2020-10-16","format":false,"excerpt":"Det \u00e4r lite roligt n\u00e4r folk l\u00e4ser gamla inl\u00e4gg som det h\u00e4r. Jag m\u00e5ste naturligtvis l\u00e4sa jag med. Det \u00e4r jag och Isse som st\u00e5r d\u00e4r l\u00e4ngst bak. Isse som blev professor i Fysik i Uppsala och numera sedan n\u00e5gra \u00e5r ocks\u00e5 sitter i Vetenskapsakademin. Ja Bj\u00f6rgvin Hj\u00f6rvarsson heter han\u2026","rel":"","context":"In &quot;Betraktelser &amp; Ber\u00e4ttelse&quot;","block_context":{"text":"Betraktelser &amp; Ber\u00e4ttelse","link":"https:\/\/www.akehedman.se\/wordpress\/?cat=24"},"img":{"alt_text":"","src":"https:\/\/i0.wp.com\/www.akehedman.se\/wordpress\/wp-content\/uploads\/2020\/10\/fysikalsikkemi1982-1024x622-1.jpg?resize=350%2C200&ssl=1","width":350,"height":200,"srcset":"https:\/\/i0.wp.com\/www.akehedman.se\/wordpress\/wp-content\/uploads\/2020\/10\/fysikalsikkemi1982-1024x622-1.jpg?resize=350%2C200&ssl=1 1x, https:\/\/i0.wp.com\/www.akehedman.se\/wordpress\/wp-content\/uploads\/2020\/10\/fysikalsikkemi1982-1024x622-1.jpg?resize=525%2C300&ssl=1 1.5x, https:\/\/i0.wp.com\/www.akehedman.se\/wordpress\/wp-content\/uploads\/2020\/10\/fysikalsikkemi1982-1024x622-1.jpg?resize=700%2C400&ssl=1 2x"},"classes":[]}],"jetpack_shortlink":"https:\/\/wp.me\/p68PL2-97x","_links":{"self":[{"href":"https:\/\/www.akehedman.se\/wordpress\/index.php?rest_route=\/wp\/v2\/posts\/35063","targetHints":{"allow":["GET"]}}],"collection":[{"href":"https:\/\/www.akehedman.se\/wordpress\/index.php?rest_route=\/wp\/v2\/posts"}],"about":[{"href":"https:\/\/www.akehedman.se\/wordpress\/index.php?rest_route=\/wp\/v2\/types\/post"}],"author":[{"embeddable":true,"href":"https:\/\/www.akehedman.se\/wordpress\/index.php?rest_route=\/wp\/v2\/users\/24"}],"replies":[{"embeddable":true,"href":"https:\/\/www.akehedman.se\/wordpress\/index.php?rest_route=%2Fwp%2Fv2%2Fcomments&post=35063"}],"version-history":[{"count":1,"href":"https:\/\/www.akehedman.se\/wordpress\/index.php?rest_route=\/wp\/v2\/posts\/35063\/revisions"}],"predecessor-version":[{"id":35065,"href":"https:\/\/www.akehedman.se\/wordpress\/index.php?rest_route=\/wp\/v2\/posts\/35063\/revisions\/35065"}],"wp:attachment":[{"href":"https:\/\/www.akehedman.se\/wordpress\/index.php?rest_route=%2Fwp%2Fv2%2Fmedia&parent=35063"}],"wp:term":[{"taxonomy":"category","embeddable":true,"href":"https:\/\/www.akehedman.se\/wordpress\/index.php?rest_route=%2Fwp%2Fv2%2Fcategories&post=35063"},{"taxonomy":"post_tag","embeddable":true,"href":"https:\/\/www.akehedman.se\/wordpress\/index.php?rest_route=%2Fwp%2Fv2%2Ftags&post=35063"}],"curies":[{"name":"wp","href":"https:\/\/api.w.org\/{rel}","templated":true}]}}