{"id":35032,"date":"2020-04-29T21:43:29","date_gmt":"2020-04-29T20:43:29","guid":{"rendered":"https:\/\/www.akehedman.se\/wordpress\/?p=35032"},"modified":"2020-04-29T21:43:29","modified_gmt":"2020-04-29T20:43:29","slug":"spanska-sjukan-slog-hardast-mot-unga-popularhistoria-se","status":"publish","type":"post","link":"https:\/\/www.akehedman.se\/wordpress\/?p=35032","title":{"rendered":"Spanska sjukan slog h\u00e5rdast mot unga | Popularhistoria.se"},"content":{"rendered":"<blockquote><p><a href=\"https:\/\/popularhistoria.se\/vardagsliv\/hygien-halsa\/spanska-sjukan-slog-hardast-mot-unga\"><img data-recalc-dims=\"1\" decoding=\"async\" class=\"alignnone size-full\" src=\"https:\/\/i0.wp.com\/www.akehedman.se\/wordpress\/wp-content\/uploads\/2020\/04\/spanska-sjukan-smittad-far-vard-15Vj9RZpsGq5nVOnSRw9qg.jpg?w=580&#038;ssl=1\" alt=\"\" \/><\/a>Det b\u00f6rjade med vanlig hosta och feber. Men f\u00f6r tio\u00adtusentals svenskar slutade det med d\u00f6den. Samtidigt som f\u00f6rsta v\u00e4rldskriget gick mot sitt slut br\u00f6t den \u00e4nnu d\u00f6dligare spanska sjukan ut.<\/p><\/blockquote>\n<p>Source: <em><a href=\"https:\/\/popularhistoria.se\/vardagsliv\/hygien-halsa\/spanska-sjukan-slog-hardast-mot-unga\">Spanska sjukan slog h\u00e5rdast mot unga | Popularhistoria.se<\/a><\/em><\/p>\n","protected":false},"excerpt":{"rendered":"<p>Det b\u00f6rjade med vanlig hosta och feber. Men f\u00f6r tio\u00adtusentals svenskar slutade det med d\u00f6den. Samtidigt som f\u00f6rsta v\u00e4rldskriget gick mot sitt slut br\u00f6t den \u00e4nnu d\u00f6dligare spanska sjukan ut. Source: Spanska sjukan slog h\u00e5rdast mot unga | Popularhistoria.se<\/p>\n","protected":false},"author":24,"featured_media":0,"comment_status":"open","ping_status":"open","sticky":false,"template":"","format":"standard","meta":{"_crdt_document":"","jetpack_post_was_ever_published":false,"_jetpack_newsletter_access":"","_jetpack_dont_email_post_to_subs":false,"_jetpack_newsletter_tier_id":0,"_jetpack_memberships_contains_paywalled_content":false,"_jetpack_memberships_contains_paid_content":false,"footnotes":"","jetpack_publicize_message":"","jetpack_publicize_feature_enabled":true,"jetpack_social_post_already_shared":false,"jetpack_social_options":{"image_generator_settings":{"template":"highway","default_image_id":0,"font":"","enabled":false},"version":2}},"categories":[2],"tags":[],"class_list":["post-35032","post","type-post","status-publish","format-standard","hentry","category-swedish"],"jetpack_publicize_connections":[],"jetpack_featured_media_url":"","jetpack_sharing_enabled":true,"jetpack_likes_enabled":true,"jetpack-related-posts":[{"id":34950,"url":"https:\/\/www.akehedman.se\/wordpress\/?p=34950","url_meta":{"origin":35032,"position":0},"title":"S\u00e5 hedrades sjukv\u00e5rdspersonalen under spanska sjukan","author":"\u00c5ke Hedman","date":"2020-04-19","format":false,"excerpt":"Source: S\u00e5 hedrades sjukv\u00e5rdspersonalen under spanska sjukan","rel":"","context":"In &quot;Swedish&quot;","block_context":{"text":"Swedish","link":"https:\/\/www.akehedman.se\/wordpress\/?cat=2"},"img":{"alt_text":"","src":"","width":0,"height":0},"classes":[]},{"id":29352,"url":"https:\/\/www.akehedman.se\/wordpress\/?p=29352","url_meta":{"origin":35032,"position":1},"title":"Censur fick tidningar att tiga om d\u00f6dliga farsoten | SvD","author":"\u00c5ke Hedman","date":"2018-07-16","format":false,"excerpt":"I dag v\u00e4nder jag mig till ett \u00e4mne som jag skrivit om f\u00f6rr, men eftersom det r\u00f6r sig om en av de st\u00f6rsta tragedierna i v\u00e5r moderna historia, och eftersom den tog fart f\u00f6r exakt hundra \u00e5r sedan, \u00e4r det p\u00e5 sin plats med en repetition. Det handlar om spanska\u2026","rel":"","context":"In &quot;Swedish&quot;","block_context":{"text":"Swedish","link":"https:\/\/www.akehedman.se\/wordpress\/?cat=2"},"img":{"alt_text":"","src":"","width":0,"height":0},"classes":[]},{"id":34816,"url":"https:\/\/www.akehedman.se\/wordpress\/?p=34816","url_meta":{"origin":35032,"position":2},"title":"S\u00f6ndag","author":"\u00c5ke Hedman","date":"2020-04-05","format":false,"excerpt":"Jag lyckas. Sitter d\u00e4r s\u00f6ndag eftermiddag och s\u00f6ndag kv\u00e4ll. Idag allts\u00e5. En seger \u00f6ver soffan. Visst, det hostas fortfarande. Men allm\u00e4ntillst\u00e5ndet, japp, det viktiga allm\u00e4ntillst\u00e5ndet, har g\u00e5tt mot normall\u00e4ge. F\u00f6r mig \u00e4r det den viktiga signalen. Jag ar stor respekt just f\u00f6r det d\u00e4r allm\u00e4ntillst\u00e5ndet. Men allts\u00e5. Mina kompisar b\u00f6rjar\u2026","rel":"","context":"In &quot;Betraktelser &amp; Ber\u00e4ttelse&quot;","block_context":{"text":"Betraktelser &amp; Ber\u00e4ttelse","link":"https:\/\/www.akehedman.se\/wordpress\/?cat=24"},"img":{"alt_text":"","src":"https:\/\/i0.wp.com\/www.akehedman.se\/wordpress\/wp-content\/uploads\/2012\/10\/farfar.jpg?resize=350%2C200&ssl=1","width":350,"height":200,"srcset":"https:\/\/i0.wp.com\/www.akehedman.se\/wordpress\/wp-content\/uploads\/2012\/10\/farfar.jpg?resize=350%2C200&ssl=1 1x, https:\/\/i0.wp.com\/www.akehedman.se\/wordpress\/wp-content\/uploads\/2012\/10\/farfar.jpg?resize=525%2C300&ssl=1 1.5x, https:\/\/i0.wp.com\/www.akehedman.se\/wordpress\/wp-content\/uploads\/2012\/10\/farfar.jpg?resize=700%2C400&ssl=1 2x, https:\/\/i0.wp.com\/www.akehedman.se\/wordpress\/wp-content\/uploads\/2012\/10\/farfar.jpg?resize=1050%2C600&ssl=1 3x, https:\/\/i0.wp.com\/www.akehedman.se\/wordpress\/wp-content\/uploads\/2012\/10\/farfar.jpg?resize=1400%2C800&ssl=1 4x"},"classes":[]},{"id":27672,"url":"https:\/\/www.akehedman.se\/wordpress\/?p=27672","url_meta":{"origin":35032,"position":3},"title":"V\u00e5rdagj\u00e4mning","author":"\u00c5ke Hedman","date":"2018-03-20","format":false,"excerpt":"Det \u00e4r v\u00e5rdagj\u00e4mningen idag. Det spelar ingen roll att sn\u00f6n inte sm\u00e4lter d\u00e4r ute. Ljuset \u00e4r h\u00e4r, det \u00e4r faktiskt inte tjugo minus, det finns hopp. H\u00e4r \u00e4r det mosigt. Den h\u00e4r f\u00f6rkylningen vill helt enkelt inte l\u00e4mna min kropp. Den h\u00e5ller sig fast. Men jag \u00e4r tydligen inte ensam.\u2026","rel":"","context":"In &quot;Betraktelser &amp; Ber\u00e4ttelse&quot;","block_context":{"text":"Betraktelser &amp; Ber\u00e4ttelse","link":"https:\/\/www.akehedman.se\/wordpress\/?cat=24"},"img":{"alt_text":"","src":"https:\/\/i0.wp.com\/www.akehedman.se\/wordpress\/wp-content\/uploads\/2018\/03\/IMG_20180314_212604943-1024x576.jpg?resize=350%2C200","width":350,"height":200,"srcset":"https:\/\/i0.wp.com\/www.akehedman.se\/wordpress\/wp-content\/uploads\/2018\/03\/IMG_20180314_212604943-1024x576.jpg?resize=350%2C200 1x, https:\/\/i0.wp.com\/www.akehedman.se\/wordpress\/wp-content\/uploads\/2018\/03\/IMG_20180314_212604943-1024x576.jpg?resize=525%2C300 1.5x"},"classes":[]},{"id":34672,"url":"https:\/\/www.akehedman.se\/wordpress\/?p=34672","url_meta":{"origin":35032,"position":4},"title":"Blir st\u00f6tt","author":"\u00c5ke Hedman","date":"2020-03-15","format":false,"excerpt":"Jod\u00e5. Vi lever med Covid 19 h\u00e4r ute i skogen ocks\u00e5. Men sj\u00e4lv har jag en helt vanlig influensa. Tror jag i alla fall. Det snoras. Ont i halsas. Ojas. Men det t\u00e4nker \u00f6verlevas \u00e4ven om man fr\u00e5n officiellt h\u00e5ll g\u00e4rna plockar med +60 \u00e5ringar som mig i riskgrupperna. Man\u2026","rel":"","context":"In &quot;Betraktelser &amp; Ber\u00e4ttelse&quot;","block_context":{"text":"Betraktelser &amp; Ber\u00e4ttelse","link":"https:\/\/www.akehedman.se\/wordpress\/?cat=24"},"img":{"alt_text":"","src":"https:\/\/i0.wp.com\/www.akehedman.se\/wordpress\/wp-content\/uploads\/2020\/03\/IMG_20200312_233253344.jpg?resize=350%2C200&ssl=1","width":350,"height":200,"srcset":"https:\/\/i0.wp.com\/www.akehedman.se\/wordpress\/wp-content\/uploads\/2020\/03\/IMG_20200312_233253344.jpg?resize=350%2C200&ssl=1 1x, https:\/\/i0.wp.com\/www.akehedman.se\/wordpress\/wp-content\/uploads\/2020\/03\/IMG_20200312_233253344.jpg?resize=525%2C300&ssl=1 1.5x, https:\/\/i0.wp.com\/www.akehedman.se\/wordpress\/wp-content\/uploads\/2020\/03\/IMG_20200312_233253344.jpg?resize=700%2C400&ssl=1 2x"},"classes":[]},{"id":37242,"url":"https:\/\/www.akehedman.se\/wordpress\/?p=37242","url_meta":{"origin":35032,"position":5},"title":"Julvecka","author":"\u00c5ke Hedman","date":"2020-12-20","format":false,"excerpt":"Veckan har startat. Julvecka m\u00e5ste man v\u00e4l kalla den. Det finns bara innevarande dag och tv\u00e5 dagar till att slutf\u00f6ra saker p\u00e5. Sen... den stora vilan. Julhelg under ett mycket konstigt \u00e5r. Ett \u00e5r (ja s\u00e4kert n\u00e4sta ocks\u00e5) som man kommer att prata om i framtiden. Minnas. Vi lever s\u00e5klart\u2026","rel":"","context":"In &quot;Swedish&quot;","block_context":{"text":"Swedish","link":"https:\/\/www.akehedman.se\/wordpress\/?cat=2"},"img":{"alt_text":"","src":"https:\/\/i0.wp.com\/www.akehedman.se\/wordpress\/wp-content\/uploads\/2020\/12\/IMG_20201218_074438-scaled.jpg?resize=350%2C200&ssl=1","width":350,"height":200,"srcset":"https:\/\/i0.wp.com\/www.akehedman.se\/wordpress\/wp-content\/uploads\/2020\/12\/IMG_20201218_074438-scaled.jpg?resize=350%2C200&ssl=1 1x, https:\/\/i0.wp.com\/www.akehedman.se\/wordpress\/wp-content\/uploads\/2020\/12\/IMG_20201218_074438-scaled.jpg?resize=525%2C300&ssl=1 1.5x, https:\/\/i0.wp.com\/www.akehedman.se\/wordpress\/wp-content\/uploads\/2020\/12\/IMG_20201218_074438-scaled.jpg?resize=700%2C400&ssl=1 2x, https:\/\/i0.wp.com\/www.akehedman.se\/wordpress\/wp-content\/uploads\/2020\/12\/IMG_20201218_074438-scaled.jpg?resize=1050%2C600&ssl=1 3x, https:\/\/i0.wp.com\/www.akehedman.se\/wordpress\/wp-content\/uploads\/2020\/12\/IMG_20201218_074438-scaled.jpg?resize=1400%2C800&ssl=1 4x"},"classes":[]}],"jetpack_shortlink":"https:\/\/wp.me\/p68PL2-972","_links":{"self":[{"href":"https:\/\/www.akehedman.se\/wordpress\/index.php?rest_route=\/wp\/v2\/posts\/35032","targetHints":{"allow":["GET"]}}],"collection":[{"href":"https:\/\/www.akehedman.se\/wordpress\/index.php?rest_route=\/wp\/v2\/posts"}],"about":[{"href":"https:\/\/www.akehedman.se\/wordpress\/index.php?rest_route=\/wp\/v2\/types\/post"}],"author":[{"embeddable":true,"href":"https:\/\/www.akehedman.se\/wordpress\/index.php?rest_route=\/wp\/v2\/users\/24"}],"replies":[{"embeddable":true,"href":"https:\/\/www.akehedman.se\/wordpress\/index.php?rest_route=%2Fwp%2Fv2%2Fcomments&post=35032"}],"version-history":[{"count":1,"href":"https:\/\/www.akehedman.se\/wordpress\/index.php?rest_route=\/wp\/v2\/posts\/35032\/revisions"}],"predecessor-version":[{"id":35034,"href":"https:\/\/www.akehedman.se\/wordpress\/index.php?rest_route=\/wp\/v2\/posts\/35032\/revisions\/35034"}],"wp:attachment":[{"href":"https:\/\/www.akehedman.se\/wordpress\/index.php?rest_route=%2Fwp%2Fv2%2Fmedia&parent=35032"}],"wp:term":[{"taxonomy":"category","embeddable":true,"href":"https:\/\/www.akehedman.se\/wordpress\/index.php?rest_route=%2Fwp%2Fv2%2Fcategories&post=35032"},{"taxonomy":"post_tag","embeddable":true,"href":"https:\/\/www.akehedman.se\/wordpress\/index.php?rest_route=%2Fwp%2Fv2%2Ftags&post=35032"}],"curies":[{"name":"wp","href":"https:\/\/api.w.org\/{rel}","templated":true}]}}