{"id":35028,"date":"2020-04-29T09:21:03","date_gmt":"2020-04-29T08:21:03","guid":{"rendered":"https:\/\/www.akehedman.se\/wordpress\/?p=35028"},"modified":"2020-04-29T09:21:03","modified_gmt":"2020-04-29T08:21:03","slug":"joda-27","status":"publish","type":"post","link":"https:\/\/www.akehedman.se\/wordpress\/?p=35028","title":{"rendered":"Jod\u00e5"},"content":{"rendered":"\n<figure class=\"wp-block-image size-large\"><img data-recalc-dims=\"1\" loading=\"lazy\" decoding=\"async\" width=\"341\" height=\"607\" src=\"https:\/\/i0.wp.com\/www.akehedman.se\/wordpress\/wp-content\/uploads\/2020\/04\/IMG_20200429_092641946_HDR.jpg?resize=341%2C607&#038;ssl=1\" alt=\"\" class=\"wp-image-35029\" srcset=\"https:\/\/i0.wp.com\/www.akehedman.se\/wordpress\/wp-content\/uploads\/2020\/04\/IMG_20200429_092641946_HDR.jpg?w=341&amp;ssl=1 341w, https:\/\/i0.wp.com\/www.akehedman.se\/wordpress\/wp-content\/uploads\/2020\/04\/IMG_20200429_092641946_HDR.jpg?resize=169%2C300&amp;ssl=1 169w\" sizes=\"auto, (max-width: 341px) 100vw, 341px\" \/><\/figure>\n\n\n\n<p class=\"wp-block-paragraph\">&#8220;Sn\u00f6h\u00f6gen&#8221; ligger d\u00e4r och lurar idag med.  &#8220;Linger&#8221; \u00e4r v\u00e4l ordet.<\/p>\n\n\n\n<p class=\"wp-block-paragraph\">Annars allt bra. Passar p\u00e5 att putta ut en <a href=\"https:\/\/github.com\/grodansparadis\/vscp\/releases\">release av vscpd<\/a> ut i v\u00e4rlden. Iv\u00e4g med dig bara, <strong>liksom<\/strong>. Annars \u00e4r det mest <a href=\"https:\/\/nodered.org\/\">node-red<\/a> h\u00e4r just nu. All in d\u00e4r eftersom jag sj\u00e4lv slipper bygga en massa liknande och grejerna b\u00f6rjar bli riktigt anv\u00e4ndbara. Mer om det d\u00e4r p\u00e5 <a href=\"https:\/\/grodansparadis.com\/wordpress\/\">Grodans blogg<\/a> s\u00e5klart, om n\u00e5gon h\u00e4r nu mot f\u00f6rmodan skulle vara intresserad av s\u00e5dant.<\/p>\n\n\n\n<p class=\"wp-block-paragraph\">M\u00e5ste hitta energi f\u00f6r att komma ut och g\u00e5 igen. Har alltid njutit av l\u00e5nga promenader  tidigare men nu med axeloperationer och infektioner och allt annat skit s\u00e5 har det mest blivit innesittande. Men s\u00e5 kan man ju inte ha det i l\u00e4ngden s\u00e5klart. Det besv\u00e4rligaste nu \u00e4r v\u00e4l att man inte k\u00e4nner igen folk som man m\u00f6ter.  Eller kan skilja p\u00e5 en r\u00e4v eller bj\u00f6rn f\u00f6r den delen. Men man f\u00e5r f\u00f6rs\u00f6ka s\u00e4tta sig \u00f6ver det d\u00e4r. S\u00e4ga &#8220;FAN &amp; J\u00c4VLAR och f\u00f6rbannade skithelvete&#8221; och sen g\u00e5 ut. Det f\u00e5r g\u00e5 som det vill. <strong>Liksom<\/strong>.<\/p>\n\n\n\n<p class=\"wp-block-paragraph\">Tillbringar fortfarande allts\u00e5 mina dagar med huvudet ungef\u00e4r femton centimeter framf\u00f6r tv\u00e5 sk\u00e4rmar. Just den d\u00e4r n\u00e4rheten g\u00f6r att v\u00e4rlden inte blir mycket mer \u00e4n sk\u00e4rmar och hettande kinder. Kompenserar k\u00e4nslan med <a href=\"https:\/\/open.spotify.com\/playlist\/37i9dQZF1DWSyxnRsmciGD?si=NJ2GDR_CT4yXOvVk7Q9z6A\">Nightwhish<\/a> och annat. Mitt liv vore intet utan musik? Sk\u00e4rmar d\u00e4remot har jag kanske beh\u00f6vt titta mindre p\u00e5 genom \u00e5ren. Men s\u00e5 l\u00e4nge man inser att den riktiga v\u00e4rlden finns bortanf\u00f6r dem s\u00e5 g\u00e5r det v\u00e4l ann. Kanske.<\/p>\n\n\n\n<p class=\"wp-block-paragraph\">Hulken g\u00e5r p\u00e5 upploppet. N\u00e5gra dagar till sen skall den gode gr\u00f6ne och hettande v\u00e5ldsamme f\u00e5 vila fram till h\u00f6sten. M\u00e5ste byta lite grejer innan eldningss\u00e4songen som som egentligen skulle blivit bytta f\u00f6rra sommaren. Inte bara t\u00e4ndelementet som brakade ihop f\u00f6r ett tag sedan.  Men eldnings\u00e4songvilan \u00e4r en sk\u00f6n tid. Man f\u00e5r bara se till att ben inte av gammal vana g\u00e5r ner i k\u00e4llaren morgon och kv\u00e4ll. <\/p>\n\n\n\n<p class=\"wp-block-paragraph\">Den d\u00e4r kaminen m\u00e5ste installeras h\u00e4r p\u00e5 kontoret dessutom den h\u00e4r sommaren. En riktig f\u00f6ljetong har den blivit. Men det har inte velat sig riktigt med den d\u00e4r. En dr\u00f6m s\u00e5klart. Att f\u00e5 peta in n\u00e5gra pinnar in i den under kalla vinterdagar. Njuta av sprakandet och l\u00e5gornas dans. Inbillar mig att det borde bidra en del till energif\u00f6rbrukningen ocks\u00e5. \u00c5terst\u00e5r att se s\u00e5klart.<\/p>\n\n\n\n<p class=\"wp-block-paragraph\">Men maj snart. T\u00e4nka sig. Sen juni. Sk\u00f6ntider fram\u00f6ver.  Man m\u00e5ste liksom till\u00e5ta sig att njuta \u00e4ven om tiderna \u00e4r som de \u00e4r, ja kanske \u00e4nnu mer just f\u00f6r att de \u00e4r som de \u00e4r. Fast s\u00e5 m\u00e5nga konserter live ser det ju inte ut att bli under det h\u00e4r \u00e5ret. Sen kommer h\u00e4sten, Den b\u00e4var jag f\u00f6r. Kommer det en andra Coronav\u00e5g s\u00e5 ser vi v\u00e4l den d\u00e5 antar jag. Har vi mer tur \u00e4n vi f\u00f6rtj\u00e4nar s\u00e5 blir det noll och ingenting. Det \u00e5terst\u00e5r att se.<\/p>\n\n\n\n<p class=\"wp-block-paragraph\">Men trotts sol ute och sol i sinne s\u00e5 skall jag knappa p\u00e5 lite. Kan liksom inte annat.<em> 551 dagar kvar&#8230;<\/em><\/p>\n\n\n\n<figure class=\"wp-block-image size-large\"><img data-recalc-dims=\"1\" loading=\"lazy\" decoding=\"async\" width=\"533\" height=\"345\" src=\"https:\/\/i0.wp.com\/www.akehedman.se\/wordpress\/wp-content\/uploads\/2020\/04\/Screenshot-from-2020-04-28-08-37-19.png?resize=533%2C345&#038;ssl=1\" alt=\"\" class=\"wp-image-35030\" srcset=\"https:\/\/i0.wp.com\/www.akehedman.se\/wordpress\/wp-content\/uploads\/2020\/04\/Screenshot-from-2020-04-28-08-37-19.png?w=533&amp;ssl=1 533w, https:\/\/i0.wp.com\/www.akehedman.se\/wordpress\/wp-content\/uploads\/2020\/04\/Screenshot-from-2020-04-28-08-37-19.png?resize=300%2C194&amp;ssl=1 300w\" sizes=\"auto, (max-width: 533px) 100vw, 533px\" \/><\/figure>\n","protected":false},"excerpt":{"rendered":"<p>&#8220;Sn\u00f6h\u00f6gen&#8221; ligger d\u00e4r och lurar idag med. &#8220;Linger&#8221; \u00e4r v\u00e4l ordet. Annars allt bra. Passar p\u00e5 att putta ut en release av vscpd ut i v\u00e4rlden. Iv\u00e4g med dig bara, liksom. Annars \u00e4r det mest node-red h\u00e4r just nu. All in d\u00e4r eftersom jag sj\u00e4lv slipper bygga en massa liknande och grejerna b\u00f6rjar bli riktigt [&hellip;]<\/p>\n","protected":false},"author":24,"featured_media":0,"comment_status":"open","ping_status":"open","sticky":false,"template":"","format":"standard","meta":{"_crdt_document":"","jetpack_post_was_ever_published":false,"_jetpack_newsletter_access":"","_jetpack_dont_email_post_to_subs":false,"_jetpack_newsletter_tier_id":0,"_jetpack_memberships_contains_paywalled_content":false,"_jetpack_memberships_contains_paid_content":false,"footnotes":"","jetpack_publicize_message":"","jetpack_publicize_feature_enabled":true,"jetpack_social_post_already_shared":false,"jetpack_social_options":{"image_generator_settings":{"template":"highway","default_image_id":0,"font":"","enabled":false},"version":2}},"categories":[24],"tags":[],"class_list":["post-35028","post","type-post","status-publish","format-standard","hentry","category-betraktelser"],"jetpack_publicize_connections":[],"jetpack_featured_media_url":"","jetpack_sharing_enabled":true,"jetpack_likes_enabled":true,"jetpack-related-posts":[{"id":16128,"url":"https:\/\/www.akehedman.se\/wordpress\/?p=16128","url_meta":{"origin":35028,"position":0},"title":"Bem\u00e4rkelsedag hos poeter","author":"\u00c5ke Hedman","date":"2015-01-13","format":false,"excerpt":"Poeten fyller \u00e5r idag, en massa \u00e5r, han \u00e4r vid n\u00e4sta gr\u00e4ns av j\u00e4mna \u00e5r. Sj\u00e4lv n\u00e4rmare jag mig sextio och kan inte fatta det ens med mitt lillfinger. Ja de \u00e4r gr\u00e4nser de d\u00e4r bem\u00e4rkelsedagarna fast det saknas b\u00e5de bommar, st\u00e4ngsel och vakter vid var och en av dem.\u2026","rel":"","context":"In &quot;Betraktelser &amp; Ber\u00e4ttelse&quot;","block_context":{"text":"Betraktelser &amp; Ber\u00e4ttelse","link":"https:\/\/www.akehedman.se\/wordpress\/?cat=24"},"img":{"alt_text":"300x300","src":"https:\/\/i0.wp.com\/www.eurosource.se\/akhe\/wordpress\/wp-content\/uploads\/2015\/01\/300x300.jpg?resize=350%2C200","width":350,"height":200},"classes":[]},{"id":21680,"url":"https:\/\/www.akehedman.se\/wordpress\/?p=21680","url_meta":{"origin":35028,"position":1},"title":"Lingon och gravgr\u00e4vare","author":"\u00c5ke Hedman","date":"2016-10-02","format":false,"excerpt":"Jag gr\u00e4ver. K rensar g\u00e5rdagens hemforslade hinkar med lingon. Det \u00e4r fint v\u00e4der. H\u00f6stfint. Sk\u00f6nt ute i solen. Kallt i skuggan. Man vill vara ute. Njuter av det. Passar p\u00e5.\u00a0 Gr\u00e4va \u00e4r OK. Men en programmerarkropp skriker s\u00e5klart. Underligt vore det annars. Men en bit blir det i alla fall.\u2026","rel":"","context":"In &quot;Betraktelser &amp; Ber\u00e4ttelse&quot;","block_context":{"text":"Betraktelser &amp; Ber\u00e4ttelse","link":"https:\/\/www.akehedman.se\/wordpress\/?cat=24"},"img":{"alt_text":"lingon2","src":"https:\/\/i0.wp.com\/www.akehedman.se\/wordpress\/wp-content\/uploads\/2016\/10\/lingon2-1024x768.jpg?resize=350%2C200","width":350,"height":200,"srcset":"https:\/\/i0.wp.com\/www.akehedman.se\/wordpress\/wp-content\/uploads\/2016\/10\/lingon2-1024x768.jpg?resize=350%2C200 1x, https:\/\/i0.wp.com\/www.akehedman.se\/wordpress\/wp-content\/uploads\/2016\/10\/lingon2-1024x768.jpg?resize=525%2C300 1.5x"},"classes":[]},{"id":16923,"url":"https:\/\/www.akehedman.se\/wordpress\/?p=16923","url_meta":{"origin":35028,"position":2},"title":"&#8220;\u00c4r skitig en m\u00e5nad men lycklig och fri.&#8221;","author":"\u00c5ke Hedman","date":"2015-03-09","format":false,"excerpt":"Det \u00e4r fanimej nio grader ute.NIO. Som dagen i m\u00e5naden. Fast det \u00e4r mars. Borde vara minustecken f\u00f6re. Men \u00e4r inte det. Trettiofem grader inne p\u00e5 kontoret. Ja. F\u00f6r att solen lyser p\u00e5 givaren genom stora s\u00f6derf\u00f6nster. Men tjugofyra p\u00e5 en annan termometer. N\u00e4rmare sanningen gissar jag. Varmt s\u00e5 det\u2026","rel":"","context":"In &quot;Betraktelser &amp; Ber\u00e4ttelse&quot;","block_context":{"text":"Betraktelser &amp; Ber\u00e4ttelse","link":"https:\/\/www.akehedman.se\/wordpress\/?cat=24"},"img":{"alt_text":"stovlarna","src":"https:\/\/i0.wp.com\/www.eurosource.se\/akhe\/wordpress\/wp-content\/uploads\/2015\/03\/stovlarna.jpg?resize=350%2C200","width":350,"height":200,"srcset":"https:\/\/i0.wp.com\/www.eurosource.se\/akhe\/wordpress\/wp-content\/uploads\/2015\/03\/stovlarna.jpg?resize=350%2C200 1x, https:\/\/i0.wp.com\/www.eurosource.se\/akhe\/wordpress\/wp-content\/uploads\/2015\/03\/stovlarna.jpg?resize=525%2C300 1.5x, https:\/\/i0.wp.com\/www.eurosource.se\/akhe\/wordpress\/wp-content\/uploads\/2015\/03\/stovlarna.jpg?resize=700%2C400 2x"},"classes":[]},{"id":34452,"url":"https:\/\/www.akehedman.se\/wordpress\/?p=34452","url_meta":{"origin":35028,"position":3},"title":"Gubbar","author":"\u00c5ke Hedman","date":"2020-02-12","format":false,"excerpt":"Det \u00e4r gubbarna och jag, d\u00e4r p\u00e5 gubbhyllan p\u00e5 Coop,.. n\u00e4\u00e4\u00e4\u00e4.... v\u00e4nta nu... Det \u00e4r VI gubbar p\u00e5 gubbhyllan p\u00e5 Coop i Ljusdal. Jag t\u00e4nker S E M L A n\u00e4r jag g\u00e5r f\u00f6r att best\u00e4lla min kaffe. Suget finns d\u00e4r. Men jag har bara trettio sp\u00e4nn och semla med\u2026","rel":"","context":"In &quot;Swedish&quot;","block_context":{"text":"Swedish","link":"https:\/\/www.akehedman.se\/wordpress\/?cat=2"},"img":{"alt_text":"","src":"https:\/\/i0.wp.com\/www.akehedman.se\/wordpress\/wp-content\/uploads\/2020\/02\/IMG_20200212_110643166_HDR.jpg?resize=350%2C200&ssl=1","width":350,"height":200,"srcset":"https:\/\/i0.wp.com\/www.akehedman.se\/wordpress\/wp-content\/uploads\/2020\/02\/IMG_20200212_110643166_HDR.jpg?resize=350%2C200&ssl=1 1x, https:\/\/i0.wp.com\/www.akehedman.se\/wordpress\/wp-content\/uploads\/2020\/02\/IMG_20200212_110643166_HDR.jpg?resize=525%2C300&ssl=1 1.5x, https:\/\/i0.wp.com\/www.akehedman.se\/wordpress\/wp-content\/uploads\/2020\/02\/IMG_20200212_110643166_HDR.jpg?resize=700%2C400&ssl=1 2x, https:\/\/i0.wp.com\/www.akehedman.se\/wordpress\/wp-content\/uploads\/2020\/02\/IMG_20200212_110643166_HDR.jpg?resize=1050%2C600&ssl=1 3x"},"classes":[]},{"id":16412,"url":"https:\/\/www.akehedman.se\/wordpress\/?p=16412","url_meta":{"origin":35028,"position":4},"title":"&#8220;Hurra, hurra, hurra&#8221;","author":"\u00c5ke Hedman","date":"2015-02-09","format":false,"excerpt":"T\u00e5rta, fest och \"hurra, hurra, hurra\" idag. Det \u00e4r bara att titta ut genom f\u00f6nstret f\u00f6r att f\u00f6rst\u00e5 vad det handlar om. F\u00f6rst en titt ut, sen en titt i almanackan. Den nionde februari 2015, solen g\u00e5r upp f\u00f6re \u00e5tta f\u00f6r f\u00f6rsta g\u00e5ngen det h\u00e4r \u00e5ret. 7:59 smaka p\u00e5 den.\u2026","rel":"","context":"In &quot;Betraktelser &amp; Ber\u00e4ttelse&quot;","block_context":{"text":"Betraktelser &amp; Ber\u00e4ttelse","link":"https:\/\/www.akehedman.se\/wordpress\/?cat=24"},"img":{"alt_text":"tarta","src":"https:\/\/i0.wp.com\/www.eurosource.se\/akhe\/wordpress\/wp-content\/uploads\/2015\/02\/tarta.jpg?resize=350%2C200","width":350,"height":200},"classes":[]},{"id":17174,"url":"https:\/\/www.akehedman.se\/wordpress\/?p=17174","url_meta":{"origin":35028,"position":5},"title":"Buttkotte","author":"\u00c5ke Hedman","date":"2015-03-23","format":false,"excerpt":"Man har det lyxigt. \u00c4ldste sonen lagar god lunch. Sj\u00e4lv \u00e4r det bara att g\u00e5 upp och s\u00e4tta sig och \u00e4ta. Supergott, veganskt, starkt och nyttigt. Tack f\u00f6r det. Annars stressar jag. Skall leverera grejer och s\u00e5 fungerar inte en bootloader. Fr\u00e5gan \u00e4r varf\u00f6r och jag har st\u00e4llt den fr\u00e5gan\u2026","rel":"","context":"In &quot;Betraktelser &amp; Ber\u00e4ttelse&quot;","block_context":{"text":"Betraktelser &amp; Ber\u00e4ttelse","link":"https:\/\/www.akehedman.se\/wordpress\/?cat=24"},"img":{"alt_text":"220px-Pigne_Landes","src":"https:\/\/i0.wp.com\/www.eurosource.se\/akhe\/wordpress\/wp-content\/uploads\/2015\/03\/220px-Pigne_Landes.jpg?resize=350%2C200","width":350,"height":200},"classes":[]}],"jetpack_shortlink":"https:\/\/wp.me\/p68PL2-96Y","_links":{"self":[{"href":"https:\/\/www.akehedman.se\/wordpress\/index.php?rest_route=\/wp\/v2\/posts\/35028","targetHints":{"allow":["GET"]}}],"collection":[{"href":"https:\/\/www.akehedman.se\/wordpress\/index.php?rest_route=\/wp\/v2\/posts"}],"about":[{"href":"https:\/\/www.akehedman.se\/wordpress\/index.php?rest_route=\/wp\/v2\/types\/post"}],"author":[{"embeddable":true,"href":"https:\/\/www.akehedman.se\/wordpress\/index.php?rest_route=\/wp\/v2\/users\/24"}],"replies":[{"embeddable":true,"href":"https:\/\/www.akehedman.se\/wordpress\/index.php?rest_route=%2Fwp%2Fv2%2Fcomments&post=35028"}],"version-history":[{"count":1,"href":"https:\/\/www.akehedman.se\/wordpress\/index.php?rest_route=\/wp\/v2\/posts\/35028\/revisions"}],"predecessor-version":[{"id":35031,"href":"https:\/\/www.akehedman.se\/wordpress\/index.php?rest_route=\/wp\/v2\/posts\/35028\/revisions\/35031"}],"wp:attachment":[{"href":"https:\/\/www.akehedman.se\/wordpress\/index.php?rest_route=%2Fwp%2Fv2%2Fmedia&parent=35028"}],"wp:term":[{"taxonomy":"category","embeddable":true,"href":"https:\/\/www.akehedman.se\/wordpress\/index.php?rest_route=%2Fwp%2Fv2%2Fcategories&post=35028"},{"taxonomy":"post_tag","embeddable":true,"href":"https:\/\/www.akehedman.se\/wordpress\/index.php?rest_route=%2Fwp%2Fv2%2Ftags&post=35028"}],"curies":[{"name":"wp","href":"https:\/\/api.w.org\/{rel}","templated":true}]}}