{"id":34995,"date":"2020-04-24T09:12:24","date_gmt":"2020-04-24T08:12:24","guid":{"rendered":"https:\/\/www.akehedman.se\/wordpress\/?p=34995"},"modified":"2020-04-24T09:12:24","modified_gmt":"2020-04-24T08:12:24","slug":"marcus-asling-dags-for-ygeman-att-agera-for-att-na-sitt-eget-bredbandsmal","status":"publish","type":"post","link":"https:\/\/www.akehedman.se\/wordpress\/?p=34995","title":{"rendered":"Marcus \u00c5sling: Dags f\u00f6r Ygeman att agera f\u00f6r att n\u00e5 sitt eget bredbandsm\u00e5l"},"content":{"rendered":"<p><a href=\"https:\/\/www.helahalsingland.se\/artikel\/marcus-asling-dags-for-ygeman-att-agera-for-att-na-sitt-eget-bredbandsmal-1\"><img data-recalc-dims=\"1\" decoding=\"async\" class=\"alignnone size-full\" src=\"https:\/\/i0.wp.com\/www.akehedman.se\/wordpress\/wp-content\/uploads\/2020\/04\/45b30108-b1bd-41b6-8696-278c75c97e9d-scaled.jpeg?w=580&#038;ssl=1\" alt=\"\" \/><\/a>Source: <em><a href=\"https:\/\/www.helahalsingland.se\/artikel\/marcus-asling-dags-for-ygeman-att-agera-for-att-na-sitt-eget-bredbandsmal-1\">Marcus \u00c5sling: Dags f\u00f6r Ygeman att agera f\u00f6r att n\u00e5 sitt eget bredbandsm\u00e5l<\/a><\/em><\/p>\n","protected":false},"excerpt":{"rendered":"<p>Source: Marcus \u00c5sling: Dags f\u00f6r Ygeman att agera f\u00f6r att n\u00e5 sitt eget bredbandsm\u00e5l<\/p>\n","protected":false},"author":24,"featured_media":0,"comment_status":"open","ping_status":"open","sticky":false,"template":"","format":"standard","meta":{"_crdt_document":"","jetpack_post_was_ever_published":false,"_jetpack_newsletter_access":"","_jetpack_dont_email_post_to_subs":false,"_jetpack_newsletter_tier_id":0,"_jetpack_memberships_contains_paywalled_content":false,"_jetpack_memberships_contains_paid_content":false,"footnotes":"","jetpack_publicize_message":"","jetpack_publicize_feature_enabled":true,"jetpack_social_post_already_shared":false,"jetpack_social_options":{"image_generator_settings":{"template":"highway","default_image_id":0,"font":"","enabled":false},"version":2}},"categories":[2],"tags":[],"class_list":["post-34995","post","type-post","status-publish","format-standard","hentry","category-swedish"],"jetpack_publicize_connections":[],"jetpack_featured_media_url":"","jetpack_sharing_enabled":true,"jetpack_likes_enabled":true,"jetpack-related-posts":[{"id":29902,"url":"https:\/\/www.akehedman.se\/wordpress\/?p=29902","url_meta":{"origin":34995,"position":0},"title":"FN-rapport: Marknadskrafterna d\u00f6dar planeten \u2013 dags f\u00f6r nytt ekonomiskt system","author":"\u00c5ke Hedman","date":"2018-09-19","format":false,"excerpt":"Vi har n\u00e5tt l\u00e5ngt bortom den fysiska gr\u00e4nsen f\u00f6r vad v\u00e5r planet klarar av, och nu m\u00e5ste vi omv\u00e4rdera det ekonomiska systemet f\u00f6r att hinna agera i tid. Det \u00e4r inneb\u00f6rden av ett bakgrundsdokument till en kommande FN-rapport. Source: FN-rapport: Marknadskrafterna d\u00f6dar planeten \u2013 dags f\u00f6r nytt ekonomiskt system","rel":"","context":"In &quot;Swedish&quot;","block_context":{"text":"Swedish","link":"https:\/\/www.akehedman.se\/wordpress\/?cat=2"},"img":{"alt_text":"","src":"","width":0,"height":0},"classes":[]},{"id":19938,"url":"https:\/\/www.akehedman.se\/wordpress\/?p=19938","url_meta":{"origin":34995,"position":1},"title":"EU-toppm\u00f6tet den 17-18:e mars riskerar att resultera i grova kr\u00e4nkningar av asylr\u00e4tten Agera M\u00e4nskliga r\u00e4ttigheter Amnesty","author":"\u00c5ke Hedman","date":"2016-03-15","format":false,"excerpt":"EU-toppm\u00f6tet den 17-18:e mars riskerar att resultera i grova kr\u00e4nkningar av asylr\u00e4tten Source: EU-toppm\u00f6tet den 17-18:e mars riskerar att resultera i grova kr\u00e4nkningar av asylr\u00e4tten Agera M\u00e4nskliga r\u00e4ttigheter Amnesty","rel":"","context":"In &quot;Swedish&quot;","block_context":{"text":"Swedish","link":"https:\/\/www.akehedman.se\/wordpress\/?cat=2"},"img":{"alt_text":"","src":"","width":0,"height":0},"classes":[]},{"id":48964,"url":"https:\/\/www.akehedman.se\/wordpress\/?p=48964","url_meta":{"origin":34995,"position":2},"title":"Wallenberg: Europ\u00e9erna \u00e4r f\u00f6r likn\u00f6jda f\u00f6r sitt eget b\u00e4sta &#8211; Realtid","author":"\u00c5ke Hedman","date":"2025-01-10","format":false,"excerpt":"Snacka om att \"kacka i eget bo\". Om han och andra toppinvesterare v\u00e5gade ta risker (som investerare i USA) s\u00e5 skulle Europas tillv\u00e4xt vara betydligt st\u00f6rre. Men framf\u00f6r allt m\u00e5ste Europa bli b\u00e4ttre p\u00e5 att acceptera risk som en naturlig del av n\u00e4ringslivsutvecklingen, framh\u00e5ller han. Source: Wallenberg: Europ\u00e9erna \u00e4r f\u00f6r\u2026","rel":"","context":"In &quot;Swedish&quot;","block_context":{"text":"Swedish","link":"https:\/\/www.akehedman.se\/wordpress\/?cat=2"},"img":{"alt_text":"","src":"","width":0,"height":0},"classes":[]},{"id":28455,"url":"https:\/\/www.akehedman.se\/wordpress\/?p=28455","url_meta":{"origin":34995,"position":3},"title":"Hbtqi-aktivist sk\u00f6ts till d\u00f6ds av polisen \u2013 agera nu!","author":"\u00c5ke Hedman","date":"2018-05-16","format":false,"excerpt":"Natten den 14 mars 2018 m\u00f6rdades m\u00e4nniskor\u00e4ttsf\u00f6rsvararen Marielle Franco i Rio de Janeiro. Hon var p\u00e5 v\u00e4g hem efter att ha deltagit i ett m\u00f6te. Hennes chauff\u00f6r Anderson Gomes d\u00f6dades ocks\u00e5. Bilen de f\u00e4rdades i besk\u00f6ts med ett flertal skott, och fyra av dem tr\u00e4ffade Marielle i huvudet. Marielle var\u2026","rel":"","context":"In &quot;Swedish&quot;","block_context":{"text":"Swedish","link":"https:\/\/www.akehedman.se\/wordpress\/?cat=2"},"img":{"alt_text":"","src":"","width":0,"height":0},"classes":[]},{"id":42019,"url":"https:\/\/www.akehedman.se\/wordpress\/?p=42019","url_meta":{"origin":34995,"position":4},"title":"Loooong time","author":"\u00c5ke Hedman","date":"2022-06-03","format":false,"excerpt":"Efter en mycket l\u00e5ng tid finns nu ett oscilloskop p\u00e5 kontoret igen. Finansierat med 80% VSCP sponsorpengar och 20% av\/med f\u00f6rst\u00e5ende fru. Jag \u00e4r allts\u00e5 inte l\u00e4ngre elektroniskt blind. HURRA! Som s\u00e5 mycket annat h\u00e4r s\u00e5ldes det gamla f\u00f6r att \"f\u00e5 mat p\u00e5 bordet\" som det s\u00e5 fint heter. Allts\u00e5\u2026","rel":"","context":"In &quot;Betraktelser &amp; Ber\u00e4ttelse&quot;","block_context":{"text":"Betraktelser &amp; Ber\u00e4ttelse","link":"https:\/\/www.akehedman.se\/wordpress\/?cat=24"},"img":{"alt_text":"","src":"https:\/\/i0.wp.com\/www.akehedman.se\/wordpress\/wp-content\/uploads\/2022\/06\/IMG_20220603_120503-scaled.jpg?resize=350%2C200&ssl=1","width":350,"height":200,"srcset":"https:\/\/i0.wp.com\/www.akehedman.se\/wordpress\/wp-content\/uploads\/2022\/06\/IMG_20220603_120503-scaled.jpg?resize=350%2C200&ssl=1 1x, https:\/\/i0.wp.com\/www.akehedman.se\/wordpress\/wp-content\/uploads\/2022\/06\/IMG_20220603_120503-scaled.jpg?resize=525%2C300&ssl=1 1.5x, https:\/\/i0.wp.com\/www.akehedman.se\/wordpress\/wp-content\/uploads\/2022\/06\/IMG_20220603_120503-scaled.jpg?resize=700%2C400&ssl=1 2x, https:\/\/i0.wp.com\/www.akehedman.se\/wordpress\/wp-content\/uploads\/2022\/06\/IMG_20220603_120503-scaled.jpg?resize=1050%2C600&ssl=1 3x, https:\/\/i0.wp.com\/www.akehedman.se\/wordpress\/wp-content\/uploads\/2022\/06\/IMG_20220603_120503-scaled.jpg?resize=1400%2C800&ssl=1 4x"},"classes":[]},{"id":12893,"url":"https:\/\/www.akehedman.se\/wordpress\/?p=12893","url_meta":{"origin":34995,"position":5},"title":"P\u00e5skafton och cancerbesked","author":"\u00c5ke Hedman","date":"2014-04-19","format":false,"excerpt":"En v\u00e4n ber\u00e4ttar idag att han f\u00e5tt prostatacancer. Eller v\u00e4n? Har jag v\u00e4nner? R\u00e4ttelse. N\u00e5gon jag tycker bra om i alla fall. N\u00e5gra m\u00e5nader kvar till pension. Sorgligt ocks\u00e5 just d\u00e4rf\u00f6r. Men det g\u00e5r bra f\u00f6r de flesta s\u00e5klart ocks\u00e5 fast man f\u00e5r de d\u00e4r beskeden. Man blir friskf\u00f6rklarad och\u2026","rel":"","context":"In &quot;Betraktelser &amp; Ber\u00e4ttelse&quot;","block_context":{"text":"Betraktelser &amp; Ber\u00e4ttelse","link":"https:\/\/www.akehedman.se\/wordpress\/?cat=24"},"img":{"alt_text":"appelskrutt","src":"https:\/\/i0.wp.com\/www.eurosource.se\/akhe\/wordpress\/wp-content\/uploads\/2014\/03\/appelskrutt.jpg?resize=350%2C200","width":350,"height":200,"srcset":"https:\/\/i0.wp.com\/www.eurosource.se\/akhe\/wordpress\/wp-content\/uploads\/2014\/03\/appelskrutt.jpg?resize=350%2C200 1x, https:\/\/i0.wp.com\/www.eurosource.se\/akhe\/wordpress\/wp-content\/uploads\/2014\/03\/appelskrutt.jpg?resize=525%2C300 1.5x, https:\/\/i0.wp.com\/www.eurosource.se\/akhe\/wordpress\/wp-content\/uploads\/2014\/03\/appelskrutt.jpg?resize=700%2C400 2x"},"classes":[]}],"jetpack_shortlink":"https:\/\/wp.me\/p68PL2-96r","_links":{"self":[{"href":"https:\/\/www.akehedman.se\/wordpress\/index.php?rest_route=\/wp\/v2\/posts\/34995","targetHints":{"allow":["GET"]}}],"collection":[{"href":"https:\/\/www.akehedman.se\/wordpress\/index.php?rest_route=\/wp\/v2\/posts"}],"about":[{"href":"https:\/\/www.akehedman.se\/wordpress\/index.php?rest_route=\/wp\/v2\/types\/post"}],"author":[{"embeddable":true,"href":"https:\/\/www.akehedman.se\/wordpress\/index.php?rest_route=\/wp\/v2\/users\/24"}],"replies":[{"embeddable":true,"href":"https:\/\/www.akehedman.se\/wordpress\/index.php?rest_route=%2Fwp%2Fv2%2Fcomments&post=34995"}],"version-history":[{"count":1,"href":"https:\/\/www.akehedman.se\/wordpress\/index.php?rest_route=\/wp\/v2\/posts\/34995\/revisions"}],"predecessor-version":[{"id":34997,"href":"https:\/\/www.akehedman.se\/wordpress\/index.php?rest_route=\/wp\/v2\/posts\/34995\/revisions\/34997"}],"wp:attachment":[{"href":"https:\/\/www.akehedman.se\/wordpress\/index.php?rest_route=%2Fwp%2Fv2%2Fmedia&parent=34995"}],"wp:term":[{"taxonomy":"category","embeddable":true,"href":"https:\/\/www.akehedman.se\/wordpress\/index.php?rest_route=%2Fwp%2Fv2%2Fcategories&post=34995"},{"taxonomy":"post_tag","embeddable":true,"href":"https:\/\/www.akehedman.se\/wordpress\/index.php?rest_route=%2Fwp%2Fv2%2Ftags&post=34995"}],"curies":[{"name":"wp","href":"https:\/\/api.w.org\/{rel}","templated":true}]}}