{"id":34970,"date":"2020-04-21T07:32:00","date_gmt":"2020-04-21T06:32:00","guid":{"rendered":"https:\/\/www.akehedman.se\/wordpress\/?p=34970"},"modified":"2020-04-21T07:32:00","modified_gmt":"2020-04-21T06:32:00","slug":"valkommen","status":"publish","type":"post","link":"https:\/\/www.akehedman.se\/wordpress\/?p=34970","title":{"rendered":"V\u00e4lkommen"},"content":{"rendered":"\n<figure class=\"wp-block-image size-large\"><img data-recalc-dims=\"1\" loading=\"lazy\" decoding=\"async\" width=\"580\" height=\"326\" src=\"https:\/\/i0.wp.com\/www.akehedman.se\/wordpress\/wp-content\/uploads\/2020\/04\/IMG_20191218_115224341.jpg?resize=580%2C326&#038;ssl=1\" alt=\"\" class=\"wp-image-34971\" srcset=\"https:\/\/i0.wp.com\/www.akehedman.se\/wordpress\/wp-content\/uploads\/2020\/04\/IMG_20191218_115224341.jpg?w=1024&amp;ssl=1 1024w, https:\/\/i0.wp.com\/www.akehedman.se\/wordpress\/wp-content\/uploads\/2020\/04\/IMG_20191218_115224341.jpg?resize=300%2C169&amp;ssl=1 300w, https:\/\/i0.wp.com\/www.akehedman.se\/wordpress\/wp-content\/uploads\/2020\/04\/IMG_20191218_115224341.jpg?resize=768%2C432&amp;ssl=1 768w\" sizes=\"auto, (max-width: 580px) 100vw, 580px\" \/><\/figure>\n\n\n\n<p class=\"wp-block-paragraph\">K s\u00e4ger att Bj\u00f6rktrastar och Starar \u00e4r h\u00e4r. Sj\u00e4lv ser jag dem s\u00e5klart inte i \u00e5r. Det finns s\u00e5klart en sorg d\u00e4r. Att inte f\u00e5 v\u00e4lkomna budb\u00e4rare av en ny tid. Men en sak \u00e4r helt s\u00e4ker. Jag vill inte leva p\u00e5 en plats d\u00e4r flyttf\u00e5glarnas \u00e5terkomst en dag s\u00e5h\u00e4r p\u00e5 v\u00e5ren bara g\u00e5r f\u00f6rbi som en annan dag vilken som helst. D\u00e4r jag bor skall den dagen vara en stor dag n\u00e4r man blir glad och upplyft i sinnet av det k\u00e4raste av \u00e5terseende.<\/p>\n\n\n\n<p class=\"wp-block-paragraph\">Japp, det \u00e4r v\u00e4l d\u00e4rf\u00f6r jag bor h\u00e4r. F\u00f6r att inte gl\u00f6mma verkligheten, ha den n\u00e4ra, det som \u00e4r viktigt. Visst, jag tycker ocks\u00e5 att en guldbro \u00e4r h\u00e4ftig. Men j\u00e4mf\u00f6rt med  flyttf\u00e5glarnas \u00e5terkomst \u00e4r det ingenting. Det till synes lilla \u00e4r det stora och omv\u00e4nt.  <\/p>\n\n\n\n<p class=\"wp-block-paragraph\">Livet knatar annars p\u00e5. Det hostas lite fortfarande s\u00e5klart. Men mindre och mindre f\u00f6r varje dag. Hopp kanske. Kanske finns det ett avslut p\u00e5 det h\u00e4r. En ny b\u00f6rjan. Ja antagligen. Saker kommer och g\u00e5r. \u00cd alla fall tills dom inte g\u00f6r det l\u00e4ngre. <\/p>\n\n\n\n<p class=\"wp-block-paragraph\">Knappar. Jo man kan kalla det l\u00e5tsasjobba. Kroppen lider i de nyfunna och av n\u00f6den tvungna arbetsst\u00e4llningarna. \u00d6gon och huvud deltar ocks\u00e5 i det d\u00e4r lidandet. Men rader v\u00e4xer fram i editorn. Tester g\u00e5r igenom en efter en. Man f\u00e5r inga priser s\u00e5klart f\u00f6r att pl\u00e5ga sig s\u00e5h\u00e4r. Men jag \u00f6nskar inga heller. Att finnas i det d\u00e4r r\u00e4cker f\u00f6r mig. Priser och ovationer g\u00f6r mig dessutom bara f\u00f6r det mesta riktigt nedst\u00e4md. <\/p>\n\n\n\n<p class=\"wp-block-paragraph\">V\u00e4rmen \u00e4r h\u00e4r idag. Den \u00e4r ocks\u00e5 den en k\u00e4r v\u00e4n. Efterl\u00e4ngtad s\u00e5klart. Prognosen s\u00e4ger femton grader i tv\u00e5 dar. Det borde \u00e5derl\u00e5ta de sista sn\u00f6h\u00f6garna. Sn\u00f6h\u00f6gar som \u00e4r som termodynamiska demonstrationsobjekt den h\u00e4r tiden p\u00e5 \u00e5ret. T\u00e4ck dom med lite bark s\u00e5 \u00e4r dom kvar till juli.<\/p>\n\n\n\n<p class=\"wp-block-paragraph\">Inne p\u00e5 l\u00e5tsaskontoret inneb\u00e4r s\u00e5klart v\u00e4rme \u00e4nnu mer v\u00e4rme. Upp med alla d\u00f6rrar allts\u00e5. Ner med persienner. Av med strumpor f\u00f6r att k\u00e4nna p\u00e5 sommarens eviga barfota tid. Jo, h\u00e4r \u00e5ker strumpor av i juni och p\u00e5 i slutet av augusti. Egentligen borde man v\u00e4l g\u00e5 naken hela den d\u00e4r tiden ocks\u00e5, men s\u00e5 l\u00e5ngt har \u00e4nnu inte galenskapen n\u00e5tt ens h\u00e4r.<\/p>\n\n\n\n<p class=\"wp-block-paragraph\">Men dags att l\u00e5ta en h\u00e4r dagen ha sin b\u00f6rjan. Jag k\u00e4nner varje dag det som om jag h\u00e5ller p\u00e5 att f\u00f6r\u00e4ndra v\u00e4rlden med mitt l\u00e5tsasjobb. MEN, inser s\u00e5klart att v\u00e4rlden aldrig kommer att uppt\u00e4cka det d\u00e4r. Fast mig g\u00f6r just det s\u00e5klart ingenting. Jag har v\u00e4ntat tjugo \u00e5r och mer p\u00e5 en uniform l\u00f6sning. Men \u00e4nnu har ingen presenterats. N\u00e4r den g\u00f6r det, f\u00f6r en dag h\u00e4nder det s\u00e5klart, japp, d\u00e5 skall jag pensionera mig p\u00e5 riktigt. Lovar! Men den dagen \u00e4r allts\u00e5 inte idag. <\/p>\n","protected":false},"excerpt":{"rendered":"<p>K s\u00e4ger att Bj\u00f6rktrastar och Starar \u00e4r h\u00e4r. Sj\u00e4lv ser jag dem s\u00e5klart inte i \u00e5r. Det finns s\u00e5klart en sorg d\u00e4r. Att inte f\u00e5 v\u00e4lkomna budb\u00e4rare av en ny tid. Men en sak \u00e4r helt s\u00e4ker. Jag vill inte leva p\u00e5 en plats d\u00e4r flyttf\u00e5glarnas \u00e5terkomst en dag s\u00e5h\u00e4r p\u00e5 v\u00e5ren bara g\u00e5r f\u00f6rbi [&hellip;]<\/p>\n","protected":false},"author":24,"featured_media":0,"comment_status":"open","ping_status":"open","sticky":false,"template":"","format":"standard","meta":{"_crdt_document":"","jetpack_post_was_ever_published":false,"_jetpack_newsletter_access":"","_jetpack_dont_email_post_to_subs":false,"_jetpack_newsletter_tier_id":0,"_jetpack_memberships_contains_paywalled_content":false,"_jetpack_memberships_contains_paid_content":false,"footnotes":"","jetpack_publicize_message":"","jetpack_publicize_feature_enabled":true,"jetpack_social_post_already_shared":false,"jetpack_social_options":{"image_generator_settings":{"template":"highway","default_image_id":0,"font":"","enabled":false},"version":2}},"categories":[2],"tags":[],"class_list":["post-34970","post","type-post","status-publish","format-standard","hentry","category-swedish"],"jetpack_publicize_connections":[],"jetpack_featured_media_url":"","jetpack_sharing_enabled":true,"jetpack_likes_enabled":true,"jetpack-related-posts":[{"id":15846,"url":"https:\/\/www.akehedman.se\/wordpress\/?p=15846","url_meta":{"origin":34970,"position":0},"title":"Ales stenar och ljuset","author":"\u00c5ke Hedman","date":"2014-12-22","format":false,"excerpt":"Jag har en gammal v\u00e4n som bor n\u00e4ra Ales stenar. Han brukar \u00e5ka dit n\u00e4r det \u00e4r sommarsolst\u00e5nd och n\u00e4r det \u00e4r vintersolst\u00e5nd. Som idag allts\u00e5. Det \u00e4r lugnare d\u00e4r p\u00e5 vintern \u00e4n p\u00e5 sommaren. Mindre folk och mer tid f\u00f6r egna tankar. Jag \u00e4r s\u00e5klart avundsjuk som fan p\u00e5\u2026","rel":"","context":"In &quot;Betraktelser &amp; Ber\u00e4ttelse&quot;","block_context":{"text":"Betraktelser &amp; Ber\u00e4ttelse","link":"https:\/\/www.akehedman.se\/wordpress\/?cat=24"},"img":{"alt_text":"Ales_stenar_bred","src":"https:\/\/i0.wp.com\/www.eurosource.se\/akhe\/wordpress\/wp-content\/uploads\/2014\/12\/Ales_stenar_bred-1024x400.jpg?resize=350%2C200","width":350,"height":200,"srcset":"https:\/\/i0.wp.com\/www.eurosource.se\/akhe\/wordpress\/wp-content\/uploads\/2014\/12\/Ales_stenar_bred-1024x400.jpg?resize=350%2C200 1x, https:\/\/i0.wp.com\/www.eurosource.se\/akhe\/wordpress\/wp-content\/uploads\/2014\/12\/Ales_stenar_bred-1024x400.jpg?resize=525%2C300 1.5x"},"classes":[]},{"id":15355,"url":"https:\/\/www.akehedman.se\/wordpress\/?p=15355","url_meta":{"origin":34970,"position":1},"title":"Pelargoner och dammsugare","author":"\u00c5ke Hedman","date":"2014-11-19","format":false,"excerpt":"Jag plockar av pelargonerna p\u00e5 kontoret och knappar in vinterns vattningsschema i kalendern. En s\u00e5dan d\u00e4r sk\u00f6n syssla. Att ha tid med n\u00e5got s\u00e5dant. \u00a0Fast egentligen har jag inte tid s\u00e5klart. Det finns hur mycket som helst kvar att g\u00f6ra. Ingen tvekan om den saken. Men man kan inte \u00e4ta\u2026","rel":"","context":"In &quot;Betraktelser &amp; Ber\u00e4ttelse&quot;","block_context":{"text":"Betraktelser &amp; Ber\u00e4ttelse","link":"https:\/\/www.akehedman.se\/wordpress\/?cat=24"},"img":{"alt_text":"h\u00e4mta","src":"https:\/\/i0.wp.com\/www.akehedman.se\/wordpress\/wp-content\/uploads\/2014\/11\/h%C3%A4mta.jpg?resize=350%2C200","width":350,"height":200},"classes":[]},{"id":21803,"url":"https:\/\/www.akehedman.se\/wordpress\/?p=21803","url_meta":{"origin":34970,"position":2},"title":"Den gick inte alls att stoppa. Nehejd\u00e5.","author":"\u00c5ke Hedman","date":"2016-10-11","format":false,"excerpt":"S\u00e5 kom den. Den gick inte att stoppa. Fast jag h\u00f6ll emot allt vad jag kunde. F\u00f6rs\u00f6kte stoppa. Satte mig p\u00e5 tv\u00e4ren. Men nu s\u00e5. Nu \u00e4r den h\u00e4r. Eldningss\u00e4songen. Bubbandet av pelletss\u00e4ckar har b\u00f6rjat och skall h\u00e5lla i sig fram\u00e5t maj n\u00e4sta \u00e5r n\u00e5gonstans. Varje \u00e5r fattar jag inte\u2026","rel":"","context":"In &quot;Betraktelser &amp; Ber\u00e4ttelse&quot;","block_context":{"text":"Betraktelser &amp; Ber\u00e4ttelse","link":"https:\/\/www.akehedman.se\/wordpress\/?cat=24"},"img":{"alt_text":"vinter3","src":"https:\/\/i0.wp.com\/www.akehedman.se\/wordpress\/wp-content\/uploads\/2013\/01\/vinter3-1024x768.jpg?resize=350%2C200","width":350,"height":200,"srcset":"https:\/\/i0.wp.com\/www.akehedman.se\/wordpress\/wp-content\/uploads\/2013\/01\/vinter3-1024x768.jpg?resize=350%2C200 1x, https:\/\/i0.wp.com\/www.akehedman.se\/wordpress\/wp-content\/uploads\/2013\/01\/vinter3-1024x768.jpg?resize=525%2C300 1.5x"},"classes":[]},{"id":18638,"url":"https:\/\/www.akehedman.se\/wordpress\/?p=18638","url_meta":{"origin":34970,"position":3},"title":"Ber honom dra \u00e5t helvetet!","author":"\u00c5ke Hedman","date":"2015-09-21","format":false,"excerpt":"Det gulnar. Oktober n\u00e4rmar sig. Stannf\u00e5glarna hovrar utanf\u00f6r f\u00f6nstren. Ja jag blir kvar ocks\u00e5. Det \u00e4r korkat. Som m\u00e4nniska ger det inte samma f\u00f6rdel som f\u00f6r f\u00e5glarna. I alla fall inte om man bor i Lo(o)s. Absolut inte d\u00e5. Flyttf\u00e5glarna har f\u00f6r l\u00e4nge sedan gett sig av. De flesta. Kanske\u2026","rel":"","context":"In &quot;Betraktelser &amp; Ber\u00e4ttelse&quot;","block_context":{"text":"Betraktelser &amp; Ber\u00e4ttelse","link":"https:\/\/www.akehedman.se\/wordpress\/?cat=24"},"img":{"alt_text":"IMG_1439","src":"https:\/\/i0.wp.com\/www.akehedman.se\/wordpress\/wp-content\/uploads\/2015\/09\/IMG_1439-1024x768.jpg?resize=350%2C200","width":350,"height":200,"srcset":"https:\/\/i0.wp.com\/www.akehedman.se\/wordpress\/wp-content\/uploads\/2015\/09\/IMG_1439-1024x768.jpg?resize=350%2C200 1x, https:\/\/i0.wp.com\/www.akehedman.se\/wordpress\/wp-content\/uploads\/2015\/09\/IMG_1439-1024x768.jpg?resize=525%2C300 1.5x"},"classes":[]},{"id":24331,"url":"https:\/\/www.akehedman.se\/wordpress\/?p=24331","url_meta":{"origin":34970,"position":4},"title":"EKG","author":"\u00c5ke Hedman","date":"2017-05-10","format":false,"excerpt":"Preopunders\u00f6kas. Blodtryck EKG och s\u00e5dan d\u00e4r. Tror alltid att jag skall bli skickad till intensiven direkt n\u00e4r jag g\u00f6r de d\u00e4r provtagningarna. Faran med att upplevt annan skit i livet. Hittills har det iof inte skett. F\u00f6r oftast g\u00e5r det ju bra. Men man h\u00e5ller i smyg en tumme. Solen\u2026","rel":"","context":"In &quot;Betraktelser &amp; Ber\u00e4ttelse&quot;","block_context":{"text":"Betraktelser &amp; Ber\u00e4ttelse","link":"https:\/\/www.akehedman.se\/wordpress\/?cat=24"},"img":{"alt_text":"","src":"https:\/\/i0.wp.com\/www.akehedman.se\/wordpress\/wp-content\/uploads\/2017\/05\/SinusRhythmLabels.svg_.png?resize=350%2C200","width":350,"height":200},"classes":[]},{"id":48008,"url":"https:\/\/www.akehedman.se\/wordpress\/?p=48008","url_meta":{"origin":34970,"position":5},"title":"Ingen topisk natt","author":"\u00c5ke Hedman","date":"2024-06-25","format":false,"excerpt":"En fantastisk dag. Tiondelar fr\u00e5n trettio grader.\u00a0 En sk\u00f6n ljummen smekande vind drar \u00f6ver kullen och det k\u00e4nns n\u00e4stan som om man \u00e4r vid havet h\u00e4r. Sj\u00f6bris en varm dag ni vet. Fast det \u00e4r man nu ju inte. Landbacke. En kulle ute i ingenstans. Tiotusen \u00e5r sedan havet n\u00e5dde\u2026","rel":"","context":"In &quot;Swedish&quot;","block_context":{"text":"Swedish","link":"https:\/\/www.akehedman.se\/wordpress\/?cat=2"},"img":{"alt_text":"","src":"https:\/\/i0.wp.com\/www.akehedman.se\/wordpress\/wp-content\/uploads\/2024\/06\/IMG_20240615_143646-scaled.jpg?resize=350%2C200&ssl=1","width":350,"height":200,"srcset":"https:\/\/i0.wp.com\/www.akehedman.se\/wordpress\/wp-content\/uploads\/2024\/06\/IMG_20240615_143646-scaled.jpg?resize=350%2C200&ssl=1 1x, https:\/\/i0.wp.com\/www.akehedman.se\/wordpress\/wp-content\/uploads\/2024\/06\/IMG_20240615_143646-scaled.jpg?resize=525%2C300&ssl=1 1.5x, https:\/\/i0.wp.com\/www.akehedman.se\/wordpress\/wp-content\/uploads\/2024\/06\/IMG_20240615_143646-scaled.jpg?resize=700%2C400&ssl=1 2x, https:\/\/i0.wp.com\/www.akehedman.se\/wordpress\/wp-content\/uploads\/2024\/06\/IMG_20240615_143646-scaled.jpg?resize=1050%2C600&ssl=1 3x, https:\/\/i0.wp.com\/www.akehedman.se\/wordpress\/wp-content\/uploads\/2024\/06\/IMG_20240615_143646-scaled.jpg?resize=1400%2C800&ssl=1 4x"},"classes":[]}],"jetpack_shortlink":"https:\/\/wp.me\/p68PL2-962","_links":{"self":[{"href":"https:\/\/www.akehedman.se\/wordpress\/index.php?rest_route=\/wp\/v2\/posts\/34970","targetHints":{"allow":["GET"]}}],"collection":[{"href":"https:\/\/www.akehedman.se\/wordpress\/index.php?rest_route=\/wp\/v2\/posts"}],"about":[{"href":"https:\/\/www.akehedman.se\/wordpress\/index.php?rest_route=\/wp\/v2\/types\/post"}],"author":[{"embeddable":true,"href":"https:\/\/www.akehedman.se\/wordpress\/index.php?rest_route=\/wp\/v2\/users\/24"}],"replies":[{"embeddable":true,"href":"https:\/\/www.akehedman.se\/wordpress\/index.php?rest_route=%2Fwp%2Fv2%2Fcomments&post=34970"}],"version-history":[{"count":1,"href":"https:\/\/www.akehedman.se\/wordpress\/index.php?rest_route=\/wp\/v2\/posts\/34970\/revisions"}],"predecessor-version":[{"id":34972,"href":"https:\/\/www.akehedman.se\/wordpress\/index.php?rest_route=\/wp\/v2\/posts\/34970\/revisions\/34972"}],"wp:attachment":[{"href":"https:\/\/www.akehedman.se\/wordpress\/index.php?rest_route=%2Fwp%2Fv2%2Fmedia&parent=34970"}],"wp:term":[{"taxonomy":"category","embeddable":true,"href":"https:\/\/www.akehedman.se\/wordpress\/index.php?rest_route=%2Fwp%2Fv2%2Fcategories&post=34970"},{"taxonomy":"post_tag","embeddable":true,"href":"https:\/\/www.akehedman.se\/wordpress\/index.php?rest_route=%2Fwp%2Fv2%2Ftags&post=34970"}],"curies":[{"name":"wp","href":"https:\/\/api.w.org\/{rel}","templated":true}]}}