{"id":34967,"date":"2020-04-20T14:59:27","date_gmt":"2020-04-20T13:59:27","guid":{"rendered":"https:\/\/www.akehedman.se\/wordpress\/?p=34967"},"modified":"2020-04-20T14:59:27","modified_gmt":"2020-04-20T13:59:27","slug":"ikea-shares-recipe-for-its-famous-meatballs-daily-mail-online","status":"publish","type":"post","link":"https:\/\/www.akehedman.se\/wordpress\/?p=34967","title":{"rendered":"IKEA shares recipe for its famous meatballs | Daily Mail Online"},"content":{"rendered":"<blockquote><p><a href=\"https:\/\/www.dailymail.co.uk\/femail\/food\/article-8236433\/IKEA-shares-recipe-famous-meat-balls-make-home.html\"><img data-recalc-dims=\"1\" decoding=\"async\" class=\"alignnone size-full\" src=\"https:\/\/i0.wp.com\/www.akehedman.se\/wordpress\/wp-content\/uploads\/2020\/04\/27412034-8236433-image-a-121_1587380687963.jpg?w=580&#038;ssl=1\" alt=\"\" \/><\/a>Swedish giant IKEA is challenging fans to make some delicious meatballs, with a signature creamy sauce, themselves during lockdown, a feat which is usually left for their furniture.<\/p><\/blockquote>\n<p>Source: <em><a href=\"https:\/\/www.dailymail.co.uk\/femail\/food\/article-8236433\/IKEA-shares-recipe-famous-meat-balls-make-home.html\">IKEA shares recipe for its famous meatballs | Daily Mail Online<\/a><\/em><\/p>\n","protected":false},"excerpt":{"rendered":"<p>Swedish giant IKEA is challenging fans to make some delicious meatballs, with a signature creamy sauce, themselves during lockdown, a feat which is usually left for their furniture. Source: IKEA shares recipe for its famous meatballs | Daily Mail Online<\/p>\n","protected":false},"author":24,"featured_media":0,"comment_status":"open","ping_status":"open","sticky":false,"template":"","format":"standard","meta":{"_crdt_document":"","jetpack_post_was_ever_published":false,"_jetpack_newsletter_access":"","_jetpack_dont_email_post_to_subs":false,"_jetpack_newsletter_tier_id":0,"_jetpack_memberships_contains_paywalled_content":false,"_jetpack_memberships_contains_paid_content":false,"footnotes":"","jetpack_publicize_message":"","jetpack_publicize_feature_enabled":true,"jetpack_social_post_already_shared":false,"jetpack_social_options":{"image_generator_settings":{"template":"highway","default_image_id":0,"font":"","enabled":false},"version":2}},"categories":[2],"tags":[],"class_list":["post-34967","post","type-post","status-publish","format-standard","hentry","category-swedish"],"jetpack_publicize_connections":[],"jetpack_featured_media_url":"","jetpack_sharing_enabled":true,"jetpack_likes_enabled":true,"jetpack-related-posts":[{"id":31951,"url":"https:\/\/www.akehedman.se\/wordpress\/?p=31951","url_meta":{"origin":34967,"position":0},"title":"Ikea och Sonos sl\u00e4pper f\u00f6rsta Symfonisk-h\u00f6gtalarna","author":"\u00c5ke Hedman","date":"2019-04-09","format":false,"excerpt":"En bokhylla du kan lyssna p\u00e5 \u2013 och Ikeas mest h\u00f6gljudda bordslampa n\u00e5gonsin. H\u00e4r \u00e4r de f\u00f6rsta prylarna i Ikeas och Sonos smarta h\u00f6gtalarserie Symfonisk. Source: Ikea och Sonos sl\u00e4pper f\u00f6rsta Symfonisk-h\u00f6gtalarna","rel":"","context":"In &quot;Swedish&quot;","block_context":{"text":"Swedish","link":"https:\/\/www.akehedman.se\/wordpress\/?cat=2"},"img":{"alt_text":"","src":"","width":0,"height":0},"classes":[]},{"id":29665,"url":"https:\/\/www.akehedman.se\/wordpress\/?p=29665","url_meta":{"origin":34967,"position":1},"title":"IKEA har lanserat vegansk korv","author":"\u00c5ke Hedman","date":"2018-09-03","format":false,"excerpt":"Str\u00e5lande! L\u00e4nge har snacket g\u00e5tt, men nu har det \u00e4ntligen blivit verklighet. IKEA har lanserat vegansk korv, detta som del i sitt arbete att erbjuda en mer h\u00e5llbar och nyttig mat. Tycka vad en vill om IKEA, \u2026 Source: IKEA har lanserat vegansk korv","rel":"","context":"In &quot;Swedish&quot;","block_context":{"text":"Swedish","link":"https:\/\/www.akehedman.se\/wordpress\/?cat=2"},"img":{"alt_text":"","src":"","width":0,"height":0},"classes":[]},{"id":42972,"url":"https:\/\/www.akehedman.se\/wordpress\/?p=42972","url_meta":{"origin":34967,"position":2},"title":"Mer information om nya hubben Ikea Dirigera","author":"\u00c5ke Hedman","date":"2022-10-06","format":false,"excerpt":"Att Ikea \u00e4r p\u00e5 g\u00e5ng med en ny hubb \u00e4r ingen hemlighet. Nu dyker det upp ganska mycket information om nya Ikea Dirigera via hemsidan TheVerge. Det \u00e4r hemsidan TheVerge som publicerat en l\u00e5ng artikel om\u2026 Source: Mer information om nya hubben Ikea Dirigera","rel":"","context":"In &quot;Swedish&quot;","block_context":{"text":"Swedish","link":"https:\/\/www.akehedman.se\/wordpress\/?cat=2"},"img":{"alt_text":"","src":"https:\/\/i0.wp.com\/teknikveckan.fra1.cdn.digitaloceanspaces.com\/uploads\/2022\/05\/Ikea-Dirigera-Symfonisk-1320x1320.webp?resize=350%2C200&ssl=1","width":350,"height":200,"srcset":"https:\/\/i0.wp.com\/teknikveckan.fra1.cdn.digitaloceanspaces.com\/uploads\/2022\/05\/Ikea-Dirigera-Symfonisk-1320x1320.webp?resize=350%2C200&ssl=1 1x, https:\/\/i0.wp.com\/teknikveckan.fra1.cdn.digitaloceanspaces.com\/uploads\/2022\/05\/Ikea-Dirigera-Symfonisk-1320x1320.webp?resize=525%2C300&ssl=1 1.5x, https:\/\/i0.wp.com\/teknikveckan.fra1.cdn.digitaloceanspaces.com\/uploads\/2022\/05\/Ikea-Dirigera-Symfonisk-1320x1320.webp?resize=700%2C400&ssl=1 2x, https:\/\/i0.wp.com\/teknikveckan.fra1.cdn.digitaloceanspaces.com\/uploads\/2022\/05\/Ikea-Dirigera-Symfonisk-1320x1320.webp?resize=1050%2C600&ssl=1 3x"},"classes":[]},{"id":20141,"url":"https:\/\/www.akehedman.se\/wordpress\/?p=20141","url_meta":{"origin":34967,"position":3},"title":"Ikeas LED-lampor: Ink\u00f6rs\u00adport till det smarta hemmet \u2013 Elektroniktidningen","author":"\u00c5ke Hedman","date":"2016-04-07","format":false,"excerpt":"Ikeas LED-lampor:Ink\u00f6rs\u00adporten till det smarta hemmetF\u00f6r m\u00f6belj\u00e4tten Ikea \u00e4r det viktigt med anv\u00e4ndarnytta och stora volymer n\u00e4r f\u00f6retaget i h\u00f6st ger sig in p\u00e5 omr\u00e5det smarta hem. Den f\u00f6rsta produkten kallad Tr\u00e5dfri \u00e4r ett paket med en vit LED-baserad gl\u00f6dlampsers\u00e4ttare och en liten fj\u00e4rrkontroll f\u00f6r att \u00e4ndra f\u00e4rgtemperaturen och dimma\u2026","rel":"","context":"In &quot;Swedish&quot;","block_context":{"text":"Swedish","link":"https:\/\/www.akehedman.se\/wordpress\/?cat=2"},"img":{"alt_text":"","src":"","width":0,"height":0},"classes":[]},{"id":30854,"url":"https:\/\/www.akehedman.se\/wordpress\/?p=30854","url_meta":{"origin":34967,"position":4},"title":"Inter IKEA Group Development Engineer &#8211; Electronics | SmartRecruiters","author":"\u00c5ke Hedman","date":"2018-11-29","format":false,"excerpt":"Source: Inter IKEA Group Development Engineer - Electronics | SmartRecruiters","rel":"","context":"In &quot;Swedish&quot;","block_context":{"text":"Swedish","link":"https:\/\/www.akehedman.se\/wordpress\/?cat=2"},"img":{"alt_text":"","src":"","width":0,"height":0},"classes":[]},{"id":29600,"url":"https:\/\/www.akehedman.se\/wordpress\/?p=29600","url_meta":{"origin":34967,"position":5},"title":"H\u00e4r \u00e4r Ikeas smarta eluttag","author":"\u00c5ke Hedman","date":"2018-08-24","format":false,"excerpt":"Kanske h\u00e5ller det \u00e4nd\u00e5 p\u00e5 att h\u00e4nda n\u00e5got nu \u00e4nd\u00e5. I oktober sl\u00e4pper Ikea sin nya produkt f\u00f6r det smarta hemmet. Det \u00e4r en kombination av stickkontakt och v\u00e4gguttag som man kan kontrollera med en fysisk knapp eller via en mobilapp. Source: H\u00e4r \u00e4r Ikeas smarta eluttag","rel":"","context":"In &quot;Swedish&quot;","block_context":{"text":"Swedish","link":"https:\/\/www.akehedman.se\/wordpress\/?cat=2"},"img":{"alt_text":"","src":"","width":0,"height":0},"classes":[]}],"jetpack_shortlink":"https:\/\/wp.me\/p68PL2-95Z","_links":{"self":[{"href":"https:\/\/www.akehedman.se\/wordpress\/index.php?rest_route=\/wp\/v2\/posts\/34967","targetHints":{"allow":["GET"]}}],"collection":[{"href":"https:\/\/www.akehedman.se\/wordpress\/index.php?rest_route=\/wp\/v2\/posts"}],"about":[{"href":"https:\/\/www.akehedman.se\/wordpress\/index.php?rest_route=\/wp\/v2\/types\/post"}],"author":[{"embeddable":true,"href":"https:\/\/www.akehedman.se\/wordpress\/index.php?rest_route=\/wp\/v2\/users\/24"}],"replies":[{"embeddable":true,"href":"https:\/\/www.akehedman.se\/wordpress\/index.php?rest_route=%2Fwp%2Fv2%2Fcomments&post=34967"}],"version-history":[{"count":1,"href":"https:\/\/www.akehedman.se\/wordpress\/index.php?rest_route=\/wp\/v2\/posts\/34967\/revisions"}],"predecessor-version":[{"id":34969,"href":"https:\/\/www.akehedman.se\/wordpress\/index.php?rest_route=\/wp\/v2\/posts\/34967\/revisions\/34969"}],"wp:attachment":[{"href":"https:\/\/www.akehedman.se\/wordpress\/index.php?rest_route=%2Fwp%2Fv2%2Fmedia&parent=34967"}],"wp:term":[{"taxonomy":"category","embeddable":true,"href":"https:\/\/www.akehedman.se\/wordpress\/index.php?rest_route=%2Fwp%2Fv2%2Fcategories&post=34967"},{"taxonomy":"post_tag","embeddable":true,"href":"https:\/\/www.akehedman.se\/wordpress\/index.php?rest_route=%2Fwp%2Fv2%2Ftags&post=34967"}],"curies":[{"name":"wp","href":"https:\/\/api.w.org\/{rel}","templated":true}]}}