{"id":34959,"date":"2020-04-19T21:25:48","date_gmt":"2020-04-19T20:25:48","guid":{"rendered":"https:\/\/www.akehedman.se\/wordpress\/?p=34959"},"modified":"2020-04-19T21:25:48","modified_gmt":"2020-04-19T20:25:48","slug":"vilan","status":"publish","type":"post","link":"https:\/\/www.akehedman.se\/wordpress\/?p=34959","title":{"rendered":"Vilan"},"content":{"rendered":"\n<figure class=\"wp-block-image size-large\"><img data-recalc-dims=\"1\" loading=\"lazy\" decoding=\"async\" width=\"580\" height=\"326\" src=\"https:\/\/i0.wp.com\/www.akehedman.se\/wordpress\/wp-content\/uploads\/2020\/04\/IMG_20200107_213513642.jpg?resize=580%2C326&#038;ssl=1\" alt=\"\" class=\"wp-image-34960\" srcset=\"https:\/\/i0.wp.com\/www.akehedman.se\/wordpress\/wp-content\/uploads\/2020\/04\/IMG_20200107_213513642.jpg?resize=1024%2C576&amp;ssl=1 1024w, https:\/\/i0.wp.com\/www.akehedman.se\/wordpress\/wp-content\/uploads\/2020\/04\/IMG_20200107_213513642.jpg?resize=300%2C169&amp;ssl=1 300w, https:\/\/i0.wp.com\/www.akehedman.se\/wordpress\/wp-content\/uploads\/2020\/04\/IMG_20200107_213513642.jpg?resize=768%2C432&amp;ssl=1 768w, https:\/\/i0.wp.com\/www.akehedman.se\/wordpress\/wp-content\/uploads\/2020\/04\/IMG_20200107_213513642.jpg?resize=1200%2C675&amp;ssl=1 1200w, https:\/\/i0.wp.com\/www.akehedman.se\/wordpress\/wp-content\/uploads\/2020\/04\/IMG_20200107_213513642.jpg?w=1280&amp;ssl=1 1280w\" sizes=\"auto, (max-width: 580px) 100vw, 580px\" \/><\/figure>\n\n\n\n<p class=\"wp-block-paragraph\">S\u00e5klart. Alldeles f\u00f6r mycket vila nu. Men det enda jag orkar. Hostan och det. Jo l\u00e4ser. Guillou. Sista. Nej, &#8220;senaste&#8221; heter det v\u00e4l. Jag vet att han skriver p\u00e5 en ny. Den h\u00e4r \u00e4r b\u00e4ttre \u00e4n den f\u00f6rra. Mer sl\u00e4ktkr\u00f6nika. Mer liv. Gillar. Sover d\u00e4r emellan. \u00c4ter ocks\u00e5. Det som smakar. En del g\u00f6r det faktiskt fortfarande. Smakar. Allts\u00e5.<\/p>\n\n\n\n<p class=\"wp-block-paragraph\">Men ser p\u00e5 TV ocks\u00e5. <a href=\"https:\/\/www.svtplay.se\/dna\">DNA<\/a>. Har ni kollat? Skitbra tycker jag (och K). Finns p\u00e5 svtplay. Man kan allts\u00e5 \u00f6sa p\u00e5 med avsnitt om man vill. Har sett v\u00e4ldigt mycket bra Dansk krim ett tag nu. Gillar det mesta hos danskar utom m\u00f6jligtvis deras minderv\u00e4rdeskomplex kontra Sverige och hur illa de pratar. <a href=\"https:\/\/www.svtplay.se\/alska-mig\">\u00c4lska mig<\/a> \u00e4r inte s\u00e5 tokig den heller. Sitter en meter framf\u00f6r tv&#8217;n n\u00e4r jag kollar. Anstr\u00e4ngande. F\u00e5nigt. Men n\u00f6dv\u00e4ndigt. <\/p>\n\n\n\n<p class=\"wp-block-paragraph\">Fast nu s\u00f6ndag. Det skall knappas. Men det blir mest upprensing. Fast just det rensar manegen f\u00f6r knappande imorgon. Om det finns en morgondag. Ta inget f\u00f6r givet lille v\u00e4n. Det g\u00e4ller ocks\u00e5 en vanlig dag. Alla dar. Bara idioter tror att de lever f\u00f6r evigt.<\/p>\n\n\n\n<p class=\"wp-block-paragraph\">Finv\u00e4der p\u00e5 ing\u00e5ng. Borde ta med sig den sista sn\u00f6n h\u00e4r p\u00e5 kullen. Ljuvligt. Jag m\u00e5ste ut. Hela min lekamen skriker efter det. Fast det \u00e4r inte samma sak att vandra omkring i skogen eller efter v\u00e4garna n\u00e4r man inte ser s\u00e5 bra. M\u00f6ter man folk ser man inte vilka de \u00e4r. Det d\u00e4r g\u00f6r en n\u00e4stan folkskygg. <\/p>\n\n\n\n<p class=\"wp-block-paragraph\">Lider allts\u00e5. Lite. Japp, \u00e5tminstone lite. Ett j\u00e4vla sjukdomscentrerat liv nu ett tag. Det \u00e4r farligt att bli sin sjukdom. Fastna i den.  Man m\u00e5ste resa sig \u00f6ver. Sl\u00e4ppa sig sj\u00e4lv fri. Flyga iv\u00e4g. Men s\u00e4g det till dem som har ont s\u00e5 att de gr\u00e5ter. Det \u00e4r l\u00e4tt att snacka n\u00e4r man st\u00e5r d\u00e4r tryggt i sina egna skor. Man inser ganska snabbt att man inte har mycket att klaga p\u00e5. <\/p>\n\n\n\n<p class=\"wp-block-paragraph\">Tranorna \u00e4r visst h\u00e4r. Men jag har inte h\u00f6rt dem \u00e4nnu. Troligen f\u00f6r att jag hela tiden h\u00e5ller mig inne. Men l\u00e4ngtar. Ett av de riktigt stora gl\u00e4djemomenten i mitt liv \u00e4r att ligga d\u00e4r i s\u00e4ngen om sommaren med \u00f6ppet f\u00f6nster &#8211; ljumma vindar som lyfter gardinen och smeker mig &#8211; och lyssna p\u00e5 tranorna p\u00e5 myren i n\u00e4rheten n\u00e4r de v\u00e4lkomnar den nya dagen. Det brukar ske mellan tre och fyra d\u00e4r p\u00e5 morgonen n\u00e5gonstans. Har man tur s\u00e4tter koltrasten ig\u00e5ng med den vackraste s\u00e5ngen som finns strax efter. En b\u00e4ttre start p\u00e5 en ny dag kan man liksom inte f\u00e5. <\/p>\n\n\n\n<p class=\"wp-block-paragraph\">Fast \u00e4n s\u00e5 l\u00e4nge \u00e4r det ju ett tag dit. N\u00e5ja. Inte s\u00e5 l\u00e4nge. Maj r\u00e4kcer om det kommer v\u00e4rme.<\/p>\n\n\n\n<p class=\"wp-block-paragraph\">Fast nu&#8230; jag tror jag g\u00e5r och l\u00e4gger mig.  Ingen ide att b\u00f6rja med n\u00e5got av v\u00e4rde nu. Man hoppas p\u00e5 morgondagen. <\/p>\n","protected":false},"excerpt":{"rendered":"<p>S\u00e5klart. Alldeles f\u00f6r mycket vila nu. Men det enda jag orkar. Hostan och det. Jo l\u00e4ser. Guillou. Sista. Nej, &#8220;senaste&#8221; heter det v\u00e4l. Jag vet att han skriver p\u00e5 en ny. Den h\u00e4r \u00e4r b\u00e4ttre \u00e4n den f\u00f6rra. Mer sl\u00e4ktkr\u00f6nika. Mer liv. Gillar. Sover d\u00e4r emellan. \u00c4ter ocks\u00e5. Det som smakar. En del g\u00f6r det [&hellip;]<\/p>\n","protected":false},"author":24,"featured_media":0,"comment_status":"open","ping_status":"open","sticky":false,"template":"","format":"standard","meta":{"_crdt_document":"","jetpack_post_was_ever_published":false,"_jetpack_newsletter_access":"","_jetpack_dont_email_post_to_subs":false,"_jetpack_newsletter_tier_id":0,"_jetpack_memberships_contains_paywalled_content":false,"_jetpack_memberships_contains_paid_content":false,"footnotes":"","jetpack_publicize_message":"","jetpack_publicize_feature_enabled":true,"jetpack_social_post_already_shared":false,"jetpack_social_options":{"image_generator_settings":{"template":"highway","default_image_id":0,"font":"","enabled":false},"version":2}},"categories":[2],"tags":[],"class_list":["post-34959","post","type-post","status-publish","format-standard","hentry","category-swedish"],"jetpack_publicize_connections":[],"jetpack_featured_media_url":"","jetpack_sharing_enabled":true,"jetpack_likes_enabled":true,"jetpack-related-posts":[{"id":23029,"url":"https:\/\/www.akehedman.se\/wordpress\/?p=23029","url_meta":{"origin":34959,"position":0},"title":"Blod","author":"\u00c5ke Hedman","date":"2017-01-25","format":false,"excerpt":"\u00a0 S\u00e4tter p\u00e5 min tredje kopp kaffe f\u00f6r dagen. F\u00e5r s\u00e4kerligen \u00e5ngra det. Men det kan inte hj\u00e4lpas. Det smakar gott och smakar det gott stoppar jag i eller h\u00e4ller i mig. Karakt\u00e4r \u00e4r inte en av mina starka sidor. Solnedg\u00e5ngen s\u00e4ger att det skall flyta blod. Inte mer ovanligt\u2026","rel":"","context":"In &quot;Betraktelser &amp; Ber\u00e4ttelse&quot;","block_context":{"text":"Betraktelser &amp; Ber\u00e4ttelse","link":"https:\/\/www.akehedman.se\/wordpress\/?cat=24"},"img":{"alt_text":"","src":"https:\/\/i0.wp.com\/www.akehedman.se\/wordpress\/wp-content\/uploads\/2017\/01\/20170125_161138-1024x576.png?resize=350%2C200","width":350,"height":200,"srcset":"https:\/\/i0.wp.com\/www.akehedman.se\/wordpress\/wp-content\/uploads\/2017\/01\/20170125_161138-1024x576.png?resize=350%2C200 1x, https:\/\/i0.wp.com\/www.akehedman.se\/wordpress\/wp-content\/uploads\/2017\/01\/20170125_161138-1024x576.png?resize=525%2C300 1.5x"},"classes":[]},{"id":37764,"url":"https:\/\/www.akehedman.se\/wordpress\/?p=37764","url_meta":{"origin":34959,"position":1},"title":"Fredag","author":"\u00c5ke Hedman","date":"2021-02-05","format":false,"excerpt":"S\u00e5klart finns det inte annat att g\u00f6ra \u00e4n att knappa p\u00e5 nu n\u00e4r man f\u00e5tt \u00e4nnu en dag sig tilldelad. S\u00e5 jag fyller pellets, Hulken hoppar, ger katterna mat, Katterna jamar och kurrar, jag \u00e4ter min sm\u00f6rg\u00e5s, duschar, g\u00e5r ner till l\u00e5tsaskontor, s\u00e4tter p\u00e5 te, startar backuper, osv osv och\u2026","rel":"","context":"In &quot;Betraktelser &amp; Ber\u00e4ttelse&quot;","block_context":{"text":"Betraktelser &amp; Ber\u00e4ttelse","link":"https:\/\/www.akehedman.se\/wordpress\/?cat=24"},"img":{"alt_text":"","src":"https:\/\/i0.wp.com\/www.akehedman.se\/wordpress\/wp-content\/uploads\/2021\/02\/Screenshot-from-2021-02-05-08-44-06.png?resize=350%2C200&ssl=1","width":350,"height":200,"srcset":"https:\/\/i0.wp.com\/www.akehedman.se\/wordpress\/wp-content\/uploads\/2021\/02\/Screenshot-from-2021-02-05-08-44-06.png?resize=350%2C200&ssl=1 1x, https:\/\/i0.wp.com\/www.akehedman.se\/wordpress\/wp-content\/uploads\/2021\/02\/Screenshot-from-2021-02-05-08-44-06.png?resize=525%2C300&ssl=1 1.5x"},"classes":[]},{"id":38852,"url":"https:\/\/www.akehedman.se\/wordpress\/?p=38852","url_meta":{"origin":34959,"position":2},"title":"Ja eller Nej","author":"\u00c5ke Hedman","date":"2021-05-19","format":false,"excerpt":"Photo by PNW Production on Pexels.com Jag st\u00e4ller mig sj\u00e4lv ofta den d\u00e4r fr\u00e5gan s\u00e5h\u00e4r strax innan klockan sex p\u00e5 morgonen. \u00c4r det det h\u00e4r jag vill g\u00f6ra? Hittills har jag alltid svarat ja. Tvekat kanske n\u00e5gra g\u00e5nger. Priset k\u00e4nns h\u00f6gt ibland fast det utifr\u00e5n s\u00e5klart ser ut som en\u2026","rel":"","context":"In &quot;Betraktelser &amp; Ber\u00e4ttelse&quot;","block_context":{"text":"Betraktelser &amp; Ber\u00e4ttelse","link":"https:\/\/www.akehedman.se\/wordpress\/?cat=24"},"img":{"alt_text":"people sitting on a cliff","src":"https:\/\/i0.wp.com\/www.akehedman.se\/wordpress\/wp-content\/uploads\/2021\/05\/pexels-photo-7625310.jpeg?resize=350%2C200&ssl=1","width":350,"height":200,"srcset":"https:\/\/i0.wp.com\/www.akehedman.se\/wordpress\/wp-content\/uploads\/2021\/05\/pexels-photo-7625310.jpeg?resize=350%2C200&ssl=1 1x, https:\/\/i0.wp.com\/www.akehedman.se\/wordpress\/wp-content\/uploads\/2021\/05\/pexels-photo-7625310.jpeg?resize=525%2C300&ssl=1 1.5x, https:\/\/i0.wp.com\/www.akehedman.se\/wordpress\/wp-content\/uploads\/2021\/05\/pexels-photo-7625310.jpeg?resize=700%2C400&ssl=1 2x"},"classes":[]},{"id":24349,"url":"https:\/\/www.akehedman.se\/wordpress\/?p=24349","url_meta":{"origin":34959,"position":3},"title":"Glad att det \u00e4r fredag","author":"\u00c5ke Hedman","date":"2017-05-12","format":false,"excerpt":"Jag \u00e4r glad att det \u00e4r fredag. S\u00e5 \u00e4r det bara. Inga konstigheter. L\u00e4ngtan efter en gr\u00f6n IKEA-soffa och en film. H\u00f6gre \u00e4r inte mina dr\u00f6mmar f\u00f6r tillf\u00e4llet. M\u00f6jligen skulle jag kunna t\u00e4nka mig tjugo grader och sol ute. Men vafan. Det kommer, det kommer... Jag s\u00e4tter p\u00e5 lite kaffe.\u2026","rel":"","context":"In &quot;Betraktelser &amp; Ber\u00e4ttelse&quot;","block_context":{"text":"Betraktelser &amp; Ber\u00e4ttelse","link":"https:\/\/www.akehedman.se\/wordpress\/?cat=24"},"img":{"alt_text":"","src":"https:\/\/i0.wp.com\/www.akehedman.se\/wordpress\/wp-content\/uploads\/2017\/05\/Turbin-Installation-269x170.jpg?resize=350%2C200","width":350,"height":200,"srcset":"https:\/\/i0.wp.com\/www.akehedman.se\/wordpress\/wp-content\/uploads\/2017\/05\/Turbin-Installation-269x170.jpg?resize=350%2C200 1x, https:\/\/i0.wp.com\/www.akehedman.se\/wordpress\/wp-content\/uploads\/2017\/05\/Turbin-Installation-269x170.jpg?resize=525%2C300 1.5x"},"classes":[]},{"id":27086,"url":"https:\/\/www.akehedman.se\/wordpress\/?p=27086","url_meta":{"origin":34959,"position":4},"title":"Senast l\u00e4sta bok @carinabergfeldt","author":"\u00c5ke Hedman","date":"2018-02-11","format":false,"excerpt":"Fadersmord av Carina Bergfeldt Ibland blir jag f\u00f6rbannad. Det h\u00e4r \u00e4r en s\u00e5dan g\u00e5ng. Jag f\u00f6ljer Carina sedan l\u00e4nge p\u00e5 b\u00e5de nyhetss\u00e4ndningar och p\u00e5 Twitter och det r\u00e4cker med det liksom. En beg\u00e5vad ung m\u00e4nniska som g\u00f6r ett f\u00f6rbannat bra jobb, som sitter p\u00e5 en position som inte \u00e4r helt\u2026","rel":"","context":"In &quot;B\u00f6cker&quot;","block_context":{"text":"B\u00f6cker","link":"https:\/\/www.akehedman.se\/wordpress\/?cat=13"},"img":{"alt_text":"","src":"https:\/\/i0.wp.com\/www.akehedman.se\/wordpress\/wp-content\/uploads\/2018\/02\/fadersmord.jpg?resize=350%2C200","width":350,"height":200},"classes":[]},{"id":51799,"url":"https:\/\/www.akehedman.se\/wordpress\/?p=51799","url_meta":{"origin":34959,"position":5},"title":"Fel &amp; r\u00e4tt och mittemellan","author":"\u00c5ke Hedman","date":"2026-04-26","format":false,"excerpt":"Photo by tem lyder on Pexels.com Det blir lite fel p\u00e5 grejerna till nya s\u00e4ngen. Madrasserna \u00e4r f\u00f6r smala. Lite antiklimax blir det allt n\u00e4r man tr\u00f6tter skruvat ihop och l\u00e4gger p\u00e5 dem. Men s\u00e5dant f\u00e5r man ordna. S\u00e5 bil tas upp till IKEA i Sundsvall idag och byter. Inga\u2026","rel":"","context":"In &quot;Swedish&quot;","block_context":{"text":"Swedish","link":"https:\/\/www.akehedman.se\/wordpress\/?cat=2"},"img":{"alt_text":"elegant moroccan bed in traditional riad setting","src":"https:\/\/i0.wp.com\/www.akehedman.se\/wordpress\/wp-content\/uploads\/2026\/04\/pexels-photo-30301193.jpg?resize=350%2C200&ssl=1","width":350,"height":200,"srcset":"https:\/\/i0.wp.com\/www.akehedman.se\/wordpress\/wp-content\/uploads\/2026\/04\/pexels-photo-30301193.jpg?resize=350%2C200&ssl=1 1x, https:\/\/i0.wp.com\/www.akehedman.se\/wordpress\/wp-content\/uploads\/2026\/04\/pexels-photo-30301193.jpg?resize=525%2C300&ssl=1 1.5x, https:\/\/i0.wp.com\/www.akehedman.se\/wordpress\/wp-content\/uploads\/2026\/04\/pexels-photo-30301193.jpg?resize=700%2C400&ssl=1 2x"},"classes":[]}],"jetpack_shortlink":"https:\/\/wp.me\/s68PL2-vilan","_links":{"self":[{"href":"https:\/\/www.akehedman.se\/wordpress\/index.php?rest_route=\/wp\/v2\/posts\/34959","targetHints":{"allow":["GET"]}}],"collection":[{"href":"https:\/\/www.akehedman.se\/wordpress\/index.php?rest_route=\/wp\/v2\/posts"}],"about":[{"href":"https:\/\/www.akehedman.se\/wordpress\/index.php?rest_route=\/wp\/v2\/types\/post"}],"author":[{"embeddable":true,"href":"https:\/\/www.akehedman.se\/wordpress\/index.php?rest_route=\/wp\/v2\/users\/24"}],"replies":[{"embeddable":true,"href":"https:\/\/www.akehedman.se\/wordpress\/index.php?rest_route=%2Fwp%2Fv2%2Fcomments&post=34959"}],"version-history":[{"count":1,"href":"https:\/\/www.akehedman.se\/wordpress\/index.php?rest_route=\/wp\/v2\/posts\/34959\/revisions"}],"predecessor-version":[{"id":34961,"href":"https:\/\/www.akehedman.se\/wordpress\/index.php?rest_route=\/wp\/v2\/posts\/34959\/revisions\/34961"}],"wp:attachment":[{"href":"https:\/\/www.akehedman.se\/wordpress\/index.php?rest_route=%2Fwp%2Fv2%2Fmedia&parent=34959"}],"wp:term":[{"taxonomy":"category","embeddable":true,"href":"https:\/\/www.akehedman.se\/wordpress\/index.php?rest_route=%2Fwp%2Fv2%2Fcategories&post=34959"},{"taxonomy":"post_tag","embeddable":true,"href":"https:\/\/www.akehedman.se\/wordpress\/index.php?rest_route=%2Fwp%2Fv2%2Ftags&post=34959"}],"curies":[{"name":"wp","href":"https:\/\/api.w.org\/{rel}","templated":true}]}}