{"id":34950,"date":"2020-04-19T16:50:08","date_gmt":"2020-04-19T15:50:08","guid":{"rendered":"https:\/\/www.akehedman.se\/wordpress\/?p=34950"},"modified":"2020-04-19T16:50:08","modified_gmt":"2020-04-19T15:50:08","slug":"sa-hedrades-sjukvardspersonalen-under-spanska-sjukan","status":"publish","type":"post","link":"https:\/\/www.akehedman.se\/wordpress\/?p=34950","title":{"rendered":"S\u00e5 hedrades sjukv\u00e5rdspersonalen under spanska sjukan"},"content":{"rendered":"<p><a href=\"http:\/\/www.news55.se\/kronikor\/sa-hedrades-sjuksystrar-under-spanska-sjukan\/\"><img data-recalc-dims=\"1\" decoding=\"async\" class=\"alignnone size-full\" src=\"https:\/\/i0.wp.com\/www.akehedman.se\/wordpress\/wp-content\/uploads\/2020\/04\/sdl4m6KT1z0cec-nh-660x397-1.jpg?w=580&#038;ssl=1\" alt=\"\" \/><\/a>Source: <em><a href=\"http:\/\/www.news55.se\/kronikor\/sa-hedrades-sjuksystrar-under-spanska-sjukan\/\">S\u00e5 hedrades sjukv\u00e5rdspersonalen under spanska sjukan<\/a><\/em><\/p>\n","protected":false},"excerpt":{"rendered":"<p>Source: S\u00e5 hedrades sjukv\u00e5rdspersonalen under spanska sjukan<\/p>\n","protected":false},"author":24,"featured_media":0,"comment_status":"open","ping_status":"open","sticky":false,"template":"","format":"standard","meta":{"_crdt_document":"","jetpack_post_was_ever_published":false,"_jetpack_newsletter_access":"","_jetpack_dont_email_post_to_subs":false,"_jetpack_newsletter_tier_id":0,"_jetpack_memberships_contains_paywalled_content":false,"_jetpack_memberships_contains_paid_content":false,"footnotes":"","jetpack_publicize_message":"","jetpack_publicize_feature_enabled":true,"jetpack_social_post_already_shared":false,"jetpack_social_options":{"image_generator_settings":{"template":"highway","default_image_id":0,"font":"","enabled":false},"version":2}},"categories":[2],"tags":[],"class_list":["post-34950","post","type-post","status-publish","format-standard","hentry","category-swedish"],"jetpack_publicize_connections":[],"jetpack_featured_media_url":"","jetpack_sharing_enabled":true,"jetpack_likes_enabled":true,"jetpack-related-posts":[{"id":35032,"url":"https:\/\/www.akehedman.se\/wordpress\/?p=35032","url_meta":{"origin":34950,"position":0},"title":"Spanska sjukan slog h\u00e5rdast mot unga | Popularhistoria.se","author":"\u00c5ke Hedman","date":"2020-04-29","format":false,"excerpt":"Det b\u00f6rjade med vanlig hosta och feber. Men f\u00f6r tio\u00adtusentals svenskar slutade det med d\u00f6den. Samtidigt som f\u00f6rsta v\u00e4rldskriget gick mot sitt slut br\u00f6t den \u00e4nnu d\u00f6dligare spanska sjukan ut. Source: Spanska sjukan slog h\u00e5rdast mot unga | Popularhistoria.se","rel":"","context":"In &quot;Swedish&quot;","block_context":{"text":"Swedish","link":"https:\/\/www.akehedman.se\/wordpress\/?cat=2"},"img":{"alt_text":"","src":"","width":0,"height":0},"classes":[]},{"id":29352,"url":"https:\/\/www.akehedman.se\/wordpress\/?p=29352","url_meta":{"origin":34950,"position":1},"title":"Censur fick tidningar att tiga om d\u00f6dliga farsoten | SvD","author":"\u00c5ke Hedman","date":"2018-07-16","format":false,"excerpt":"I dag v\u00e4nder jag mig till ett \u00e4mne som jag skrivit om f\u00f6rr, men eftersom det r\u00f6r sig om en av de st\u00f6rsta tragedierna i v\u00e5r moderna historia, och eftersom den tog fart f\u00f6r exakt hundra \u00e5r sedan, \u00e4r det p\u00e5 sin plats med en repetition. Det handlar om spanska\u2026","rel":"","context":"In &quot;Swedish&quot;","block_context":{"text":"Swedish","link":"https:\/\/www.akehedman.se\/wordpress\/?cat=2"},"img":{"alt_text":"","src":"","width":0,"height":0},"classes":[]},{"id":27672,"url":"https:\/\/www.akehedman.se\/wordpress\/?p=27672","url_meta":{"origin":34950,"position":2},"title":"V\u00e5rdagj\u00e4mning","author":"\u00c5ke Hedman","date":"2018-03-20","format":false,"excerpt":"Det \u00e4r v\u00e5rdagj\u00e4mningen idag. Det spelar ingen roll att sn\u00f6n inte sm\u00e4lter d\u00e4r ute. Ljuset \u00e4r h\u00e4r, det \u00e4r faktiskt inte tjugo minus, det finns hopp. H\u00e4r \u00e4r det mosigt. Den h\u00e4r f\u00f6rkylningen vill helt enkelt inte l\u00e4mna min kropp. Den h\u00e5ller sig fast. Men jag \u00e4r tydligen inte ensam.\u2026","rel":"","context":"In &quot;Betraktelser &amp; Ber\u00e4ttelse&quot;","block_context":{"text":"Betraktelser &amp; Ber\u00e4ttelse","link":"https:\/\/www.akehedman.se\/wordpress\/?cat=24"},"img":{"alt_text":"","src":"https:\/\/i0.wp.com\/www.akehedman.se\/wordpress\/wp-content\/uploads\/2018\/03\/IMG_20180314_212604943-1024x576.jpg?resize=350%2C200","width":350,"height":200,"srcset":"https:\/\/i0.wp.com\/www.akehedman.se\/wordpress\/wp-content\/uploads\/2018\/03\/IMG_20180314_212604943-1024x576.jpg?resize=350%2C200 1x, https:\/\/i0.wp.com\/www.akehedman.se\/wordpress\/wp-content\/uploads\/2018\/03\/IMG_20180314_212604943-1024x576.jpg?resize=525%2C300 1.5x"},"classes":[]},{"id":199,"url":"https:\/\/www.akehedman.se\/wordpress\/?p=199","url_meta":{"origin":34950,"position":3},"title":"Senast l\u00c3\u00a4sta bok","author":"\u00c5ke Hedman","date":"2008-01-15","format":false,"excerpt":"Pilgrimsresan av Paulo Coelho Fick den h\u00c3\u00a4r boken av min fru i julklapp. Hon vet att jag g\u00c3\u00a4rna skulle vilja ge mig ut p\u00c3\u00a5 en pilgrimsresa n\u00c3\u00a5gon g\u00c3\u00a5ng i mitt liv. Inte av rent relig\u00c3\u00b6sa sk\u00c3\u00a4l som att tillbedja n\u00c3\u00a5gon specifik religon utan mest f\u00c3\u00b6r att under en tid f\u00c3\u00a5r\u2026","rel":"","context":"In &quot;B\u00f6cker&quot;","block_context":{"text":"B\u00f6cker","link":"https:\/\/www.akehedman.se\/wordpress\/?cat=13"},"img":{"alt_text":"","src":"","width":0,"height":0},"classes":[]},{"id":37242,"url":"https:\/\/www.akehedman.se\/wordpress\/?p=37242","url_meta":{"origin":34950,"position":4},"title":"Julvecka","author":"\u00c5ke Hedman","date":"2020-12-20","format":false,"excerpt":"Veckan har startat. Julvecka m\u00e5ste man v\u00e4l kalla den. Det finns bara innevarande dag och tv\u00e5 dagar till att slutf\u00f6ra saker p\u00e5. Sen... den stora vilan. Julhelg under ett mycket konstigt \u00e5r. Ett \u00e5r (ja s\u00e4kert n\u00e4sta ocks\u00e5) som man kommer att prata om i framtiden. Minnas. Vi lever s\u00e5klart\u2026","rel":"","context":"In &quot;Swedish&quot;","block_context":{"text":"Swedish","link":"https:\/\/www.akehedman.se\/wordpress\/?cat=2"},"img":{"alt_text":"","src":"https:\/\/i0.wp.com\/www.akehedman.se\/wordpress\/wp-content\/uploads\/2020\/12\/IMG_20201218_074438-scaled.jpg?resize=350%2C200&ssl=1","width":350,"height":200,"srcset":"https:\/\/i0.wp.com\/www.akehedman.se\/wordpress\/wp-content\/uploads\/2020\/12\/IMG_20201218_074438-scaled.jpg?resize=350%2C200&ssl=1 1x, https:\/\/i0.wp.com\/www.akehedman.se\/wordpress\/wp-content\/uploads\/2020\/12\/IMG_20201218_074438-scaled.jpg?resize=525%2C300&ssl=1 1.5x, https:\/\/i0.wp.com\/www.akehedman.se\/wordpress\/wp-content\/uploads\/2020\/12\/IMG_20201218_074438-scaled.jpg?resize=700%2C400&ssl=1 2x, https:\/\/i0.wp.com\/www.akehedman.se\/wordpress\/wp-content\/uploads\/2020\/12\/IMG_20201218_074438-scaled.jpg?resize=1050%2C600&ssl=1 3x, https:\/\/i0.wp.com\/www.akehedman.se\/wordpress\/wp-content\/uploads\/2020\/12\/IMG_20201218_074438-scaled.jpg?resize=1400%2C800&ssl=1 4x"},"classes":[]},{"id":190,"url":"https:\/\/www.akehedman.se\/wordpress\/?p=190","url_meta":{"origin":34950,"position":5},"title":"Minns ni nomineringen&#8230;","author":"\u00c5ke Hedman","date":"2007-12-13","format":false,"excerpt":"Ja n\u00c3\u00a5got pris blev det ju inte... (http:\/\/www.idg.se\/2.1085\/1.135607) SkoleLinux \u00c3\u00a4r en v\u00c3\u00a4rdig vinnare h\u00c3\u00a5ller jag med om ocks\u00c3\u00a5 och k\u00c3\u00a4nner mig fortfarande hedrad \u00c3\u00b6ver att finnas med bland nomineringarna. \u00c3\u2013dmjuk som jag \u00c3\u00a4r s\u00c3\u00a5 n\u00c3\u00b6jer jag mig med att ha ett protokoll som snart finns i var mans (och kvinnas)\u2026","rel":"","context":"In &quot;Swedish&quot;","block_context":{"text":"Swedish","link":"https:\/\/www.akehedman.se\/wordpress\/?cat=2"},"img":{"alt_text":"","src":"","width":0,"height":0},"classes":[]}],"jetpack_shortlink":"https:\/\/wp.me\/p68PL2-95I","_links":{"self":[{"href":"https:\/\/www.akehedman.se\/wordpress\/index.php?rest_route=\/wp\/v2\/posts\/34950","targetHints":{"allow":["GET"]}}],"collection":[{"href":"https:\/\/www.akehedman.se\/wordpress\/index.php?rest_route=\/wp\/v2\/posts"}],"about":[{"href":"https:\/\/www.akehedman.se\/wordpress\/index.php?rest_route=\/wp\/v2\/types\/post"}],"author":[{"embeddable":true,"href":"https:\/\/www.akehedman.se\/wordpress\/index.php?rest_route=\/wp\/v2\/users\/24"}],"replies":[{"embeddable":true,"href":"https:\/\/www.akehedman.se\/wordpress\/index.php?rest_route=%2Fwp%2Fv2%2Fcomments&post=34950"}],"version-history":[{"count":1,"href":"https:\/\/www.akehedman.se\/wordpress\/index.php?rest_route=\/wp\/v2\/posts\/34950\/revisions"}],"predecessor-version":[{"id":34952,"href":"https:\/\/www.akehedman.se\/wordpress\/index.php?rest_route=\/wp\/v2\/posts\/34950\/revisions\/34952"}],"wp:attachment":[{"href":"https:\/\/www.akehedman.se\/wordpress\/index.php?rest_route=%2Fwp%2Fv2%2Fmedia&parent=34950"}],"wp:term":[{"taxonomy":"category","embeddable":true,"href":"https:\/\/www.akehedman.se\/wordpress\/index.php?rest_route=%2Fwp%2Fv2%2Fcategories&post=34950"},{"taxonomy":"post_tag","embeddable":true,"href":"https:\/\/www.akehedman.se\/wordpress\/index.php?rest_route=%2Fwp%2Fv2%2Ftags&post=34950"}],"curies":[{"name":"wp","href":"https:\/\/api.w.org\/{rel}","templated":true}]}}