{"id":34925,"date":"2020-04-15T21:21:12","date_gmt":"2020-04-15T20:21:12","guid":{"rendered":"https:\/\/www.akehedman.se\/wordpress\/?p=34925"},"modified":"2020-04-15T21:21:12","modified_gmt":"2020-04-15T20:21:12","slug":"hur-mycket-co2-tar-ett-trad-upp-i-samband-med-tillvaxt-skogssverige","status":"publish","type":"post","link":"https:\/\/www.akehedman.se\/wordpress\/?p=34925","title":{"rendered":"Hur mycket CO2 tar ett tr\u00e4d upp i samband med tillv\u00e4xt? | SkogsSverige"},"content":{"rendered":"<p>Source: <em><a href=\"https:\/\/www.skogssverige.se\/hur-mycket-co2-tar-ett-trad-upp-i-samband-med-tillvaxt\">Hur mycket CO2 tar ett tr\u00e4d upp i samband med tillv\u00e4xt? | SkogsSverige<\/a><\/em><\/p>\n","protected":false},"excerpt":{"rendered":"<p>Source: Hur mycket CO2 tar ett tr\u00e4d upp i samband med tillv\u00e4xt? | SkogsSverige<\/p>\n","protected":false},"author":24,"featured_media":0,"comment_status":"open","ping_status":"open","sticky":false,"template":"","format":"standard","meta":{"_crdt_document":"","jetpack_post_was_ever_published":false,"_jetpack_newsletter_access":"","_jetpack_dont_email_post_to_subs":false,"_jetpack_newsletter_tier_id":0,"_jetpack_memberships_contains_paywalled_content":false,"_jetpack_memberships_contains_paid_content":false,"footnotes":"","jetpack_publicize_message":"","jetpack_publicize_feature_enabled":true,"jetpack_social_post_already_shared":false,"jetpack_social_options":{"image_generator_settings":{"template":"highway","default_image_id":0,"font":"","enabled":false},"version":2}},"categories":[41],"tags":[],"class_list":["post-34925","post","type-post","status-publish","format-standard","hentry","category-vetenskap"],"jetpack_publicize_connections":[],"jetpack_featured_media_url":"","jetpack_sharing_enabled":true,"jetpack_likes_enabled":true,"jetpack-related-posts":[{"id":21741,"url":"https:\/\/www.akehedman.se\/wordpress\/?p=21741","url_meta":{"origin":34925,"position":0},"title":"St\u00e4da?","author":"\u00c5ke Hedman","date":"2016-10-06","format":false,"excerpt":"St\u00e4da. Japp Torsdag. Funderar om jag inte har f\u00f6r ont i huvudet f\u00f6r att st\u00e4da. Men eftersom jag tagit en Alvedon \u00e4r svaret ett solklart nej. \u00c5tminstone ljuger jag inte f\u00f6r mig sj\u00e4lv. Men kanske har jag f\u00f6r mycket att g\u00f6ra helt enkelt... Man f\u00f6rs\u00f6ker... men inte ens det fungerar\u2026","rel":"","context":"In &quot;Betraktelser &amp; Ber\u00e4ttelse&quot;","block_context":{"text":"Betraktelser &amp; Ber\u00e4ttelse","link":"https:\/\/www.akehedman.se\/wordpress\/?cat=24"},"img":{"alt_text":"thsevtwkr8","src":"https:\/\/i0.wp.com\/www.akehedman.se\/wordpress\/wp-content\/uploads\/2016\/10\/thSEVTWKR8.jpg?resize=350%2C200","width":350,"height":200},"classes":[]},{"id":51125,"url":"https:\/\/www.akehedman.se\/wordpress\/?p=51125","url_meta":{"origin":34925,"position":1},"title":"Vinterv\u00e4rme f\u00e5r tr\u00e4d att v\u00e4nta med knopparna &#8211; forskning.se","author":"\u00c5ke Hedman","date":"2026-02-06","format":false,"excerpt":"F\u00f6r att \u00f6verleva vintern m\u00e5ste tr\u00e4d tajma v\u00e5rens tillv\u00e4xt. Ny forskning visar att korta v\u00e4rmeperioder varnar knopparna f\u00f6r att \u00f6ppna sig f\u00f6r tidigt. Source: Vinterv\u00e4rme f\u00e5r tr\u00e4d att v\u00e4nta med knopparna - forskning.se","rel":"","context":"In &quot;Swedish&quot;","block_context":{"text":"Swedish","link":"https:\/\/www.akehedman.se\/wordpress\/?cat=2"},"img":{"alt_text":"","src":"","width":0,"height":0},"classes":[]},{"id":21434,"url":"https:\/\/www.akehedman.se\/wordpress\/?p=21434","url_meta":{"origin":34925,"position":2},"title":"Som en dumj\u00e4vel liksom","author":"\u00c5ke Hedman","date":"2016-09-05","format":false,"excerpt":"V\u00e4rme p\u00e5 g\u00e5ng. Men kanske frost inatt. Men sen. September \u00e4r det nya Juli. Man f\u00e5r senarel\u00e4gga semestrar. Jag som fortfarande inte tagit p\u00e5 mig strumporna tackar hur som helst och tar emot ett infl\u00f6de av v\u00e4rme med ett positivt sinne, rentutav smilandes. Kanske borde man ta in citrontr\u00e4det... eller\u2026","rel":"","context":"In &quot;Betraktelser &amp; Ber\u00e4ttelse&quot;","block_context":{"text":"Betraktelser &amp; Ber\u00e4ttelse","link":"https:\/\/www.akehedman.se\/wordpress\/?cat=24"},"img":{"alt_text":"Screenshot from 2016-09-05 20:39:19","src":"https:\/\/i0.wp.com\/www.akehedman.se\/wordpress\/wp-content\/uploads\/2016\/09\/Screenshot-from-2016-09-05-203919-1024x643.png?resize=350%2C200","width":350,"height":200,"srcset":"https:\/\/i0.wp.com\/www.akehedman.se\/wordpress\/wp-content\/uploads\/2016\/09\/Screenshot-from-2016-09-05-203919-1024x643.png?resize=350%2C200 1x, https:\/\/i0.wp.com\/www.akehedman.se\/wordpress\/wp-content\/uploads\/2016\/09\/Screenshot-from-2016-09-05-203919-1024x643.png?resize=525%2C300 1.5x"},"classes":[]},{"id":12670,"url":"https:\/\/www.akehedman.se\/wordpress\/?p=12670","url_meta":{"origin":34925,"position":3},"title":"Innovation day i Hudiksvall och Marshall r\u00f6j i sikte","author":"\u00c5ke Hedman","date":"2014-04-01","format":false,"excerpt":"Har deltagit p\u00e5\u00a0Innovation day i Hudiksvall ordnat av Fiberoptic Valley hela dagen idag. Tv\u00e5 representanter fr\u00e5n Ljusdal av hundratrettio \u00e4r vi. Innovation intresserar tydligen inte h\u00e4r eller ocks\u00e5 har alla s\u00e5 fullt upp med allt \u00e4nd\u00e5. Vi borde ha varit fler. \u00c5tminstone borde N\u00e4rljus ha funnits med. Men skit samma,\u2026","rel":"","context":"In &quot;F\u00f6retagande&quot;","block_context":{"text":"F\u00f6retagande","link":"https:\/\/www.akehedman.se\/wordpress\/?cat=28"},"img":{"alt_text":"marshall","src":"https:\/\/i0.wp.com\/www.eurosource.se\/akhe\/wordpress\/wp-content\/uploads\/2014\/04\/marshall.jpg?resize=350%2C200","width":350,"height":200},"classes":[]},{"id":25097,"url":"https:\/\/www.akehedman.se\/wordpress\/?p=25097","url_meta":{"origin":34925,"position":4},"title":"Hinsides eller utsides","author":"\u00c5ke Hedman","date":"2017-08-20","format":false,"excerpt":"En l\u00f6rdag som regnar bort. Det g\u00f6r inget. Det finns en soffa, en bok och det finns godis och en kudde. Ja och jag sover. Har varit tr\u00f6tt hela veckan. Helgen \u00e4r inget undantag. Toppar allt det d\u00e4r med n\u00e5gra filmer tills det \u00e4r sovdags. Trodde man blev piggare av\u2026","rel":"","context":"In &quot;Betraktelser &amp; Ber\u00e4ttelse&quot;","block_context":{"text":"Betraktelser &amp; Ber\u00e4ttelse","link":"https:\/\/www.akehedman.se\/wordpress\/?cat=24"},"img":{"alt_text":"","src":"https:\/\/i0.wp.com\/www.akehedman.se\/wordpress\/wp-content\/uploads\/2017\/06\/1200-5-1024x683.jpg?resize=350%2C200","width":350,"height":200,"srcset":"https:\/\/i0.wp.com\/www.akehedman.se\/wordpress\/wp-content\/uploads\/2017\/06\/1200-5-1024x683.jpg?resize=350%2C200 1x, https:\/\/i0.wp.com\/www.akehedman.se\/wordpress\/wp-content\/uploads\/2017\/06\/1200-5-1024x683.jpg?resize=525%2C300 1.5x"},"classes":[]},{"id":36879,"url":"https:\/\/www.akehedman.se\/wordpress\/?p=36879","url_meta":{"origin":34925,"position":5},"title":"Vindarna","author":"\u00c5ke Hedman","date":"2020-11-19","format":false,"excerpt":"Vindarna drar fortfarande fram \u00f6ver kullen h\u00e4r och saftar i riktigt ordentligt ibland som synes ovan. Hade man en trekantig hatt fick man allts\u00e5 h\u00e5lla i den. H\u00e5rt stundvis. L\u00e5gtryck. 999 hPa justerat. -3 grader. 92% luftfuktighet. Nordv\u00e4stliga vindar. Ja osv. Som barn fl\u00f6g vi med drakar p\u00e5 v\u00e5ren efter\u2026","rel":"","context":"In &quot;Betraktelser &amp; Ber\u00e4ttelse&quot;","block_context":{"text":"Betraktelser &amp; Ber\u00e4ttelse","link":"https:\/\/www.akehedman.se\/wordpress\/?cat=24"},"img":{"alt_text":"","src":"https:\/\/i0.wp.com\/www.akehedman.se\/wordpress\/wp-content\/uploads\/2020\/11\/IMG_20201118_232650-scaled.jpg?resize=350%2C200&ssl=1","width":350,"height":200,"srcset":"https:\/\/i0.wp.com\/www.akehedman.se\/wordpress\/wp-content\/uploads\/2020\/11\/IMG_20201118_232650-scaled.jpg?resize=350%2C200&ssl=1 1x, https:\/\/i0.wp.com\/www.akehedman.se\/wordpress\/wp-content\/uploads\/2020\/11\/IMG_20201118_232650-scaled.jpg?resize=525%2C300&ssl=1 1.5x, https:\/\/i0.wp.com\/www.akehedman.se\/wordpress\/wp-content\/uploads\/2020\/11\/IMG_20201118_232650-scaled.jpg?resize=700%2C400&ssl=1 2x, https:\/\/i0.wp.com\/www.akehedman.se\/wordpress\/wp-content\/uploads\/2020\/11\/IMG_20201118_232650-scaled.jpg?resize=1050%2C600&ssl=1 3x, https:\/\/i0.wp.com\/www.akehedman.se\/wordpress\/wp-content\/uploads\/2020\/11\/IMG_20201118_232650-scaled.jpg?resize=1400%2C800&ssl=1 4x"},"classes":[]}],"jetpack_shortlink":"https:\/\/wp.me\/p68PL2-95j","_links":{"self":[{"href":"https:\/\/www.akehedman.se\/wordpress\/index.php?rest_route=\/wp\/v2\/posts\/34925","targetHints":{"allow":["GET"]}}],"collection":[{"href":"https:\/\/www.akehedman.se\/wordpress\/index.php?rest_route=\/wp\/v2\/posts"}],"about":[{"href":"https:\/\/www.akehedman.se\/wordpress\/index.php?rest_route=\/wp\/v2\/types\/post"}],"author":[{"embeddable":true,"href":"https:\/\/www.akehedman.se\/wordpress\/index.php?rest_route=\/wp\/v2\/users\/24"}],"replies":[{"embeddable":true,"href":"https:\/\/www.akehedman.se\/wordpress\/index.php?rest_route=%2Fwp%2Fv2%2Fcomments&post=34925"}],"version-history":[{"count":1,"href":"https:\/\/www.akehedman.se\/wordpress\/index.php?rest_route=\/wp\/v2\/posts\/34925\/revisions"}],"predecessor-version":[{"id":34926,"href":"https:\/\/www.akehedman.se\/wordpress\/index.php?rest_route=\/wp\/v2\/posts\/34925\/revisions\/34926"}],"wp:attachment":[{"href":"https:\/\/www.akehedman.se\/wordpress\/index.php?rest_route=%2Fwp%2Fv2%2Fmedia&parent=34925"}],"wp:term":[{"taxonomy":"category","embeddable":true,"href":"https:\/\/www.akehedman.se\/wordpress\/index.php?rest_route=%2Fwp%2Fv2%2Fcategories&post=34925"},{"taxonomy":"post_tag","embeddable":true,"href":"https:\/\/www.akehedman.se\/wordpress\/index.php?rest_route=%2Fwp%2Fv2%2Ftags&post=34925"}],"curies":[{"name":"wp","href":"https:\/\/api.w.org\/{rel}","templated":true}]}}