{"id":34913,"date":"2020-04-15T12:05:33","date_gmt":"2020-04-15T11:05:33","guid":{"rendered":"https:\/\/www.akehedman.se\/wordpress\/?p=34913"},"modified":"2020-04-15T12:10:45","modified_gmt":"2020-04-15T11:10:45","slug":"ur-led-ar-tiden-2","status":"publish","type":"post","link":"https:\/\/www.akehedman.se\/wordpress\/?p=34913","title":{"rendered":"Ur led \u00e4r tiden"},"content":{"rendered":"\n<p class=\"wp-block-paragraph\">Elisabeth Svantesson, ekonomisk-politisk talesperson f\u00f6r Moderaterna:<\/p>\n\n\n\n<p class=\"wp-block-paragraph\">\u2013 Ska vi h\u00e5lla kvalitet i v\u00e4lf\u00e4rden s\u00e5 beh\u00f6vs det resurser. N\u00e4r man l\u00e4gger in 20 miljarder \u00e4r det f\u00f6r att f\u00e5 t\u00e4ckning f\u00f6r skatteint\u00e4kterna. Det finns andra inkomstbortfall i regionerna. Ta kollektivtrafiken som kostar 1 miljard i m\u00e5naden enligt SKR (Sveriges Kommuner och Regioner). Det k<strong>om<em>mer att beh\u00f6vas mer medel till v\u00e4lf\u00e4rden<\/em><\/strong><em>. B\u00e5de till det generella, men ocks\u00e5 riktat till det som \u00e4r coronarelaterat.<\/em><\/p>\n","protected":false},"excerpt":{"rendered":"<p>Elisabeth Svantesson, ekonomisk-politisk talesperson f\u00f6r Moderaterna: \u2013 Ska vi h\u00e5lla kvalitet i v\u00e4lf\u00e4rden s\u00e5 beh\u00f6vs det resurser. N\u00e4r man l\u00e4gger in 20 miljarder \u00e4r det f\u00f6r att f\u00e5 t\u00e4ckning f\u00f6r skatteint\u00e4kterna. Det finns andra inkomstbortfall i regionerna. Ta kollektivtrafiken som kostar 1 miljard i m\u00e5naden enligt SKR (Sveriges Kommuner och Regioner). Det kommer att beh\u00f6vas [&hellip;]<\/p>\n","protected":false},"author":24,"featured_media":0,"comment_status":"open","ping_status":"open","sticky":false,"template":"","format":"standard","meta":{"_crdt_document":"","jetpack_post_was_ever_published":false,"_jetpack_newsletter_access":"","_jetpack_dont_email_post_to_subs":false,"_jetpack_newsletter_tier_id":0,"_jetpack_memberships_contains_paywalled_content":false,"_jetpack_memberships_contains_paid_content":false,"footnotes":"","jetpack_publicize_message":"","jetpack_publicize_feature_enabled":true,"jetpack_social_post_already_shared":false,"jetpack_social_options":{"image_generator_settings":{"template":"highway","default_image_id":0,"font":"","enabled":false},"version":2}},"categories":[2],"tags":[],"class_list":["post-34913","post","type-post","status-publish","format-standard","hentry","category-swedish"],"jetpack_publicize_connections":[],"jetpack_featured_media_url":"","jetpack_sharing_enabled":true,"jetpack_likes_enabled":true,"jetpack-related-posts":[{"id":9167,"url":"https:\/\/www.akehedman.se\/wordpress\/?p=9167","url_meta":{"origin":34913,"position":0},"title":"Nokias magplask","author":"\u00c5ke Hedman","date":"2013-09-03","format":false,"excerpt":"Nokias magplask. Billigt s\u00e4ger Tero Kuittinen, och nog fasiken \u00e4r det det. Trettiotre miljarder skall j\u00e4mf\u00f6ras med de nitton miljarder Zennstr\u00f6m s\u00e5lde Skype f\u00f6r till Ebay eller det Microsoft betalade, 53 miljarder kronor. En l\u00f6jligt l\u00e5g k\u00f6peskilling med andra ord (p\u00e5 toppen var Nokia v\u00e4rt cirka 50 g\u00e5nger mer) men\u2026","rel":"","context":"In &quot;F\u00f6retagande&quot;","block_context":{"text":"F\u00f6retagande","link":"https:\/\/www.akehedman.se\/wordpress\/?cat=28"},"img":{"alt_text":"4282032569","src":"https:\/\/i0.wp.com\/www.eurosource.se\/akhe\/wordpress\/wp-content\/uploads\/2013\/09\/4282032569.jpg?resize=350%2C200","width":350,"height":200},"classes":[]},{"id":3020,"url":"https:\/\/www.akehedman.se\/wordpress\/?p=3020","url_meta":{"origin":34913,"position":1},"title":"V\u00e5r galax vintergatan","author":"\u00c5ke Hedman","date":"2013-02-07","format":false,"excerpt":"Enligt forskarna finns cirka 75 miljarder r\u00f6da dv\u00e4rgar i v\u00e5r galax. Sex procent av dem tros ha en jordlik planet kretsande runt sig - och den n\u00e4rmaste av dem finns s\u00e5 n\u00e4ra som 13 ljus\u00e5r h\u00e4rifr\u00e5n. Det tar 200-250 miljoner \u00e5r f\u00f6r v\u00e5rt solsystem att rotera kring galaxens centrum. Ett\u2026","rel":"","context":"In &quot;Betraktelser &amp; Ber\u00e4ttelse&quot;","block_context":{"text":"Betraktelser &amp; Ber\u00e4ttelse","link":"https:\/\/www.akehedman.se\/wordpress\/?cat=24"},"img":{"alt_text":"vintergatan","src":"https:\/\/i0.wp.com\/www.eurosource.se\/akhe\/wordpress\/wp-content\/uploads\/2013\/02\/vintergatan.gif?resize=350%2C200","width":350,"height":200},"classes":[]},{"id":9290,"url":"https:\/\/www.akehedman.se\/wordpress\/?p=9290","url_meta":{"origin":34913,"position":2},"title":"Ig\u00e5r den f\u00f6rsta h\u00f6sthimlen.","author":"\u00c5ke Hedman","date":"2013-09-05","format":false,"excerpt":"Jag har varit m\u00e4rkligt tr\u00f6tt och oinspirerad hela veckan s\u00e5 det har blivit tidigt s\u00e4ngg\u00e5ende n\u00e4stan varje kv\u00e4ll. Innan s\u00e4ngen s\u00e5 brukar jag vandra runt lite i huset. Tittar p\u00e5 utetemperatur (lite tv\u00e5ngstanke d\u00e4r s\u00e5d\u00e4r) och brukar allt som oftast fastna en stund i f\u00f6nstret mot Ryssland, eller kanske \u00e4r\u2026","rel":"","context":"In &quot;Betraktelser &amp; Ber\u00e4ttelse&quot;","block_context":{"text":"Betraktelser &amp; Ber\u00e4ttelse","link":"https:\/\/www.akehedman.se\/wordpress\/?cat=24"},"img":{"alt_text":"384603main_ero_omega_centauri_4x3_1024-768","src":"https:\/\/i0.wp.com\/www.akehedman.se\/wordpress\/wp-content\/uploads\/2013\/09\/384603main_ero_omega_centauri_4x3_1024-768.jpg?resize=350%2C200","width":350,"height":200,"srcset":"https:\/\/i0.wp.com\/www.akehedman.se\/wordpress\/wp-content\/uploads\/2013\/09\/384603main_ero_omega_centauri_4x3_1024-768.jpg?resize=350%2C200 1x, https:\/\/i0.wp.com\/www.akehedman.se\/wordpress\/wp-content\/uploads\/2013\/09\/384603main_ero_omega_centauri_4x3_1024-768.jpg?resize=525%2C300 1.5x"},"classes":[]},{"id":42557,"url":"https:\/\/www.akehedman.se\/wordpress\/?p=42557","url_meta":{"origin":34913,"position":3},"title":"En gl\u00f6md refr\u00e4ng \u00e4r ocks\u00e5 en (bra) refr\u00e4ng","author":"\u00c5ke Hedman","date":"2022-08-19","format":false,"excerpt":"Foto: Karin Hedman Ligger vaken d\u00e4r vid kvart \u00f6ver fem nu p\u00e5 morgonen. Kommer p\u00e5 en l\u00e5ttext. Ja till slut ocks\u00e5 en r\u00e4tt bra refr\u00e4ng. Jo det kunde ju blivit n\u00e5got. Eller inte. N\u00e4r jag somnar om och vaknar vid halv \u00e5tta (sover \u00f6ver) s\u00e5 finns inte ett sp\u00e5r av\u2026","rel":"","context":"In &quot;Swedish&quot;","block_context":{"text":"Swedish","link":"https:\/\/www.akehedman.se\/wordpress\/?cat=2"},"img":{"alt_text":"","src":"https:\/\/i0.wp.com\/www.akehedman.se\/wordpress\/wp-content\/uploads\/2022\/08\/IMG_20220815_204508-scaled.jpg?resize=350%2C200&ssl=1","width":350,"height":200,"srcset":"https:\/\/i0.wp.com\/www.akehedman.se\/wordpress\/wp-content\/uploads\/2022\/08\/IMG_20220815_204508-scaled.jpg?resize=350%2C200&ssl=1 1x, https:\/\/i0.wp.com\/www.akehedman.se\/wordpress\/wp-content\/uploads\/2022\/08\/IMG_20220815_204508-scaled.jpg?resize=525%2C300&ssl=1 1.5x, https:\/\/i0.wp.com\/www.akehedman.se\/wordpress\/wp-content\/uploads\/2022\/08\/IMG_20220815_204508-scaled.jpg?resize=700%2C400&ssl=1 2x, https:\/\/i0.wp.com\/www.akehedman.se\/wordpress\/wp-content\/uploads\/2022\/08\/IMG_20220815_204508-scaled.jpg?resize=1050%2C600&ssl=1 3x, https:\/\/i0.wp.com\/www.akehedman.se\/wordpress\/wp-content\/uploads\/2022\/08\/IMG_20220815_204508-scaled.jpg?resize=1400%2C800&ssl=1 4x"},"classes":[]},{"id":36457,"url":"https:\/\/www.akehedman.se\/wordpress\/?p=36457","url_meta":{"origin":34913,"position":4},"title":"Gl\u00e4djen","author":"\u00c5ke Hedman","date":"2020-10-15","format":false,"excerpt":"Djup koncentration hela dan ig\u00e5r. Flyktigare idag. N\u00e4ra noll. Dimma. S\u00f6kande. Men det \u00e4r som det \u00e4r. Blir som alltid lite irriterad. Vill s\u00e5 mycket. Men samtidigt van. Ja och \u00e4gandes den stora f\u00f6rm\u00e5nen att det egentligen inte g\u00f6r ett dugg, eftersom mitt liv, nu, \u00e5tminstone just nu, \u00e4r p\u00e5\u2026","rel":"","context":"In &quot;Betraktelser &amp; Ber\u00e4ttelse&quot;","block_context":{"text":"Betraktelser &amp; Ber\u00e4ttelse","link":"https:\/\/www.akehedman.se\/wordpress\/?cat=24"},"img":{"alt_text":"","src":"https:\/\/i0.wp.com\/www.akehedman.se\/wordpress\/wp-content\/uploads\/2020\/10\/IMG_20201001_083556-scaled.jpg?resize=350%2C200&ssl=1","width":350,"height":200,"srcset":"https:\/\/i0.wp.com\/www.akehedman.se\/wordpress\/wp-content\/uploads\/2020\/10\/IMG_20201001_083556-scaled.jpg?resize=350%2C200&ssl=1 1x, https:\/\/i0.wp.com\/www.akehedman.se\/wordpress\/wp-content\/uploads\/2020\/10\/IMG_20201001_083556-scaled.jpg?resize=525%2C300&ssl=1 1.5x, https:\/\/i0.wp.com\/www.akehedman.se\/wordpress\/wp-content\/uploads\/2020\/10\/IMG_20201001_083556-scaled.jpg?resize=700%2C400&ssl=1 2x, https:\/\/i0.wp.com\/www.akehedman.se\/wordpress\/wp-content\/uploads\/2020\/10\/IMG_20201001_083556-scaled.jpg?resize=1050%2C600&ssl=1 3x, https:\/\/i0.wp.com\/www.akehedman.se\/wordpress\/wp-content\/uploads\/2020\/10\/IMG_20201001_083556-scaled.jpg?resize=1400%2C800&ssl=1 4x"},"classes":[]},{"id":19054,"url":"https:\/\/www.akehedman.se\/wordpress\/?p=19054","url_meta":{"origin":34913,"position":5},"title":"Bubblor","author":"\u00c5ke Hedman","date":"2015-11-18","format":false,"excerpt":"Koncentration. En dag. Ibland h\u00e5ller man fast i den. Kommer ut ur det s\u00e5h\u00e4r vid elvatiden. Inser att man gick in i det d\u00e4r vid halv \u00e5tta i morse. Att v\u00e4rlden inte har existerat sedan dess. Bara n\u00e5gra kodrader och ett kort med en processor som ingen av dem knappast\u2026","rel":"","context":"In &quot;Betraktelser &amp; Ber\u00e4ttelse&quot;","block_context":{"text":"Betraktelser &amp; Ber\u00e4ttelse","link":"https:\/\/www.akehedman.se\/wordpress\/?cat=24"},"img":{"alt_text":"spbubblor-004_157605641","src":"https:\/\/i0.wp.com\/www.akehedman.se\/wordpress\/wp-content\/uploads\/2015\/11\/spbubblor-004_157605641.jpg?resize=350%2C200","width":350,"height":200,"srcset":"https:\/\/i0.wp.com\/www.akehedman.se\/wordpress\/wp-content\/uploads\/2015\/11\/spbubblor-004_157605641.jpg?resize=350%2C200 1x, https:\/\/i0.wp.com\/www.akehedman.se\/wordpress\/wp-content\/uploads\/2015\/11\/spbubblor-004_157605641.jpg?resize=525%2C300 1.5x"},"classes":[]}],"jetpack_shortlink":"https:\/\/wp.me\/p68PL2-957","_links":{"self":[{"href":"https:\/\/www.akehedman.se\/wordpress\/index.php?rest_route=\/wp\/v2\/posts\/34913","targetHints":{"allow":["GET"]}}],"collection":[{"href":"https:\/\/www.akehedman.se\/wordpress\/index.php?rest_route=\/wp\/v2\/posts"}],"about":[{"href":"https:\/\/www.akehedman.se\/wordpress\/index.php?rest_route=\/wp\/v2\/types\/post"}],"author":[{"embeddable":true,"href":"https:\/\/www.akehedman.se\/wordpress\/index.php?rest_route=\/wp\/v2\/users\/24"}],"replies":[{"embeddable":true,"href":"https:\/\/www.akehedman.se\/wordpress\/index.php?rest_route=%2Fwp%2Fv2%2Fcomments&post=34913"}],"version-history":[{"count":2,"href":"https:\/\/www.akehedman.se\/wordpress\/index.php?rest_route=\/wp\/v2\/posts\/34913\/revisions"}],"predecessor-version":[{"id":34915,"href":"https:\/\/www.akehedman.se\/wordpress\/index.php?rest_route=\/wp\/v2\/posts\/34913\/revisions\/34915"}],"wp:attachment":[{"href":"https:\/\/www.akehedman.se\/wordpress\/index.php?rest_route=%2Fwp%2Fv2%2Fmedia&parent=34913"}],"wp:term":[{"taxonomy":"category","embeddable":true,"href":"https:\/\/www.akehedman.se\/wordpress\/index.php?rest_route=%2Fwp%2Fv2%2Fcategories&post=34913"},{"taxonomy":"post_tag","embeddable":true,"href":"https:\/\/www.akehedman.se\/wordpress\/index.php?rest_route=%2Fwp%2Fv2%2Ftags&post=34913"}],"curies":[{"name":"wp","href":"https:\/\/api.w.org\/{rel}","templated":true}]}}