{"id":34910,"date":"2020-04-14T20:33:42","date_gmt":"2020-04-14T19:33:42","guid":{"rendered":"https:\/\/www.akehedman.se\/wordpress\/?p=34910"},"modified":"2020-04-14T20:33:42","modified_gmt":"2020-04-14T19:33:42","slug":"i-pestens-tid-sjunger-koltrastarna-for-cornelis-och-anna-lindh-aftonbladet","status":"publish","type":"post","link":"https:\/\/www.akehedman.se\/wordpress\/?p=34910","title":{"rendered":"I pestens tid sjunger koltrastarna f\u00f6r Cornelis och Anna Lindh | Aftonbladet"},"content":{"rendered":"<blockquote><p><a href=\"https:\/\/www.aftonbladet.se\/nyheter\/kolumnister\/a\/wPGp1n\/i-pestens-tid-sjunger-koltrastarna-for-cornelis-och-anna-lindh\"><img decoding=\"async\" class=\"alignnone size-full\" src=\"https:\/\/imgs.aftonbladet-cdn.se\/v2\/images\/e8c2a690-86b8-448e-9f1d-9ffa361285e2?fit=crop&amp;h=733&amp;q=50&amp;w=1100&amp;s=1e6be92787afce3c4369c84969d0df591265d2fd\" alt=\"\" \/><\/a>Men det \u00e4r v\u00e4l bara Tomas Transtr\u00f6mer, Anna Lindh och Cornelis Vreeswijks som har vett att lyssna.<\/p><\/blockquote>\n<p>Source: <em><a href=\"https:\/\/www.aftonbladet.se\/nyheter\/kolumnister\/a\/wPGp1n\/i-pestens-tid-sjunger-koltrastarna-for-cornelis-och-anna-lindh\">I pestens tid sjunger koltrastarna f\u00f6r Cornelis och Anna Lindh | Aftonbladet<\/a><\/em><\/p>\n","protected":false},"excerpt":{"rendered":"<p>Men det \u00e4r v\u00e4l bara Tomas Transtr\u00f6mer, Anna Lindh och Cornelis Vreeswijks som har vett att lyssna. Source: I pestens tid sjunger koltrastarna f\u00f6r Cornelis och Anna Lindh | Aftonbladet<\/p>\n","protected":false},"author":24,"featured_media":0,"comment_status":"open","ping_status":"open","sticky":false,"template":"","format":"standard","meta":{"_crdt_document":"","jetpack_post_was_ever_published":false,"_jetpack_newsletter_access":"","_jetpack_dont_email_post_to_subs":false,"_jetpack_newsletter_tier_id":0,"_jetpack_memberships_contains_paywalled_content":false,"_jetpack_memberships_contains_paid_content":false,"footnotes":"","jetpack_publicize_message":"","jetpack_publicize_feature_enabled":true,"jetpack_social_post_already_shared":false,"jetpack_social_options":{"image_generator_settings":{"template":"highway","default_image_id":0,"font":"","enabled":false},"version":2}},"categories":[2],"tags":[],"class_list":["post-34910","post","type-post","status-publish","format-standard","hentry","category-swedish"],"jetpack_publicize_connections":[],"jetpack_featured_media_url":"","jetpack_sharing_enabled":true,"jetpack_likes_enabled":true,"jetpack-related-posts":[{"id":2551,"url":"https:\/\/www.akehedman.se\/wordpress\/?p=2551","url_meta":{"origin":34910,"position":0},"title":"Pesten","author":"\u00c5ke Hedman","date":"2013-01-03","format":false,"excerpt":"Man skulle kunna tror att solen inte skulle g\u00e5 upp den h\u00e4r dan. Tre dagar tidigare hade den stora flodv\u00e5gen rullat in och i tre omg\u00e5ngar f\u00f6rst\u00f6rt hela deras livsmilj\u00f6. I dess sp\u00e5r hade eldar h\u00e4rjat. S\u00e5 mots\u00e4gelsefullt. En flodv\u00e5g som f\u00f6der elden. Eld som med brinnande raseri f\u00f6rg\u00f6r det\u2026","rel":"","context":"In &quot;Betraktelser &amp; Ber\u00e4ttelse&quot;","block_context":{"text":"Betraktelser &amp; Ber\u00e4ttelse","link":"https:\/\/www.akehedman.se\/wordpress\/?cat=24"},"img":{"alt_text":"nuremberg_chronicles_danceofdeath","src":"https:\/\/i0.wp.com\/www.akehedman.se\/wordpress\/wp-content\/uploads\/2013\/01\/nuremberg_chronicles_danceofdeath.jpg?resize=350%2C200","width":350,"height":200,"srcset":"https:\/\/i0.wp.com\/www.akehedman.se\/wordpress\/wp-content\/uploads\/2013\/01\/nuremberg_chronicles_danceofdeath.jpg?resize=350%2C200 1x, https:\/\/i0.wp.com\/www.akehedman.se\/wordpress\/wp-content\/uploads\/2013\/01\/nuremberg_chronicles_danceofdeath.jpg?resize=525%2C300 1.5x"},"classes":[]},{"id":24605,"url":"https:\/\/www.akehedman.se\/wordpress\/?p=24605","url_meta":{"origin":34910,"position":1},"title":"Praktiserar som kl\u00e5pare","author":"\u00c5ke Hedman","date":"2017-06-09","format":false,"excerpt":"Av n\u00e5gon anledning \u00e4r det en herrans massa fredagar nu f\u00f6r tiden. Vet ej vad det beror p\u00e5. Veckorna g\u00e5r liksom poff-snabbt\u00a0 sen \u00e4r det fredag som i sin tur f\u00f6ljs av en poffsnabb helg. \u00c4r det s\u00e5 h\u00e4r livet skall vara fram\u00f6ver s\u00e5 kommer man inte hinna med mycket\u2026","rel":"","context":"In &quot;Betraktelser &amp; Ber\u00e4ttelse&quot;","block_context":{"text":"Betraktelser &amp; Ber\u00e4ttelse","link":"https:\/\/www.akehedman.se\/wordpress\/?cat=24"},"img":{"alt_text":"","src":"https:\/\/i0.wp.com\/www.akehedman.se\/wordpress\/wp-content\/uploads\/2016\/09\/Skryf-1024x681.jpg?resize=350%2C200","width":350,"height":200,"srcset":"https:\/\/i0.wp.com\/www.akehedman.se\/wordpress\/wp-content\/uploads\/2016\/09\/Skryf-1024x681.jpg?resize=350%2C200 1x, https:\/\/i0.wp.com\/www.akehedman.se\/wordpress\/wp-content\/uploads\/2016\/09\/Skryf-1024x681.jpg?resize=525%2C300 1.5x"},"classes":[]},{"id":12514,"url":"https:\/\/www.akehedman.se\/wordpress\/?p=12514","url_meta":{"origin":34910,"position":2},"title":"Alla men inte f\u00e5glarna.","author":"\u00c5ke Hedman","date":"2014-03-17","format":false,"excerpt":"Sn\u00f6n s\u00e4nker alla. I alla fall om man tittar p\u00e5 facebook och l\u00e4ser mail och lyssnar p\u00e5 telefon eller tjuvlyssnar i aff\u00e4ren. Det \u00e4r deppigt i Sverige helt enkelt. V\u00e5ren som enligt Aftonbladet (ja n\u00e4stan sommaren) hade kommit och allt. F\u00e5glar som en g\u00e5ng varit dinosaurier sjunger lika glatt som\u2026","rel":"","context":"In &quot;Betraktelser &amp; Ber\u00e4ttelse&quot;","block_context":{"text":"Betraktelser &amp; Ber\u00e4ttelse","link":"https:\/\/www.akehedman.se\/wordpress\/?cat=24"},"img":{"alt_text":"001","src":"https:\/\/i0.wp.com\/www.eurosource.se\/akhe\/wordpress\/wp-content\/uploads\/2014\/03\/0011-768x1024.jpg?resize=350%2C200","width":350,"height":200,"srcset":"https:\/\/i0.wp.com\/www.eurosource.se\/akhe\/wordpress\/wp-content\/uploads\/2014\/03\/0011-768x1024.jpg?resize=350%2C200 1x, https:\/\/i0.wp.com\/www.eurosource.se\/akhe\/wordpress\/wp-content\/uploads\/2014\/03\/0011-768x1024.jpg?resize=525%2C300 1.5x"},"classes":[]},{"id":46747,"url":"https:\/\/www.akehedman.se\/wordpress\/?p=46747","url_meta":{"origin":34910,"position":3},"title":"Min Kulle","author":"\u00c5ke Hedman","date":"2023-12-21","format":false,"excerpt":"En helt vanlig kulle i Los i H\u00e4lsingland. Jag kallar den min kulle. F\u00f6r att v\u00e5rt hus st\u00e5r h\u00e4r och har st\u00e5tt h\u00e4r i drygt hundra \u00e5r. Men min kulle \u00e4r det s\u00e5klart inte. H\u00e4r har bott andra f\u00f6re mig och h\u00e4r kommer det att bo andra efter mig. Man\u2026","rel":"","context":"In &quot;Noveller&quot;","block_context":{"text":"Noveller","link":"https:\/\/www.akehedman.se\/wordpress\/?cat=57"},"img":{"alt_text":"","src":"https:\/\/i0.wp.com\/www.akehedman.se\/wordpress\/wp-content\/uploads\/2023\/12\/Min_kulle.jpg?resize=350%2C200&ssl=1","width":350,"height":200,"srcset":"https:\/\/i0.wp.com\/www.akehedman.se\/wordpress\/wp-content\/uploads\/2023\/12\/Min_kulle.jpg?resize=350%2C200&ssl=1 1x, https:\/\/i0.wp.com\/www.akehedman.se\/wordpress\/wp-content\/uploads\/2023\/12\/Min_kulle.jpg?resize=525%2C300&ssl=1 1.5x, https:\/\/i0.wp.com\/www.akehedman.se\/wordpress\/wp-content\/uploads\/2023\/12\/Min_kulle.jpg?resize=700%2C400&ssl=1 2x"},"classes":[]},{"id":46750,"url":"https:\/\/www.akehedman.se\/wordpress\/?p=46750","url_meta":{"origin":34910,"position":4},"title":"H\u00e4lsingetoppen","author":"\u00c5ke Hedman","date":"2023-12-22","format":false,"excerpt":"H\u00e4lsingetoppen. En GOD JUL H\u00e4lsingetopp. Visst \u00e4r det toppen. Musikjuligare \u00e4n s\u00e5 kan det inte bli. Jo kanske. Men inte h\u00e4rifr\u00e5n. Njut av en ny lista med mycket extra krut i. Spellistan finns som vanligt h\u00e4r. Spelas l\u00e4mpligen upp scramled\/slumpvis f\u00f6r att f\u00e5 den b\u00e4sta upplevelsen. Nya hj\u00e4ltar denna vecka\u2026","rel":"","context":"In &quot;Musik&quot;","block_context":{"text":"Musik","link":"https:\/\/www.akehedman.se\/wordpress\/?cat=9"},"img":{"alt_text":"","src":"","width":0,"height":0},"classes":[]},{"id":28502,"url":"https:\/\/www.akehedman.se\/wordpress\/?p=28502","url_meta":{"origin":34910,"position":5},"title":"Ulf Lundell: Jag har inga v\u00e4nner | Aftonbladet","author":"\u00c5ke Hedman","date":"2018-05-19","format":false,"excerpt":"Om man skriver musik, skriver b\u00f6cker och m\u00e5lar med passion s\u00e5 g\u00e5r det kanske inte att underh\u00e5lla v\u00e4nner och v\u00e4nskap ocks\u00e5. Liksom. Tid. Bristvara. Source: Ulf Lundell: Jag har inga v\u00e4nner | Aftonbladet","rel":"","context":"In &quot;Swedish&quot;","block_context":{"text":"Swedish","link":"https:\/\/www.akehedman.se\/wordpress\/?cat=2"},"img":{"alt_text":"","src":"","width":0,"height":0},"classes":[]}],"jetpack_shortlink":"https:\/\/wp.me\/p68PL2-954","_links":{"self":[{"href":"https:\/\/www.akehedman.se\/wordpress\/index.php?rest_route=\/wp\/v2\/posts\/34910","targetHints":{"allow":["GET"]}}],"collection":[{"href":"https:\/\/www.akehedman.se\/wordpress\/index.php?rest_route=\/wp\/v2\/posts"}],"about":[{"href":"https:\/\/www.akehedman.se\/wordpress\/index.php?rest_route=\/wp\/v2\/types\/post"}],"author":[{"embeddable":true,"href":"https:\/\/www.akehedman.se\/wordpress\/index.php?rest_route=\/wp\/v2\/users\/24"}],"replies":[{"embeddable":true,"href":"https:\/\/www.akehedman.se\/wordpress\/index.php?rest_route=%2Fwp%2Fv2%2Fcomments&post=34910"}],"version-history":[{"count":1,"href":"https:\/\/www.akehedman.se\/wordpress\/index.php?rest_route=\/wp\/v2\/posts\/34910\/revisions"}],"predecessor-version":[{"id":34911,"href":"https:\/\/www.akehedman.se\/wordpress\/index.php?rest_route=\/wp\/v2\/posts\/34910\/revisions\/34911"}],"wp:attachment":[{"href":"https:\/\/www.akehedman.se\/wordpress\/index.php?rest_route=%2Fwp%2Fv2%2Fmedia&parent=34910"}],"wp:term":[{"taxonomy":"category","embeddable":true,"href":"https:\/\/www.akehedman.se\/wordpress\/index.php?rest_route=%2Fwp%2Fv2%2Fcategories&post=34910"},{"taxonomy":"post_tag","embeddable":true,"href":"https:\/\/www.akehedman.se\/wordpress\/index.php?rest_route=%2Fwp%2Fv2%2Ftags&post=34910"}],"curies":[{"name":"wp","href":"https:\/\/api.w.org\/{rel}","templated":true}]}}