{"id":34898,"date":"2020-04-13T16:42:32","date_gmt":"2020-04-13T15:42:32","guid":{"rendered":"https:\/\/www.akehedman.se\/wordpress\/?p=34898"},"modified":"2020-04-13T16:42:32","modified_gmt":"2020-04-13T15:42:32","slug":"svenskarna-stannar-hemma-under-pasklovet-telia","status":"publish","type":"post","link":"https:\/\/www.akehedman.se\/wordpress\/?p=34898","title":{"rendered":"Svenskarna stannar hemma under p\u00e5sklovet &#8211; Telia"},"content":{"rendered":"<p><a href=\"http:\/\/press.telia.se\/pressreleases\/svenskarna-stannar-hemma-under-paasklovet-2990179\"><img data-recalc-dims=\"1\" decoding=\"async\" class=\"alignnone size-full\" src=\"https:\/\/i0.wp.com\/www.akehedman.se\/wordpress\/wp-content\/uploads\/2020\/04\/nvt6dyeuyreit7n4bji2.png?w=580&#038;ssl=1\" alt=\"\" \/><\/a><\/p>\n<p>Source: <em><a href=\"http:\/\/press.telia.se\/pressreleases\/svenskarna-stannar-hemma-under-paasklovet-2990179\">Svenskarna stannar hemma under p\u00e5sklovet &#8211; Telia<\/a><\/em><\/p>\n","protected":false},"excerpt":{"rendered":"<p>Source: Svenskarna stannar hemma under p\u00e5sklovet &#8211; Telia<\/p>\n","protected":false},"author":24,"featured_media":0,"comment_status":"open","ping_status":"open","sticky":false,"template":"","format":"standard","meta":{"_crdt_document":"","jetpack_post_was_ever_published":false,"_jetpack_newsletter_access":"","_jetpack_dont_email_post_to_subs":false,"_jetpack_newsletter_tier_id":0,"_jetpack_memberships_contains_paywalled_content":false,"_jetpack_memberships_contains_paid_content":false,"footnotes":"","jetpack_publicize_message":"","jetpack_publicize_feature_enabled":true,"jetpack_social_post_already_shared":false,"jetpack_social_options":{"image_generator_settings":{"template":"highway","default_image_id":0,"font":"","enabled":false},"version":2}},"categories":[2],"tags":[],"class_list":["post-34898","post","type-post","status-publish","format-standard","hentry","category-swedish"],"jetpack_publicize_connections":[],"jetpack_featured_media_url":"","jetpack_sharing_enabled":true,"jetpack_likes_enabled":true,"jetpack-related-posts":[{"id":36603,"url":"https:\/\/www.akehedman.se\/wordpress\/?p=36603","url_meta":{"origin":34898,"position":0},"title":"Swooosh \u2013 Swish har svischat f\u00f6rbi kontanterna &#8211; Computer Sweden","author":"\u00c5ke Hedman","date":"2020-10-29","format":false,"excerpt":"Under 2020 har kontantanv\u00e4ndningen fortsatt minska och nu betalar betydligt fler svenskar med Swish \u00e4n med kontanter. Det framg\u00e5r av Riksbankens \u00e5rliga rapport om svenskarnas betalvanor. Source: Swooosh \u2013 Swish har svischat f\u00f6rbi kontanterna - Computer Sweden","rel":"","context":"In &quot;Swedish&quot;","block_context":{"text":"Swedish","link":"https:\/\/www.akehedman.se\/wordpress\/?cat=2"},"img":{"alt_text":"","src":"","width":0,"height":0},"classes":[]},{"id":48133,"url":"https:\/\/www.akehedman.se\/wordpress\/?p=48133","url_meta":{"origin":34898,"position":1},"title":"Rapport avsl\u00f6jar: Danskarna och norrm\u00e4nnens f\u00f6rm\u00f6genhet betydligt h\u00f6gre \u00e4n svenskarnas","author":"\u00c5ke Hedman","date":"2024-07-29","format":false,"excerpt":"Men faktum \u00e4r att Sverige har fler dollarmiljon\u00e4rer enligt rapporten; 575 426 personer, vilket ocks\u00e5 v\u00e4ntas v\u00e4xa med 22 procent till 703 216 personer \u00e5r 2028. Source: Rapport avsl\u00f6jar: Danskarna och norrm\u00e4nnens f\u00f6rm\u00f6genhet betydligt h\u00f6gre \u00e4n svenskarnas","rel":"","context":"In &quot;Swedish&quot;","block_context":{"text":"Swedish","link":"https:\/\/www.akehedman.se\/wordpress\/?cat=2"},"img":{"alt_text":"","src":"","width":0,"height":0},"classes":[]},{"id":20888,"url":"https:\/\/www.akehedman.se\/wordpress\/?p=20888","url_meta":{"origin":34898,"position":2},"title":"Svenskarna har fel om n\u00e4stan allt | Andrev Walden | Kolumnister | Nyheter | Aftonbladet","author":"\u00c5ke Hedman","date":"2016-07-02","format":false,"excerpt":"I mitten av 1500-talet kom potatisen till Europa men det skulle dr\u00f6ja mer \u00e4n 200 \u00e5r innan m\u00e4nniskor faktiskt b\u00f6rjade \u00e4ta den. Mest f\u00f6r att kyrkan ogillade potatisen, som inte var n\u2026 Source: Svenskarna har fel om n\u00e4stan allt | Andrev Walden | Kolumnister | Nyheter | Aftonbladet","rel":"","context":"In &quot;Swedish&quot;","block_context":{"text":"Swedish","link":"https:\/\/www.akehedman.se\/wordpress\/?cat=2"},"img":{"alt_text":"","src":"","width":0,"height":0},"classes":[]},{"id":20920,"url":"https:\/\/www.akehedman.se\/wordpress\/?p=20920","url_meta":{"origin":34898,"position":3},"title":"Svenskarna har fel om n\u00e4stan allt | Andrev Walden | Kolumnister | Nyheter | Aftonbladet","author":"\u00c5ke Hedman","date":"2016-07-05","format":false,"excerpt":"I mitten av 1500-talet kom potatisen till Europa men det skulle dr\u00f6ja mer \u00e4n 200 \u00e5r innan m\u00e4nniskor faktiskt b\u00f6rjade \u00e4ta den. Mest f\u00f6r att kyrkan ogillade potatisen, som inte var n\u2026 Source: Svenskarna har fel om n\u00e4stan allt | Andrev Walden | Kolumnister | Nyheter | Aftonbladet","rel":"","context":"In &quot;Swedish&quot;","block_context":{"text":"Swedish","link":"https:\/\/www.akehedman.se\/wordpress\/?cat=2"},"img":{"alt_text":"","src":"","width":0,"height":0},"classes":[]},{"id":38708,"url":"https:\/\/www.akehedman.se\/wordpress\/?p=38708","url_meta":{"origin":34898,"position":4},"title":"Sj\u00f6lund: Solidaritet har ramlat bort ur de bortsk\u00e4mda svenskarnas ordlista","author":"\u00c5ke Hedman","date":"2021-05-05","format":false,"excerpt":"Hela vaccinationsprogrammet handlar om solidaritet, ett ord som verkar ha fallit bort ur vissa ordlistor. Om jag vaccinerar mig och du ocks\u00e5, d\u00e5 hj\u00e4lper vi till att minska smittspridningen. Som bonus slipper jag \u2013 och du \u2013 drabbas av en fruktansv\u00e4rd, i f\u00f6r m\u00e5nga fall nu, d\u00f6dlig sjukdom. Source: Sj\u00f6lund:\u2026","rel":"","context":"In &quot;Swedish&quot;","block_context":{"text":"Swedish","link":"https:\/\/www.akehedman.se\/wordpress\/?cat=2"},"img":{"alt_text":"","src":"","width":0,"height":0},"classes":[]},{"id":2968,"url":"https:\/\/www.akehedman.se\/wordpress\/?p=2968","url_meta":{"origin":34898,"position":5},"title":"Vart tog svenskarna v\u00e4gen?","author":"\u00c5ke Hedman","date":"2013-02-04","format":false,"excerpt":"Vart tog svenskarna v\u00e4gen?.","rel":"","context":"In &quot;Swedish&quot;","block_context":{"text":"Swedish","link":"https:\/\/www.akehedman.se\/wordpress\/?cat=2"},"img":{"alt_text":"","src":"","width":0,"height":0},"classes":[]}],"jetpack_shortlink":"https:\/\/wp.me\/p68PL2-94S","_links":{"self":[{"href":"https:\/\/www.akehedman.se\/wordpress\/index.php?rest_route=\/wp\/v2\/posts\/34898","targetHints":{"allow":["GET"]}}],"collection":[{"href":"https:\/\/www.akehedman.se\/wordpress\/index.php?rest_route=\/wp\/v2\/posts"}],"about":[{"href":"https:\/\/www.akehedman.se\/wordpress\/index.php?rest_route=\/wp\/v2\/types\/post"}],"author":[{"embeddable":true,"href":"https:\/\/www.akehedman.se\/wordpress\/index.php?rest_route=\/wp\/v2\/users\/24"}],"replies":[{"embeddable":true,"href":"https:\/\/www.akehedman.se\/wordpress\/index.php?rest_route=%2Fwp%2Fv2%2Fcomments&post=34898"}],"version-history":[{"count":1,"href":"https:\/\/www.akehedman.se\/wordpress\/index.php?rest_route=\/wp\/v2\/posts\/34898\/revisions"}],"predecessor-version":[{"id":34900,"href":"https:\/\/www.akehedman.se\/wordpress\/index.php?rest_route=\/wp\/v2\/posts\/34898\/revisions\/34900"}],"wp:attachment":[{"href":"https:\/\/www.akehedman.se\/wordpress\/index.php?rest_route=%2Fwp%2Fv2%2Fmedia&parent=34898"}],"wp:term":[{"taxonomy":"category","embeddable":true,"href":"https:\/\/www.akehedman.se\/wordpress\/index.php?rest_route=%2Fwp%2Fv2%2Fcategories&post=34898"},{"taxonomy":"post_tag","embeddable":true,"href":"https:\/\/www.akehedman.se\/wordpress\/index.php?rest_route=%2Fwp%2Fv2%2Ftags&post=34898"}],"curies":[{"name":"wp","href":"https:\/\/api.w.org\/{rel}","templated":true}]}}