{"id":34733,"date":"2020-03-24T18:07:57","date_gmt":"2020-03-24T17:07:57","guid":{"rendered":"https:\/\/www.akehedman.se\/wordpress\/?p=34733"},"modified":"2020-03-24T18:07:57","modified_gmt":"2020-03-24T17:07:57","slug":"gravader-3","status":"publish","type":"post","link":"https:\/\/www.akehedman.se\/wordpress\/?p=34733","title":{"rendered":"Gr\u00e5v\u00e4der"},"content":{"rendered":"\n<figure class=\"wp-block-image size-large\"><img data-recalc-dims=\"1\" loading=\"lazy\" decoding=\"async\" width=\"580\" height=\"326\" src=\"https:\/\/i0.wp.com\/www.akehedman.se\/wordpress\/wp-content\/uploads\/2020\/03\/IMG_20200220_100906915.jpg?resize=580%2C326&#038;ssl=1\" alt=\"\" class=\"wp-image-34734\" srcset=\"https:\/\/i0.wp.com\/www.akehedman.se\/wordpress\/wp-content\/uploads\/2020\/03\/IMG_20200220_100906915.jpg?w=1024&amp;ssl=1 1024w, https:\/\/i0.wp.com\/www.akehedman.se\/wordpress\/wp-content\/uploads\/2020\/03\/IMG_20200220_100906915.jpg?resize=300%2C169&amp;ssl=1 300w, https:\/\/i0.wp.com\/www.akehedman.se\/wordpress\/wp-content\/uploads\/2020\/03\/IMG_20200220_100906915.jpg?resize=768%2C432&amp;ssl=1 768w\" sizes=\"auto, (max-width: 580px) 100vw, 580px\" \/><\/figure>\n\n\n\n<p class=\"wp-block-paragraph\">Det \u00e4r en \u00e4kta gr\u00e5v\u00e4dersdag h\u00e4r p\u00e5 kullen. M\u00f6jlighen \u00e4r det iof bara gr\u00e5starren. Men utan att kunna r\u00e5dfr\u00e5ga n\u00e5gon om det \u00e4r en korrekt slutsats s\u00e5 ser \u00e4nd\u00e5 v\u00e4rlden r\u00e4tt gr\u00e5 ut idag. Hur man ser p\u00e5 v\u00e4rlden \u00e4r \u00e4nd\u00e5 en subjektiv sak. S\u00e5 gr\u00e5 m\u00e5 den vara allts\u00e5. M\u00e5 din v\u00e4rld vara soligare.<\/p>\n\n\n\n<p class=\"wp-block-paragraph\">Jod\u00e5. Inuti undetecknad \u00e4r det v\u00e4l inte heller gr\u00e5tt. Jag har i princip inte uppt\u00e4ckt att v\u00e4rlden d\u00e4r ute \u00e4r gr\u00e5 f\u00f6rr\u00e4n f\u00f6r en liten stund sedan jag heller. \u00c4r nog nere p\u00e5 ung. tjugo centimeter fr\u00e5n sk\u00e4rmarna nu och h\u00e5ller man huvuidet d\u00e4r om dagarna ser man inte s\u00e5 mycket av v\u00e4rlden alls. Den upplevs genom diverse websidor mest.  Inget bra s\u00e4tt om man vill f\u00f6st\u00e5 v\u00e4rlden, det fattar ju alla. Fast \u00e5 andra sidan kan man s\u00e5klart g\u00f6ra som majoriteten &#8211; tro att man f\u00f6rst\u00e5r v\u00e4rlden \u00e4nd\u00e5. G\u00e5 p\u00e5. Komma med l\u00f6sningarna. Vara det enda geniet.<\/p>\n\n\n\n<p class=\"wp-block-paragraph\">Fast&#8230;<\/p>\n\n\n\n<p class=\"wp-block-paragraph\">Det \u00e4r n\u00e4r man tror att man \u00e4r den ende med vettige tankar som man skall ta sig i akt. Det \u00e4r d\u00e5 det f\u00f6r det mesta \u00e4r precis tv\u00e4rtom.<\/p>\n\n\n\n<p class=\"wp-block-paragraph\">Bygger VSCP idag med. Det som kan kallas l\u00e5tsasjobb. Man b\u00f6r ju anv\u00e4nda det man sj\u00e4lv tillverkar. Annars \u00e4r det ju skr\u00e4p s\u00e5klart. Problemet \u00e4r att det aldrig finns n\u00e5gon annan att skylla buggar och fel p\u00e5. Varenda en man hittar svider och g\u00e5r inte att bortf\u00f6rklara. Men de \u00e4r s\u00e5klart ocks\u00e5 en seger n\u00e4r man hittar dem. \u00c5tminstone efter att de \u00e4r r\u00e4ttade. F\u00f6rdr\u00f6jd seger. Fast &#8220;<em>j\u00e4vla skitkod<\/em>&#8220;, som alla programmerare s\u00e4jer om andra programmerares kod, kan man allts\u00e5 inte sl\u00e4nga ur sig.  Fast man t\u00e4nker det ibland om sanningen skall fram. Och det svider. En knytn\u00e4ve rakt i fejjan liksom.<\/p>\n\n\n\n<p class=\"wp-block-paragraph\">P\u00e5 torsdag \u00e4r det allts\u00e5 meningen att jag skall f\u00f6runders\u00f6kas och ev. opereras f\u00f6r min gr\u00e5a starr. <strong>MEN<\/strong> f\u00f6rkylningen h\u00e4nger i. M\u00e5ste nog kolla imorgon om dom vill ha dit mig. Jag lovar &#8211; <strong>DET SVIDER!<\/strong> Det h\u00e4r g\u00e5r inte s\u00e5 mycket l\u00e4ngre som det \u00e4r nu. Ett \u00e5terbud \u00e4r det sista jag vill. Men det handlar om respekt f\u00f6r andra ocks\u00e5.  \u00c4ven om Coronasmitta vore r\u00e4tt osannolik h\u00e4r eftersom jag egentligen alltid befinner mig i enslingars egenkarant\u00e4n.<\/p>\n\n\n\n<p class=\"wp-block-paragraph\">Imorgon nio grader varmt. Vindarna tilltar d\u00e4r ute nu. Det blir stora tryckskillnader som skall j\u00e4mnas ut. Men hela det h\u00e4r \u00e5ret har ju varit mycket bl\u00e5sigt s\u00e5 en dag till f\u00f6r\u00e4ndrar inget. Men hej och h\u00e5 vad sk\u00f6nr med dom temperaturerna. V\u00e5rdagj\u00e4mning p\u00e5 fredagen dessutom. Det h\u00e4nder saker. Tror p\u00e5 sommaren. Japp!<\/p>\n\n\n\n<p class=\"wp-block-paragraph\">Dagens sn\u00e4llis var f\u00f6r \u00f6verigt den h\u00e4r snubben<\/p>\n\n\n\n<figure class=\"wp-block-image size-large\"><img data-recalc-dims=\"1\" loading=\"lazy\" decoding=\"async\" width=\"580\" height=\"143\" src=\"https:\/\/i0.wp.com\/www.akehedman.se\/wordpress\/wp-content\/uploads\/2020\/03\/Screenshot-from-2020-03-24-18-06-36.png?resize=580%2C143&#038;ssl=1\" alt=\"\" class=\"wp-image-34735\" srcset=\"https:\/\/i0.wp.com\/www.akehedman.se\/wordpress\/wp-content\/uploads\/2020\/03\/Screenshot-from-2020-03-24-18-06-36.png?w=836&amp;ssl=1 836w, https:\/\/i0.wp.com\/www.akehedman.se\/wordpress\/wp-content\/uploads\/2020\/03\/Screenshot-from-2020-03-24-18-06-36.png?resize=300%2C74&amp;ssl=1 300w, https:\/\/i0.wp.com\/www.akehedman.se\/wordpress\/wp-content\/uploads\/2020\/03\/Screenshot-from-2020-03-24-18-06-36.png?resize=768%2C189&amp;ssl=1 768w\" sizes=\"auto, (max-width: 580px) 100vw, 580px\" \/><\/figure>\n\n\n\n<p class=\"wp-block-paragraph\"> Tack <strong>liksom<\/strong>&#8230;<\/p>\n","protected":false},"excerpt":{"rendered":"<p>Det \u00e4r en \u00e4kta gr\u00e5v\u00e4dersdag h\u00e4r p\u00e5 kullen. M\u00f6jlighen \u00e4r det iof bara gr\u00e5starren. Men utan att kunna r\u00e5dfr\u00e5ga n\u00e5gon om det \u00e4r en korrekt slutsats s\u00e5 ser \u00e4nd\u00e5 v\u00e4rlden r\u00e4tt gr\u00e5 ut idag. Hur man ser p\u00e5 v\u00e4rlden \u00e4r \u00e4nd\u00e5 en subjektiv sak. S\u00e5 gr\u00e5 m\u00e5 den vara allts\u00e5. M\u00e5 din v\u00e4rld vara soligare. [&hellip;]<\/p>\n","protected":false},"author":24,"featured_media":0,"comment_status":"open","ping_status":"open","sticky":false,"template":"","format":"standard","meta":{"_crdt_document":"","jetpack_post_was_ever_published":false,"_jetpack_newsletter_access":"","_jetpack_dont_email_post_to_subs":false,"_jetpack_newsletter_tier_id":0,"_jetpack_memberships_contains_paywalled_content":false,"_jetpack_memberships_contains_paid_content":false,"footnotes":"","jetpack_publicize_message":"","jetpack_publicize_feature_enabled":true,"jetpack_social_post_already_shared":false,"jetpack_social_options":{"image_generator_settings":{"template":"highway","default_image_id":0,"font":"","enabled":false},"version":2}},"categories":[24],"tags":[],"class_list":["post-34733","post","type-post","status-publish","format-standard","hentry","category-betraktelser"],"jetpack_publicize_connections":[],"jetpack_featured_media_url":"","jetpack_sharing_enabled":true,"jetpack_likes_enabled":true,"jetpack-related-posts":[{"id":17230,"url":"https:\/\/www.akehedman.se\/wordpress\/?p=17230","url_meta":{"origin":34733,"position":0},"title":"Havet igen","author":"\u00c5ke Hedman","date":"2015-03-30","format":false,"excerpt":"De som lider av jetlag \u00e4r sannolikt de som lider av att g\u00e5 upp en timme tidigare idag ocks\u00e5. Jag \u00e4r inte en av dem. Har jag sovit mina fem eller n\u00e5gra till kommer jag upp. Och ja jag kan somna tre p\u00e5 eftermiddagen om jag l\u00e4gger mig. Jag \u00e4r\u2026","rel":"","context":"In &quot;Betraktelser &amp; Ber\u00e4ttelse&quot;","block_context":{"text":"Betraktelser &amp; Ber\u00e4ttelse","link":"https:\/\/www.akehedman.se\/wordpress\/?cat=24"},"img":{"alt_text":"hav6296","src":"https:\/\/i0.wp.com\/www.eurosource.se\/akhe\/wordpress\/wp-content\/uploads\/2013\/07\/hav6296.jpg?resize=350%2C200","width":350,"height":200},"classes":[]},{"id":46210,"url":"https:\/\/www.akehedman.se\/wordpress\/?p=46210","url_meta":{"origin":34733,"position":1},"title":"Annorlunda","author":"\u00c5ke Hedman","date":"2023-10-10","format":false,"excerpt":"Vi f\u00e5r ett v\u00e4xthus om vi h\u00e4mtar det. S\u00e5 s\u00e5klart h\u00e4mtar jag det. Som synes har f\u00f6rra vintern g\u00e5tt h\u00e5rt \u00e5t det men det \u00e4r inget som en h\u00e4ndig programmerare inte kan fixa t\u00e4nker man. N\u00e4r allt ligger nerskruvat och i en h\u00f6g d\u00e4r p\u00e5 gr\u00e4smattan efter tre timmar s\u00e5\u2026","rel":"","context":"In &quot;Betraktelser &amp; Ber\u00e4ttelse&quot;","block_context":{"text":"Betraktelser &amp; Ber\u00e4ttelse","link":"https:\/\/www.akehedman.se\/wordpress\/?cat=24"},"img":{"alt_text":"","src":"https:\/\/i0.wp.com\/www.akehedman.se\/wordpress\/wp-content\/uploads\/2023\/10\/385314361_10163967395941509_3993274382919536742_n.jpg?resize=350%2C200&ssl=1","width":350,"height":200,"srcset":"https:\/\/i0.wp.com\/www.akehedman.se\/wordpress\/wp-content\/uploads\/2023\/10\/385314361_10163967395941509_3993274382919536742_n.jpg?resize=350%2C200&ssl=1 1x, https:\/\/i0.wp.com\/www.akehedman.se\/wordpress\/wp-content\/uploads\/2023\/10\/385314361_10163967395941509_3993274382919536742_n.jpg?resize=525%2C300&ssl=1 1.5x, https:\/\/i0.wp.com\/www.akehedman.se\/wordpress\/wp-content\/uploads\/2023\/10\/385314361_10163967395941509_3993274382919536742_n.jpg?resize=700%2C400&ssl=1 2x, https:\/\/i0.wp.com\/www.akehedman.se\/wordpress\/wp-content\/uploads\/2023\/10\/385314361_10163967395941509_3993274382919536742_n.jpg?resize=1050%2C600&ssl=1 3x, https:\/\/i0.wp.com\/www.akehedman.se\/wordpress\/wp-content\/uploads\/2023\/10\/385314361_10163967395941509_3993274382919536742_n.jpg?resize=1400%2C800&ssl=1 4x"},"classes":[]},{"id":34641,"url":"https:\/\/www.akehedman.se\/wordpress\/?p=34641","url_meta":{"origin":34733,"position":2},"title":"Det \u00e4r dags","author":"\u00c5ke Hedman","date":"2020-03-09","format":false,"excerpt":"Det \u00e4r dags f\u00f6r mycket. Bland annat en release av k\u00e4rngrejer d\u00e5 \u00e4ntligen. Fast det har s\u00e5klart redan varit n\u00e5gra s\u00e5dana redan de sista veckorna. Men jag skall inte tjata s\u00e5 mycket om de just h\u00e4r. Varken det som kommer eller det som redan \u00e4r levererat. En release \u00e4r ingen\u2026","rel":"","context":"In &quot;Betraktelser &amp; Ber\u00e4ttelse&quot;","block_context":{"text":"Betraktelser &amp; Ber\u00e4ttelse","link":"https:\/\/www.akehedman.se\/wordpress\/?cat=24"},"img":{"alt_text":"","src":"https:\/\/i0.wp.com\/www.akehedman.se\/wordpress\/wp-content\/uploads\/2020\/03\/Screenshot-from-2020-03-09-22-42-24.png?resize=350%2C200&ssl=1","width":350,"height":200,"srcset":"https:\/\/i0.wp.com\/www.akehedman.se\/wordpress\/wp-content\/uploads\/2020\/03\/Screenshot-from-2020-03-09-22-42-24.png?resize=350%2C200&ssl=1 1x, https:\/\/i0.wp.com\/www.akehedman.se\/wordpress\/wp-content\/uploads\/2020\/03\/Screenshot-from-2020-03-09-22-42-24.png?resize=525%2C300&ssl=1 1.5x, https:\/\/i0.wp.com\/www.akehedman.se\/wordpress\/wp-content\/uploads\/2020\/03\/Screenshot-from-2020-03-09-22-42-24.png?resize=700%2C400&ssl=1 2x"},"classes":[]},{"id":33571,"url":"https:\/\/www.akehedman.se\/wordpress\/?p=33571","url_meta":{"origin":34733,"position":3},"title":"Den siste mohikanen","author":"\u00c5ke Hedman","date":"2019-11-19","format":false,"excerpt":"Jag k\u00e4nner mig som den siste mohikanen. Byn h\u00e4r nedanf\u00f6r mig \u00e4r m\u00f6rk. Huset \u00e4r tyst. V\u00e4rlden visar inga tecken p\u00e5 liv sedd fr\u00e5n min position. Det \u00e4r bara jag, den siste mohikanen, eller tomten d\u00e5, som verkar vara vaken. Till och med min mailkorg \u00e4r m\u00e4rkligt avsp\u00e4nd ikv\u00e4ll. Man\u2026","rel":"","context":"In &quot;Betraktelser &amp; Ber\u00e4ttelse&quot;","block_context":{"text":"Betraktelser &amp; Ber\u00e4ttelse","link":"https:\/\/www.akehedman.se\/wordpress\/?cat=24"},"img":{"alt_text":"","src":"https:\/\/i0.wp.com\/www.akehedman.se\/wordpress\/wp-content\/uploads\/2019\/11\/IMG_20191112_120217432-1.jpg?resize=350%2C200&ssl=1","width":350,"height":200,"srcset":"https:\/\/i0.wp.com\/www.akehedman.se\/wordpress\/wp-content\/uploads\/2019\/11\/IMG_20191112_120217432-1.jpg?resize=350%2C200&ssl=1 1x, https:\/\/i0.wp.com\/www.akehedman.se\/wordpress\/wp-content\/uploads\/2019\/11\/IMG_20191112_120217432-1.jpg?resize=525%2C300&ssl=1 1.5x, https:\/\/i0.wp.com\/www.akehedman.se\/wordpress\/wp-content\/uploads\/2019\/11\/IMG_20191112_120217432-1.jpg?resize=700%2C400&ssl=1 2x, https:\/\/i0.wp.com\/www.akehedman.se\/wordpress\/wp-content\/uploads\/2019\/11\/IMG_20191112_120217432-1.jpg?resize=1050%2C600&ssl=1 3x"},"classes":[]},{"id":25842,"url":"https:\/\/www.akehedman.se\/wordpress\/?p=25842","url_meta":{"origin":34733,"position":4},"title":"Allhelgonahelg","author":"\u00c5ke Hedman","date":"2017-11-05","format":false,"excerpt":"Vi tar det lugnt. G\u00f6r inte s\u00e5 mycket. Men t\u00e4nder ljus och s\u00e4tter upp pelare, matar f\u00e5glar, b\u00e4r in lite grejer och K g\u00f6r en sm\u00f6rg\u00e5st\u00e5rta. Allt annat \u00e4r vila. Det \u00e4r r\u00e4tt OK. Kravl\u00f6st. \u00c5terh\u00e4mtning. Vi lever men anstr\u00e4nger oss inte s\u00e5 oerh\u00f6rt f\u00f6r att bevisa det f\u00f6r omv\u00e4rlden.\u2026","rel":"","context":"In &quot;Betraktelser &amp; Ber\u00e4ttelse&quot;","block_context":{"text":"Betraktelser &amp; Ber\u00e4ttelse","link":"https:\/\/www.akehedman.se\/wordpress\/?cat=24"},"img":{"alt_text":"","src":"https:\/\/i0.wp.com\/www.akehedman.se\/wordpress\/wp-content\/uploads\/2017\/11\/IMG_20171105_132053415-768x1024.jpg?resize=350%2C200","width":350,"height":200,"srcset":"https:\/\/i0.wp.com\/www.akehedman.se\/wordpress\/wp-content\/uploads\/2017\/11\/IMG_20171105_132053415-768x1024.jpg?resize=350%2C200 1x, https:\/\/i0.wp.com\/www.akehedman.se\/wordpress\/wp-content\/uploads\/2017\/11\/IMG_20171105_132053415-768x1024.jpg?resize=525%2C300 1.5x"},"classes":[]},{"id":21062,"url":"https:\/\/www.akehedman.se\/wordpress\/?p=21062","url_meta":{"origin":34733,"position":5},"title":"Sommarmorgon","author":"\u00c5ke Hedman","date":"2016-07-18","format":false,"excerpt":"Det \u00e4r tidigt n\u00e4r lill-katten och jag g\u00e5r ner till kontoret, jod\u00e5 katten springandes f\u00f6rst ner f\u00f6r trapporna. \u00c4kta sommarmorgon. S\u00e5d\u00e4r tyst ute som det bara kan vara en sommarmorgon h\u00e4r p\u00e5 kullen med det gula huset. Man kan m\u00f6jligen h\u00f6ra en enstaka bil \u00e5ka f\u00f6rbi nere p\u00e5 stora v\u00e4gen,\u2026","rel":"","context":"In &quot;Betraktelser &amp; Ber\u00e4ttelse&quot;","block_context":{"text":"Betraktelser &amp; Ber\u00e4ttelse","link":"https:\/\/www.akehedman.se\/wordpress\/?cat=24"},"img":{"alt_text":"3_minuters_glass_kondenserad_mj\u00f6lk_jordgubbar_fl\u00e4der","src":"https:\/\/i0.wp.com\/www.akehedman.se\/wordpress\/wp-content\/uploads\/2016\/07\/3_minuters_glass_kondenserad_mj%C3%B6lk_jordgubbar_fl%C3%A4der.jpg?resize=350%2C200","width":350,"height":200},"classes":[]}],"jetpack_shortlink":"https:\/\/wp.me\/p68PL2-92d","_links":{"self":[{"href":"https:\/\/www.akehedman.se\/wordpress\/index.php?rest_route=\/wp\/v2\/posts\/34733","targetHints":{"allow":["GET"]}}],"collection":[{"href":"https:\/\/www.akehedman.se\/wordpress\/index.php?rest_route=\/wp\/v2\/posts"}],"about":[{"href":"https:\/\/www.akehedman.se\/wordpress\/index.php?rest_route=\/wp\/v2\/types\/post"}],"author":[{"embeddable":true,"href":"https:\/\/www.akehedman.se\/wordpress\/index.php?rest_route=\/wp\/v2\/users\/24"}],"replies":[{"embeddable":true,"href":"https:\/\/www.akehedman.se\/wordpress\/index.php?rest_route=%2Fwp%2Fv2%2Fcomments&post=34733"}],"version-history":[{"count":1,"href":"https:\/\/www.akehedman.se\/wordpress\/index.php?rest_route=\/wp\/v2\/posts\/34733\/revisions"}],"predecessor-version":[{"id":34736,"href":"https:\/\/www.akehedman.se\/wordpress\/index.php?rest_route=\/wp\/v2\/posts\/34733\/revisions\/34736"}],"wp:attachment":[{"href":"https:\/\/www.akehedman.se\/wordpress\/index.php?rest_route=%2Fwp%2Fv2%2Fmedia&parent=34733"}],"wp:term":[{"taxonomy":"category","embeddable":true,"href":"https:\/\/www.akehedman.se\/wordpress\/index.php?rest_route=%2Fwp%2Fv2%2Fcategories&post=34733"},{"taxonomy":"post_tag","embeddable":true,"href":"https:\/\/www.akehedman.se\/wordpress\/index.php?rest_route=%2Fwp%2Fv2%2Ftags&post=34733"}],"curies":[{"name":"wp","href":"https:\/\/api.w.org\/{rel}","templated":true}]}}