{"id":34468,"date":"2020-02-13T16:39:37","date_gmt":"2020-02-13T15:39:37","guid":{"rendered":"https:\/\/www.akehedman.se\/wordpress\/?p=34468"},"modified":"2020-02-13T16:47:53","modified_gmt":"2020-02-13T15:47:53","slug":"frida-demervall-trendbrott-nu-flyttar-stockholmarna-ut-pa-landet","status":"publish","type":"post","link":"https:\/\/www.akehedman.se\/wordpress\/?p=34468","title":{"rendered":"Frida Demervall: Trendbrott \u2013 nu flyttar stockholmarna ut p\u00e5 landet"},"content":{"rendered":"<p><a href=\"https:\/\/www.helahalsingland.se\/artikel\/frida-demervall-trendbrott-nu-flyttar-stockholmarna-ut-pa-landet\"><img data-recalc-dims=\"1\" decoding=\"async\" class=\"alignnone size-full\" src=\"https:\/\/i0.wp.com\/www.akehedman.se\/wordpress\/wp-content\/uploads\/2020\/02\/d88b7374-2d67-46e2-aefe-464a276a531b.jpeg?w=580&#038;ssl=1\" alt=\"\" \/><\/a>Source: <em><a href=\"https:\/\/www.helahalsingland.se\/artikel\/frida-demervall-trendbrott-nu-flyttar-stockholmarna-ut-pa-landet\">Frida Demervall: Trendbrott \u2013 nu flyttar stockholmarna ut p\u00e5 landet<\/a><\/em><\/p>\n\n\n<figure class=\"wp-block-image size-large\"><img data-recalc-dims=\"1\" loading=\"lazy\" decoding=\"async\" width=\"580\" height=\"152\" src=\"https:\/\/i0.wp.com\/www.akehedman.se\/wordpress\/wp-content\/uploads\/2020\/02\/Screenshot-from-2020-02-13-16-43-47.png?resize=580%2C152&#038;ssl=1\" alt=\"\" class=\"wp-image-34471\" srcset=\"https:\/\/i0.wp.com\/www.akehedman.se\/wordpress\/wp-content\/uploads\/2020\/02\/Screenshot-from-2020-02-13-16-43-47.png?w=619&amp;ssl=1 619w, https:\/\/i0.wp.com\/www.akehedman.se\/wordpress\/wp-content\/uploads\/2020\/02\/Screenshot-from-2020-02-13-16-43-47.png?resize=300%2C79&amp;ssl=1 300w, https:\/\/i0.wp.com\/www.akehedman.se\/wordpress\/wp-content\/uploads\/2020\/02\/Screenshot-from-2020-02-13-16-43-47.png?resize=500%2C131&amp;ssl=1 500w\" sizes=\"auto, (max-width: 580px) 100vw, 580px\" \/><\/figure>\n\n\n\n<p class=\"wp-block-paragraph\">Po h\u00e4nger p\u00e5 s\u00e5klart. &#8220;Det g\u00e5r \u00e5t helvete&#8221; \u00e4r hans enkla tes. <\/p>\n","protected":false},"excerpt":{"rendered":"<p>Source: Frida Demervall: Trendbrott \u2013 nu flyttar stockholmarna ut p\u00e5 landet Po h\u00e4nger p\u00e5 s\u00e5klart. &#8220;Det g\u00e5r \u00e5t helvete&#8221; \u00e4r hans enkla tes.<\/p>\n","protected":false},"author":24,"featured_media":0,"comment_status":"open","ping_status":"open","sticky":false,"template":"","format":"standard","meta":{"_crdt_document":"","jetpack_post_was_ever_published":false,"_jetpack_newsletter_access":"","_jetpack_dont_email_post_to_subs":false,"_jetpack_newsletter_tier_id":0,"_jetpack_memberships_contains_paywalled_content":false,"_jetpack_memberships_contains_paid_content":false,"footnotes":"","jetpack_publicize_message":"","jetpack_publicize_feature_enabled":true,"jetpack_social_post_already_shared":false,"jetpack_social_options":{"image_generator_settings":{"template":"highway","default_image_id":0,"font":"","enabled":false},"version":2}},"categories":[64],"tags":[],"class_list":["post-34468","post","type-post","status-publish","format-standard","hentry","category-hela-sverige"],"jetpack_publicize_connections":[],"jetpack_featured_media_url":"","jetpack_sharing_enabled":true,"jetpack_likes_enabled":true,"jetpack-related-posts":[{"id":40126,"url":"https:\/\/www.akehedman.se\/wordpress\/?p=40126","url_meta":{"origin":34468,"position":0},"title":"Trendbrott: Fler flyttar ut p\u00e5 landet igen","author":"\u00c5ke Hedman","date":"2021-10-26","format":false,"excerpt":"https:\/\/www.svtplay.se\/video\/32674199\/morgonstudion\/morgonstudion-26-okt-06-00-3?position=3053&id=8yEX2bp Och Los och Ljusdal f\u00e5r vara med p\u00e5 ett h\u00f6rn. T\u00e4nka sig.","rel":"","context":"In &quot;Betraktelser &amp; Ber\u00e4ttelse&quot;","block_context":{"text":"Betraktelser &amp; Ber\u00e4ttelse","link":"https:\/\/www.akehedman.se\/wordpress\/?cat=24"},"img":{"alt_text":"","src":"","width":0,"height":0},"classes":[]},{"id":11819,"url":"https:\/\/www.akehedman.se\/wordpress\/?p=11819","url_meta":{"origin":34468,"position":1},"title":"Gr\u00e4v d\u00e4r du st\u00e5r, sa man","author":"\u00c5ke Hedman","date":"2014-01-28","format":false,"excerpt":"Jag blev Losbo av en slump 1986. Ett hus var till salu n\u00e4r vi semestrade h\u00e4r och bara n\u00e5gra m\u00e5nader senare best\u00e4mde vi oss f\u00f6r att l\u00e4mna Stockholm. Visst jag pendlade f\u00f6rsta \u00e5ret, men allts\u00e5 bara ett \u00e5r senare brummade bilen upp fr\u00e5n Stockholm \u00f6ver Dalarna i en triumff\u00e4rd. Ja,\u2026","rel":"","context":"In &quot;Betraktelser &amp; Ber\u00e4ttelse&quot;","block_context":{"text":"Betraktelser &amp; Ber\u00e4ttelse","link":"https:\/\/www.akehedman.se\/wordpress\/?cat=24"},"img":{"alt_text":"Spade-webb-stor","src":"https:\/\/i0.wp.com\/www.eurosource.se\/akhe\/wordpress\/wp-content\/uploads\/2014\/01\/Spade-webb-stor.jpg?resize=350%2C200","width":350,"height":200,"srcset":"https:\/\/i0.wp.com\/www.eurosource.se\/akhe\/wordpress\/wp-content\/uploads\/2014\/01\/Spade-webb-stor.jpg?resize=350%2C200 1x, https:\/\/i0.wp.com\/www.eurosource.se\/akhe\/wordpress\/wp-content\/uploads\/2014\/01\/Spade-webb-stor.jpg?resize=525%2C300 1.5x, https:\/\/i0.wp.com\/www.eurosource.se\/akhe\/wordpress\/wp-content\/uploads\/2014\/01\/Spade-webb-stor.jpg?resize=700%2C400 2x"},"classes":[]},{"id":25047,"url":"https:\/\/www.akehedman.se\/wordpress\/?p=25047","url_meta":{"origin":34468,"position":2},"title":"Stockholmarna mest skuldsatta i Sverige | Realtid.se &#8211; Kapitalmarknad, finansiering, strategiarbete &#038; fondf\u00f6rvaltning","author":"\u00c5ke Hedman","date":"2017-08-16","format":false,"excerpt":"Svenska folket har skulder p\u00e5 \u00f6ver 66 miljarder kronor hos Kronofogden. Nedbrytet p\u00e5 regional niv\u00e5 ligger Stockholm i topp som det mest skuldsatta l\u00e4net. Det visar en sammanst\u00e4llning av privatpersoners skulder som kreditupplysningsf\u00f6retaget Syna gjort. Source: Stockholmarna mest skuldsatta i Sverige | Realtid.se - Kapitalmarknad, finansiering, strategiarbete & fondf\u00f6rvaltning","rel":"","context":"In &quot;Swedish&quot;","block_context":{"text":"Swedish","link":"https:\/\/www.akehedman.se\/wordpress\/?cat=2"},"img":{"alt_text":"","src":"","width":0,"height":0},"classes":[]},{"id":37058,"url":"https:\/\/www.akehedman.se\/wordpress\/?p=37058","url_meta":{"origin":34468,"position":3},"title":"H\u00f6r nu?","author":"\u00c5ke Hedman","date":"2020-12-07","format":false,"excerpt":"G\u00e5 ut och lyssna. Det jublas d\u00e4r ute. Ja, lyssna d\u00e4r bort\u00e5t skogen. Det \u00e4r tr\u00e4den. Ja dom jublar. Ingen mer IKEA katalog. Ett riktigt trendbrott. Eftersom alla f\u00f6ljer IKEA g\u00f6r s\u00e5 \u00e4r det st\u00f6rre \u00e4n bara en nedlagd IKEA katalog s\u00e5klart. Det \u00e4r m\u00e5nga, ja M\u00c5NGA, nedlagda kataloger. Ja\u2026","rel":"","context":"In &quot;Betraktelser &amp; Ber\u00e4ttelse&quot;","block_context":{"text":"Betraktelser &amp; Ber\u00e4ttelse","link":"https:\/\/www.akehedman.se\/wordpress\/?cat=24"},"img":{"alt_text":"","src":"","width":0,"height":0},"classes":[]},{"id":7227,"url":"https:\/\/www.akehedman.se\/wordpress\/?p=7227","url_meta":{"origin":34468,"position":4},"title":"M\u00e5sskit","author":"\u00c5ke Hedman","date":"2013-05-10","format":false,"excerpt":"M\u00e5sarna nattsjunger utanf\u00f6r mitt f\u00f6nster h\u00e4r p\u00e5 l\u00e5tsaskontoret. S\u00e5d\u00e4r som dom g\u00f6r p\u00e5 sommaren n\u00e4r det sista ljuset f\u00f6rsvinner f\u00f6r att strax komma tillbaks igen. Nu \u00e4r natten fortfarande l\u00e4ngre \u00e4n bara ett kort \u00f6gonblick, men om bara n\u00e5gra veckor finns den inte l\u00e4ngre. D\u00e5 blir det aldrig riktig natt\u2026","rel":"","context":"In &quot;Betraktelser &amp; Ber\u00e4ttelse&quot;","block_context":{"text":"Betraktelser &amp; Ber\u00e4ttelse","link":"https:\/\/www.akehedman.se\/wordpress\/?cat=24"},"img":{"alt_text":"skrattmas_lyfter","src":"https:\/\/i0.wp.com\/www.eurosource.se\/akhe\/wordpress\/wp-content\/uploads\/2013\/05\/skrattmas_lyfter.jpg?resize=350%2C200","width":350,"height":200},"classes":[]},{"id":29104,"url":"https:\/\/www.akehedman.se\/wordpress\/?p=29104","url_meta":{"origin":34468,"position":5},"title":"\u201dG\u00e5 inte p\u00e5 urbana myten i Almedalen\u201d | SvD","author":"\u00c5ke Hedman","date":"2018-06-28","format":false,"excerpt":"Hej alla sandwichm\u00e4n\/kvinnor. L\u00e4s! \u00a0 Men v\u00e5r granskning av forskning och statistik om urbanisering, \"Balansrapport #3 \u2013 Befolkning i hela landet\", visar att det numera \u00e4r en myt att trenden skulle vara att landsbygdsbor flyttar till st\u00e4der i Sverige. Source: \u201dG\u00e5 inte p\u00e5 urbana myten i Almedalen\u201d | SvD","rel":"","context":"In &quot;Swedish&quot;","block_context":{"text":"Swedish","link":"https:\/\/www.akehedman.se\/wordpress\/?cat=2"},"img":{"alt_text":"","src":"","width":0,"height":0},"classes":[]}],"jetpack_shortlink":"https:\/\/wp.me\/p68PL2-8XW","_links":{"self":[{"href":"https:\/\/www.akehedman.se\/wordpress\/index.php?rest_route=\/wp\/v2\/posts\/34468","targetHints":{"allow":["GET"]}}],"collection":[{"href":"https:\/\/www.akehedman.se\/wordpress\/index.php?rest_route=\/wp\/v2\/posts"}],"about":[{"href":"https:\/\/www.akehedman.se\/wordpress\/index.php?rest_route=\/wp\/v2\/types\/post"}],"author":[{"embeddable":true,"href":"https:\/\/www.akehedman.se\/wordpress\/index.php?rest_route=\/wp\/v2\/users\/24"}],"replies":[{"embeddable":true,"href":"https:\/\/www.akehedman.se\/wordpress\/index.php?rest_route=%2Fwp%2Fv2%2Fcomments&post=34468"}],"version-history":[{"count":3,"href":"https:\/\/www.akehedman.se\/wordpress\/index.php?rest_route=\/wp\/v2\/posts\/34468\/revisions"}],"predecessor-version":[{"id":34473,"href":"https:\/\/www.akehedman.se\/wordpress\/index.php?rest_route=\/wp\/v2\/posts\/34468\/revisions\/34473"}],"wp:attachment":[{"href":"https:\/\/www.akehedman.se\/wordpress\/index.php?rest_route=%2Fwp%2Fv2%2Fmedia&parent=34468"}],"wp:term":[{"taxonomy":"category","embeddable":true,"href":"https:\/\/www.akehedman.se\/wordpress\/index.php?rest_route=%2Fwp%2Fv2%2Fcategories&post=34468"},{"taxonomy":"post_tag","embeddable":true,"href":"https:\/\/www.akehedman.se\/wordpress\/index.php?rest_route=%2Fwp%2Fv2%2Ftags&post=34468"}],"curies":[{"name":"wp","href":"https:\/\/api.w.org\/{rel}","templated":true}]}}