{"id":34452,"date":"2020-02-12T15:41:24","date_gmt":"2020-02-12T14:41:24","guid":{"rendered":"https:\/\/www.akehedman.se\/wordpress\/?p=34452"},"modified":"2020-02-12T15:41:24","modified_gmt":"2020-02-12T14:41:24","slug":"gubbar","status":"publish","type":"post","link":"https:\/\/www.akehedman.se\/wordpress\/?p=34452","title":{"rendered":"Gubbar"},"content":{"rendered":"\n<figure class=\"wp-block-image size-large\"><img data-recalc-dims=\"1\" loading=\"lazy\" decoding=\"async\" width=\"580\" height=\"326\" src=\"https:\/\/i0.wp.com\/www.akehedman.se\/wordpress\/wp-content\/uploads\/2020\/02\/IMG_20200212_110643166_HDR.jpg?resize=580%2C326&#038;ssl=1\" alt=\"\" class=\"wp-image-34453\" srcset=\"https:\/\/i0.wp.com\/www.akehedman.se\/wordpress\/wp-content\/uploads\/2020\/02\/IMG_20200212_110643166_HDR.jpg?resize=1024%2C576&amp;ssl=1 1024w, https:\/\/i0.wp.com\/www.akehedman.se\/wordpress\/wp-content\/uploads\/2020\/02\/IMG_20200212_110643166_HDR.jpg?resize=300%2C169&amp;ssl=1 300w, https:\/\/i0.wp.com\/www.akehedman.se\/wordpress\/wp-content\/uploads\/2020\/02\/IMG_20200212_110643166_HDR.jpg?resize=768%2C432&amp;ssl=1 768w, https:\/\/i0.wp.com\/www.akehedman.se\/wordpress\/wp-content\/uploads\/2020\/02\/IMG_20200212_110643166_HDR.jpg?resize=500%2C281&amp;ssl=1 500w, https:\/\/i0.wp.com\/www.akehedman.se\/wordpress\/wp-content\/uploads\/2020\/02\/IMG_20200212_110643166_HDR.jpg?w=1280&amp;ssl=1 1280w, https:\/\/i0.wp.com\/www.akehedman.se\/wordpress\/wp-content\/uploads\/2020\/02\/IMG_20200212_110643166_HDR.jpg?w=1160&amp;ssl=1 1160w\" sizes=\"auto, (max-width: 580px) 100vw, 580px\" \/><\/figure>\n\n\n\n<p class=\"wp-block-paragraph\">Det \u00e4r gubbarna och jag, d\u00e4r p\u00e5 gubbhyllan p\u00e5 Coop,.. n\u00e4\u00e4\u00e4\u00e4&#8230;. v\u00e4nta nu&#8230; Det \u00e4r <strong>VI<\/strong> gubbar p\u00e5 gubbhyllan p\u00e5 Coop i Ljusdal. Jag t\u00e4nker <strong>S E M L A<\/strong> n\u00e4r jag g\u00e5r f\u00f6r att best\u00e4lla min kaffe. Suget finns d\u00e4r. Men jag har bara trettio sp\u00e4nn och semla med kaffe kostar trettiofem s\u00e5 det f\u00e5r bli en kopp kaffe med bulle a tjugo kronor. Jod\u00e5. Gott det med. Och billigt. Spr\u00e4cker inga budgetar.<\/p>\n\n\n\n<p class=\"wp-block-paragraph\">N\u00e4r jag s\u00e4tter mig d\u00e4r s\u00e5 sitter redan sex sk\u00e4ggstubbiga gubbar vid varsitt bord med kaffemugg i olika stadier av urdruckenhet. Med mig blir vi allts\u00e5 sju. En barnfamilj lever runt i ett av de bakre borden, annars \u00e4r det bara vi med f\u00f6r m\u00e5nga \u00e5r p\u00e5 kontot som \u00e4r h\u00e4r. Gubbsamlingen. Gubbslem.  Det finns mycket ensamhet h\u00e4r idag allts\u00e5. Kanske skulle vi ha kunnat minskat den genom att dra ihop v\u00e5ra bord och b\u00f6rja tilltala varandra. Men ingen v\u00e5gar ens t\u00e4nka den tanken s\u00e5klart. Vi sitter d\u00e4r, som vi alltid sitter d\u00e4r,  med v\u00e5rt kaffe och stirrar ut i tomheten. Varje samtal skulle ha inneh\u00e5llit fler beskrivningar av sjukdomar \u00e4n vad n\u00e5gon enda en av oss orkat lyssna p\u00e5. S\u00e5 lika bra det kanske, att vi sitter h\u00e4r sj\u00e4lva med bara v\u00e5ra egna tankar och en mugg kaffe som s\u00e4llskap.<\/p>\n\n\n\n<p class=\"wp-block-paragraph\">Jag sitter d\u00e4r f\u00f6r att jag v\u00e4ntar p\u00e5 K som \u00e4r p\u00e5 m\u00f6te. Jag har redan klarat ev en timmes promenad runt Kyrksj\u00f6n och en timmes l\u00e4sning  p\u00e5 biblioteket, samt utr\u00e4ttat en del Ljusdaliga \u00e4renden. Jag kan kasta bort fem timmar nu f\u00f6r tiden som ingenting. F\u00f6rr skulle jag hellre d\u00f6tt. En utveckling mot det b\u00e4ttre s\u00e5klart. Det finns ett lugn numera inom mig som aldrig var med mig f\u00f6rut n\u00e4r allt det d\u00e4r jag s\u00e5 g\u00e4rna ville g\u00f6ra st\u00e4ndigt tryckte p\u00e5 och med stor kraft kr\u00e4vde att bli gjort.<\/p>\n\n\n\n<p class=\"wp-block-paragraph\">Men jag \u00e4lskar att studera m\u00e4nniskor n\u00e4r jag sitter s\u00e5h\u00e4r. Just det \u00e4r ett n\u00f6je som f\u00f6ljt mig genom livet. Det som ger sin brukare m\u00e5nga bekanta men f\u00e5 v\u00e4nner. Som han den \u00e4ldre mannen som s\u00e4tter sig vid bordet framf\u00f6r mig. En bit \u00f6ver sjutti \u00e4r han. En ansikte som har varit med om en del. En vintage bombarjacka och ett par gr\u00e4ddf\u00f6rgade byxor f\u00e5r honom att se j\u00e4kligt cool ut. Man undrar vad han har varit med om. Kanske \u00e4r han homosexuell. Men eventuellt finns det m\u00e4n som kl\u00e4r sig bra utan att vara det. N\u00e5gon har man v\u00e4l \u00e4nd\u00e5 st\u00f6tt p\u00e5. Fast visst, jag fattar ju kl\u00e4ders betydelse f\u00f6r hur man upplevs. Aldrig \u00e4r det tydligare \u00e4n just h\u00e4r. D\u00e4r har jag att l\u00e4ra. Ja de andra gubbarna vid sina bord ocks\u00e5. <\/p>\n\n\n\n<p class=\"wp-block-paragraph\">S\u00e5 m\u00e5nga liv och s\u00e5 m\u00e5nga ober\u00e4ttade historier som g\u00e5r f\u00f6rbi h\u00e4r och ut genom d\u00f6rren som f\u00f6ljer p\u00e5 trapporna som tar m\u00e4nniskorna ut i vintern. Alla vackra m\u00e4nniskor. Jo f\u00f6r n\u00e4stan alla \u00e4r det. De unga flickorna och pojkarna s\u00e5klart, de som f\u00e5r det d\u00e4r p\u00e5 k\u00f6pet med sin ungdom. Och visst kan all den d\u00e4r blomningen vara h\u00e4nf\u00f6rande. Men \u00e5tminstone jag beh\u00f6ver inte det d\u00e4r f\u00f6r att sj\u00e4lv g\u00e5 in i ungdom. \u00c4r inte som en desperat femtio\u00e5rig tant som med alla medel s\u00e4ljer ut sig f\u00f6r att f\u00e5 en sista uppskattande blick av n\u00e5gon som fortfarande \u00e4r het innan allt man tor p\u00e5 har vissnat ner. Nej, f\u00f6r mig \u00e4r det som finns inuti de d\u00e4r huvudena mer intressant. Historierna. Erfarenheterna. Jag \u00e4r s\u00e5 j\u00e4vla nyfiken. Japp, nyfiken s\u00e5 att det \u00e4r en pl\u00e5ga att inte f\u00e5 g\u00e5 in i vartenda ett av de d\u00e4r huvudena och gr\u00e4va runt bland minnen och erfarenheter. F\u00f6r det finns s\u00e5klart inte tid att tappa av dem alla. Man f\u00e5r n\u00f6ja sig med n\u00e5gra f\u00e5. Men kan sj\u00e4lvklart inte l\u00e5ta bli att undra. <\/p>\n\n\n\n<p class=\"wp-block-paragraph\">Klockan g\u00e5r sakta och till slut orkar jag inte bara sitta h\u00e4r och sitta. Dessutom \u00e4r bullen upp\u00e4ten och kaffet urdrucket. M\u00e5ste vanka runt. F\u00f6rdel: man ser fler m\u00e4nniskor p\u00e5 n\u00e4rmare h\u00e5ll. F\u00f6rdel: tiden verkar g\u00e5 fortare. Min familj hatar n\u00e4r jag vandrar s\u00e5d\u00e4r fram och tillbaks. \u00c5tskilliga \u00e4r de t\u00e5gperronger som n\u00f6tts av mina skor. Men nu, h\u00e4r, \u00e4r jag sj\u00e4lv. Ingen kan v\u00e4l s\u00e4ga n\u00e5got om jag tar ett trettiotal v\u00e4nder fram och tillbaks h\u00e4r. Om man nu inte \u00e4r iakttagen av n\u00e5gon. Fast risken f\u00f6r det \u00e4r nog v\u00e4ldigt liten. De flesta har nog nog med sig sj\u00e4lv trotts allt. Tur \u00e4r v\u00e4l det.<\/p>\n","protected":false},"excerpt":{"rendered":"<p>Det \u00e4r gubbarna och jag, d\u00e4r p\u00e5 gubbhyllan p\u00e5 Coop,.. n\u00e4\u00e4\u00e4\u00e4&#8230;. v\u00e4nta nu&#8230; Det \u00e4r VI gubbar p\u00e5 gubbhyllan p\u00e5 Coop i Ljusdal. Jag t\u00e4nker S E M L A n\u00e4r jag g\u00e5r f\u00f6r att best\u00e4lla min kaffe. Suget finns d\u00e4r. Men jag har bara trettio sp\u00e4nn och semla med kaffe kostar trettiofem s\u00e5 det [&hellip;]<\/p>\n","protected":false},"author":24,"featured_media":0,"comment_status":"open","ping_status":"open","sticky":false,"template":"","format":"standard","meta":{"_crdt_document":"","jetpack_post_was_ever_published":false,"_jetpack_newsletter_access":"","_jetpack_dont_email_post_to_subs":false,"_jetpack_newsletter_tier_id":0,"_jetpack_memberships_contains_paywalled_content":false,"_jetpack_memberships_contains_paid_content":false,"footnotes":"","jetpack_publicize_message":"","jetpack_publicize_feature_enabled":true,"jetpack_social_post_already_shared":false,"jetpack_social_options":{"image_generator_settings":{"template":"highway","default_image_id":0,"font":"","enabled":false},"version":2}},"categories":[2],"tags":[],"class_list":["post-34452","post","type-post","status-publish","format-standard","hentry","category-swedish"],"jetpack_publicize_connections":[],"jetpack_featured_media_url":"","jetpack_sharing_enabled":true,"jetpack_likes_enabled":true,"jetpack-related-posts":[{"id":23605,"url":"https:\/\/www.akehedman.se\/wordpress\/?p=23605","url_meta":{"origin":34452,"position":0},"title":"Torrbullesemla","author":"\u00c5ke Hedman","date":"2017-03-08","format":false,"excerpt":"Jag sitter d\u00e4r utanf\u00f6r Coop och tar en kaffe med... gissa... en semla s\u00e5klart. En torrbullesemla \u00e4r ocks\u00e5 en semla. Inte ens cappuccino \u00e4r speciellt god. Men det \u00e4r billigt att fika h\u00e4r s\u00e5 vad kan man mer beg\u00e4ra. I alla fall beg\u00e4r inte jag mer. Det duger. Med r\u00e5ge.\u2026","rel":"","context":"In &quot;Betraktelser &amp; Ber\u00e4ttelse&quot;","block_context":{"text":"Betraktelser &amp; Ber\u00e4ttelse","link":"https:\/\/www.akehedman.se\/wordpress\/?cat=24"},"img":{"alt_text":"","src":"https:\/\/i0.wp.com\/www.akehedman.se\/wordpress\/wp-content\/uploads\/2016\/12\/152-1024x683.jpg?resize=350%2C200","width":350,"height":200,"srcset":"https:\/\/i0.wp.com\/www.akehedman.se\/wordpress\/wp-content\/uploads\/2016\/12\/152-1024x683.jpg?resize=350%2C200 1x, https:\/\/i0.wp.com\/www.akehedman.se\/wordpress\/wp-content\/uploads\/2016\/12\/152-1024x683.jpg?resize=525%2C300 1.5x"},"classes":[]},{"id":39700,"url":"https:\/\/www.akehedman.se\/wordpress\/?p=39700","url_meta":{"origin":34452,"position":1},"title":"L\u00f6ningsfredag","author":"\u00c5ke Hedman","date":"2021-08-27","format":false,"excerpt":"27'e. Fredag. L\u00f6ning. Allts\u00e5 Bolln\u00e4s. Handla mat f\u00f6r +3000 sp\u00e4nn. Packa in i bilen. \u00c4ta en hamburgare eller en tallrik med sushi. \u00c5ka hem igen. Tr\u00f6tter. Men glad \u00f6ver att den r\u00f6da lilla Franska bilen klarat turen \u00e4nnu en g\u00e5ng. Naturligtvis lyser tanklampan n\u00e4r man n\u00e5r Los-skylten. Men det \u00e4r\u2026","rel":"","context":"In &quot;Betraktelser &amp; Ber\u00e4ttelse&quot;","block_context":{"text":"Betraktelser &amp; Ber\u00e4ttelse","link":"https:\/\/www.akehedman.se\/wordpress\/?cat=24"},"img":{"alt_text":"","src":"https:\/\/i0.wp.com\/www.akehedman.se\/wordpress\/wp-content\/uploads\/2021\/08\/IMG_20210827_161203-scaled.jpg?resize=350%2C200&ssl=1","width":350,"height":200,"srcset":"https:\/\/i0.wp.com\/www.akehedman.se\/wordpress\/wp-content\/uploads\/2021\/08\/IMG_20210827_161203-scaled.jpg?resize=350%2C200&ssl=1 1x, https:\/\/i0.wp.com\/www.akehedman.se\/wordpress\/wp-content\/uploads\/2021\/08\/IMG_20210827_161203-scaled.jpg?resize=525%2C300&ssl=1 1.5x, https:\/\/i0.wp.com\/www.akehedman.se\/wordpress\/wp-content\/uploads\/2021\/08\/IMG_20210827_161203-scaled.jpg?resize=700%2C400&ssl=1 2x, https:\/\/i0.wp.com\/www.akehedman.se\/wordpress\/wp-content\/uploads\/2021\/08\/IMG_20210827_161203-scaled.jpg?resize=1050%2C600&ssl=1 3x, https:\/\/i0.wp.com\/www.akehedman.se\/wordpress\/wp-content\/uploads\/2021\/08\/IMG_20210827_161203-scaled.jpg?resize=1400%2C800&ssl=1 4x"},"classes":[]},{"id":33063,"url":"https:\/\/www.akehedman.se\/wordpress\/?p=33063","url_meta":{"origin":34452,"position":2},"title":"Frig\u00e5ng","author":"\u00c5ke Hedman","date":"2019-09-18","format":false,"excerpt":"Det \u00e4r Ljusdal och m\u00f6te f\u00f6r K idag. Jag brukar v\u00e4nta medan man pratar och planerar. G\u00f6r \u00e4renden och l\u00e4sa in mig p\u00e5 n\u00e5got. Men idag far jag mot Bolln\u00e4s. Det \u00e4r \u00e4nd\u00e5 fem timmar. Tv\u00e5 kan man trolla bort p\u00e5 resa dit och resa tillbaks. Vinkar \u00e5t Janne i\u2026","rel":"","context":"In &quot;Betraktelser &amp; Ber\u00e4ttelse&quot;","block_context":{"text":"Betraktelser &amp; Ber\u00e4ttelse","link":"https:\/\/www.akehedman.se\/wordpress\/?cat=24"},"img":{"alt_text":"","src":"https:\/\/i0.wp.com\/www.akehedman.se\/wordpress\/wp-content\/uploads\/2019\/09\/IMG_20190916_223039102.jpg?resize=350%2C200&ssl=1","width":350,"height":200,"srcset":"https:\/\/i0.wp.com\/www.akehedman.se\/wordpress\/wp-content\/uploads\/2019\/09\/IMG_20190916_223039102.jpg?resize=350%2C200&ssl=1 1x, https:\/\/i0.wp.com\/www.akehedman.se\/wordpress\/wp-content\/uploads\/2019\/09\/IMG_20190916_223039102.jpg?resize=525%2C300&ssl=1 1.5x, https:\/\/i0.wp.com\/www.akehedman.se\/wordpress\/wp-content\/uploads\/2019\/09\/IMG_20190916_223039102.jpg?resize=700%2C400&ssl=1 2x, https:\/\/i0.wp.com\/www.akehedman.se\/wordpress\/wp-content\/uploads\/2019\/09\/IMG_20190916_223039102.jpg?resize=1050%2C600&ssl=1 3x, https:\/\/i0.wp.com\/www.akehedman.se\/wordpress\/wp-content\/uploads\/2019\/09\/IMG_20190916_223039102.jpg?resize=1400%2C800&ssl=1 4x"},"classes":[]},{"id":30409,"url":"https:\/\/www.akehedman.se\/wordpress\/?p=30409","url_meta":{"origin":34452,"position":3},"title":"Ljusdal","author":"\u00c5ke Hedman","date":"2018-10-24","format":false,"excerpt":"\u00a0 Det \u00e4r en s\u00e5dan d\u00e4r halvdag i Ljusdal igen. K \u00e4r p\u00e5 m\u00f6te i kommunhuset. Jag har som uppgift att f\u00f6rdriva ett g\u00e4ng timmar. Som vanligt brukar jag b\u00f6rja det d\u00e4r \"millisekund\u00e4tandet\" med en promenad runt Kyrksj\u00f6n. Det tar en timme ungef\u00e4r om man tar det lite lugnt. Idag\u2026","rel":"","context":"In &quot;Betraktelser &amp; Ber\u00e4ttelse&quot;","block_context":{"text":"Betraktelser &amp; Ber\u00e4ttelse","link":"https:\/\/www.akehedman.se\/wordpress\/?cat=24"},"img":{"alt_text":"","src":"https:\/\/i0.wp.com\/www.akehedman.se\/wordpress\/wp-content\/uploads\/2018\/10\/IMG_20181024_093836956-1024x767.png?resize=350%2C200","width":350,"height":200,"srcset":"https:\/\/i0.wp.com\/www.akehedman.se\/wordpress\/wp-content\/uploads\/2018\/10\/IMG_20181024_093836956-1024x767.png?resize=350%2C200 1x, https:\/\/i0.wp.com\/www.akehedman.se\/wordpress\/wp-content\/uploads\/2018\/10\/IMG_20181024_093836956-1024x767.png?resize=525%2C300 1.5x"},"classes":[]},{"id":44741,"url":"https:\/\/www.akehedman.se\/wordpress\/?p=44741","url_meta":{"origin":34452,"position":4},"title":"Pank och f\u00e5gelfri","author":"\u00c5ke Hedman","date":"2023-03-31","format":false,"excerpt":"Photo by Jack Sparrow on Pexels.com Heldag i Bolln\u00e4s. Bunkring. All handling (i princip) under m\u00e5naden under en dag. Rubbet. Avklarat. Hemk\u00f6rt. Hemburet. Inpackat. Optiker. Fris\u00f6r. Konditori och pizza p\u00e5 det. Det finns dagar man inte b\u00f6r r\u00e4kna kalorier. Inte pengar kvar p\u00e5 konton heller. Men... vet att s\u00e4songens sista\u2026","rel":"","context":"In &quot;Betraktelser &amp; Ber\u00e4ttelse&quot;","block_context":{"text":"Betraktelser &amp; Ber\u00e4ttelse","link":"https:\/\/www.akehedman.se\/wordpress\/?cat=24"},"img":{"alt_text":"making a payment with a smartphone","src":"https:\/\/i0.wp.com\/www.akehedman.se\/wordpress\/wp-content\/uploads\/2023\/03\/pexels-photo-4199524.jpeg?resize=350%2C200&ssl=1","width":350,"height":200,"srcset":"https:\/\/i0.wp.com\/www.akehedman.se\/wordpress\/wp-content\/uploads\/2023\/03\/pexels-photo-4199524.jpeg?resize=350%2C200&ssl=1 1x, https:\/\/i0.wp.com\/www.akehedman.se\/wordpress\/wp-content\/uploads\/2023\/03\/pexels-photo-4199524.jpeg?resize=525%2C300&ssl=1 1.5x, https:\/\/i0.wp.com\/www.akehedman.se\/wordpress\/wp-content\/uploads\/2023\/03\/pexels-photo-4199524.jpeg?resize=700%2C400&ssl=1 2x"},"classes":[]},{"id":17193,"url":"https:\/\/www.akehedman.se\/wordpress\/?p=17193","url_meta":{"origin":34452,"position":5},"title":"Morgon i Portugal","author":"\u00c5ke Hedman","date":"2015-03-24","format":false,"excerpt":"Kvart \u00f6ver elva. T\u00e4nker ge mig snart. Ja jag f\u00f6rtj\u00e4nar en stunds l\u00e4ngre l\u00e4sning ikv\u00e4ll. Tr\u00f6tt. Beh\u00f6vde egentligen sitta fullst\u00e4ndigt naken som han\/hon\/det\/gud skapade mig med blomkrans i h\u00e5ret\u00a0 och barbacka p\u00e5 en vit lugn h\u00e4st med l\u00e5ng i vinden fladdrande man som sakta, sakta vandrar fram efter en Portugisisk\u2026","rel":"","context":"In &quot;Betraktelser &amp; Ber\u00e4ttelse&quot;","block_context":{"text":"Betraktelser &amp; Ber\u00e4ttelse","link":"https:\/\/www.akehedman.se\/wordpress\/?cat=24"},"img":{"alt_text":"Praia-da-Rocha-Portugal","src":"https:\/\/i0.wp.com\/www.eurosource.se\/akhe\/wordpress\/wp-content\/uploads\/2015\/03\/Praia-da-Rocha-Portugal.jpg?resize=350%2C200","width":350,"height":200,"srcset":"https:\/\/i0.wp.com\/www.eurosource.se\/akhe\/wordpress\/wp-content\/uploads\/2015\/03\/Praia-da-Rocha-Portugal.jpg?resize=350%2C200 1x, https:\/\/i0.wp.com\/www.eurosource.se\/akhe\/wordpress\/wp-content\/uploads\/2015\/03\/Praia-da-Rocha-Portugal.jpg?resize=525%2C300 1.5x, https:\/\/i0.wp.com\/www.eurosource.se\/akhe\/wordpress\/wp-content\/uploads\/2015\/03\/Praia-da-Rocha-Portugal.jpg?resize=700%2C400 2x"},"classes":[]}],"jetpack_shortlink":"https:\/\/wp.me\/s68PL2-gubbar","_links":{"self":[{"href":"https:\/\/www.akehedman.se\/wordpress\/index.php?rest_route=\/wp\/v2\/posts\/34452","targetHints":{"allow":["GET"]}}],"collection":[{"href":"https:\/\/www.akehedman.se\/wordpress\/index.php?rest_route=\/wp\/v2\/posts"}],"about":[{"href":"https:\/\/www.akehedman.se\/wordpress\/index.php?rest_route=\/wp\/v2\/types\/post"}],"author":[{"embeddable":true,"href":"https:\/\/www.akehedman.se\/wordpress\/index.php?rest_route=\/wp\/v2\/users\/24"}],"replies":[{"embeddable":true,"href":"https:\/\/www.akehedman.se\/wordpress\/index.php?rest_route=%2Fwp%2Fv2%2Fcomments&post=34452"}],"version-history":[{"count":1,"href":"https:\/\/www.akehedman.se\/wordpress\/index.php?rest_route=\/wp\/v2\/posts\/34452\/revisions"}],"predecessor-version":[{"id":34454,"href":"https:\/\/www.akehedman.se\/wordpress\/index.php?rest_route=\/wp\/v2\/posts\/34452\/revisions\/34454"}],"wp:attachment":[{"href":"https:\/\/www.akehedman.se\/wordpress\/index.php?rest_route=%2Fwp%2Fv2%2Fmedia&parent=34452"}],"wp:term":[{"taxonomy":"category","embeddable":true,"href":"https:\/\/www.akehedman.se\/wordpress\/index.php?rest_route=%2Fwp%2Fv2%2Fcategories&post=34452"},{"taxonomy":"post_tag","embeddable":true,"href":"https:\/\/www.akehedman.se\/wordpress\/index.php?rest_route=%2Fwp%2Fv2%2Ftags&post=34452"}],"curies":[{"name":"wp","href":"https:\/\/api.w.org\/{rel}","templated":true}]}}