{"id":34448,"date":"2020-02-11T16:45:42","date_gmt":"2020-02-11T15:45:42","guid":{"rendered":"https:\/\/www.akehedman.se\/wordpress\/?p=34448"},"modified":"2020-02-11T16:45:42","modified_gmt":"2020-02-11T15:45:42","slug":"stammer-icke","status":"publish","type":"post","link":"https:\/\/www.akehedman.se\/wordpress\/?p=34448","title":{"rendered":"St\u00e4mmer icke"},"content":{"rendered":"\n<p class=\"wp-block-paragraph\">Klockan och ljuset d\u00e4r ute&#8230; det st\u00e4mmer inte riktigt. Var tog m\u00f6rkret v\u00e4gen?<\/p>\n\n\n\n<figure class=\"wp-block-image size-large\"><img data-recalc-dims=\"1\" loading=\"lazy\" decoding=\"async\" width=\"501\" height=\"890\" src=\"https:\/\/i0.wp.com\/www.akehedman.se\/wordpress\/wp-content\/uploads\/2020\/02\/IMG_20200211_164247394.jpg?resize=501%2C890&#038;ssl=1\" alt=\"\" class=\"wp-image-34449\" srcset=\"https:\/\/i0.wp.com\/www.akehedman.se\/wordpress\/wp-content\/uploads\/2020\/02\/IMG_20200211_164247394.jpg?w=501&amp;ssl=1 501w, https:\/\/i0.wp.com\/www.akehedman.se\/wordpress\/wp-content\/uploads\/2020\/02\/IMG_20200211_164247394.jpg?resize=169%2C300&amp;ssl=1 169w\" sizes=\"auto, (max-width: 501px) 100vw, 501px\" \/><\/figure>\n\n\n\n<figure class=\"wp-block-image size-large\"><img data-recalc-dims=\"1\" loading=\"lazy\" decoding=\"async\" width=\"580\" height=\"326\" src=\"https:\/\/i0.wp.com\/www.akehedman.se\/wordpress\/wp-content\/uploads\/2020\/02\/IMG_20200211_164235482.jpg?resize=580%2C326&#038;ssl=1\" alt=\"\" class=\"wp-image-34450\" srcset=\"https:\/\/i0.wp.com\/www.akehedman.se\/wordpress\/wp-content\/uploads\/2020\/02\/IMG_20200211_164235482.jpg?resize=1024%2C576&amp;ssl=1 1024w, https:\/\/i0.wp.com\/www.akehedman.se\/wordpress\/wp-content\/uploads\/2020\/02\/IMG_20200211_164235482.jpg?resize=300%2C169&amp;ssl=1 300w, https:\/\/i0.wp.com\/www.akehedman.se\/wordpress\/wp-content\/uploads\/2020\/02\/IMG_20200211_164235482.jpg?resize=768%2C432&amp;ssl=1 768w, https:\/\/i0.wp.com\/www.akehedman.se\/wordpress\/wp-content\/uploads\/2020\/02\/IMG_20200211_164235482.jpg?resize=500%2C281&amp;ssl=1 500w, https:\/\/i0.wp.com\/www.akehedman.se\/wordpress\/wp-content\/uploads\/2020\/02\/IMG_20200211_164235482.jpg?w=1280&amp;ssl=1 1280w, https:\/\/i0.wp.com\/www.akehedman.se\/wordpress\/wp-content\/uploads\/2020\/02\/IMG_20200211_164235482.jpg?w=1160&amp;ssl=1 1160w\" sizes=\"auto, (max-width: 580px) 100vw, 580px\" \/><\/figure>\n","protected":false},"excerpt":{"rendered":"<p>Klockan och ljuset d\u00e4r ute&#8230; det st\u00e4mmer inte riktigt. Var tog m\u00f6rkret v\u00e4gen?<\/p>\n","protected":false},"author":24,"featured_media":0,"comment_status":"open","ping_status":"open","sticky":false,"template":"","format":"standard","meta":{"_crdt_document":"","jetpack_post_was_ever_published":false,"_jetpack_newsletter_access":"","_jetpack_dont_email_post_to_subs":false,"_jetpack_newsletter_tier_id":0,"_jetpack_memberships_contains_paywalled_content":false,"_jetpack_memberships_contains_paid_content":false,"footnotes":"","jetpack_publicize_message":"","jetpack_publicize_feature_enabled":true,"jetpack_social_post_already_shared":false,"jetpack_social_options":{"image_generator_settings":{"template":"highway","default_image_id":0,"font":"","enabled":false},"version":2}},"categories":[24],"tags":[],"class_list":["post-34448","post","type-post","status-publish","format-standard","hentry","category-betraktelser"],"jetpack_publicize_connections":[],"jetpack_featured_media_url":"","jetpack_sharing_enabled":true,"jetpack_likes_enabled":true,"jetpack-related-posts":[{"id":7617,"url":"https:\/\/www.akehedman.se\/wordpress\/?p=7617","url_meta":{"origin":34448,"position":0},"title":"Ljuset i skogen","author":"\u00c5ke Hedman","date":"2013-06-16","format":false,"excerpt":"\u00a0 Vi \u00e4r i ljusets tid nu. Klockan \u00e4r tre kvartar \u00f6ver tio p\u00e5 kv\u00e4llen n\u00e4r jag skriver det h\u00e4r och ljuset har segrat d\u00e4r ute. Vi s\u00e5g det f\u00f6r f\u00f6rsta g\u00e5ngen ig\u00e5r. Det smyger sig p\u00e5. \u00c4r d\u00e4r helt pl\u00f6tsligt bara. F\u00f6rsvinner ocks\u00e5 lika pl\u00f6tsligt en dryg vecka eller\u2026","rel":"","context":"In &quot;Betraktelser &amp; Ber\u00e4ttelse&quot;","block_context":{"text":"Betraktelser &amp; Ber\u00e4ttelse","link":"https:\/\/www.akehedman.se\/wordpress\/?cat=24"},"img":{"alt_text":"","src":"https:\/\/i0.wp.com\/www.akehedman.se\/wordpress\/wp-content\/uploads\/2017\/11\/004-EFFECTS-1024x768.jpg?resize=350%2C200","width":350,"height":200,"srcset":"https:\/\/i0.wp.com\/www.akehedman.se\/wordpress\/wp-content\/uploads\/2017\/11\/004-EFFECTS-1024x768.jpg?resize=350%2C200 1x, https:\/\/i0.wp.com\/www.akehedman.se\/wordpress\/wp-content\/uploads\/2017\/11\/004-EFFECTS-1024x768.jpg?resize=525%2C300 1.5x"},"classes":[]},{"id":37947,"url":"https:\/\/www.akehedman.se\/wordpress\/?p=37947","url_meta":{"origin":34448,"position":1},"title":"Konstigt","author":"\u00c5ke Hedman","date":"2021-02-22","format":false,"excerpt":"Frossa och snuva. Jag den drabbade. Vinter allts\u00e5. Varje dag. Men mindre \u00e4n tv\u00e5 veckor till Vasaloppss\u00f6ndag utan Vasalopp. Jodo, d\u00e4r v\u00e4nder det hur som helst. Alltid. Man m\u00e5ste vara blind eller dum f\u00f6r att inte uppm\u00e4rksamma ljuset d\u00e4r ute om dagarna. LJUSET. L J U S E T! Undertecknad\u2026","rel":"","context":"In &quot;Betraktelser &amp; Ber\u00e4ttelse&quot;","block_context":{"text":"Betraktelser &amp; Ber\u00e4ttelse","link":"https:\/\/www.akehedman.se\/wordpress\/?cat=24"},"img":{"alt_text":"","src":"https:\/\/i0.wp.com\/www.akehedman.se\/wordpress\/wp-content\/uploads\/2021\/02\/Screenshot-from-2021-02-22-11-29-27.png?resize=350%2C200&ssl=1","width":350,"height":200,"srcset":"https:\/\/i0.wp.com\/www.akehedman.se\/wordpress\/wp-content\/uploads\/2021\/02\/Screenshot-from-2021-02-22-11-29-27.png?resize=350%2C200&ssl=1 1x, https:\/\/i0.wp.com\/www.akehedman.se\/wordpress\/wp-content\/uploads\/2021\/02\/Screenshot-from-2021-02-22-11-29-27.png?resize=525%2C300&ssl=1 1.5x, https:\/\/i0.wp.com\/www.akehedman.se\/wordpress\/wp-content\/uploads\/2021\/02\/Screenshot-from-2021-02-22-11-29-27.png?resize=700%2C400&ssl=1 2x"},"classes":[]},{"id":39178,"url":"https:\/\/www.akehedman.se\/wordpress\/?p=39178","url_meta":{"origin":34448,"position":2},"title":"Att ta till sig","author":"\u00c5ke Hedman","date":"2021-06-17","format":false,"excerpt":"Photo by Cliford Mervil on Pexels.com M\u00f6rker som inte \u00e4r s\u00e5 mycket m\u00f6rker. Man blir lurad av lysr\u00f6ren p\u00e5 l\u00e5tsaskontoret. Tror att det \u00e4r m\u00f6rkt ute. Men sl\u00e4cker man dom s\u00e5 inser man att vi \u00e4r d\u00e4r nu. Natten lyckas aldrig riktigt ta \u00f6ver efter dagen. Ljuset dr\u00f6jer sig kvar.\u2026","rel":"","context":"In &quot;Betraktelser &amp; Ber\u00e4ttelse&quot;","block_context":{"text":"Betraktelser &amp; Ber\u00e4ttelse","link":"https:\/\/www.akehedman.se\/wordpress\/?cat=24"},"img":{"alt_text":"starry sky over mountains","src":"https:\/\/i0.wp.com\/www.akehedman.se\/wordpress\/wp-content\/uploads\/2021\/06\/pexels-photo-2469122.jpeg?resize=350%2C200&ssl=1","width":350,"height":200,"srcset":"https:\/\/i0.wp.com\/www.akehedman.se\/wordpress\/wp-content\/uploads\/2021\/06\/pexels-photo-2469122.jpeg?resize=350%2C200&ssl=1 1x, https:\/\/i0.wp.com\/www.akehedman.se\/wordpress\/wp-content\/uploads\/2021\/06\/pexels-photo-2469122.jpeg?resize=525%2C300&ssl=1 1.5x, https:\/\/i0.wp.com\/www.akehedman.se\/wordpress\/wp-content\/uploads\/2021\/06\/pexels-photo-2469122.jpeg?resize=700%2C400&ssl=1 2x"},"classes":[]},{"id":10252,"url":"https:\/\/www.akehedman.se\/wordpress\/?p=10252","url_meta":{"origin":34448,"position":3},"title":"Mission of the day","author":"\u00c5ke Hedman","date":"2013-10-01","format":false,"excerpt":"Solen ligger p\u00e5 fr\u00e5n s\u00f6der genom m\u00e5nga kvadratmeter skolf\u00f6nster. L\u00e5nga skolsalselement hinner inte med att reagera p\u00e5 all v\u00e4rmeinstr\u00e5lning s\u00e5 det blir varmt, riktigt varmt, 25.1 grader varmt p\u00e5 ett l\u00e5tsaskontor h\u00e4r ute i ingenstans. Man kan allts\u00e5 inte klaga. M\u00f6jligen d\u00e5 f\u00f6r att man sitter inne, men det \u00e4r\u2026","rel":"","context":"In &quot;Betraktelser &amp; Ber\u00e4ttelse&quot;","block_context":{"text":"Betraktelser &amp; Ber\u00e4ttelse","link":"https:\/\/www.akehedman.se\/wordpress\/?cat=24"},"img":{"alt_text":"sadesarla","src":"https:\/\/i0.wp.com\/www.eurosource.se\/akhe\/wordpress\/wp-content\/uploads\/2013\/08\/sadesarla.jpg?resize=350%2C200","width":350,"height":200,"srcset":"https:\/\/i0.wp.com\/www.eurosource.se\/akhe\/wordpress\/wp-content\/uploads\/2013\/08\/sadesarla.jpg?resize=350%2C200 1x, https:\/\/i0.wp.com\/www.eurosource.se\/akhe\/wordpress\/wp-content\/uploads\/2013\/08\/sadesarla.jpg?resize=525%2C300 1.5x"},"classes":[]},{"id":19421,"url":"https:\/\/www.akehedman.se\/wordpress\/?p=19421","url_meta":{"origin":34448,"position":4},"title":"Fast i ett konstant tillst\u00e5nd av vila","author":"\u00c5ke Hedman","date":"2016-01-10","format":false,"excerpt":"Jo tack. Det \u00e4r ganska bra. Lite tr\u00f6tt bara. Julledigheten sitter i. Imorgon b\u00f6rjar arbetet p\u00e5 riktigt. Hoppas jag. Det m\u00e5ste det g\u00f6ra. Inte mycket gjort idag. Nyttigt. Mest vila. Samma ig\u00e5r. Ett par kilo upp under julen. \"ett par\" slarvigt uttryckt och icke betydande \"2\". Just det \u00e4r mindre\u2026","rel":"","context":"In &quot;Betraktelser &amp; Ber\u00e4ttelse&quot;","block_context":{"text":"Betraktelser &amp; Ber\u00e4ttelse","link":"https:\/\/www.akehedman.se\/wordpress\/?cat=24"},"img":{"alt_text":"spbubblor-004_157605641","src":"https:\/\/i0.wp.com\/www.akehedman.se\/wordpress\/wp-content\/uploads\/2015\/11\/spbubblor-004_157605641.jpg?resize=350%2C200","width":350,"height":200,"srcset":"https:\/\/i0.wp.com\/www.akehedman.se\/wordpress\/wp-content\/uploads\/2015\/11\/spbubblor-004_157605641.jpg?resize=350%2C200 1x, https:\/\/i0.wp.com\/www.akehedman.se\/wordpress\/wp-content\/uploads\/2015\/11\/spbubblor-004_157605641.jpg?resize=525%2C300 1.5x"},"classes":[]},{"id":6804,"url":"https:\/\/www.akehedman.se\/wordpress\/?p=6804","url_meta":{"origin":34448,"position":5},"title":"V\u00e5rligt","author":"\u00c5ke Hedman","date":"2013-04-17","format":false,"excerpt":"Det sm\u00e4lter och droppar utanf\u00f6r f\u00f6nstret. Inte bara under dan utan ocks\u00e5 p\u00e5 natten. Bergfinkarna \u00e4r redan h\u00e4r och med dom vet vi att det f\u00f6ljer med en och annan Bofink. Var dom inte s\u00e5 sv\u00e5ra att skilja \u00e5t s\u00e5 skulle man se dom. Jag ser bara Bergfinkar. Det \u00e4r\u2026","rel":"","context":"In &quot;Betraktelser &amp; Ber\u00e4ttelse&quot;","block_context":{"text":"Betraktelser &amp; Ber\u00e4ttelse","link":"https:\/\/www.akehedman.se\/wordpress\/?cat=24"},"img":{"alt_text":"2013-04-17 23-03-28","src":"https:\/\/i0.wp.com\/www.eurosource.se\/akhe\/wordpress\/wp-content\/uploads\/2013\/04\/2013-04-17-23-03-28.jpg?resize=350%2C200","width":350,"height":200},"classes":[]}],"jetpack_shortlink":"https:\/\/wp.me\/p68PL2-8XC","_links":{"self":[{"href":"https:\/\/www.akehedman.se\/wordpress\/index.php?rest_route=\/wp\/v2\/posts\/34448","targetHints":{"allow":["GET"]}}],"collection":[{"href":"https:\/\/www.akehedman.se\/wordpress\/index.php?rest_route=\/wp\/v2\/posts"}],"about":[{"href":"https:\/\/www.akehedman.se\/wordpress\/index.php?rest_route=\/wp\/v2\/types\/post"}],"author":[{"embeddable":true,"href":"https:\/\/www.akehedman.se\/wordpress\/index.php?rest_route=\/wp\/v2\/users\/24"}],"replies":[{"embeddable":true,"href":"https:\/\/www.akehedman.se\/wordpress\/index.php?rest_route=%2Fwp%2Fv2%2Fcomments&post=34448"}],"version-history":[{"count":1,"href":"https:\/\/www.akehedman.se\/wordpress\/index.php?rest_route=\/wp\/v2\/posts\/34448\/revisions"}],"predecessor-version":[{"id":34451,"href":"https:\/\/www.akehedman.se\/wordpress\/index.php?rest_route=\/wp\/v2\/posts\/34448\/revisions\/34451"}],"wp:attachment":[{"href":"https:\/\/www.akehedman.se\/wordpress\/index.php?rest_route=%2Fwp%2Fv2%2Fmedia&parent=34448"}],"wp:term":[{"taxonomy":"category","embeddable":true,"href":"https:\/\/www.akehedman.se\/wordpress\/index.php?rest_route=%2Fwp%2Fv2%2Fcategories&post=34448"},{"taxonomy":"post_tag","embeddable":true,"href":"https:\/\/www.akehedman.se\/wordpress\/index.php?rest_route=%2Fwp%2Fv2%2Ftags&post=34448"}],"curies":[{"name":"wp","href":"https:\/\/api.w.org\/{rel}","templated":true}]}}