{"id":34258,"date":"2020-01-26T15:39:50","date_gmt":"2020-01-26T14:39:50","guid":{"rendered":"https:\/\/www.akehedman.se\/wordpress\/?p=34258"},"modified":"2020-01-26T15:39:50","modified_gmt":"2020-01-26T14:39:50","slug":"senast-lasta-bok-346","status":"publish","type":"post","link":"https:\/\/www.akehedman.se\/wordpress\/?p=34258","title":{"rendered":"Senast l\u00e4sta bok"},"content":{"rendered":"\n<p class=\"wp-block-paragraph\"><a href=\"https:\/\/www.bokus.com\/bok\/9789113088594\/i-ar-blir-det-nog-battre\/\">I \u00e5r blir det nog b\u00e4ttre<\/a> av <a href=\"https:\/\/www.adlibris.com\/se\/bok\/i-ar-blir-det-nog-battre-9789113088594\">Maeve Binchy<\/a><\/p>\n\n\n\n<figure class=\"wp-block-image size-large\"><img data-recalc-dims=\"1\" loading=\"lazy\" decoding=\"async\" width=\"185\" height=\"300\" src=\"https:\/\/i0.wp.com\/www.akehedman.se\/wordpress\/wp-content\/uploads\/2020\/01\/9789113088594_200x_i-ar-blir-det-nog-battre_pocket.jpeg?resize=185%2C300&#038;ssl=1\" alt=\"\" class=\"wp-image-34259\"\/><\/figure>\n\n\n\n<p class=\"wp-block-paragraph\">Jag gilla novellsamlingar. \u00c4nd\u00e5 l\u00e4ser jag alldeles f\u00f6r f\u00e5. M\u00e5ste bli \u00e4ndring p\u00e5 det. Japp! <\/p>\n\n\n\n<p class=\"wp-block-paragraph\">Det h\u00e4r \u00e4r en samling som kretsar kring temat jul. Lite spretig s\u00e5d\u00e4r. Men fungerar OK just f\u00f6r att det \u00e4r noveller.  Man tar sig igenom. Det hade man antagligen inte gjort om det varit en hel roman. Men OK allts\u00e5, inte mer. Man kan l\u00e4gga sina pengar p\u00e5 n\u00e5got som \u00e4r mer l\u00e4sv\u00e4rt \u00e4n just den h\u00e4r samlingen om man \u00e4r ute efter en bok att l\u00e4sa.  Tycker jag d\u00e5. Jag som \u00e4r helt s\u00e4ker p\u00e5 att det finns andra som upplever de h\u00e4r historierna p\u00e5 ett helt annat s\u00e4tt. Men olika \u00e4r bra. <\/p>\n\n\n\n<p class=\"wp-block-paragraph\">Andra b\u00f6cker jag l\u00e4st finns\u00a0<a href=\"http:\/\/www.akehedman.se\/wordpress\/?cat=13\">h\u00e4r<\/a>.<\/p>\n","protected":false},"excerpt":{"rendered":"<p>I \u00e5r blir det nog b\u00e4ttre av Maeve Binchy Jag gilla novellsamlingar. \u00c4nd\u00e5 l\u00e4ser jag alldeles f\u00f6r f\u00e5. M\u00e5ste bli \u00e4ndring p\u00e5 det. Japp! Det h\u00e4r \u00e4r en samling som kretsar kring temat jul. Lite spretig s\u00e5d\u00e4r. Men fungerar OK just f\u00f6r att det \u00e4r noveller. Man tar sig igenom. Det hade man antagligen inte [&hellip;]<\/p>\n","protected":false},"author":24,"featured_media":0,"comment_status":"open","ping_status":"open","sticky":false,"template":"","format":"standard","meta":{"_crdt_document":"","jetpack_post_was_ever_published":false,"_jetpack_newsletter_access":"","_jetpack_dont_email_post_to_subs":false,"_jetpack_newsletter_tier_id":0,"_jetpack_memberships_contains_paywalled_content":false,"_jetpack_memberships_contains_paid_content":false,"footnotes":"","jetpack_publicize_message":"","jetpack_publicize_feature_enabled":true,"jetpack_social_post_already_shared":false,"jetpack_social_options":{"image_generator_settings":{"template":"highway","default_image_id":0,"font":"","enabled":false},"version":2}},"categories":[13],"tags":[],"class_list":["post-34258","post","type-post","status-publish","format-standard","hentry","category-bocker"],"jetpack_publicize_connections":[],"jetpack_featured_media_url":"","jetpack_sharing_enabled":true,"jetpack_likes_enabled":true,"jetpack-related-posts":[{"id":18131,"url":"https:\/\/www.akehedman.se\/wordpress\/?p=18131","url_meta":{"origin":34258,"position":0},"title":"&#8220;Skriv en timme&#8221; &#8211; n\u00e4stan som Arne Tammers kvart","author":"\u00c5ke Hedman","date":"2015-06-17","format":false,"excerpt":"Det \u00e4r midsommarafton i \u00f6vermorgon. Jag fattar inte. Hur skall man kunna det. Jag har fortfarande elelementet p\u00e5 h\u00e4r p\u00e5 kontoret. Ist\u00e4llet borde det vara \u00f6ppna f\u00f6nster som sl\u00e4pper in ljumma sommarvindar och f\u00e5gels\u00e5ng. Men icke. Jag sitter h\u00e4r och fryser. Men midsommar p\u00e5 g\u00e5ng allts\u00e5. Man fattar inte. Det\u2026","rel":"","context":"In &quot;Betraktelser &amp; Ber\u00e4ttelse&quot;","block_context":{"text":"Betraktelser &amp; Ber\u00e4ttelse","link":"https:\/\/www.akehedman.se\/wordpress\/?cat=24"},"img":{"alt_text":"001","src":"https:\/\/i0.wp.com\/www.akehedman.se\/wordpress\/wp-content\/uploads\/2015\/06\/001-1024x768.jpg?resize=350%2C200","width":350,"height":200,"srcset":"https:\/\/i0.wp.com\/www.akehedman.se\/wordpress\/wp-content\/uploads\/2015\/06\/001-1024x768.jpg?resize=350%2C200 1x, https:\/\/i0.wp.com\/www.akehedman.se\/wordpress\/wp-content\/uploads\/2015\/06\/001-1024x768.jpg?resize=525%2C300 1.5x"},"classes":[]},{"id":22794,"url":"https:\/\/www.akehedman.se\/wordpress\/?p=22794","url_meta":{"origin":34258,"position":1},"title":"Vindkraft och s\u00f6mmerskef\u00f6retag","author":"\u00c5ke Hedman","date":"2017-01-09","format":false,"excerpt":"Gr\u00e5v\u00e4der. Kan inte s\u00e4ga att det g\u00f6r mig n\u00e5got. Bra l\u00e5tsasjobbarv\u00e4der. -7 ute. Ungef\u00e4r. Japp -6.75 men ni vet hur det \u00e4r,\u00a0 alla fall om ni l\u00e4st texter h\u00e4r tidigare, det \u00e4r sv\u00e5rt att n\u00e5 mer \u00e4n ungef\u00e4r. Det spelar ingen roll hur m\u00e5nga siffror man skriver ut. Ungef\u00e4r blir\u2026","rel":"","context":"In &quot;Betraktelser &amp; Ber\u00e4ttelse&quot;","block_context":{"text":"Betraktelser &amp; Ber\u00e4ttelse","link":"https:\/\/www.akehedman.se\/wordpress\/?cat=24"},"img":{"alt_text":"","src":"https:\/\/i0.wp.com\/www.akehedman.se\/wordpress\/wp-content\/uploads\/2017\/01\/Screenshot-from-2017-01-09-090809-1024x846.png?resize=350%2C200","width":350,"height":200,"srcset":"https:\/\/i0.wp.com\/www.akehedman.se\/wordpress\/wp-content\/uploads\/2017\/01\/Screenshot-from-2017-01-09-090809-1024x846.png?resize=350%2C200 1x, https:\/\/i0.wp.com\/www.akehedman.se\/wordpress\/wp-content\/uploads\/2017\/01\/Screenshot-from-2017-01-09-090809-1024x846.png?resize=525%2C300 1.5x"},"classes":[]},{"id":14690,"url":"https:\/\/www.akehedman.se\/wordpress\/?p=14690","url_meta":{"origin":34258,"position":2},"title":"Boken skriker &#8220;kom, kom, kom &#8211; l\u00e4s mig&#8230;&#8221;","author":"\u00c5ke Hedman","date":"2014-09-07","format":false,"excerpt":"S\u00e5 \u00e4r s\u00f6ndagens jobb klart. Eller klart \u00e4r fel ord. Jag orkar inte jobba mer idag och dessutom s\u00e5 har jag Jan Guillou\u00a0senaste bok p\u00e5 nattduksbordet och den \u00e4r s\u00e5klart alldeles underbar.Jag har l\u00e4st halva fast jag b\u00f6rjade med den i fredags. Den f\u00e5r mig att skratta, gr\u00e5ta och f\u00f6rst\u00e5.\u2026","rel":"","context":"In &quot;Betraktelser &amp; Ber\u00e4ttelse&quot;","block_context":{"text":"Betraktelser &amp; Ber\u00e4ttelse","link":"https:\/\/www.akehedman.se\/wordpress\/?cat=24"},"img":{"alt_text":"bok-utan-ord","src":"https:\/\/i0.wp.com\/www.eurosource.se\/akhe\/wordpress\/wp-content\/uploads\/2014\/09\/bok-utan-ord.jpg?resize=350%2C200","width":350,"height":200},"classes":[]},{"id":8739,"url":"https:\/\/www.akehedman.se\/wordpress\/?p=8739","url_meta":{"origin":34258,"position":3},"title":"&#8220;Ett lent skith\u00e5l och 99 andra korta historier&#8221;","author":"\u00c5ke Hedman","date":"2013-08-20","format":false,"excerpt":"Lyckades inte ens l\u00e5tsasjobba idag efter att ha hittat den k\u00e4ra katten d\u00f6d och det blev liksom ingen riktig h\u00f6jdardag s\u00e5klart. Vi \u00e4r alla ledsna h\u00e4r i huset eftersom en familjemedlem faktiskt \u00e4r d\u00f6d. En som \u00e4r saknad som vilken annan som helst annan av oss. V\u00e4rst f\u00f6r Karin s\u00e5klart.\u2026","rel":"","context":"In &quot;Betraktelser &amp; Ber\u00e4ttelse&quot;","block_context":{"text":"Betraktelser &amp; Ber\u00e4ttelse","link":"https:\/\/www.akehedman.se\/wordpress\/?cat=24"},"img":{"alt_text":"700x700","src":"https:\/\/i0.wp.com\/www.akehedman.se\/wordpress\/wp-content\/uploads\/2013\/08\/700x700.jpg?resize=350%2C200","width":350,"height":200},"classes":[]},{"id":32271,"url":"https:\/\/www.akehedman.se\/wordpress\/?p=32271","url_meta":{"origin":34258,"position":4},"title":"Senast l\u00e4sta bok","author":"\u00c5ke Hedman","date":"2019-06-02","format":false,"excerpt":"Vardagar 2 av Ulf Lundell Ja, jo, jag l\u00e4ser igenom den, precis som jag gjorde med den f\u00f6rra, precis som jag gjorde med hans blogg. Ja, jo jag gillar den. Dem. Men gn\u00e4lligt \u00e4r det. Ulf Lundell har n\u00e5tt den \u00e5ldern. Gubbgn\u00e4llar\u00e5ldern. Fast utan det d\u00e4r gn\u00e4llet s\u00e5 skulle det\u2026","rel":"","context":"In &quot;Swedish&quot;","block_context":{"text":"Swedish","link":"https:\/\/www.akehedman.se\/wordpress\/?cat=2"},"img":{"alt_text":"","src":"https:\/\/i0.wp.com\/www.akehedman.se\/wordpress\/wp-content\/uploads\/2019\/06\/9789146235897_200x_vardagar-2.jpeg?resize=350%2C200&ssl=1","width":350,"height":200},"classes":[]},{"id":38539,"url":"https:\/\/www.akehedman.se\/wordpress\/?p=38539","url_meta":{"origin":34258,"position":5},"title":"Diffunderandet","author":"\u00c5ke Hedman","date":"2021-04-21","format":false,"excerpt":"Photo by Dom J on Pexels.com En r\u00f6st som blir svagare och svagare och allt mer s\u00e4llan h\u00f6rs ens av de som st\u00e5r n\u00e4rmast. V\u00e4gen in i \u00e5lderdom. V\u00e4gen in i gl\u00f6mskan. Ett \u00e5r efter att man \u00e4r borta \u00e4r det ingen som minns att man ens fanns. \u00c4nd\u00e5 kan\u2026","rel":"","context":"In &quot;Betraktelser &amp; Ber\u00e4ttelse&quot;","block_context":{"text":"Betraktelser &amp; Ber\u00e4ttelse","link":"https:\/\/www.akehedman.se\/wordpress\/?cat=24"},"img":{"alt_text":"assorted color striped illustration","src":"https:\/\/i0.wp.com\/www.akehedman.se\/wordpress\/wp-content\/uploads\/2021\/04\/pexels-photo-310452.jpeg?resize=350%2C200&ssl=1","width":350,"height":200,"srcset":"https:\/\/i0.wp.com\/www.akehedman.se\/wordpress\/wp-content\/uploads\/2021\/04\/pexels-photo-310452.jpeg?resize=350%2C200&ssl=1 1x, https:\/\/i0.wp.com\/www.akehedman.se\/wordpress\/wp-content\/uploads\/2021\/04\/pexels-photo-310452.jpeg?resize=525%2C300&ssl=1 1.5x, https:\/\/i0.wp.com\/www.akehedman.se\/wordpress\/wp-content\/uploads\/2021\/04\/pexels-photo-310452.jpeg?resize=700%2C400&ssl=1 2x, https:\/\/i0.wp.com\/www.akehedman.se\/wordpress\/wp-content\/uploads\/2021\/04\/pexels-photo-310452.jpeg?resize=1050%2C600&ssl=1 3x, https:\/\/i0.wp.com\/www.akehedman.se\/wordpress\/wp-content\/uploads\/2021\/04\/pexels-photo-310452.jpeg?resize=1400%2C800&ssl=1 4x"},"classes":[]}],"jetpack_shortlink":"https:\/\/wp.me\/p68PL2-8Uy","_links":{"self":[{"href":"https:\/\/www.akehedman.se\/wordpress\/index.php?rest_route=\/wp\/v2\/posts\/34258","targetHints":{"allow":["GET"]}}],"collection":[{"href":"https:\/\/www.akehedman.se\/wordpress\/index.php?rest_route=\/wp\/v2\/posts"}],"about":[{"href":"https:\/\/www.akehedman.se\/wordpress\/index.php?rest_route=\/wp\/v2\/types\/post"}],"author":[{"embeddable":true,"href":"https:\/\/www.akehedman.se\/wordpress\/index.php?rest_route=\/wp\/v2\/users\/24"}],"replies":[{"embeddable":true,"href":"https:\/\/www.akehedman.se\/wordpress\/index.php?rest_route=%2Fwp%2Fv2%2Fcomments&post=34258"}],"version-history":[{"count":1,"href":"https:\/\/www.akehedman.se\/wordpress\/index.php?rest_route=\/wp\/v2\/posts\/34258\/revisions"}],"predecessor-version":[{"id":34260,"href":"https:\/\/www.akehedman.se\/wordpress\/index.php?rest_route=\/wp\/v2\/posts\/34258\/revisions\/34260"}],"wp:attachment":[{"href":"https:\/\/www.akehedman.se\/wordpress\/index.php?rest_route=%2Fwp%2Fv2%2Fmedia&parent=34258"}],"wp:term":[{"taxonomy":"category","embeddable":true,"href":"https:\/\/www.akehedman.se\/wordpress\/index.php?rest_route=%2Fwp%2Fv2%2Fcategories&post=34258"},{"taxonomy":"post_tag","embeddable":true,"href":"https:\/\/www.akehedman.se\/wordpress\/index.php?rest_route=%2Fwp%2Fv2%2Ftags&post=34258"}],"curies":[{"name":"wp","href":"https:\/\/api.w.org\/{rel}","templated":true}]}}