{"id":33915,"date":"2019-12-22T15:42:46","date_gmt":"2019-12-22T14:42:46","guid":{"rendered":"https:\/\/www.akehedman.se\/wordpress\/?p=33915"},"modified":"2022-10-16T16:18:35","modified_gmt":"2022-10-16T15:18:35","slug":"annelie-karlsson-gruppledare-s-om-tapp-av-lo-valjare-aftonbladet","status":"publish","type":"post","link":"https:\/\/www.akehedman.se\/wordpress\/?p=33915","title":{"rendered":"Annelie Karlsson, gruppledare (S) om tapp av LO-v\u00e4ljare | Aftonbladet"},"content":{"rendered":"<blockquote><p><a href=\"https:\/\/www.aftonbladet.se\/nyheter\/samhalle\/a\/0nJVG6\/s-gruppledaren-det-har-blivit-for-snobbigt\"><img decoding=\"async\" class=\"alignnone size-full\" src=\"https:\/\/imgs.aftonbladet-cdn.se\/v2\/images\/f91a5fa5-1a6c-416f-8b3e-ddfa31356d9f?fit=crop&amp;h=733&amp;q=50&amp;w=1100&amp;s=6aba2dae56ffd21cc3cda5162996de51e3888f09\" alt=\"\" \/><\/a>Partierna har slutat prata s\u00e5 att det ber\u00f6r vanligt folk \u2013 d\u00e5 v\u00e4nder arbetarv\u00e4ljarna politiken ryggen.Det menar Socialdemokraternas gruppledare Annelie Karlsson, som anser att det ocks\u00e5 g\u00e4ller hennes eget parti.\u2013 Det har blivit f\u00f6r snobbigt generellt, s\u00e4ger hon.<\/p><\/blockquote>\n<p>Source: <em><a href=\"https:\/\/www.aftonbladet.se\/nyheter\/samhalle\/a\/0nJVG6\/s-gruppledaren-det-har-blivit-for-snobbigt\">Annelie Karlsson, gruppledare (S) om tapp av LO-v\u00e4ljare | Aftonbladet<\/a><\/em><\/p>\n<p>Tage Erlander s\u00e5g det h\u00e4r komma redan p\u00e5 sin tid. M\u00e4nniskor som f\u00e5r det b\u00e4ttre. Inte fan minns dom hur det var innan och hur man kom dit man kom. Dom blir Moderater, KD och SD.\u00a0 Tage s\u00e5g det redan d\u00e5. Vill man ha tillbaks dom d\u00e4r v\u00e4ljarna f\u00e5r man s\u00e4lja sin sj\u00e4l &#8211; precis som man g\u00f6r idag &#8211; och bli ett h\u00f6gerparti. Fast vem fan vill ha ett till &#8220;<em>se bara till dig sj\u00e4lv och dina n\u00e4rmaste<\/em>&#8221; parti?<\/p>\n","protected":false},"excerpt":{"rendered":"<p>Partierna har slutat prata s\u00e5 att det ber\u00f6r vanligt folk \u2013 d\u00e5 v\u00e4nder arbetarv\u00e4ljarna politiken ryggen.Det menar Socialdemokraternas gruppledare Annelie Karlsson, som anser att det ocks\u00e5 g\u00e4ller hennes eget parti.\u2013 Det har blivit f\u00f6r snobbigt generellt, s\u00e4ger hon. Source: Annelie Karlsson, gruppledare (S) om tapp av LO-v\u00e4ljare | Aftonbladet Tage Erlander s\u00e5g det h\u00e4r komma [&hellip;]<\/p>\n","protected":false},"author":24,"featured_media":0,"comment_status":"open","ping_status":"open","sticky":false,"template":"","format":"standard","meta":{"_crdt_document":"","jetpack_post_was_ever_published":false,"_jetpack_newsletter_access":"","_jetpack_dont_email_post_to_subs":false,"_jetpack_newsletter_tier_id":0,"_jetpack_memberships_contains_paywalled_content":false,"_jetpack_memberships_contains_paid_content":false,"footnotes":"","jetpack_publicize_message":"","jetpack_publicize_feature_enabled":true,"jetpack_social_post_already_shared":true,"jetpack_social_options":{"image_generator_settings":{"template":"highway","default_image_id":0,"font":"","enabled":false},"version":2}},"categories":[2],"tags":[],"class_list":["post-33915","post","type-post","status-publish","format-standard","hentry","category-swedish"],"jetpack_publicize_connections":[],"jetpack_featured_media_url":"","jetpack_sharing_enabled":true,"jetpack_likes_enabled":true,"jetpack-related-posts":[{"id":1985,"url":"https:\/\/www.akehedman.se\/wordpress\/?p=1985","url_meta":{"origin":33915,"position":0},"title":"F\u00f6retagsutveckling","author":"\u00c5ke Hedman","date":"2012-11-20","format":false,"excerpt":"Tror n\u00e5gon p\u00e5 allvar att Larry Page och Sergey Brin ett halv\u00e5r f\u00f6re den 27 september 1998 kunde g\u00e5 in p\u00e5 en bank i G\u00e4vle och f\u00e5tt gensvar f\u00f6r sina tankar att bygga Google. Altavista har en total dominans p\u00e5 s\u00f6kmotormarkanden (97% eller n\u00e5got s\u00e5dant) och h\u00e4r kommer tv\u00e5 finniga\u2026","rel":"","context":"In &quot;F\u00f6retagande&quot;","block_context":{"text":"F\u00f6retagande","link":"https:\/\/www.akehedman.se\/wordpress\/?cat=28"},"img":{"alt_text":"","src":"","width":0,"height":0},"classes":[]},{"id":1666,"url":"https:\/\/www.akehedman.se\/wordpress\/?p=1666","url_meta":{"origin":33915,"position":1},"title":"Tvivlar du?","author":"\u00c5ke Hedman","date":"2012-09-25","format":false,"excerpt":"Vad \u00e4r det som g\u00f6r att en enda negativ kommentar s\u00e4tter sig rakt in genom huden som den st\u00f6rsta fetaste sjukhusn\u00e5l fylld med sj\u00e4lvlysande gr\u00f6n s\u00f6rja och g\u00e5r in i kroppen och fastnar med hullingar i ett vibrerande nervsystemet, medan tio, tjugo, hundra eller kanske tusen positiva kommentarer bara liksom\u2026","rel":"","context":"In &quot;Betraktelser &amp; Ber\u00e4ttelse&quot;","block_context":{"text":"Betraktelser &amp; Ber\u00e4ttelse","link":"https:\/\/www.akehedman.se\/wordpress\/?cat=24"},"img":{"alt_text":"","src":"","width":0,"height":0},"classes":[]},{"id":44418,"url":"https:\/\/www.akehedman.se\/wordpress\/?p=44418","url_meta":{"origin":33915,"position":2},"title":"Att l\u00e4sa","author":"\u00c5ke Hedman","date":"2023-02-22","format":false,"excerpt":"Hur pratar man med n\u00e5gon som inte l\u00e4ser. \u00c4nnu v\u00e4rre n\u00e5gon som har blivit Facebook\/Twitter\/Instagram-uppfostrad och bara l\u00e4ser rubriker. Det g\u00e5r s\u00e5klart inte. Inledningsvis kanske. Men sen. Efter fem minuter och gud hj\u00e4lpe efter tio minuter. Snobbigt? Ja kanske. Men problemet med m\u00e4nniskor som inte l\u00e4ser att de n\u00e4stan redan\u2026","rel":"","context":"In &quot;Swedish&quot;","block_context":{"text":"Swedish","link":"https:\/\/www.akehedman.se\/wordpress\/?cat=2"},"img":{"alt_text":"Free open book photo","src":"https:\/\/i0.wp.com\/www.akehedman.se\/wordpress\/wp-content\/uploads\/2023\/02\/czNmcy1wcml2YXRlL3Jhd3BpeGVsX2ltYWdlcy93ZWJzaXRlX2NvbnRlbnQvbHIvc3YxOTIwMzQtaW1hZ2Uta3d2eDYwMG4uanBn.jpg?resize=350%2C200&ssl=1","width":350,"height":200,"srcset":"https:\/\/i0.wp.com\/www.akehedman.se\/wordpress\/wp-content\/uploads\/2023\/02\/czNmcy1wcml2YXRlL3Jhd3BpeGVsX2ltYWdlcy93ZWJzaXRlX2NvbnRlbnQvbHIvc3YxOTIwMzQtaW1hZ2Uta3d2eDYwMG4uanBn.jpg?resize=350%2C200&ssl=1 1x, https:\/\/i0.wp.com\/www.akehedman.se\/wordpress\/wp-content\/uploads\/2023\/02\/czNmcy1wcml2YXRlL3Jhd3BpeGVsX2ltYWdlcy93ZWJzaXRlX2NvbnRlbnQvbHIvc3YxOTIwMzQtaW1hZ2Uta3d2eDYwMG4uanBn.jpg?resize=525%2C300&ssl=1 1.5x, https:\/\/i0.wp.com\/www.akehedman.se\/wordpress\/wp-content\/uploads\/2023\/02\/czNmcy1wcml2YXRlL3Jhd3BpeGVsX2ltYWdlcy93ZWJzaXRlX2NvbnRlbnQvbHIvc3YxOTIwMzQtaW1hZ2Uta3d2eDYwMG4uanBn.jpg?resize=700%2C400&ssl=1 2x, https:\/\/i0.wp.com\/www.akehedman.se\/wordpress\/wp-content\/uploads\/2023\/02\/czNmcy1wcml2YXRlL3Jhd3BpeGVsX2ltYWdlcy93ZWJzaXRlX2NvbnRlbnQvbHIvc3YxOTIwMzQtaW1hZ2Uta3d2eDYwMG4uanBn.jpg?resize=1050%2C600&ssl=1 3x"},"classes":[]},{"id":3886,"url":"https:\/\/www.akehedman.se\/wordpress\/?p=3886","url_meta":{"origin":33915,"position":3},"title":"75","author":"\u00c5ke Hedman","date":"2013-03-09","format":false,"excerpt":"Barbro Svensson aka Lill-Babs fyller 75-\u00e5r idag. Som evigt ung \u00e4r hon alltid kopplad till J\u00e4rvs\u00f6 och H\u00e4lsingland. Hon har alltid bjussat p\u00e5 sig sj\u00e4lv. Alltid! Gjort det p\u00e5 ett s\u00e4tt som v\u00e4ckt beundran fr\u00e5n dom av oss som varit unga likv\u00e4l fr\u00e5n dom som varit gamla h\u00e4r i landskapet.\u2026","rel":"","context":"In &quot;Livet&quot;","block_context":{"text":"Livet","link":"https:\/\/www.akehedman.se\/wordpress\/?cat=7"},"img":{"alt_text":"","src":"https:\/\/i0.wp.com\/www.akehedman.se\/wordpress\/wp-content\/uploads\/2013\/03\/lill-babs-1_300dpi-772x1024.jpg?resize=350%2C200","width":350,"height":200,"srcset":"https:\/\/i0.wp.com\/www.akehedman.se\/wordpress\/wp-content\/uploads\/2013\/03\/lill-babs-1_300dpi-772x1024.jpg?resize=350%2C200 1x, https:\/\/i0.wp.com\/www.akehedman.se\/wordpress\/wp-content\/uploads\/2013\/03\/lill-babs-1_300dpi-772x1024.jpg?resize=525%2C300 1.5x"},"classes":[]},{"id":1779,"url":"https:\/\/www.akehedman.se\/wordpress\/?p=1779","url_meta":{"origin":33915,"position":4},"title":"Liv","author":"\u00c5ke Hedman","date":"2012-10-27","format":false,"excerpt":"S\u00e5 L\u00f6rdag. Jod\u00e5 mixerborder \u00e4r p\u00e5slaget. Pellets fyllt. D\u00e4r, i studion, t\u00e4nker jag tillbringa dagen, men ocks\u00e5 kv\u00e4llen eftersom frugan skall ut p\u00e5 lokal och fnittar med tjejkompisarna. Men f\u00f6rst har jag n\u00e5gra mail att svara p\u00e5. F\u00f6rundras fortfarande av att v\u00e4rlden d\u00e4r ute \u00e4r s\u00e5 n\u00e4ra numera. Dom sitter\u2026","rel":"","context":"In &quot;Betraktelser &amp; Ber\u00e4ttelse&quot;","block_context":{"text":"Betraktelser &amp; Ber\u00e4ttelse","link":"https:\/\/www.akehedman.se\/wordpress\/?cat=24"},"img":{"alt_text":"","src":"","width":0,"height":0},"classes":[]},{"id":2664,"url":"https:\/\/www.akehedman.se\/wordpress\/?p=2664","url_meta":{"origin":33915,"position":5},"title":"Leve Skiten!","author":"\u00c5ke Hedman","date":"2013-01-19","format":false,"excerpt":"I dagens Svenska Dagbladet kr\u00e4ks en kulturjournalist \u00f6ver alla skitb\u00f6cker som ges ut idag. Kulturredaktionen formligen \u00f6versv\u00e4mmas enligt honom av skit idag n\u00e4r folk starta f\u00f6rlag h\u00f6ger och v\u00e4nster och mitt emellan. En stund senare l\u00e4ser jag i f\u00f6rordet till en bok att William Golding's Flugornas Herre blir refuserad 21\u2026","rel":"","context":"In &quot;Betraktelser &amp; Ber\u00e4ttelse&quot;","block_context":{"text":"Betraktelser &amp; Ber\u00e4ttelse","link":"https:\/\/www.akehedman.se\/wordpress\/?cat=24"},"img":{"alt_text":"","src":"https:\/\/i0.wp.com\/www.eurosource.se\/akhe\/wordpress\/wp-content\/uploads\/2012\/12\/jy-1980-300.thumbnail.jpg?resize=350%2C200","width":350,"height":200},"classes":[]}],"jetpack_shortlink":"https:\/\/wp.me\/p68PL2-8P1","_links":{"self":[{"href":"https:\/\/www.akehedman.se\/wordpress\/index.php?rest_route=\/wp\/v2\/posts\/33915","targetHints":{"allow":["GET"]}}],"collection":[{"href":"https:\/\/www.akehedman.se\/wordpress\/index.php?rest_route=\/wp\/v2\/posts"}],"about":[{"href":"https:\/\/www.akehedman.se\/wordpress\/index.php?rest_route=\/wp\/v2\/types\/post"}],"author":[{"embeddable":true,"href":"https:\/\/www.akehedman.se\/wordpress\/index.php?rest_route=\/wp\/v2\/users\/24"}],"replies":[{"embeddable":true,"href":"https:\/\/www.akehedman.se\/wordpress\/index.php?rest_route=%2Fwp%2Fv2%2Fcomments&post=33915"}],"version-history":[{"count":2,"href":"https:\/\/www.akehedman.se\/wordpress\/index.php?rest_route=\/wp\/v2\/posts\/33915\/revisions"}],"predecessor-version":[{"id":43098,"href":"https:\/\/www.akehedman.se\/wordpress\/index.php?rest_route=\/wp\/v2\/posts\/33915\/revisions\/43098"}],"wp:attachment":[{"href":"https:\/\/www.akehedman.se\/wordpress\/index.php?rest_route=%2Fwp%2Fv2%2Fmedia&parent=33915"}],"wp:term":[{"taxonomy":"category","embeddable":true,"href":"https:\/\/www.akehedman.se\/wordpress\/index.php?rest_route=%2Fwp%2Fv2%2Fcategories&post=33915"},{"taxonomy":"post_tag","embeddable":true,"href":"https:\/\/www.akehedman.se\/wordpress\/index.php?rest_route=%2Fwp%2Fv2%2Ftags&post=33915"}],"curies":[{"name":"wp","href":"https:\/\/api.w.org\/{rel}","templated":true}]}}