{"id":33912,"date":"2019-12-22T13:49:25","date_gmt":"2019-12-22T12:49:25","guid":{"rendered":"https:\/\/www.akehedman.se\/wordpress\/?p=33912"},"modified":"2019-12-22T13:49:25","modified_gmt":"2019-12-22T12:49:25","slug":"0519","status":"publish","type":"post","link":"https:\/\/www.akehedman.se\/wordpress\/?p=33912","title":{"rendered":"05:19"},"content":{"rendered":"\n<figure class=\"wp-block-image size-large\"><img loading=\"lazy\" decoding=\"async\" width=\"1440\" height=\"2560\" src=\"https:\/\/i0.wp.com\/www.akehedman.se\/wordpress\/wp-content\/uploads\/2019\/12\/IMG_20191222_085920598-scaled.jpg?fit=576%2C1024&amp;ssl=1\" alt=\"\" class=\"wp-image-33913\" srcset=\"https:\/\/i0.wp.com\/www.akehedman.se\/wordpress\/wp-content\/uploads\/2019\/12\/IMG_20191222_085920598-scaled.jpg?w=1440&amp;ssl=1 1440w, https:\/\/i0.wp.com\/www.akehedman.se\/wordpress\/wp-content\/uploads\/2019\/12\/IMG_20191222_085920598-scaled.jpg?resize=169%2C300&amp;ssl=1 169w, https:\/\/i0.wp.com\/www.akehedman.se\/wordpress\/wp-content\/uploads\/2019\/12\/IMG_20191222_085920598-scaled.jpg?resize=576%2C1024&amp;ssl=1 576w, https:\/\/i0.wp.com\/www.akehedman.se\/wordpress\/wp-content\/uploads\/2019\/12\/IMG_20191222_085920598-scaled.jpg?resize=768%2C1365&amp;ssl=1 768w, https:\/\/i0.wp.com\/www.akehedman.se\/wordpress\/wp-content\/uploads\/2019\/12\/IMG_20191222_085920598-scaled.jpg?resize=864%2C1536&amp;ssl=1 864w, https:\/\/i0.wp.com\/www.akehedman.se\/wordpress\/wp-content\/uploads\/2019\/12\/IMG_20191222_085920598-scaled.jpg?resize=1152%2C2048&amp;ssl=1 1152w\" sizes=\"auto, (max-width: 580px) 100vw, 580px\" \/><\/figure>\n\n\n\n<p class=\"wp-block-paragraph\">05:19 i morse vintersolst\u00e5nd. Traditionsenligt reser jag mig ur s\u00e4ngen och g\u00e5r upp och v\u00e4nder p\u00e5 b\u00e5ten. Nu skall den segla s\u00f6derut \u00e4nda tills vi har sommarsolst\u00e5nd och sommar och enkelt liv. Bes\u00e4ttningen, glad och l\u00e4ttade \u00f6ver att slippa segla vidare upp bland isflak och isberg, fester till med lite rom ur den tunna jag fyllde \u00e5t dem i november. Det \u00e4r dom v\u00e4rda s\u00e5klart. Seglatsen in i m\u00f6rkret \u00e4r fylld av ensamhetens demoner och andra faror.  &#8220;S\u00f6derut&#8221; h\u00f6r jag dem alla glatt skr\u00e5la n\u00e4r jag s\u00f6mndrucken \u00e5terigen drar mig in mot s\u00e4ngkammaren f\u00f6r n\u00e5gra timmars extra s\u00f6ndagsmorgonss\u00f6mn.<\/p>\n\n\n\n<p class=\"wp-block-paragraph\">Han\/hon\/det\/gud \u00e4r fysikaliska lagar f\u00f6r mig Det r\u00e4cker. S\u00e5 julen \u00e4r just den h\u00e4r tidpunkten. Det jag firar. Den som faktisk f\u00f6renar oss alla runt om p\u00e5 jordklotet. \u00c4r inte det v\u00e4rt att fira s\u00e5 \u00e4r inget v\u00e4rt att fira.<\/p>\n\n\n\n<p class=\"wp-block-paragraph\">S\u00e5 God Jul p\u00e5 er v\u00e4nner.<\/p>\n","protected":false},"excerpt":{"rendered":"<p>05:19 i morse vintersolst\u00e5nd. Traditionsenligt reser jag mig ur s\u00e4ngen och g\u00e5r upp och v\u00e4nder p\u00e5 b\u00e5ten. Nu skall den segla s\u00f6derut \u00e4nda tills vi har sommarsolst\u00e5nd och sommar och enkelt liv. Bes\u00e4ttningen, glad och l\u00e4ttade \u00f6ver att slippa segla vidare upp bland isflak och isberg, fester till med lite rom ur den tunna jag [&hellip;]<\/p>\n","protected":false},"author":24,"featured_media":0,"comment_status":"open","ping_status":"open","sticky":false,"template":"","format":"standard","meta":{"_crdt_document":"","jetpack_post_was_ever_published":false,"_jetpack_newsletter_access":"","_jetpack_dont_email_post_to_subs":false,"_jetpack_newsletter_tier_id":0,"_jetpack_memberships_contains_paywalled_content":false,"_jetpack_memberships_contains_paid_content":false,"footnotes":"","jetpack_publicize_message":"","jetpack_publicize_feature_enabled":true,"jetpack_social_post_already_shared":true,"jetpack_social_options":{"image_generator_settings":{"template":"highway","default_image_id":0,"font":"","enabled":false},"version":2}},"categories":[2],"tags":[],"class_list":["post-33912","post","type-post","status-publish","format-standard","hentry","category-swedish"],"jetpack_publicize_connections":[],"jetpack_featured_media_url":"","jetpack_sharing_enabled":true,"jetpack_likes_enabled":true,"jetpack-related-posts":[{"id":8088,"url":"https:\/\/www.akehedman.se\/wordpress\/?p=8088","url_meta":{"origin":33912,"position":0},"title":"D\u00e4r jag l\u00e4gger min hatt&#8230;","author":"\u00c5ke Hedman","date":"2013-07-24","format":false,"excerpt":"Han pissar p\u00e5 mig d\u00e4r uppifr\u00e5n. Skrattar med en r\u00e5het och en barnslig gl\u00e4dje som bara kan komma fr\u00e5n ett f\u00f6rlorat hj\u00e4rta. De som allt f\u00f6r m\u00e5nga av de som s\u00e4ger att de \u00e4r Guds barn hade f\u00f6rlorat d\u00e4r i Edsbyn 1977. Men bl\u00e5san \u00e4r inte t\u00f6md \u00e4nnu. Han f\u00f6rs\u00f6ker\u2026","rel":"","context":"In &quot;Betraktelser &amp; Ber\u00e4ttelse&quot;","block_context":{"text":"Betraktelser &amp; Ber\u00e4ttelse","link":"https:\/\/www.akehedman.se\/wordpress\/?cat=24"},"img":{"alt_text":"Hatt","src":"https:\/\/i0.wp.com\/www.eurosource.se\/akhe\/wordpress\/wp-content\/uploads\/2013\/07\/Hatt-1024x908.jpg?resize=350%2C200","width":350,"height":200,"srcset":"https:\/\/i0.wp.com\/www.eurosource.se\/akhe\/wordpress\/wp-content\/uploads\/2013\/07\/Hatt-1024x908.jpg?resize=350%2C200 1x, https:\/\/i0.wp.com\/www.eurosource.se\/akhe\/wordpress\/wp-content\/uploads\/2013\/07\/Hatt-1024x908.jpg?resize=525%2C300 1.5x"},"classes":[]},{"id":17402,"url":"https:\/\/www.akehedman.se\/wordpress\/?p=17402","url_meta":{"origin":33912,"position":1},"title":"S\u00f6derut","author":"\u00c5ke Hedman","date":"2015-04-08","format":false,"excerpt":"Jag vandrar s\u00f6derut. Jag hade fel ig\u00e5r. S\u00f6derut \u00e4r \u00e5t det h\u00e5ll jag liksom k\u00e4nner att Edsbyn och \u00d6stersj\u00f6n och Ryssland ligger. Men har fel allts\u00e5. Det enda jag inte kan fatta n\u00e4r jag kommer fram till huset som jag \u00e4lskar och d\u00e4rf\u00f6r m\u00e5ste sl\u00e4ppa mig fri fr\u00e5n, f\u00f6r att\u2026","rel":"","context":"In &quot;Betraktelser &amp; Ber\u00e4ttelse&quot;","block_context":{"text":"Betraktelser &amp; Ber\u00e4ttelse","link":"https:\/\/www.akehedman.se\/wordpress\/?cat=24"},"img":{"alt_text":"003","src":"https:\/\/i0.wp.com\/www.eurosource.se\/akhe\/wordpress\/wp-content\/uploads\/2015\/04\/003-768x1024.jpg?resize=350%2C200","width":350,"height":200,"srcset":"https:\/\/i0.wp.com\/www.eurosource.se\/akhe\/wordpress\/wp-content\/uploads\/2015\/04\/003-768x1024.jpg?resize=350%2C200 1x, https:\/\/i0.wp.com\/www.eurosource.se\/akhe\/wordpress\/wp-content\/uploads\/2015\/04\/003-768x1024.jpg?resize=525%2C300 1.5x"},"classes":[]},{"id":15765,"url":"https:\/\/www.akehedman.se\/wordpress\/?p=15765","url_meta":{"origin":33912,"position":2},"title":"Svart i sinnet","author":"\u00c5ke Hedman","date":"2014-12-16","format":false,"excerpt":"Jag st\u00e4nger ner och skickar \u00f6ver koden till USA. Min axelprotes v\u00e4rker, det g\u00e5r inte att lyfta h\u00f6ger arm. Men man kan leva med det. Om det inte alltid \u00e4r s\u00e5. F\u00f6rkyld s\u00e5klart - \u00e4r jag annat nu f\u00f6r tiden. Fryser fast det \u00e4r varmt. Jag m\u00e5ste ta mig s\u00f6derut,\u2026","rel":"","context":"In &quot;Betraktelser &amp; Ber\u00e4ttelse&quot;","block_context":{"text":"Betraktelser &amp; Ber\u00e4ttelse","link":"https:\/\/www.akehedman.se\/wordpress\/?cat=24"},"img":{"alt_text":"bigsur1_svart","src":"https:\/\/i0.wp.com\/www.eurosource.se\/akhe\/wordpress\/wp-content\/uploads\/2014\/12\/bigsur1_svart-1024x780.jpg?resize=350%2C200","width":350,"height":200,"srcset":"https:\/\/i0.wp.com\/www.eurosource.se\/akhe\/wordpress\/wp-content\/uploads\/2014\/12\/bigsur1_svart-1024x780.jpg?resize=350%2C200 1x, https:\/\/i0.wp.com\/www.eurosource.se\/akhe\/wordpress\/wp-content\/uploads\/2014\/12\/bigsur1_svart-1024x780.jpg?resize=525%2C300 1.5x"},"classes":[]},{"id":25504,"url":"https:\/\/www.akehedman.se\/wordpress\/?p=25504","url_meta":{"origin":33912,"position":3},"title":"&#8220;Wintern kommer!&#8221;","author":"\u00c5ke Hedman","date":"2017-10-02","format":false,"excerpt":"Det \u00e4r en s\u00e5dan d\u00e4r morgon som ropar \"WINTERN KOMMER!\", japp med dubbelt W eftersom s\u00e5dana h\u00e4r morgnar bryter lite l\u00e4tt p\u00e5 Tyska. Inte ens talgoxarna, som pickat p\u00e5 f\u00f6nstren efter mat i tv\u00e5 veckor nu, verkar vara ute. Det \u00e4r bara den d\u00e4r vinden, regnet, dimman, ja, h\u00f6stv\u00e4dret. Det\u2026","rel":"","context":"In &quot;Betraktelser &amp; Ber\u00e4ttelse&quot;","block_context":{"text":"Betraktelser &amp; Ber\u00e4ttelse","link":"https:\/\/www.akehedman.se\/wordpress\/?cat=24"},"img":{"alt_text":"","src":"https:\/\/i0.wp.com\/www.akehedman.se\/wordpress\/wp-content\/uploads\/2017\/10\/Los-Angeles-los-angeles-23415960-500-375.jpg?resize=350%2C200","width":350,"height":200},"classes":[]},{"id":19349,"url":"https:\/\/www.akehedman.se\/wordpress\/?p=19349","url_meta":{"origin":33912,"position":4},"title":"\u00c4ntligen st\u00e5nd","author":"\u00c5ke Hedman","date":"2015-12-22","format":false,"excerpt":"Vid fem och fyrtio\u00e5tta firade jag st\u00e5ndet. \u00c5rets nattligaste natt. H\u00e4rifr\u00e5n v\u00e4nder det. Klockan 5.48 i morse n\u00e5ddes v\u00e4ndpunkten. HOPP. Skall v\u00e4nda p\u00e5 b\u00e5ten och l\u00e5ta den segla s\u00f6derut nu till midsommar. Ja b\u00e5ten. Skeppet d\u00e4r p\u00e5 hyllan, arvegods fr\u00e5n fastrar, som seglar norrut fram till vintersolst\u00e5ndet och sedan s\u00f6derut\u2026","rel":"","context":"In &quot;Betraktelser &amp; Ber\u00e4ttelse&quot;","block_context":{"text":"Betraktelser &amp; Ber\u00e4ttelse","link":"https:\/\/www.akehedman.se\/wordpress\/?cat=24"},"img":{"alt_text":"IMG_1676","src":"https:\/\/i0.wp.com\/www.akehedman.se\/wordpress\/wp-content\/uploads\/2015\/12\/IMG_1676-1024x768.jpg?resize=350%2C200","width":350,"height":200,"srcset":"https:\/\/i0.wp.com\/www.akehedman.se\/wordpress\/wp-content\/uploads\/2015\/12\/IMG_1676-1024x768.jpg?resize=350%2C200 1x, https:\/\/i0.wp.com\/www.akehedman.se\/wordpress\/wp-content\/uploads\/2015\/12\/IMG_1676-1024x768.jpg?resize=525%2C300 1.5x"},"classes":[]},{"id":15891,"url":"https:\/\/www.akehedman.se\/wordpress\/?p=15891","url_meta":{"origin":33912,"position":5},"title":"Treenigheten","author":"\u00c5ke Hedman","date":"2014-12-29","format":false,"excerpt":"Vilket armod \u00e4r det som f\u00e5r n\u00e5gon att h\u00e4nga utanf\u00f6r Media Markts d\u00f6rrar klockan halv \u00e5tta en Juldagsmorgon? Kanske \u00e4r det den d\u00e4r avgrunden som finns inom mig som trycker p\u00e5 hos dem ocks\u00e5. Den dom fyller med en ny femtiofemtums tv till reapris, den jag fyller med jobb och\u2026","rel":"","context":"In &quot;Betraktelser &amp; Ber\u00e4ttelse&quot;","block_context":{"text":"Betraktelser &amp; Ber\u00e4ttelse","link":"https:\/\/www.akehedman.se\/wordpress\/?cat=24"},"img":{"alt_text":"009","src":"https:\/\/i0.wp.com\/www.eurosource.se\/akhe\/wordpress\/wp-content\/uploads\/2014\/12\/009-1024x768.jpg?resize=350%2C200","width":350,"height":200,"srcset":"https:\/\/i0.wp.com\/www.eurosource.se\/akhe\/wordpress\/wp-content\/uploads\/2014\/12\/009-1024x768.jpg?resize=350%2C200 1x, https:\/\/i0.wp.com\/www.eurosource.se\/akhe\/wordpress\/wp-content\/uploads\/2014\/12\/009-1024x768.jpg?resize=525%2C300 1.5x"},"classes":[]}],"jetpack_shortlink":"https:\/\/wp.me\/s68PL2-0519","_links":{"self":[{"href":"https:\/\/www.akehedman.se\/wordpress\/index.php?rest_route=\/wp\/v2\/posts\/33912","targetHints":{"allow":["GET"]}}],"collection":[{"href":"https:\/\/www.akehedman.se\/wordpress\/index.php?rest_route=\/wp\/v2\/posts"}],"about":[{"href":"https:\/\/www.akehedman.se\/wordpress\/index.php?rest_route=\/wp\/v2\/types\/post"}],"author":[{"embeddable":true,"href":"https:\/\/www.akehedman.se\/wordpress\/index.php?rest_route=\/wp\/v2\/users\/24"}],"replies":[{"embeddable":true,"href":"https:\/\/www.akehedman.se\/wordpress\/index.php?rest_route=%2Fwp%2Fv2%2Fcomments&post=33912"}],"version-history":[{"count":1,"href":"https:\/\/www.akehedman.se\/wordpress\/index.php?rest_route=\/wp\/v2\/posts\/33912\/revisions"}],"predecessor-version":[{"id":33914,"href":"https:\/\/www.akehedman.se\/wordpress\/index.php?rest_route=\/wp\/v2\/posts\/33912\/revisions\/33914"}],"wp:attachment":[{"href":"https:\/\/www.akehedman.se\/wordpress\/index.php?rest_route=%2Fwp%2Fv2%2Fmedia&parent=33912"}],"wp:term":[{"taxonomy":"category","embeddable":true,"href":"https:\/\/www.akehedman.se\/wordpress\/index.php?rest_route=%2Fwp%2Fv2%2Fcategories&post=33912"},{"taxonomy":"post_tag","embeddable":true,"href":"https:\/\/www.akehedman.se\/wordpress\/index.php?rest_route=%2Fwp%2Fv2%2Ftags&post=33912"}],"curies":[{"name":"wp","href":"https:\/\/api.w.org\/{rel}","templated":true}]}}