{"id":33831,"date":"2019-12-17T10:50:06","date_gmt":"2019-12-17T09:50:06","guid":{"rendered":"https:\/\/www.akehedman.se\/wordpress\/?p=33831"},"modified":"2019-12-17T10:50:06","modified_gmt":"2019-12-17T09:50:06","slug":"en-bild","status":"publish","type":"post","link":"https:\/\/www.akehedman.se\/wordpress\/?p=33831","title":{"rendered":"En bild"},"content":{"rendered":"\n<figure class=\"wp-block-image size-large\"><img loading=\"lazy\" decoding=\"async\" width=\"2560\" height=\"1704\" src=\"https:\/\/i1.wp.com\/www.akehedman.se\/wordpress\/wp-content\/uploads\/2019\/12\/DSC02440-scaled.jpg?fit=584%2C388&amp;ssl=1\" alt=\"\" class=\"wp-image-33832\" srcset=\"https:\/\/i0.wp.com\/www.akehedman.se\/wordpress\/wp-content\/uploads\/2019\/12\/DSC02440-scaled.jpg?w=2560&amp;ssl=1 2560w, https:\/\/i0.wp.com\/www.akehedman.se\/wordpress\/wp-content\/uploads\/2019\/12\/DSC02440-scaled.jpg?resize=300%2C200&amp;ssl=1 300w, https:\/\/i0.wp.com\/www.akehedman.se\/wordpress\/wp-content\/uploads\/2019\/12\/DSC02440-scaled.jpg?resize=1024%2C681&amp;ssl=1 1024w, https:\/\/i0.wp.com\/www.akehedman.se\/wordpress\/wp-content\/uploads\/2019\/12\/DSC02440-scaled.jpg?resize=768%2C511&amp;ssl=1 768w, https:\/\/i0.wp.com\/www.akehedman.se\/wordpress\/wp-content\/uploads\/2019\/12\/DSC02440-scaled.jpg?resize=1536%2C1022&amp;ssl=1 1536w, https:\/\/i0.wp.com\/www.akehedman.se\/wordpress\/wp-content\/uploads\/2019\/12\/DSC02440-scaled.jpg?resize=2048%2C1363&amp;ssl=1 2048w, https:\/\/i0.wp.com\/www.akehedman.se\/wordpress\/wp-content\/uploads\/2019\/12\/DSC02440-scaled.jpg?resize=451%2C300&amp;ssl=1 451w, https:\/\/i0.wp.com\/www.akehedman.se\/wordpress\/wp-content\/uploads\/2019\/12\/DSC02440-scaled.jpg?w=1160&amp;ssl=1 1160w, https:\/\/i0.wp.com\/www.akehedman.se\/wordpress\/wp-content\/uploads\/2019\/12\/DSC02440-scaled.jpg?w=1740&amp;ssl=1 1740w\" sizes=\"auto, (max-width: 580px) 100vw, 580px\" \/><figcaption>Eindhove, Holland<\/figcaption><\/figure>\n\n\n\n<p class=\"wp-block-paragraph\">Jag vet inte fr\u00e5n vilket \u00e5r den h\u00e4r bilden \u00e4r ifr\u00e5n. Men det har g\u00e5tt n\u00e5gra \u00e5r. Ganska m\u00e5nga. Som det g\u00f6r.  <\/p>\n\n\n\n<p class=\"wp-block-paragraph\">Jag fick en gratis utst\u00e4llningsplats p\u00e5 en IoT konferens i Eindhoven i Holland. En specialare f\u00f6r open source folk. Visste s\u00e5klart inte hur jag skulle ta mig dit. Man lever \u00e4nd\u00e5 med r\u00e4tt knappa marginaler \u00e4ven i riktiga jobbtider som open source utvecklare. Men en v\u00e4n \u00f6vertygade mig om Ryan Air&#8217;s f\u00f6rtr\u00e4fflighet och l\u00e5ga priser. Efter att ja hittat ett billigt hotell i utkanten av Eindhoven &#8211; Philips huvudstad &#8211; s\u00e5 drog jag. <\/p>\n\n\n\n<p class=\"wp-block-paragraph\">Allt det h\u00e4r h\u00e4nde i b\u00f6rjan av Juni. Ett flygplan fr\u00e5n Skavsta och en resa dit genom en del av Sverige som \u00e4r som vackrast just den h\u00e4r tiden. En snabb transport till Nederl\u00e4nderna och ett annat sommarvackert land.<\/p>\n\n\n\n<p class=\"wp-block-paragraph\">H\u00e4r passar jag p\u00e5 att tr\u00e4ffa folk som man bara pratat med genom mail under m\u00e5nga \u00e5r. Roligt s\u00e5klart. Hinner ta en dagstur till Amsterdam. Vandrar d\u00e4r ensam efter gatorna och \u00f6nskar att K hade varit med. <\/p>\n\n\n\n<p class=\"wp-block-paragraph\">Fast nu var det den d\u00e4r bilden. Du f\u00e5r f\u00f6rl\u00e5ta. Som vanligt sk\u00f6ljer minnena \u00f6ver en om man b\u00f6rjar nysta i n\u00e5got. <\/p>\n\n\n\n<p class=\"wp-block-paragraph\">Konferensen var som konferenser brukar vara. En del \u00e4r bra och en del \u00e4r uselt. Sk\u00e5pmat och nollor har en tendens att f\u00e5 framskjutna positioner p\u00e5 s\u00e5dana h\u00e4r tillst\u00e4llningar. Men som vanligt \u00e4r m\u00f6tena med m\u00e4nniskor det som \u00e4r det verkligt givande. <\/p>\n\n\n\n<p class=\"wp-block-paragraph\">Den dag n\u00e4r bilden togs s\u00e5 gick en jury runt och intervjuade de open source project som fanns p\u00e5 plats. Just n\u00e4r dom gick f\u00f6rbi v\u00e5rt bord s\u00e5 satt jag i en annan lokal och lyssnade p\u00e5 ett g\u00e4ng fr\u00e5n Rotterdam som hade sp\u00e4nnande IoT id\u00e9er f\u00f6r stadens utveckling. N\u00e5gra kamrater fr\u00e5n mailinglistorna stod vid VSCP bordet.<\/p>\n\n\n\n<p class=\"wp-block-paragraph\">Ja, hur som helst. N\u00e4r priserna skulle delas ut s\u00e5 fick OpenHAB f\u00f6rsta priset. N\u00e4r tredje priset presenterades s\u00e5 var det VSCP.  Priserna bestod av tv\u00e5 r\u00f6da tr\u00f6jor i storlek small. Jag tror att dom till och med var f\u00f6r sm\u00e5 f\u00f6r mina s\u00f6ner. Blev nog aldrig ens anv\u00e4nda. Det \u00e4r dom jag st\u00e5r d\u00e4r p\u00e5 scen p\u00e5 bilden och tackar f\u00f6r. Hon som delade ut priserna var chef f\u00f6r n\u00e5got IoT bolag i Amsterdam. Minns inte vilket just nu. Inte viktigt just h\u00e4r heller. <\/p>\n\n\n\n<p class=\"wp-block-paragraph\">S\u00e5 med tredje pris f\u00f6r VSCP \u00e5kte jag hem till Sverige. <\/p>\n\n\n\n<p class=\"wp-block-paragraph\">Ja d\u00e4r kunde man slutat den h\u00e4r ber\u00e4ttelsen. Ett tredje pris p\u00e5 en internationell konferens av det h\u00e4r slaget kan ju vara fantastiskt bra.  Fast&#8230; <\/p>\n\n\n\n<p class=\"wp-block-paragraph\">Tv\u00e5an i den d\u00e4r t\u00e4vlingen var en snubbe som gjort en klocka som vad internetuppkopplad. Allts\u00e5, som st\u00e4llde tiden med ntp. VSCP hamnade allts\u00e5 under placeringen f\u00f6r en ntp uppkopplad klocka! Suck. <\/p>\n\n\n\n<p class=\"wp-block-paragraph\">Sen fanns det bara tre open source representanter p\u00e5 den d\u00e4r konferensen. Tredje priset var allts\u00e5 ocks\u00e5 sista plats. Suck igen. <\/p>\n\n\n\n<p class=\"wp-block-paragraph\">Tack och lov s\u00e5 blir jag motiverad av s\u00e5dant d\u00e4r. Ger mig inte i f\u00f6rsta taget. Tyv\u00e4rr kommer ingen av de som var d\u00e4r och d\u00e5 minnas mig och &#8220;mitt projekt&#8221; n\u00e4r jag en g\u00e5ng i framtiden (n\u00e5ja&#8230;) visar var sk\u00e5pet skall st\u00e5. Men s\u00e5dant \u00e4r nu livet.<\/p>\n\n\n\n<p class=\"wp-block-paragraph\"> <\/p>\n","protected":false},"excerpt":{"rendered":"<p>Jag vet inte fr\u00e5n vilket \u00e5r den h\u00e4r bilden \u00e4r ifr\u00e5n. Men det har g\u00e5tt n\u00e5gra \u00e5r. Ganska m\u00e5nga. Som det g\u00f6r. Jag fick en gratis utst\u00e4llningsplats p\u00e5 en IoT konferens i Eindhoven i Holland. En specialare f\u00f6r open source folk. Visste s\u00e5klart inte hur jag skulle ta mig dit. Man lever \u00e4nd\u00e5 med r\u00e4tt [&hellip;]<\/p>\n","protected":false},"author":24,"featured_media":0,"comment_status":"open","ping_status":"open","sticky":false,"template":"","format":"standard","meta":{"_crdt_document":"","jetpack_post_was_ever_published":false,"_jetpack_newsletter_access":"","_jetpack_dont_email_post_to_subs":false,"_jetpack_newsletter_tier_id":0,"_jetpack_memberships_contains_paywalled_content":false,"_jetpack_memberships_contains_paid_content":false,"footnotes":"","jetpack_publicize_message":"","jetpack_publicize_feature_enabled":true,"jetpack_social_post_already_shared":true,"jetpack_social_options":{"image_generator_settings":{"template":"highway","default_image_id":0,"font":"","enabled":false},"version":2}},"categories":[24],"tags":[],"class_list":["post-33831","post","type-post","status-publish","format-standard","hentry","category-betraktelser"],"jetpack_publicize_connections":[],"jetpack_featured_media_url":"","jetpack_sharing_enabled":true,"jetpack_likes_enabled":true,"jetpack-related-posts":[{"id":7752,"url":"https:\/\/www.akehedman.se\/wordpress\/?p=7752","url_meta":{"origin":33831,"position":0},"title":"Inte f:n vet jag","author":"\u00c5ke Hedman","date":"2013-06-25","format":false,"excerpt":"Att ge sig iv\u00e4g fr\u00e5n fejjan och komma tillbaks n\u00e5gon m\u00e5nad senare \u00e4r en m\u00e4rklig upplevelse. F\u00f6r det f\u00f6rsta \u00e4r k\u00e4nslan ungef\u00e4r som att b\u00f6rja r\u00f6ka igen efter att ha h\u00e5llit uppe med det i sju, \u00e5tta \u00e5r. Inte bara en helt angen\u00e4m k\u00e4nsla allts\u00e5. Men sen finns det d\u00e5\u2026","rel":"","context":"In &quot;Betraktelser &amp; Ber\u00e4ttelse&quot;","block_context":{"text":"Betraktelser &amp; Ber\u00e4ttelse","link":"https:\/\/www.akehedman.se\/wordpress\/?cat=24"},"img":{"alt_text":"napping_in_a_jet_turbine-4289","src":"https:\/\/i0.wp.com\/www.eurosource.se\/akhe\/wordpress\/wp-content\/uploads\/2013\/06\/napping_in_a_jet_turbine-4289.jpg?resize=350%2C200","width":350,"height":200},"classes":[]},{"id":19134,"url":"https:\/\/www.akehedman.se\/wordpress\/?p=19134","url_meta":{"origin":33831,"position":1},"title":"Joho och G\u00e4vle","author":"\u00c5ke Hedman","date":"2015-12-04","format":false,"excerpt":"Dit kom vi och hem kom vi. Lo(o)s - G\u00e4vle - Lo(o)s utan att \u00e5ka in i Edsbyn. Jag g\u00f6r inte det l\u00e4ngre. Det \u00e4r synd men jag har inget kvar d\u00e4r. Hur sorgligt som helst. Man borde haft det. Gillar G\u00e4vle. En trevlig stad. Lagom. Vackrast p\u00e5 v\u00e5ren och\u2026","rel":"","context":"In &quot;Betraktelser &amp; Ber\u00e4ttelse&quot;","block_context":{"text":"Betraktelser &amp; Ber\u00e4ttelse","link":"https:\/\/www.akehedman.se\/wordpress\/?cat=24"},"img":{"alt_text":"g\u00e4vlebocken","src":"https:\/\/i0.wp.com\/www.akehedman.se\/wordpress\/wp-content\/uploads\/2015\/12\/g%C3%A4vlebocken.jpg?resize=350%2C200","width":350,"height":200,"srcset":"https:\/\/i0.wp.com\/www.akehedman.se\/wordpress\/wp-content\/uploads\/2015\/12\/g%C3%A4vlebocken.jpg?resize=350%2C200 1x, https:\/\/i0.wp.com\/www.akehedman.se\/wordpress\/wp-content\/uploads\/2015\/12\/g%C3%A4vlebocken.jpg?resize=525%2C300 1.5x"},"classes":[]},{"id":7521,"url":"https:\/\/www.akehedman.se\/wordpress\/?p=7521","url_meta":{"origin":33831,"position":2},"title":"Ute och farit","author":"\u00c5ke Hedman","date":"2013-06-06","format":false,"excerpt":"Har varit ute och farit n\u00e5gra dagar. Landat efter lite tr\u00e4dg\u00e5rdsjobb under dagen och \u00e4r nu nere p\u00e5 jorden ocks\u00e5 mentalt. Har haft n\u00e5gra riktigt fina dagar i Eindhoven i Holland. En eftermiddag i Amsterdam blev det ocks\u00e5. B\u00e5de st\u00e4derna \u00e4r underbara p\u00e5 sitt s\u00e4tt. Eindhoven fr\u00e4mst pga \u00a0fantastisk arkitektur\u2026","rel":"","context":"In &quot;Internet of Things (IoT)&quot;","block_context":{"text":"Internet of Things (IoT)","link":"https:\/\/www.akehedman.se\/wordpress\/?cat=36"},"img":{"alt_text":"SONY DSC","src":"https:\/\/i0.wp.com\/www.eurosource.se\/akhe\/wordpress\/wp-content\/uploads\/2013\/06\/DSC02440-1024x681.jpg?resize=350%2C200","width":350,"height":200,"srcset":"https:\/\/i0.wp.com\/www.eurosource.se\/akhe\/wordpress\/wp-content\/uploads\/2013\/06\/DSC02440-1024x681.jpg?resize=350%2C200 1x, https:\/\/i0.wp.com\/www.eurosource.se\/akhe\/wordpress\/wp-content\/uploads\/2013\/06\/DSC02440-1024x681.jpg?resize=525%2C300 1.5x"},"classes":[]},{"id":41272,"url":"https:\/\/www.akehedman.se\/wordpress\/?p=41272","url_meta":{"origin":33831,"position":3},"title":"\u00d6gonen","author":"\u00c5ke Hedman","date":"2022-02-11","format":false,"excerpt":"Photo by wendel moretti on Pexels.com F\u00f6rst s\u00f6ker jag modet. Det m\u00e5ste s\u00f6kas. Sen ser jag rakt in i de d\u00e4r \u00f6gonen utan att blinka och utan att vika med blicken. Det finns ingen k\u00e4rlek kvar i dom d\u00e4r gr\u00f6na \u00f6gonen. De \u00e4r tomma p\u00e5 liv, ser in i mina,\u2026","rel":"","context":"In &quot;Betraktelser &amp; Ber\u00e4ttelse&quot;","block_context":{"text":"Betraktelser &amp; Ber\u00e4ttelse","link":"https:\/\/www.akehedman.se\/wordpress\/?cat=24"},"img":{"alt_text":"close up photo of person s eye","src":"https:\/\/i0.wp.com\/www.akehedman.se\/wordpress\/wp-content\/uploads\/2022\/02\/pexels-photo-1925630.jpeg?resize=350%2C200&ssl=1","width":350,"height":200,"srcset":"https:\/\/i0.wp.com\/www.akehedman.se\/wordpress\/wp-content\/uploads\/2022\/02\/pexels-photo-1925630.jpeg?resize=350%2C200&ssl=1 1x, https:\/\/i0.wp.com\/www.akehedman.se\/wordpress\/wp-content\/uploads\/2022\/02\/pexels-photo-1925630.jpeg?resize=525%2C300&ssl=1 1.5x, https:\/\/i0.wp.com\/www.akehedman.se\/wordpress\/wp-content\/uploads\/2022\/02\/pexels-photo-1925630.jpeg?resize=700%2C400&ssl=1 2x"},"classes":[]},{"id":31116,"url":"https:\/\/www.akehedman.se\/wordpress\/?p=31116","url_meta":{"origin":33831,"position":4},"title":"Snart","author":"\u00c5ke Hedman","date":"2018-12-19","format":false,"excerpt":"Jag f\u00f6rs\u00f6ker lite halvdesperat n\u00e5 fram till en nu-\u00e4r-det-jul-lugn\" punkt. F\u00f6rs\u00f6ket \u00e4r att n\u00e5 en ren kompilering av VSCP igen. M\u00f6jligen \u00e4r det ett vansinnigt m\u00e5l eftersom jag bara har den h\u00e4r dan p\u00e5 mig innan jag m\u00e5ste ta tag i annat, men gott skulle det k\u00e4nnas. Ja inte f\u00f6r\u2026","rel":"","context":"In &quot;Swedish&quot;","block_context":{"text":"Swedish","link":"https:\/\/www.akehedman.se\/wordpress\/?cat=2"},"img":{"alt_text":"","src":"https:\/\/i0.wp.com\/www.akehedman.se\/wordpress\/wp-content\/uploads\/2018\/12\/IMG_20181218_103326707.png?resize=350%2C200&ssl=1","width":350,"height":200,"srcset":"https:\/\/i0.wp.com\/www.akehedman.se\/wordpress\/wp-content\/uploads\/2018\/12\/IMG_20181218_103326707.png?resize=350%2C200&ssl=1 1x, https:\/\/i0.wp.com\/www.akehedman.se\/wordpress\/wp-content\/uploads\/2018\/12\/IMG_20181218_103326707.png?resize=525%2C300&ssl=1 1.5x, https:\/\/i0.wp.com\/www.akehedman.se\/wordpress\/wp-content\/uploads\/2018\/12\/IMG_20181218_103326707.png?resize=700%2C400&ssl=1 2x, https:\/\/i0.wp.com\/www.akehedman.se\/wordpress\/wp-content\/uploads\/2018\/12\/IMG_20181218_103326707.png?resize=1050%2C600&ssl=1 3x"},"classes":[]},{"id":17355,"url":"https:\/\/www.akehedman.se\/wordpress\/?p=17355","url_meta":{"origin":33831,"position":5},"title":"Nordv\u00e4stra Irland","author":"\u00c5ke Hedman","date":"2015-04-05","format":false,"excerpt":"Dusch klockan halv fem. P\u00e5 eftermiddagen. The Killer, avsnitt efter avsnitt fram till dess. Man beh\u00f6ver en paus efter f\u00f6r m\u00e5nga avsnitt men jag tror tamefan vi forts\u00e4tter och kolla efter halvtid. F\u00e5gelmat fylls. Pellets fylls. Ja jag sitter h\u00e4r och skriver det h\u00e4r. Det \u00e4r lite som jular i\u2026","rel":"","context":"In &quot;Betraktelser &amp; Ber\u00e4ttelse&quot;","block_context":{"text":"Betraktelser &amp; Ber\u00e4ttelse","link":"https:\/\/www.akehedman.se\/wordpress\/?cat=24"},"img":{"alt_text":"2015-04-05_17-41-49","src":"https:\/\/i0.wp.com\/www.eurosource.se\/akhe\/wordpress\/wp-content\/uploads\/2015\/04\/2015-04-05_17-41-49.png?resize=350%2C200","width":350,"height":200,"srcset":"https:\/\/i0.wp.com\/www.eurosource.se\/akhe\/wordpress\/wp-content\/uploads\/2015\/04\/2015-04-05_17-41-49.png?resize=350%2C200 1x, https:\/\/i0.wp.com\/www.eurosource.se\/akhe\/wordpress\/wp-content\/uploads\/2015\/04\/2015-04-05_17-41-49.png?resize=525%2C300 1.5x"},"classes":[]}],"jetpack_shortlink":"https:\/\/wp.me\/p68PL2-8NF","_links":{"self":[{"href":"https:\/\/www.akehedman.se\/wordpress\/index.php?rest_route=\/wp\/v2\/posts\/33831","targetHints":{"allow":["GET"]}}],"collection":[{"href":"https:\/\/www.akehedman.se\/wordpress\/index.php?rest_route=\/wp\/v2\/posts"}],"about":[{"href":"https:\/\/www.akehedman.se\/wordpress\/index.php?rest_route=\/wp\/v2\/types\/post"}],"author":[{"embeddable":true,"href":"https:\/\/www.akehedman.se\/wordpress\/index.php?rest_route=\/wp\/v2\/users\/24"}],"replies":[{"embeddable":true,"href":"https:\/\/www.akehedman.se\/wordpress\/index.php?rest_route=%2Fwp%2Fv2%2Fcomments&post=33831"}],"version-history":[{"count":1,"href":"https:\/\/www.akehedman.se\/wordpress\/index.php?rest_route=\/wp\/v2\/posts\/33831\/revisions"}],"predecessor-version":[{"id":33833,"href":"https:\/\/www.akehedman.se\/wordpress\/index.php?rest_route=\/wp\/v2\/posts\/33831\/revisions\/33833"}],"wp:attachment":[{"href":"https:\/\/www.akehedman.se\/wordpress\/index.php?rest_route=%2Fwp%2Fv2%2Fmedia&parent=33831"}],"wp:term":[{"taxonomy":"category","embeddable":true,"href":"https:\/\/www.akehedman.se\/wordpress\/index.php?rest_route=%2Fwp%2Fv2%2Fcategories&post=33831"},{"taxonomy":"post_tag","embeddable":true,"href":"https:\/\/www.akehedman.se\/wordpress\/index.php?rest_route=%2Fwp%2Fv2%2Ftags&post=33831"}],"curies":[{"name":"wp","href":"https:\/\/api.w.org\/{rel}","templated":true}]}}